{"id":61370,"date":"2015-06-17T08:23:03","date_gmt":"2015-06-17T11:23:03","guid":{"rendered":"http:\/\/aconteceunovale.com.br\/portal\/?p=61370"},"modified":"2015-06-17T08:23:03","modified_gmt":"2015-06-17T11:23:03","slug":"governador-valadares-ganhara-nucleo-de-apoio-contabil-e-fiscal-naf","status":"publish","type":"post","link":"https:\/\/aconteceunovale.com.br\/portal\/?p=61370","title":{"rendered":"Governador Valadares ganhar\u00e1 N\u00facleo de Apoio Cont\u00e1bil e Fiscal (NAF)"},"content":{"rendered":"<p>Uma nova conquista que ir\u00e1 ampliar o acesso da popula\u00e7\u00e3o valadarense \u00e0 orienta\u00e7\u00f5es e servi\u00e7os. A Universidade Vale do Rio Doce (UNIVALE) ir\u00e1 firmar uma parceria com a Receita Federal para a cria\u00e7\u00e3o do N\u00facleo de Apoio Cont\u00e1bil e Fiscal &#8211; NAF. O objetivo do espa\u00e7o \u00e9 prestar informa\u00e7\u00f5es e oferecer todos servi\u00e7os relacionados \u00e0 Receita Federal e \u00e0 Secretaria Municipal de Fazenda, no sentido de solucionar as demandas dos contribuintes.   <\/p>\n<p>O NAF \u00e9 um projeto que visa auxiliar contribuintes de baixa renda, al\u00e9m de capacitar os alunos do Curso de Ci\u00eancias Cont\u00e1beis para atuar no mercado de trabalho. A iniciativa ainda promove a valoriza\u00e7\u00e3o da classe cont\u00e1bil, j\u00e1 que \u00e9 uma oportunidade de treinamento para os futuros profissionais.<\/p>\n<p>A solenidade de assinatura do Termo de Coopera\u00e7\u00e3o T\u00e9cnica ser\u00e1 realizada na pr\u00f3xima quarta-feira, 17 de junho, \u00e0s 19h, no Audit\u00f3rio do Campus I- Armando Vieira da Univale. Tamb\u00e9m ser\u00e3o ministradas duas palestras com os temas \u201cConhe\u00e7a a Aduana\u201d, ministrada por Willian Lara, Chefe da Divis\u00e3o de Administra\u00e7\u00e3o Aduaneira \u2013 Diana 6\u00aa RF e \u201cNAF\u201d, com Soraya F\u00e1tima Meira Raydan, Chefe substituta da Divis\u00e3o de Intera\u00e7\u00e3o com o Contribuinte \u2013 Divic \/ 6\u00aa RF e Nicole Lucie Roelens Reskovic da equipe de atendimento Divic 6\u00aa RF.<\/p>\n<p>A assinatura do termo ser\u00e1 feita pelo Delegado da Receita Federal de Governador Valadares, M\u00e1rcio dos Santos Roque, pelo Presidente do Conselho Diretor da Funda\u00e7\u00e3o Percival Farquhar, Sr. Francisco Silvestre e pelo Reitor da Univale, Prof. Jos\u00e9 Geraldo Lemos Prata. A Chefe substituta da Divis\u00e3o de Intera\u00e7\u00e3o com o Contribuinte- Divic\/ 6\u00aa Regi\u00e3o- Soraya F\u00e1tima Meira Raydan e o Coordenador do curso de Ci\u00eancias Cont\u00e1beis, Prof. Lucas Gon\u00e7alves tamb\u00e9m far\u00e3o parte da mesa de autoridades do evento.<\/p>\n<p>O evento contar\u00e1 com a presen\u00e7a do Superintendente Regional do Banco do Brasil, Alberto Maia Val\u00e9rio, do Superintendente Regional da Caixa Econ\u00f4mica Federal, Marcelo Luis Bai\u00e3o Salgado, do Superintendente Regional da Fazenda I em Governador Valadares, Fernando Luiz Pardini Alhais, do Delegado Seccional da Delegacia Seccional do CRC\/MG em Gov. Valadares, Jo\u00e3o M\u00e1rcio Luiz de Almeida, do Procurador-Seccional da Fazenda Nacional, J\u00f4natas Vieira Lima, do Gerente Executivo da Ger\u00eancia Executiva do INSS em Gov. Valadares, Ricardo Orlandi Sales, da Presidente do Sindicato dos Contabilistas em Gov. Valadares, Simone Maria Claudino de Oliveira, do Secret\u00e1rio Municipal de Fazenda, Valter Lu\u00eds Machado e do Juiz Federal Diretor do Foro Subse\u00e7\u00e3o Judici\u00e1ria de Gov. Valadares, Wesley Wadim Passos Ferreira de Souza. (Isadora Rabello)<\/p>\n","protected":false},"excerpt":{"rendered":"<p>Uma nova conquista que ir\u00e1 ampliar o acesso da popula\u00e7\u00e3o valadarense \u00e0 orienta\u00e7\u00f5es e servi\u00e7os. A Universidade Vale do Rio Doce (UNIVALE) ir\u00e1 firmar uma parceria com a Receita Federal para a cria\u00e7\u00e3o do N\u00facleo de Apoio Cont\u00e1bil e Fiscal &#8211; NAF. O objetivo do espa\u00e7o \u00e9 prestar informa\u00e7\u00f5es e oferecer todos servi\u00e7os relacionados \u00e0 [&hellip;]<\/p>\n","protected":false},"author":1,"featured_media":47642,"comment_status":"open","ping_status":"closed","sticky":false,"template":"","format":"standard","meta":{"amp_status":"","footnotes":""},"categories":[121],"tags":[48561,48565,247,48559,48567,48562,45761,48560,1464,48564,48566,24146,48563],"class_list":["post-61370","post","type-post","status-publish","format-standard","has-post-thumbnail","hentry","category-leste","tag-criacao-do-naf-em-governador-valadares","tag-delegado-da-receita-federal-de-governador-valadares","tag-governador-valadares","tag-governador-valadares-ganha-nucleo-de-apoio-contabil-e-fiscal","tag-governador-valadares-ganhara-nucleo-de-apoio-contabil-e-fiscal","tag-implantacao-do-naf-em-governador-valadares","tag-marcio-dos-santos-roque","tag-naf-governador-valadares","tag-receita-federal","tag-receita-federal-governador-valadares","tag-solenidade-de-assinatura-do-termo-de-cooperacao-tecnica-entre-a-drfgvs-e-a-univale","tag-univale","tag-univale-firma-parceria-com-a-receita-federal-para-implantacao-do-naf-em-valadares"],"yoast_head":"<!-- This site is optimized with the Yoast SEO plugin v28.3 - https:\/\/yoast.com\/product\/yoast-seo-wordpress\/ -->\n<title>Governador Valadares ganhar\u00e1 N\u00facleo de Apoio Cont\u00e1bil e Fiscal (NAF) - Aconteceu no Vale<\/title>\n<meta name=\"robots\" content=\"index, follow, max-snippet:-1, max-image-preview:large, max-video-preview:-1\" \/>\n<link rel=\"canonical\" href=\"https:\/\/aconteceunovale.com.br\/portal\/?p=61370\" \/>\n<meta property=\"og:locale\" content=\"pt_BR\" \/>\n<meta property=\"og:type\" content=\"article\" \/>\n<meta property=\"og:title\" content=\"Governador Valadares ganhar\u00e1 N\u00facleo de Apoio Cont\u00e1bil e Fiscal (NAF) - Aconteceu no Vale\" \/>\n<meta property=\"og:description\" content=\"Uma nova conquista que ir\u00e1 ampliar o acesso da popula\u00e7\u00e3o valadarense \u00e0 orienta\u00e7\u00f5es e servi\u00e7os. A Universidade Vale do Rio Doce (UNIVALE) ir\u00e1 firmar uma parceria com a Receita Federal para a cria\u00e7\u00e3o do N\u00facleo de Apoio Cont\u00e1bil e Fiscal &#8211; NAF. O objetivo do espa\u00e7o \u00e9 prestar informa\u00e7\u00f5es e oferecer todos servi\u00e7os relacionados \u00e0 [&hellip;]\" \/>\n<meta property=\"og:url\" content=\"https:\/\/aconteceunovale.com.br\/portal\/?p=61370\" \/>\n<meta property=\"og:site_name\" content=\"Aconteceu no Vale\" \/>\n<meta property=\"article:publisher\" content=\"https:\/\/www.facebook.com\/aconteceunovale\/\" \/>\n<meta property=\"article:published_time\" content=\"2015-06-17T11:23:03+00:00\" \/>\n<meta property=\"og:image\" content=\"https:\/\/aconteceunovale.com.br\/portal\/wp-content\/uploads\/2014\/12\/governador_valadares_panoramica.jpg\" \/>\n\t<meta property=\"og:image:width\" content=\"635\" \/>\n\t<meta property=\"og:image:height\" content=\"326\" \/>\n\t<meta property=\"og:image:type\" content=\"image\/jpeg\" \/>\n<meta name=\"author\" content=\"Aconteceu no Vale\" \/>\n<meta name=\"twitter:card\" content=\"summary_large_image\" \/>\n<meta name=\"twitter:creator\" content=\"@noticiadosvales\" \/>\n<meta name=\"twitter:site\" content=\"@noticiadosvales\" \/>\n<meta name=\"twitter:label1\" content=\"Escrito por\" \/>\n\t<meta name=\"twitter:data1\" content=\"Aconteceu no Vale\" \/>\n\t<meta name=\"twitter:label2\" content=\"Est. tempo de leitura\" \/>\n\t<meta name=\"twitter:data2\" content=\"2 minutos\" \/>\n<script type=\"application\/ld+json\" class=\"yoast-schema-graph\">{\"@context\":\"https:\\\/\\\/schema.org\",\"@graph\":[{\"@type\":\"Article\",\"@id\":\"https:\\\/\\\/aconteceunovale.com.br\\\/portal\\\/?p=61370#article\",\"isPartOf\":{\"@id\":\"https:\\\/\\\/aconteceunovale.com.br\\\/portal\\\/?p=61370\"},\"author\":{\"name\":\"Aconteceu no Vale\",\"@id\":\"https:\\\/\\\/aconteceunovale.com.br\\\/portal\\\/#\\\/schema\\\/person\\\/633529146f2c94272bef50ac2953d589\"},\"headline\":\"Governador Valadares ganhar\u00e1 N\u00facleo de Apoio Cont\u00e1bil e Fiscal (NAF)\",\"datePublished\":\"2015-06-17T11:23:03+00:00\",\"mainEntityOfPage\":{\"@id\":\"https:\\\/\\\/aconteceunovale.com.br\\\/portal\\\/?p=61370\"},\"wordCount\":450,\"commentCount\":0,\"image\":{\"@id\":\"https:\\\/\\\/aconteceunovale.com.br\\\/portal\\\/?p=61370#primaryimage\"},\"thumbnailUrl\":\"https:\\\/\\\/aconteceunovale.com.br\\\/portal\\\/wp-content\\\/uploads\\\/2014\\\/12\\\/governador_valadares_panoramica.jpg\",\"keywords\":[\"Cria\u00e7\u00e3o do NAF em Governador Valadares\",\"Delegado da Receita Federal de Governador Valadares\",\"Governador Valadares\",\"Governador Valadares ganha N\u00facleo de Apoio Cont\u00e1bil e Fiscal\",\"Governador Valadares ganhar\u00e1 N\u00facleo de Apoio Cont\u00e1bil e Fiscal\",\"Implanta\u00e7\u00e3o do NAF em Governador Valadares\",\"M\u00e1rcio dos Santos Roque\",\"NAF Governador Valadares\",\"receita federal\",\"Receita Federal Governador Valadares\",\"Solenidade de assinatura do Termo de Coopera\u00e7\u00e3o T\u00e9cnica entre a DRF\\\/GVS e a Univale\",\"Univale\",\"UNIVALE FIRMA PARCERIA COM A RECEITA FEDERAL PARA IMPLANTA\u00c7\u00c3O DO NAF EM VALADARES\"],\"articleSection\":[\"Leste de Minas\"],\"inLanguage\":\"pt-BR\",\"potentialAction\":[{\"@type\":\"CommentAction\",\"name\":\"Comment\",\"target\":[\"https:\\\/\\\/aconteceunovale.com.br\\\/portal\\\/?p=61370#respond\"]}]},{\"@type\":\"WebPage\",\"@id\":\"https:\\\/\\\/aconteceunovale.com.br\\\/portal\\\/?p=61370\",\"url\":\"https:\\\/\\\/aconteceunovale.com.br\\\/portal\\\/?p=61370\",\"name\":\"Governador Valadares ganhar\u00e1 N\u00facleo de Apoio Cont\u00e1bil e Fiscal (NAF) - Aconteceu no Vale\",\"isPartOf\":{\"@id\":\"https:\\\/\\\/aconteceunovale.com.br\\\/portal\\\/#website\"},\"primaryImageOfPage\":{\"@id\":\"https:\\\/\\\/aconteceunovale.com.br\\\/portal\\\/?p=61370#primaryimage\"},\"image\":{\"@id\":\"https:\\\/\\\/aconteceunovale.com.br\\\/portal\\\/?p=61370#primaryimage\"},\"thumbnailUrl\":\"https:\\\/\\\/aconteceunovale.com.br\\\/portal\\\/wp-content\\\/uploads\\\/2014\\\/12\\\/governador_valadares_panoramica.jpg\",\"datePublished\":\"2015-06-17T11:23:03+00:00\",\"author\":{\"@id\":\"https:\\\/\\\/aconteceunovale.com.br\\\/portal\\\/#\\\/schema\\\/person\\\/633529146f2c94272bef50ac2953d589\"},\"breadcrumb\":{\"@id\":\"https:\\\/\\\/aconteceunovale.com.br\\\/portal\\\/?p=61370#breadcrumb\"},\"inLanguage\":\"pt-BR\",\"potentialAction\":[{\"@type\":\"ReadAction\",\"target\":[\"https:\\\/\\\/aconteceunovale.com.br\\\/portal\\\/?p=61370\"]}]},{\"@type\":\"ImageObject\",\"inLanguage\":\"pt-BR\",\"@id\":\"https:\\\/\\\/aconteceunovale.com.br\\\/portal\\\/?p=61370#primaryimage\",\"url\":\"https:\\\/\\\/aconteceunovale.com.br\\\/portal\\\/wp-content\\\/uploads\\\/2014\\\/12\\\/governador_valadares_panoramica.jpg\",\"contentUrl\":\"https:\\\/\\\/aconteceunovale.com.br\\\/portal\\\/wp-content\\\/uploads\\\/2014\\\/12\\\/governador_valadares_panoramica.jpg\",\"width\":635,\"height\":326},{\"@type\":\"BreadcrumbList\",\"@id\":\"https:\\\/\\\/aconteceunovale.com.br\\\/portal\\\/?p=61370#breadcrumb\",\"itemListElement\":[{\"@type\":\"ListItem\",\"position\":1,\"name\":\"In\u00edcio\",\"item\":\"https:\\\/\\\/aconteceunovale.com.br\\\/portal\\\/\"},{\"@type\":\"ListItem\",\"position\":2,\"name\":\"Governador Valadares ganhar\u00e1 N\u00facleo de Apoio Cont\u00e1bil e Fiscal (NAF)\"}]},{\"@type\":\"WebSite\",\"@id\":\"https:\\\/\\\/aconteceunovale.com.br\\\/portal\\\/#website\",\"url\":\"https:\\\/\\\/aconteceunovale.com.br\\\/portal\\\/\",\"name\":\"Aconteceu no Vale\",\"description\":\"Portal de Not\u00edcias\",\"potentialAction\":[{\"@type\":\"SearchAction\",\"target\":{\"@type\":\"EntryPoint\",\"urlTemplate\":\"https:\\\/\\\/aconteceunovale.com.br\\\/portal\\\/?s={search_term_string}\"},\"query-input\":{\"@type\":\"PropertyValueSpecification\",\"valueRequired\":true,\"valueName\":\"search_term_string\"}}],\"inLanguage\":\"pt-BR\"},{\"@type\":\"Person\",\"@id\":\"https:\\\/\\\/aconteceunovale.com.br\\\/portal\\\/#\\\/schema\\\/person\\\/633529146f2c94272bef50ac2953d589\",\"name\":\"Aconteceu no Vale\",\"description\":\"Equipe de reportagem do Aconteceu no Vale, portal de not\u00edcias do Vale do Jequitinhonha, em Minas Gerais. Cobrimos as 51 cidades do Vale desde 2013. Sugest\u00f5es de pauta e pedidos de corre\u00e7\u00e3o: contato@aconteceunovale.com.br\",\"sameAs\":[\"http:\\\/\\\/www.aconteceunovale.com.br\"],\"url\":\"https:\\\/\\\/aconteceunovale.com.br\\\/portal\\\/?author=1\"}]}<\/script>\n<!-- \/ Yoast SEO plugin. -->","yoast_head_json":{"title":"Governador Valadares ganhar\u00e1 N\u00facleo de Apoio Cont\u00e1bil e Fiscal (NAF) - Aconteceu no Vale","robots":{"index":"index","follow":"follow","max-snippet":"max-snippet:-1","max-image-preview":"max-image-preview:large","max-video-preview":"max-video-preview:-1"},"canonical":"https:\/\/aconteceunovale.com.br\/portal\/?p=61370","og_locale":"pt_BR","og_type":"article","og_title":"Governador Valadares ganhar\u00e1 N\u00facleo de Apoio Cont\u00e1bil e Fiscal (NAF) - Aconteceu no Vale","og_description":"Uma nova conquista que ir\u00e1 ampliar o acesso da popula\u00e7\u00e3o valadarense \u00e0 orienta\u00e7\u00f5es e servi\u00e7os. A Universidade Vale do Rio Doce (UNIVALE) ir\u00e1 firmar uma parceria com a Receita Federal para a cria\u00e7\u00e3o do N\u00facleo de Apoio Cont\u00e1bil e Fiscal &#8211; NAF. O objetivo do espa\u00e7o \u00e9 prestar informa\u00e7\u00f5es e oferecer todos servi\u00e7os relacionados \u00e0 [&hellip;]","og_url":"https:\/\/aconteceunovale.com.br\/portal\/?p=61370","og_site_name":"Aconteceu no Vale","article_publisher":"https:\/\/www.facebook.com\/aconteceunovale\/","article_published_time":"2015-06-17T11:23:03+00:00","og_image":[{"width":635,"height":326,"url":"https:\/\/aconteceunovale.com.br\/portal\/wp-content\/uploads\/2014\/12\/governador_valadares_panoramica.jpg","type":"image\/jpeg"}],"author":"Aconteceu no Vale","twitter_card":"summary_large_image","twitter_creator":"@noticiadosvales","twitter_site":"@noticiadosvales","twitter_misc":{"Escrito por":"Aconteceu no Vale","Est. tempo de leitura":"2 minutos"},"schema":{"@context":"https:\/\/schema.org","@graph":[{"@type":"Article","@id":"https:\/\/aconteceunovale.com.br\/portal\/?p=61370#article","isPartOf":{"@id":"https:\/\/aconteceunovale.com.br\/portal\/?p=61370"},"author":{"name":"Aconteceu no Vale","@id":"https:\/\/aconteceunovale.com.br\/portal\/#\/schema\/person\/633529146f2c94272bef50ac2953d589"},"headline":"Governador Valadares ganhar\u00e1 N\u00facleo de Apoio Cont\u00e1bil e Fiscal (NAF)","datePublished":"2015-06-17T11:23:03+00:00","mainEntityOfPage":{"@id":"https:\/\/aconteceunovale.com.br\/portal\/?p=61370"},"wordCount":450,"commentCount":0,"image":{"@id":"https:\/\/aconteceunovale.com.br\/portal\/?p=61370#primaryimage"},"thumbnailUrl":"https:\/\/aconteceunovale.com.br\/portal\/wp-content\/uploads\/2014\/12\/governador_valadares_panoramica.jpg","keywords":["Cria\u00e7\u00e3o do NAF em Governador Valadares","Delegado da Receita Federal de Governador Valadares","Governador Valadares","Governador Valadares ganha N\u00facleo de Apoio Cont\u00e1bil e Fiscal","Governador Valadares ganhar\u00e1 N\u00facleo de Apoio Cont\u00e1bil e Fiscal","Implanta\u00e7\u00e3o do NAF em Governador Valadares","M\u00e1rcio dos Santos Roque","NAF Governador Valadares","receita federal","Receita Federal Governador Valadares","Solenidade de assinatura do Termo de Coopera\u00e7\u00e3o T\u00e9cnica entre a DRF\/GVS e a Univale","Univale","UNIVALE FIRMA PARCERIA COM A RECEITA FEDERAL PARA IMPLANTA\u00c7\u00c3O DO NAF EM VALADARES"],"articleSection":["Leste de Minas"],"inLanguage":"pt-BR","potentialAction":[{"@type":"CommentAction","name":"Comment","target":["https:\/\/aconteceunovale.com.br\/portal\/?p=61370#respond"]}]},{"@type":"WebPage","@id":"https:\/\/aconteceunovale.com.br\/portal\/?p=61370","url":"https:\/\/aconteceunovale.com.br\/portal\/?p=61370","name":"Governador Valadares ganhar\u00e1 N\u00facleo de Apoio Cont\u00e1bil e Fiscal (NAF) - Aconteceu no Vale","isPartOf":{"@id":"https:\/\/aconteceunovale.com.br\/portal\/#website"},"primaryImageOfPage":{"@id":"https:\/\/aconteceunovale.com.br\/portal\/?p=61370#primaryimage"},"image":{"@id":"https:\/\/aconteceunovale.com.br\/portal\/?p=61370#primaryimage"},"thumbnailUrl":"https:\/\/aconteceunovale.com.br\/portal\/wp-content\/uploads\/2014\/12\/governador_valadares_panoramica.jpg","datePublished":"2015-06-17T11:23:03+00:00","author":{"@id":"https:\/\/aconteceunovale.com.br\/portal\/#\/schema\/person\/633529146f2c94272bef50ac2953d589"},"breadcrumb":{"@id":"https:\/\/aconteceunovale.com.br\/portal\/?p=61370#breadcrumb"},"inLanguage":"pt-BR","potentialAction":[{"@type":"ReadAction","target":["https:\/\/aconteceunovale.com.br\/portal\/?p=61370"]}]},{"@type":"ImageObject","inLanguage":"pt-BR","@id":"https:\/\/aconteceunovale.com.br\/portal\/?p=61370#primaryimage","url":"https:\/\/aconteceunovale.com.br\/portal\/wp-content\/uploads\/2014\/12\/governador_valadares_panoramica.jpg","contentUrl":"https:\/\/aconteceunovale.com.br\/portal\/wp-content\/uploads\/2014\/12\/governador_valadares_panoramica.jpg","width":635,"height":326},{"@type":"BreadcrumbList","@id":"https:\/\/aconteceunovale.com.br\/portal\/?p=61370#breadcrumb","itemListElement":[{"@type":"ListItem","position":1,"name":"In\u00edcio","item":"https:\/\/aconteceunovale.com.br\/portal\/"},{"@type":"ListItem","position":2,"name":"Governador Valadares ganhar\u00e1 N\u00facleo de Apoio Cont\u00e1bil e Fiscal (NAF)"}]},{"@type":"WebSite","@id":"https:\/\/aconteceunovale.com.br\/portal\/#website","url":"https:\/\/aconteceunovale.com.br\/portal\/","name":"Aconteceu no Vale","description":"Portal de Not\u00edcias","potentialAction":[{"@type":"SearchAction","target":{"@type":"EntryPoint","urlTemplate":"https:\/\/aconteceunovale.com.br\/portal\/?s={search_term_string}"},"query-input":{"@type":"PropertyValueSpecification","valueRequired":true,"valueName":"search_term_string"}}],"inLanguage":"pt-BR"},{"@type":"Person","@id":"https:\/\/aconteceunovale.com.br\/portal\/#\/schema\/person\/633529146f2c94272bef50ac2953d589","name":"Aconteceu no Vale","description":"Equipe de reportagem do Aconteceu no Vale, portal de not\u00edcias do Vale do Jequitinhonha, em Minas Gerais. Cobrimos as 51 cidades do Vale desde 2013. Sugest\u00f5es de pauta e pedidos de corre\u00e7\u00e3o: contato@aconteceunovale.com.br","sameAs":["http:\/\/www.aconteceunovale.com.br"],"url":"https:\/\/aconteceunovale.com.br\/portal\/?author=1"}]}},"_links":{"self":[{"href":"https:\/\/aconteceunovale.com.br\/portal\/index.php?rest_route=\/wp\/v2\/posts\/61370","targetHints":{"allow":["GET"]}}],"collection":[{"href":"https:\/\/aconteceunovale.com.br\/portal\/index.php?rest_route=\/wp\/v2\/posts"}],"about":[{"href":"https:\/\/aconteceunovale.com.br\/portal\/index.php?rest_route=\/wp\/v2\/types\/post"}],"author":[{"embeddable":true,"href":"https:\/\/aconteceunovale.com.br\/portal\/index.php?rest_route=\/wp\/v2\/users\/1"}],"replies":[{"embeddable":true,"href":"https:\/\/aconteceunovale.com.br\/portal\/index.php?rest_route=%2Fwp%2Fv2%2Fcomments&post=61370"}],"version-history":[{"count":0,"href":"https:\/\/aconteceunovale.com.br\/portal\/index.php?rest_route=\/wp\/v2\/posts\/61370\/revisions"}],"wp:featuredmedia":[{"embeddable":true,"href":"https:\/\/aconteceunovale.com.br\/portal\/index.php?rest_route=\/wp\/v2\/media\/47642"}],"wp:attachment":[{"href":"https:\/\/aconteceunovale.com.br\/portal\/index.php?rest_route=%2Fwp%2Fv2%2Fmedia&parent=61370"}],"wp:term":[{"taxonomy":"category","embeddable":true,"href":"https:\/\/aconteceunovale.com.br\/portal\/index.php?rest_route=%2Fwp%2Fv2%2Fcategories&post=61370"},{"taxonomy":"post_tag","embeddable":true,"href":"https:\/\/aconteceunovale.com.br\/portal\/index.php?rest_route=%2Fwp%2Fv2%2Ftags&post=61370"}],"curies":[{"name":"wp","href":"https:\/\/api.w.org\/{rel}","templated":true}]}}