{"id":61368,"date":"2015-06-17T08:12:40","date_gmt":"2015-06-17T11:12:40","guid":{"rendered":"http:\/\/aconteceunovale.com.br\/portal\/?p=61368"},"modified":"2015-06-17T08:12:40","modified_gmt":"2015-06-17T11:12:40","slug":"plantao-do-samu-no-norte-de-minas-gerais-16-de-junho-de-2015","status":"publish","type":"post","link":"https:\/\/aconteceunovale.com.br\/portal\/?p=61368","title":{"rendered":"Plant\u00e3o do Samu no Norte de Minas Gerais &#8211; 16 de junho de 2015"},"content":{"rendered":"<h4><strong><em>Ter\u00e7a-feira, 16 de junho de 2015<\/em><\/strong><\/h4>\n<p>As unidades do SAMU realizaram na ter\u00e7a-feira, em Montes Claros, 46 atendimentos, sendo 40 casos cl\u00ednicos e 6 ocorr\u00eancias de acidente de tr\u00e2nsito envolvendo motocicleta.<\/p>\n<p>\u00c0s 23h10, a unidade do Samu foi acionada para atendimento a um homem de 21 anos que colidiu de moto contra um carro no Trevo da Cowan. Ele conduzia a moto e apresentava prov\u00e1vel fratura de f\u00edbula. Uma mulher de 18 anos que estava na garupa da moto apresentava hematoma na testa e escoria\u00e7\u00f5es na perna esquerda e na m\u00e3o esquerda, se queixando de tontura.<\/p>\n<p>\u00c0s 21h55, o atendimento do Samu foi no Bairro S\u00e3o Luis, a um homem de 36 anos que caiu de moto na Avenida Mestra Fininha, e se queixava de dor na articula\u00e7\u00e3o do ombro direito.<\/p>\n<p>Ontem tamb\u00e9m ocorreu um capotamento de ve\u00edculo (Voyage) na MG-401, a 36 quil\u00f4metros de Manga. Cinco pessoas ficaram feridas e foram encaminhadas pelos socorristas para os hospitais de Ja\u00edba e Jana\u00faba. Uma delas que estava em estado grave foi transferida de Jana\u00faba para Montes Claros.<\/p>\n<p>\u00c0s 19h17, a unidade do Samu foi acionada para atendimento a um homem de 21 que colidiu de bicicleta contra uma moto na Avenida Deputado Pl\u00ednio Ribeiro, bairro Ipiranga, e sofreu um corte contuso no bra\u00e7o direito e outro na cabe\u00e7a, e se queixava de dor lombar e na panturrilha direita.<\/p>\n<p>\u00c0s 18h50, um homem de 35 anos foi atropelado por uma bicicleta no bairro Morrinhos. Ela n\u00e3o apresentava ferimentos aparentes, estava consciente e orientada.<\/p>\n<p>Em todas as ocorr\u00eancias os feridos receberam os primeiros atendimentos no local e foram encaminhados ao hospital para avalia\u00e7\u00e3o. (Jer\u00fasia Arruda)<\/p>\n","protected":false},"excerpt":{"rendered":"<p>Ter\u00e7a-feira, 16 de junho de 2015 As unidades do SAMU realizaram na ter\u00e7a-feira, em Montes Claros, 46 atendimentos, sendo 40 casos cl\u00ednicos e 6 ocorr\u00eancias de acidente de tr\u00e2nsito envolvendo motocicleta. \u00c0s 23h10, a unidade do Samu foi acionada para atendimento a um homem de 21 anos que colidiu de moto contra um carro no [&hellip;]<\/p>\n","protected":false},"author":1,"featured_media":58741,"comment_status":"open","ping_status":"closed","sticky":false,"template":"","format":"standard","meta":{"amp_status":"","footnotes":""},"categories":[1236],"tags":[206036,210,24659,24089,18898,18108,48558,21139,4040],"class_list":["post-61368","post","type-post","status-publish","format-standard","has-post-thumbnail","hentry","category-norte_de_minas","tag-jerusia-arruda","tag-montes-claros","tag-plantao-do-samu-de-montes-claros","tag-plantao-do-samu-do-norte-de-minas","tag-plantao-do-samu-macro-norte","tag-plantao-do-samu-no-norte-de-minas-gerais","tag-plantao-do-samu-no-norte-de-minas-gerais-16-de-junho-de-2015","tag-samu-do-norte-de-minas","tag-samu-macro-norte"],"yoast_head":"<!-- This site is optimized with the Yoast SEO plugin v28.3 - https:\/\/yoast.com\/product\/yoast-seo-wordpress\/ -->\n<title>Plant\u00e3o do Samu no Norte de Minas Gerais - 16 de junho de 2015 - Aconteceu no Vale<\/title>\n<meta name=\"robots\" content=\"index, follow, max-snippet:-1, max-image-preview:large, max-video-preview:-1\" \/>\n<link rel=\"canonical\" href=\"https:\/\/aconteceunovale.com.br\/portal\/?p=61368\" \/>\n<meta property=\"og:locale\" content=\"pt_BR\" \/>\n<meta property=\"og:type\" content=\"article\" \/>\n<meta property=\"og:title\" content=\"Plant\u00e3o do Samu no Norte de Minas Gerais - 16 de junho de 2015 - Aconteceu no Vale\" \/>\n<meta property=\"og:description\" content=\"Ter\u00e7a-feira, 16 de junho de 2015 As unidades do SAMU realizaram na ter\u00e7a-feira, em Montes Claros, 46 atendimentos, sendo 40 casos cl\u00ednicos e 6 ocorr\u00eancias de acidente de tr\u00e2nsito envolvendo motocicleta. \u00c0s 23h10, a unidade do Samu foi acionada para atendimento a um homem de 21 anos que colidiu de moto contra um carro no [&hellip;]\" \/>\n<meta property=\"og:url\" content=\"https:\/\/aconteceunovale.com.br\/portal\/?p=61368\" \/>\n<meta property=\"og:site_name\" content=\"Aconteceu no Vale\" \/>\n<meta property=\"article:publisher\" content=\"https:\/\/www.facebook.com\/aconteceunovale\/\" \/>\n<meta property=\"article:published_time\" content=\"2015-06-17T11:12:40+00:00\" \/>\n<meta property=\"og:image\" content=\"https:\/\/aconteceunovale.com.br\/portal\/wp-content\/uploads\/2015\/05\/samu_2.jpg\" \/>\n\t<meta property=\"og:image:width\" content=\"678\" \/>\n\t<meta property=\"og:image:height\" content=\"322\" \/>\n\t<meta property=\"og:image:type\" content=\"image\/jpeg\" \/>\n<meta name=\"author\" content=\"Aconteceu no Vale\" \/>\n<meta name=\"twitter:card\" content=\"summary_large_image\" \/>\n<meta name=\"twitter:creator\" content=\"@noticiadosvales\" \/>\n<meta name=\"twitter:site\" content=\"@noticiadosvales\" \/>\n<meta name=\"twitter:label1\" content=\"Escrito por\" \/>\n\t<meta name=\"twitter:data1\" content=\"Aconteceu no Vale\" \/>\n\t<meta name=\"twitter:label2\" content=\"Est. tempo de leitura\" \/>\n\t<meta name=\"twitter:data2\" content=\"1 minuto\" \/>\n<script type=\"application\/ld+json\" class=\"yoast-schema-graph\">{\"@context\":\"https:\\\/\\\/schema.org\",\"@graph\":[{\"@type\":\"Article\",\"@id\":\"https:\\\/\\\/aconteceunovale.com.br\\\/portal\\\/?p=61368#article\",\"isPartOf\":{\"@id\":\"https:\\\/\\\/aconteceunovale.com.br\\\/portal\\\/?p=61368\"},\"author\":{\"name\":\"Aconteceu no Vale\",\"@id\":\"https:\\\/\\\/aconteceunovale.com.br\\\/portal\\\/#\\\/schema\\\/person\\\/633529146f2c94272bef50ac2953d589\"},\"headline\":\"Plant\u00e3o do Samu no Norte de Minas Gerais &#8211; 16 de junho de 2015\",\"datePublished\":\"2015-06-17T11:12:40+00:00\",\"mainEntityOfPage\":{\"@id\":\"https:\\\/\\\/aconteceunovale.com.br\\\/portal\\\/?p=61368\"},\"wordCount\":298,\"commentCount\":0,\"image\":{\"@id\":\"https:\\\/\\\/aconteceunovale.com.br\\\/portal\\\/?p=61368#primaryimage\"},\"thumbnailUrl\":\"https:\\\/\\\/aconteceunovale.com.br\\\/portal\\\/wp-content\\\/uploads\\\/2015\\\/05\\\/samu_2.jpg\",\"keywords\":[\"Jer\u00fasia Arruda\",\"Montes Claros\",\"plant\u00e3o do samu de montes claros\",\"plant\u00e3o do samu do norte de minas\",\"plant\u00e3o do samu macro norte\",\"Plant\u00e3o do Samu no Norte de Minas Gerais\",\"Plant\u00e3o do Samu no Norte de Minas Gerais - 16 de junho de 2015\",\"samu do norte de minas\",\"Samu Macro Norte\"],\"articleSection\":[\"Norte de Minas\"],\"inLanguage\":\"pt-BR\",\"potentialAction\":[{\"@type\":\"CommentAction\",\"name\":\"Comment\",\"target\":[\"https:\\\/\\\/aconteceunovale.com.br\\\/portal\\\/?p=61368#respond\"]}]},{\"@type\":\"WebPage\",\"@id\":\"https:\\\/\\\/aconteceunovale.com.br\\\/portal\\\/?p=61368\",\"url\":\"https:\\\/\\\/aconteceunovale.com.br\\\/portal\\\/?p=61368\",\"name\":\"Plant\u00e3o do Samu no Norte de Minas Gerais - 16 de junho de 2015 - Aconteceu no Vale\",\"isPartOf\":{\"@id\":\"https:\\\/\\\/aconteceunovale.com.br\\\/portal\\\/#website\"},\"primaryImageOfPage\":{\"@id\":\"https:\\\/\\\/aconteceunovale.com.br\\\/portal\\\/?p=61368#primaryimage\"},\"image\":{\"@id\":\"https:\\\/\\\/aconteceunovale.com.br\\\/portal\\\/?p=61368#primaryimage\"},\"thumbnailUrl\":\"https:\\\/\\\/aconteceunovale.com.br\\\/portal\\\/wp-content\\\/uploads\\\/2015\\\/05\\\/samu_2.jpg\",\"datePublished\":\"2015-06-17T11:12:40+00:00\",\"author\":{\"@id\":\"https:\\\/\\\/aconteceunovale.com.br\\\/portal\\\/#\\\/schema\\\/person\\\/633529146f2c94272bef50ac2953d589\"},\"breadcrumb\":{\"@id\":\"https:\\\/\\\/aconteceunovale.com.br\\\/portal\\\/?p=61368#breadcrumb\"},\"inLanguage\":\"pt-BR\",\"potentialAction\":[{\"@type\":\"ReadAction\",\"target\":[\"https:\\\/\\\/aconteceunovale.com.br\\\/portal\\\/?p=61368\"]}]},{\"@type\":\"ImageObject\",\"inLanguage\":\"pt-BR\",\"@id\":\"https:\\\/\\\/aconteceunovale.com.br\\\/portal\\\/?p=61368#primaryimage\",\"url\":\"https:\\\/\\\/aconteceunovale.com.br\\\/portal\\\/wp-content\\\/uploads\\\/2015\\\/05\\\/samu_2.jpg\",\"contentUrl\":\"https:\\\/\\\/aconteceunovale.com.br\\\/portal\\\/wp-content\\\/uploads\\\/2015\\\/05\\\/samu_2.jpg\",\"width\":678,\"height\":322},{\"@type\":\"BreadcrumbList\",\"@id\":\"https:\\\/\\\/aconteceunovale.com.br\\\/portal\\\/?p=61368#breadcrumb\",\"itemListElement\":[{\"@type\":\"ListItem\",\"position\":1,\"name\":\"In\u00edcio\",\"item\":\"https:\\\/\\\/aconteceunovale.com.br\\\/portal\\\/\"},{\"@type\":\"ListItem\",\"position\":2,\"name\":\"Plant\u00e3o do Samu no Norte de Minas Gerais &#8211; 16 de junho de 2015\"}]},{\"@type\":\"WebSite\",\"@id\":\"https:\\\/\\\/aconteceunovale.com.br\\\/portal\\\/#website\",\"url\":\"https:\\\/\\\/aconteceunovale.com.br\\\/portal\\\/\",\"name\":\"Aconteceu no Vale\",\"description\":\"Portal de Not\u00edcias\",\"potentialAction\":[{\"@type\":\"SearchAction\",\"target\":{\"@type\":\"EntryPoint\",\"urlTemplate\":\"https:\\\/\\\/aconteceunovale.com.br\\\/portal\\\/?s={search_term_string}\"},\"query-input\":{\"@type\":\"PropertyValueSpecification\",\"valueRequired\":true,\"valueName\":\"search_term_string\"}}],\"inLanguage\":\"pt-BR\"},{\"@type\":\"Person\",\"@id\":\"https:\\\/\\\/aconteceunovale.com.br\\\/portal\\\/#\\\/schema\\\/person\\\/633529146f2c94272bef50ac2953d589\",\"name\":\"Aconteceu no Vale\",\"description\":\"Equipe de reportagem do Aconteceu no Vale, portal de not\u00edcias do Vale do Jequitinhonha, em Minas Gerais. Cobrimos as 51 cidades do Vale desde 2013. Sugest\u00f5es de pauta e pedidos de corre\u00e7\u00e3o: contato@aconteceunovale.com.br\",\"sameAs\":[\"http:\\\/\\\/www.aconteceunovale.com.br\"],\"url\":\"https:\\\/\\\/aconteceunovale.com.br\\\/portal\\\/?author=1\"}]}<\/script>\n<!-- \/ Yoast SEO plugin. -->","yoast_head_json":{"title":"Plant\u00e3o do Samu no Norte de Minas Gerais - 16 de junho de 2015 - Aconteceu no Vale","robots":{"index":"index","follow":"follow","max-snippet":"max-snippet:-1","max-image-preview":"max-image-preview:large","max-video-preview":"max-video-preview:-1"},"canonical":"https:\/\/aconteceunovale.com.br\/portal\/?p=61368","og_locale":"pt_BR","og_type":"article","og_title":"Plant\u00e3o do Samu no Norte de Minas Gerais - 16 de junho de 2015 - Aconteceu no Vale","og_description":"Ter\u00e7a-feira, 16 de junho de 2015 As unidades do SAMU realizaram na ter\u00e7a-feira, em Montes Claros, 46 atendimentos, sendo 40 casos cl\u00ednicos e 6 ocorr\u00eancias de acidente de tr\u00e2nsito envolvendo motocicleta. \u00c0s 23h10, a unidade do Samu foi acionada para atendimento a um homem de 21 anos que colidiu de moto contra um carro no [&hellip;]","og_url":"https:\/\/aconteceunovale.com.br\/portal\/?p=61368","og_site_name":"Aconteceu no Vale","article_publisher":"https:\/\/www.facebook.com\/aconteceunovale\/","article_published_time":"2015-06-17T11:12:40+00:00","og_image":[{"width":678,"height":322,"url":"https:\/\/aconteceunovale.com.br\/portal\/wp-content\/uploads\/2015\/05\/samu_2.jpg","type":"image\/jpeg"}],"author":"Aconteceu no Vale","twitter_card":"summary_large_image","twitter_creator":"@noticiadosvales","twitter_site":"@noticiadosvales","twitter_misc":{"Escrito por":"Aconteceu no Vale","Est. tempo de leitura":"1 minuto"},"schema":{"@context":"https:\/\/schema.org","@graph":[{"@type":"Article","@id":"https:\/\/aconteceunovale.com.br\/portal\/?p=61368#article","isPartOf":{"@id":"https:\/\/aconteceunovale.com.br\/portal\/?p=61368"},"author":{"name":"Aconteceu no Vale","@id":"https:\/\/aconteceunovale.com.br\/portal\/#\/schema\/person\/633529146f2c94272bef50ac2953d589"},"headline":"Plant\u00e3o do Samu no Norte de Minas Gerais &#8211; 16 de junho de 2015","datePublished":"2015-06-17T11:12:40+00:00","mainEntityOfPage":{"@id":"https:\/\/aconteceunovale.com.br\/portal\/?p=61368"},"wordCount":298,"commentCount":0,"image":{"@id":"https:\/\/aconteceunovale.com.br\/portal\/?p=61368#primaryimage"},"thumbnailUrl":"https:\/\/aconteceunovale.com.br\/portal\/wp-content\/uploads\/2015\/05\/samu_2.jpg","keywords":["Jer\u00fasia Arruda","Montes Claros","plant\u00e3o do samu de montes claros","plant\u00e3o do samu do norte de minas","plant\u00e3o do samu macro norte","Plant\u00e3o do Samu no Norte de Minas Gerais","Plant\u00e3o do Samu no Norte de Minas Gerais - 16 de junho de 2015","samu do norte de minas","Samu Macro Norte"],"articleSection":["Norte de Minas"],"inLanguage":"pt-BR","potentialAction":[{"@type":"CommentAction","name":"Comment","target":["https:\/\/aconteceunovale.com.br\/portal\/?p=61368#respond"]}]},{"@type":"WebPage","@id":"https:\/\/aconteceunovale.com.br\/portal\/?p=61368","url":"https:\/\/aconteceunovale.com.br\/portal\/?p=61368","name":"Plant\u00e3o do Samu no Norte de Minas Gerais - 16 de junho de 2015 - Aconteceu no Vale","isPartOf":{"@id":"https:\/\/aconteceunovale.com.br\/portal\/#website"},"primaryImageOfPage":{"@id":"https:\/\/aconteceunovale.com.br\/portal\/?p=61368#primaryimage"},"image":{"@id":"https:\/\/aconteceunovale.com.br\/portal\/?p=61368#primaryimage"},"thumbnailUrl":"https:\/\/aconteceunovale.com.br\/portal\/wp-content\/uploads\/2015\/05\/samu_2.jpg","datePublished":"2015-06-17T11:12:40+00:00","author":{"@id":"https:\/\/aconteceunovale.com.br\/portal\/#\/schema\/person\/633529146f2c94272bef50ac2953d589"},"breadcrumb":{"@id":"https:\/\/aconteceunovale.com.br\/portal\/?p=61368#breadcrumb"},"inLanguage":"pt-BR","potentialAction":[{"@type":"ReadAction","target":["https:\/\/aconteceunovale.com.br\/portal\/?p=61368"]}]},{"@type":"ImageObject","inLanguage":"pt-BR","@id":"https:\/\/aconteceunovale.com.br\/portal\/?p=61368#primaryimage","url":"https:\/\/aconteceunovale.com.br\/portal\/wp-content\/uploads\/2015\/05\/samu_2.jpg","contentUrl":"https:\/\/aconteceunovale.com.br\/portal\/wp-content\/uploads\/2015\/05\/samu_2.jpg","width":678,"height":322},{"@type":"BreadcrumbList","@id":"https:\/\/aconteceunovale.com.br\/portal\/?p=61368#breadcrumb","itemListElement":[{"@type":"ListItem","position":1,"name":"In\u00edcio","item":"https:\/\/aconteceunovale.com.br\/portal\/"},{"@type":"ListItem","position":2,"name":"Plant\u00e3o do Samu no Norte de Minas Gerais &#8211; 16 de junho de 2015"}]},{"@type":"WebSite","@id":"https:\/\/aconteceunovale.com.br\/portal\/#website","url":"https:\/\/aconteceunovale.com.br\/portal\/","name":"Aconteceu no Vale","description":"Portal de Not\u00edcias","potentialAction":[{"@type":"SearchAction","target":{"@type":"EntryPoint","urlTemplate":"https:\/\/aconteceunovale.com.br\/portal\/?s={search_term_string}"},"query-input":{"@type":"PropertyValueSpecification","valueRequired":true,"valueName":"search_term_string"}}],"inLanguage":"pt-BR"},{"@type":"Person","@id":"https:\/\/aconteceunovale.com.br\/portal\/#\/schema\/person\/633529146f2c94272bef50ac2953d589","name":"Aconteceu no Vale","description":"Equipe de reportagem do Aconteceu no Vale, portal de not\u00edcias do Vale do Jequitinhonha, em Minas Gerais. Cobrimos as 51 cidades do Vale desde 2013. Sugest\u00f5es de pauta e pedidos de corre\u00e7\u00e3o: contato@aconteceunovale.com.br","sameAs":["http:\/\/www.aconteceunovale.com.br"],"url":"https:\/\/aconteceunovale.com.br\/portal\/?author=1"}]}},"_links":{"self":[{"href":"https:\/\/aconteceunovale.com.br\/portal\/index.php?rest_route=\/wp\/v2\/posts\/61368","targetHints":{"allow":["GET"]}}],"collection":[{"href":"https:\/\/aconteceunovale.com.br\/portal\/index.php?rest_route=\/wp\/v2\/posts"}],"about":[{"href":"https:\/\/aconteceunovale.com.br\/portal\/index.php?rest_route=\/wp\/v2\/types\/post"}],"author":[{"embeddable":true,"href":"https:\/\/aconteceunovale.com.br\/portal\/index.php?rest_route=\/wp\/v2\/users\/1"}],"replies":[{"embeddable":true,"href":"https:\/\/aconteceunovale.com.br\/portal\/index.php?rest_route=%2Fwp%2Fv2%2Fcomments&post=61368"}],"version-history":[{"count":0,"href":"https:\/\/aconteceunovale.com.br\/portal\/index.php?rest_route=\/wp\/v2\/posts\/61368\/revisions"}],"wp:featuredmedia":[{"embeddable":true,"href":"https:\/\/aconteceunovale.com.br\/portal\/index.php?rest_route=\/wp\/v2\/media\/58741"}],"wp:attachment":[{"href":"https:\/\/aconteceunovale.com.br\/portal\/index.php?rest_route=%2Fwp%2Fv2%2Fmedia&parent=61368"}],"wp:term":[{"taxonomy":"category","embeddable":true,"href":"https:\/\/aconteceunovale.com.br\/portal\/index.php?rest_route=%2Fwp%2Fv2%2Fcategories&post=61368"},{"taxonomy":"post_tag","embeddable":true,"href":"https:\/\/aconteceunovale.com.br\/portal\/index.php?rest_route=%2Fwp%2Fv2%2Ftags&post=61368"}],"curies":[{"name":"wp","href":"https:\/\/api.w.org\/{rel}","templated":true}]}}