{"id":61361,"date":"2015-06-17T00:19:14","date_gmt":"2015-06-17T02:19:14","guid":{"rendered":"http:\/\/aconteceunovale.com.br\/portal\/?p=61361"},"modified":"2019-08-29T00:51:45","modified_gmt":"2019-08-29T02:51:45","slug":"acidente-com-helicoptero-deixa-tres-mortos-em-ouro-preto","status":"publish","type":"post","link":"https:\/\/aconteceunovale.com.br\/portal\/?p=61361","title":{"rendered":"Acidente com helic\u00f3ptero deixa tr\u00eas mortos em Ouro Preto"},"content":{"rendered":"<h4><strong><em>Acidente ocorreu por volta das 16h. Moradores da regi\u00e3o teriam escutado uma forte explos\u00e3o e, em seguida, avistaram uma fuma\u00e7a saindo da Mata dos Palmitos.<\/em><\/strong><\/h4>\n<p>O Corpo de Bombeiros confirmou que um helic\u00f3ptero caiu, nesta ter\u00e7a-feira (16\/06), na Mata do Palmito, em Santa Rita de Ouro Preto, distrito de Ouro Preto, na Regi\u00e3o Central de Minas Gerais. A corpora\u00e7\u00e3o confirmou que tr\u00eas pessoas morreram no acidente. Uma das v\u00edtimas \u00e9 o piloto Felipe Piroli Machado, filho do s\u00f3cio da HeliBH, empresa de aluguel de helic\u00f3pteros.<\/p>\n<p>Felipe transportava o patr\u00e3o, dono da empresa Lotear Empreendimento Imobili\u00e1ria Ltda, o empres\u00e1rio Roberto Queiroz, de aproximadamente 50 anos, e o filho dele, Bruno Queiroz, de 23. A informa\u00e7\u00e3o \u00e9 do amigo de Felipe, o piloto Guilherme Alves, de 32 anos. A esposa do empres\u00e1rio ficou em Maca\u00e9.<\/p>\n<p>O modelo Jet Ranger 206-Bell tem capacidade para cinco pessoas, incluindo o piloto. No site da Ag\u00eancia Nacional de Avia\u00e7\u00e3o Civil (Anac), a aeronave PT-YDY est\u00e1 matriculada em nome de Lotear Empreendimentos Imobili\u00e1rios. O helic\u00f3ptero teria de fazer nova Inspe\u00e7\u00e3o Anual de Manuten\u00e7\u00e3o (IAM) a partir de 14 de novembro deste ano, quando venceria a atual documenta\u00e7\u00e3o. O Certificado de Aeronavegabilidade da aeronave tem validade at\u00e9 17 de novembro de 2018.<\/p>\n<p>Ainda conforme o Corpo de Bombeiros, a aeronave seguia de Maca\u00e9, no Rio de Janeiro, com destino a Nova Lima, na Regi\u00e3o Metropolitana de Belo Horizonte, e parou em Ub\u00e1 para abastecer. O helic\u00f3ptero decolou por volta das 16h com mau tempo e encontrou muitas nuvens no trajeto. Em Ouro Preto, ele &#8220;guardou baixo&#8221; &#8211; express\u00e3o usada pelos pilotos quando a aeronave voa dentro de uma nuvem em baixa altitude -, e bateu contra uma montanha.<\/p>\n<p>Pelas redes sociais, amigos do piloto, publicaram mensagens lamentando a morte de Piroli. &#8220;N\u00e3o d\u00e1 para acreditar! Sou do tipo de pessoa que n\u00e3o costumo esquecer daqueles que me ajudaram e voc\u00ea foi um dos caras que mais me ajudou, quando era apenas um pista e me deu o primeiro duplo de 44. Um dia de muita tristeza, dor e vazio no cora\u00e7\u00e3o da fam\u00edlia e amigos. Serei sempre grato! Descansa em paz meu amigo&#8221;, escreveu um amigo. &#8220;Sem palavras, v\u00e1 com Deus Piroli! Que a sua alegria continue contagiando a todos onde estiver.&#8221;, dizia o texto de outra publica\u00e7\u00e3o.<\/p>\n<p>Segundo a For\u00e7a A\u00e9rea, t\u00e9cnicos do Servi\u00e7o Regional de Investiga\u00e7\u00e3o e Preven\u00e7\u00e3o de Acidentes (Seripa III), \u00f3rg\u00e3o que integra o Centro de Investiga\u00e7\u00e3o e Preven\u00e7\u00e3o de Acidentes Aeron\u00e1uticos (Cenipa), ir\u00e3o at\u00e9 o local do acidente e devem iniciar as investiga\u00e7\u00f5es na manh\u00e3 desta quarta-feira.<\/p>\n<p>O distrito de Santa Rita de Ouro Preto \u00e9 conhecido pela paisagem com cachoeiras e pontos tur\u00edsticos. Um morador informou que o acidente ocorreu por volta das 16h. \u201cConversei com pessoas que disseram ter visto fuma\u00e7a preta saindo do helic\u00f3ptero e ouviram um barulho estranho. Depois, a explos\u00e3o\u201d, comentou o servidor p\u00fablico Israel Marinho, de 26 anos.<\/p>\n<p><img decoding=\"async\" src=\"http:\/\/aconteceunovale.com.br\/portal\/wp-content\/uploads\/2015\/06\/acidente_helicoptero_16_6_1.jpg\" alt=\"\" \/><em>Felipe Piroli \u00e9 uma das v\u00edtimas da queda do helic\u00f3ptero &#8211; Foto: Reprodu\u00e7\u00e3o \/ Redes Sociais<\/em><br \/>\n<\/br><\/p>\n<p><img decoding=\"async\" src=\"http:\/\/aconteceunovale.com.br\/portal\/wp-content\/uploads\/2015\/06\/acidente_helicoptero_16_6_2.jpg\" alt=\"\" \/><em>O helic\u00f3ptero de prefixo PT-YDY caiu em Ouro Preto &#8211; Foto: Reprodu\u00e7\u00e3o \/ Redes Sociais<\/em><br \/>\n<\/br><\/p>\n<p><img decoding=\"async\" src=\"http:\/\/aconteceunovale.com.br\/portal\/wp-content\/uploads\/2015\/06\/acidente_helicoptero_16_6_31.jpg\" alt=\"\" \/><em>O helic\u00f3ptero de prefixo PT-YDY caiu em Ouro Preto &#8211; Foto: Corpo de Bombeiros\/Divulga\u00e7\u00e3o<\/em><br \/>\n<\/br><\/p>\n<p><em>(Fonte: Estado de Minas \/ Hoje em Dia)<\/em><\/p>\n","protected":false},"excerpt":{"rendered":"<p>Acidente ocorreu por volta das 16h. Moradores da regi\u00e3o teriam escutado uma forte explos\u00e3o e, em seguida, avistaram uma fuma\u00e7a saindo da Mata dos Palmitos. O Corpo de Bombeiros confirmou que um helic\u00f3ptero caiu, nesta ter\u00e7a-feira (16\/06), na Mata do Palmito, em Santa Rita de Ouro Preto, distrito de Ouro Preto, na Regi\u00e3o Central de [&hellip;]<\/p>\n","protected":false},"author":1,"featured_media":61438,"comment_status":"open","ping_status":"closed","sticky":false,"template":"","format":"standard","meta":{"amp_status":"","footnotes":""},"categories":[123],"tags":[48539,48533,48536,48555,48530,48527,48547,48549,48544,48551,48554,48531,48553,48532,48552,48538,48541,48543,48545,15947,48525,48535,48534,48550,48540,48546,48537,1496,211,48542,48529,48528,48548,48526],"class_list":["post-61361","post","type-post","status-publish","format-standard","has-post-thumbnail","hentry","category-gerais","tag-acidente-com-dono-da-helibh","tag-acidente-com-felipe-piroli","tag-acidente-com-filho-do-socio-da-helibh","tag-acidente-com-helicoptero-deixa-tres-mortos-em-ouro-preto","tag-acidente-com-helicoptero-em-ouro-preto","tag-acidente-com-helicoptero-em-santa-rita-de-ouro-preto","tag-acidente-com-o-dono-da-lotear-empreendimento-imobiliaria","tag-acidente-com-roberto-queiroz","tag-aeronave-pt-ydy","tag-bruno-queiroz","tag-enrico-benedetto","tag-felipe-piroli","tag-felipe-piroli-machado","tag-filho-do-socio-da-helibh","tag-guilherme-alves","tag-helibh","tag-helicoptero-modelo-jet-ranger-206-bell","tag-helicoptero-pt-ydy","tag-lotear-empreendimento-imobiliaria","tag-macae","tag-mata-do-palmito","tag-morre-felipe-piroli","tag-morte-de-felipe-piroli","tag-morte-de-roberto-queiroz","tag-morte-do-dono-da-helibh","tag-morte-do-dono-da-lotear-empreendimento-imobiliaria","tag-morte-do-filho-do-socio-da-helibh","tag-nova-lima","tag-ouro-preto","tag-pt-ydy","tag-queda-de-helicoptero-em-ouro-preto","tag-queda-de-helicoptero-em-santa-rita-de-ouro-preto","tag-roberto-queiroz","tag-santa-rita-de-ouro-preto"],"yoast_head":"<!-- This site is optimized with the Yoast SEO plugin v28.3 - https:\/\/yoast.com\/product\/yoast-seo-wordpress\/ -->\n<title>Acidente com helic\u00f3ptero deixa tr\u00eas mortos em Ouro Preto - Aconteceu no Vale<\/title>\n<meta name=\"robots\" content=\"index, follow, max-snippet:-1, max-image-preview:large, max-video-preview:-1\" \/>\n<link rel=\"canonical\" href=\"https:\/\/aconteceunovale.com.br\/portal\/?p=61361\" \/>\n<meta property=\"og:locale\" content=\"pt_BR\" \/>\n<meta property=\"og:type\" content=\"article\" \/>\n<meta property=\"og:title\" content=\"Acidente com helic\u00f3ptero deixa tr\u00eas mortos em Ouro Preto - Aconteceu no Vale\" \/>\n<meta property=\"og:description\" content=\"Acidente ocorreu por volta das 16h. Moradores da regi\u00e3o teriam escutado uma forte explos\u00e3o e, em seguida, avistaram uma fuma\u00e7a saindo da Mata dos Palmitos. O Corpo de Bombeiros confirmou que um helic\u00f3ptero caiu, nesta ter\u00e7a-feira (16\/06), na Mata do Palmito, em Santa Rita de Ouro Preto, distrito de Ouro Preto, na Regi\u00e3o Central de [&hellip;]\" \/>\n<meta property=\"og:url\" content=\"https:\/\/aconteceunovale.com.br\/portal\/?p=61361\" \/>\n<meta property=\"og:site_name\" content=\"Aconteceu no Vale\" \/>\n<meta property=\"article:publisher\" content=\"https:\/\/www.facebook.com\/aconteceunovale\/\" \/>\n<meta property=\"article:published_time\" content=\"2015-06-17T02:19:14+00:00\" \/>\n<meta property=\"article:modified_time\" content=\"2019-08-29T02:51:45+00:00\" \/>\n<meta property=\"og:image\" content=\"https:\/\/aconteceunovale.com.br\/portal\/wp-content\/uploads\/2015\/06\/acidente_helicoptero_16_6_31.jpg\" \/>\n\t<meta property=\"og:image:width\" content=\"675\" \/>\n\t<meta property=\"og:image:height\" content=\"450\" \/>\n\t<meta property=\"og:image:type\" content=\"image\/jpeg\" \/>\n<meta name=\"author\" content=\"Aconteceu no Vale\" \/>\n<meta name=\"twitter:card\" content=\"summary_large_image\" \/>\n<meta name=\"twitter:creator\" content=\"@noticiadosvales\" \/>\n<meta name=\"twitter:site\" content=\"@noticiadosvales\" \/>\n<meta name=\"twitter:label1\" content=\"Escrito por\" \/>\n\t<meta name=\"twitter:data1\" content=\"Aconteceu no Vale\" \/>\n\t<meta name=\"twitter:label2\" content=\"Est. tempo de leitura\" \/>\n\t<meta name=\"twitter:data2\" content=\"3 minutos\" \/>\n<script type=\"application\/ld+json\" class=\"yoast-schema-graph\">{\"@context\":\"https:\\\/\\\/schema.org\",\"@graph\":[{\"@type\":\"Article\",\"@id\":\"https:\\\/\\\/aconteceunovale.com.br\\\/portal\\\/?p=61361#article\",\"isPartOf\":{\"@id\":\"https:\\\/\\\/aconteceunovale.com.br\\\/portal\\\/?p=61361\"},\"author\":{\"name\":\"Aconteceu no Vale\",\"@id\":\"https:\\\/\\\/aconteceunovale.com.br\\\/portal\\\/#\\\/schema\\\/person\\\/633529146f2c94272bef50ac2953d589\"},\"headline\":\"Acidente com helic\u00f3ptero deixa tr\u00eas mortos em Ouro Preto\",\"datePublished\":\"2015-06-17T02:19:14+00:00\",\"dateModified\":\"2019-08-29T02:51:45+00:00\",\"mainEntityOfPage\":{\"@id\":\"https:\\\/\\\/aconteceunovale.com.br\\\/portal\\\/?p=61361\"},\"wordCount\":585,\"commentCount\":0,\"image\":{\"@id\":\"https:\\\/\\\/aconteceunovale.com.br\\\/portal\\\/?p=61361#primaryimage\"},\"thumbnailUrl\":\"https:\\\/\\\/aconteceunovale.com.br\\\/portal\\\/wp-content\\\/uploads\\\/2015\\\/06\\\/acidente_helicoptero_16_6_31.jpg\",\"keywords\":[\"acidente com dono da HeliBH\",\"acidente com Felipe Piroli\",\"acidente com filho do s\u00f3cio da HeliBH\",\"Acidente com helic\u00f3ptero deixa tr\u00eas mortos em Ouro Preto\",\"acidente com helic\u00f3ptero em Ouro Preto\",\"acidente com helic\u00f3ptero em Santa Rita de Ouro Preto\",\"acidente com o dono da Lotear Empreendimento Imobili\u00e1ria\",\"acidente com Roberto Queiroz\",\"aeronave PT-YDY\",\"Bruno Queiroz\",\"Enrico Benedetto\",\"Felipe Piroli\",\"Felipe Piroli Machado\",\"filho do s\u00f3cio da HeliBH\",\"Guilherme Alves\",\"HeliBH\",\"helic\u00f3ptero modelo Jet Ranger 206-Bell\",\"helic\u00f3ptero PT-YDY\",\"Lotear Empreendimento Imobili\u00e1ria\",\"Maca\u00e9\",\"Mata do Palmito\",\"morre Felipe Piroli\",\"morte de Felipe Piroli\",\"morte de Roberto Queiroz\",\"morte do dono da HeliBH\",\"morte do dono da Lotear Empreendimento Imobili\u00e1ria\",\"morte do filho do s\u00f3cio da HeliBH\",\"Nova Lima\",\"Ouro Preto\",\"PT-YDY\",\"queda de helic\u00f3ptero em Ouro Preto\",\"queda de helic\u00f3ptero em Santa Rita de Ouro Preto\",\"Roberto Queiroz\",\"Santa Rita de Ouro Preto\"],\"articleSection\":[\"Minas Gerais\"],\"inLanguage\":\"pt-BR\",\"potentialAction\":[{\"@type\":\"CommentAction\",\"name\":\"Comment\",\"target\":[\"https:\\\/\\\/aconteceunovale.com.br\\\/portal\\\/?p=61361#respond\"]}]},{\"@type\":\"WebPage\",\"@id\":\"https:\\\/\\\/aconteceunovale.com.br\\\/portal\\\/?p=61361\",\"url\":\"https:\\\/\\\/aconteceunovale.com.br\\\/portal\\\/?p=61361\",\"name\":\"Acidente com helic\u00f3ptero deixa tr\u00eas mortos em Ouro Preto - Aconteceu no Vale\",\"isPartOf\":{\"@id\":\"https:\\\/\\\/aconteceunovale.com.br\\\/portal\\\/#website\"},\"primaryImageOfPage\":{\"@id\":\"https:\\\/\\\/aconteceunovale.com.br\\\/portal\\\/?p=61361#primaryimage\"},\"image\":{\"@id\":\"https:\\\/\\\/aconteceunovale.com.br\\\/portal\\\/?p=61361#primaryimage\"},\"thumbnailUrl\":\"https:\\\/\\\/aconteceunovale.com.br\\\/portal\\\/wp-content\\\/uploads\\\/2015\\\/06\\\/acidente_helicoptero_16_6_31.jpg\",\"datePublished\":\"2015-06-17T02:19:14+00:00\",\"dateModified\":\"2019-08-29T02:51:45+00:00\",\"author\":{\"@id\":\"https:\\\/\\\/aconteceunovale.com.br\\\/portal\\\/#\\\/schema\\\/person\\\/633529146f2c94272bef50ac2953d589\"},\"breadcrumb\":{\"@id\":\"https:\\\/\\\/aconteceunovale.com.br\\\/portal\\\/?p=61361#breadcrumb\"},\"inLanguage\":\"pt-BR\",\"potentialAction\":[{\"@type\":\"ReadAction\",\"target\":[\"https:\\\/\\\/aconteceunovale.com.br\\\/portal\\\/?p=61361\"]}]},{\"@type\":\"ImageObject\",\"inLanguage\":\"pt-BR\",\"@id\":\"https:\\\/\\\/aconteceunovale.com.br\\\/portal\\\/?p=61361#primaryimage\",\"url\":\"https:\\\/\\\/aconteceunovale.com.br\\\/portal\\\/wp-content\\\/uploads\\\/2015\\\/06\\\/acidente_helicoptero_16_6_31.jpg\",\"contentUrl\":\"https:\\\/\\\/aconteceunovale.com.br\\\/portal\\\/wp-content\\\/uploads\\\/2015\\\/06\\\/acidente_helicoptero_16_6_31.jpg\",\"width\":675,\"height\":450},{\"@type\":\"BreadcrumbList\",\"@id\":\"https:\\\/\\\/aconteceunovale.com.br\\\/portal\\\/?p=61361#breadcrumb\",\"itemListElement\":[{\"@type\":\"ListItem\",\"position\":1,\"name\":\"In\u00edcio\",\"item\":\"https:\\\/\\\/aconteceunovale.com.br\\\/portal\\\/\"},{\"@type\":\"ListItem\",\"position\":2,\"name\":\"Acidente com helic\u00f3ptero deixa tr\u00eas mortos em Ouro Preto\"}]},{\"@type\":\"WebSite\",\"@id\":\"https:\\\/\\\/aconteceunovale.com.br\\\/portal\\\/#website\",\"url\":\"https:\\\/\\\/aconteceunovale.com.br\\\/portal\\\/\",\"name\":\"Aconteceu no Vale\",\"description\":\"Portal de Not\u00edcias\",\"potentialAction\":[{\"@type\":\"SearchAction\",\"target\":{\"@type\":\"EntryPoint\",\"urlTemplate\":\"https:\\\/\\\/aconteceunovale.com.br\\\/portal\\\/?s={search_term_string}\"},\"query-input\":{\"@type\":\"PropertyValueSpecification\",\"valueRequired\":true,\"valueName\":\"search_term_string\"}}],\"inLanguage\":\"pt-BR\"},{\"@type\":\"Person\",\"@id\":\"https:\\\/\\\/aconteceunovale.com.br\\\/portal\\\/#\\\/schema\\\/person\\\/633529146f2c94272bef50ac2953d589\",\"name\":\"Aconteceu no Vale\",\"description\":\"Equipe de reportagem do Aconteceu no Vale, portal de not\u00edcias do Vale do Jequitinhonha, em Minas Gerais. Cobrimos as 51 cidades do Vale desde 2013. Sugest\u00f5es de pauta e pedidos de corre\u00e7\u00e3o: contato@aconteceunovale.com.br\",\"sameAs\":[\"http:\\\/\\\/www.aconteceunovale.com.br\"],\"url\":\"https:\\\/\\\/aconteceunovale.com.br\\\/portal\\\/?author=1\"}]}<\/script>\n<!-- \/ Yoast SEO plugin. -->","yoast_head_json":{"title":"Acidente com helic\u00f3ptero deixa tr\u00eas mortos em Ouro Preto - Aconteceu no Vale","robots":{"index":"index","follow":"follow","max-snippet":"max-snippet:-1","max-image-preview":"max-image-preview:large","max-video-preview":"max-video-preview:-1"},"canonical":"https:\/\/aconteceunovale.com.br\/portal\/?p=61361","og_locale":"pt_BR","og_type":"article","og_title":"Acidente com helic\u00f3ptero deixa tr\u00eas mortos em Ouro Preto - Aconteceu no Vale","og_description":"Acidente ocorreu por volta das 16h. Moradores da regi\u00e3o teriam escutado uma forte explos\u00e3o e, em seguida, avistaram uma fuma\u00e7a saindo da Mata dos Palmitos. O Corpo de Bombeiros confirmou que um helic\u00f3ptero caiu, nesta ter\u00e7a-feira (16\/06), na Mata do Palmito, em Santa Rita de Ouro Preto, distrito de Ouro Preto, na Regi\u00e3o Central de [&hellip;]","og_url":"https:\/\/aconteceunovale.com.br\/portal\/?p=61361","og_site_name":"Aconteceu no Vale","article_publisher":"https:\/\/www.facebook.com\/aconteceunovale\/","article_published_time":"2015-06-17T02:19:14+00:00","article_modified_time":"2019-08-29T02:51:45+00:00","og_image":[{"width":675,"height":450,"url":"https:\/\/aconteceunovale.com.br\/portal\/wp-content\/uploads\/2015\/06\/acidente_helicoptero_16_6_31.jpg","type":"image\/jpeg"}],"author":"Aconteceu no Vale","twitter_card":"summary_large_image","twitter_creator":"@noticiadosvales","twitter_site":"@noticiadosvales","twitter_misc":{"Escrito por":"Aconteceu no Vale","Est. tempo de leitura":"3 minutos"},"schema":{"@context":"https:\/\/schema.org","@graph":[{"@type":"Article","@id":"https:\/\/aconteceunovale.com.br\/portal\/?p=61361#article","isPartOf":{"@id":"https:\/\/aconteceunovale.com.br\/portal\/?p=61361"},"author":{"name":"Aconteceu no Vale","@id":"https:\/\/aconteceunovale.com.br\/portal\/#\/schema\/person\/633529146f2c94272bef50ac2953d589"},"headline":"Acidente com helic\u00f3ptero deixa tr\u00eas mortos em Ouro Preto","datePublished":"2015-06-17T02:19:14+00:00","dateModified":"2019-08-29T02:51:45+00:00","mainEntityOfPage":{"@id":"https:\/\/aconteceunovale.com.br\/portal\/?p=61361"},"wordCount":585,"commentCount":0,"image":{"@id":"https:\/\/aconteceunovale.com.br\/portal\/?p=61361#primaryimage"},"thumbnailUrl":"https:\/\/aconteceunovale.com.br\/portal\/wp-content\/uploads\/2015\/06\/acidente_helicoptero_16_6_31.jpg","keywords":["acidente com dono da HeliBH","acidente com Felipe Piroli","acidente com filho do s\u00f3cio da HeliBH","Acidente com helic\u00f3ptero deixa tr\u00eas mortos em Ouro Preto","acidente com helic\u00f3ptero em Ouro Preto","acidente com helic\u00f3ptero em Santa Rita de Ouro Preto","acidente com o dono da Lotear Empreendimento Imobili\u00e1ria","acidente com Roberto Queiroz","aeronave PT-YDY","Bruno Queiroz","Enrico Benedetto","Felipe Piroli","Felipe Piroli Machado","filho do s\u00f3cio da HeliBH","Guilherme Alves","HeliBH","helic\u00f3ptero modelo Jet Ranger 206-Bell","helic\u00f3ptero PT-YDY","Lotear Empreendimento Imobili\u00e1ria","Maca\u00e9","Mata do Palmito","morre Felipe Piroli","morte de Felipe Piroli","morte de Roberto Queiroz","morte do dono da HeliBH","morte do dono da Lotear Empreendimento Imobili\u00e1ria","morte do filho do s\u00f3cio da HeliBH","Nova Lima","Ouro Preto","PT-YDY","queda de helic\u00f3ptero em Ouro Preto","queda de helic\u00f3ptero em Santa Rita de Ouro Preto","Roberto Queiroz","Santa Rita de Ouro Preto"],"articleSection":["Minas Gerais"],"inLanguage":"pt-BR","potentialAction":[{"@type":"CommentAction","name":"Comment","target":["https:\/\/aconteceunovale.com.br\/portal\/?p=61361#respond"]}]},{"@type":"WebPage","@id":"https:\/\/aconteceunovale.com.br\/portal\/?p=61361","url":"https:\/\/aconteceunovale.com.br\/portal\/?p=61361","name":"Acidente com helic\u00f3ptero deixa tr\u00eas mortos em Ouro Preto - Aconteceu no Vale","isPartOf":{"@id":"https:\/\/aconteceunovale.com.br\/portal\/#website"},"primaryImageOfPage":{"@id":"https:\/\/aconteceunovale.com.br\/portal\/?p=61361#primaryimage"},"image":{"@id":"https:\/\/aconteceunovale.com.br\/portal\/?p=61361#primaryimage"},"thumbnailUrl":"https:\/\/aconteceunovale.com.br\/portal\/wp-content\/uploads\/2015\/06\/acidente_helicoptero_16_6_31.jpg","datePublished":"2015-06-17T02:19:14+00:00","dateModified":"2019-08-29T02:51:45+00:00","author":{"@id":"https:\/\/aconteceunovale.com.br\/portal\/#\/schema\/person\/633529146f2c94272bef50ac2953d589"},"breadcrumb":{"@id":"https:\/\/aconteceunovale.com.br\/portal\/?p=61361#breadcrumb"},"inLanguage":"pt-BR","potentialAction":[{"@type":"ReadAction","target":["https:\/\/aconteceunovale.com.br\/portal\/?p=61361"]}]},{"@type":"ImageObject","inLanguage":"pt-BR","@id":"https:\/\/aconteceunovale.com.br\/portal\/?p=61361#primaryimage","url":"https:\/\/aconteceunovale.com.br\/portal\/wp-content\/uploads\/2015\/06\/acidente_helicoptero_16_6_31.jpg","contentUrl":"https:\/\/aconteceunovale.com.br\/portal\/wp-content\/uploads\/2015\/06\/acidente_helicoptero_16_6_31.jpg","width":675,"height":450},{"@type":"BreadcrumbList","@id":"https:\/\/aconteceunovale.com.br\/portal\/?p=61361#breadcrumb","itemListElement":[{"@type":"ListItem","position":1,"name":"In\u00edcio","item":"https:\/\/aconteceunovale.com.br\/portal\/"},{"@type":"ListItem","position":2,"name":"Acidente com helic\u00f3ptero deixa tr\u00eas mortos em Ouro Preto"}]},{"@type":"WebSite","@id":"https:\/\/aconteceunovale.com.br\/portal\/#website","url":"https:\/\/aconteceunovale.com.br\/portal\/","name":"Aconteceu no Vale","description":"Portal de Not\u00edcias","potentialAction":[{"@type":"SearchAction","target":{"@type":"EntryPoint","urlTemplate":"https:\/\/aconteceunovale.com.br\/portal\/?s={search_term_string}"},"query-input":{"@type":"PropertyValueSpecification","valueRequired":true,"valueName":"search_term_string"}}],"inLanguage":"pt-BR"},{"@type":"Person","@id":"https:\/\/aconteceunovale.com.br\/portal\/#\/schema\/person\/633529146f2c94272bef50ac2953d589","name":"Aconteceu no Vale","description":"Equipe de reportagem do Aconteceu no Vale, portal de not\u00edcias do Vale do Jequitinhonha, em Minas Gerais. Cobrimos as 51 cidades do Vale desde 2013. Sugest\u00f5es de pauta e pedidos de corre\u00e7\u00e3o: contato@aconteceunovale.com.br","sameAs":["http:\/\/www.aconteceunovale.com.br"],"url":"https:\/\/aconteceunovale.com.br\/portal\/?author=1"}]}},"_links":{"self":[{"href":"https:\/\/aconteceunovale.com.br\/portal\/index.php?rest_route=\/wp\/v2\/posts\/61361","targetHints":{"allow":["GET"]}}],"collection":[{"href":"https:\/\/aconteceunovale.com.br\/portal\/index.php?rest_route=\/wp\/v2\/posts"}],"about":[{"href":"https:\/\/aconteceunovale.com.br\/portal\/index.php?rest_route=\/wp\/v2\/types\/post"}],"author":[{"embeddable":true,"href":"https:\/\/aconteceunovale.com.br\/portal\/index.php?rest_route=\/wp\/v2\/users\/1"}],"replies":[{"embeddable":true,"href":"https:\/\/aconteceunovale.com.br\/portal\/index.php?rest_route=%2Fwp%2Fv2%2Fcomments&post=61361"}],"version-history":[{"count":1,"href":"https:\/\/aconteceunovale.com.br\/portal\/index.php?rest_route=\/wp\/v2\/posts\/61361\/revisions"}],"predecessor-version":[{"id":151833,"href":"https:\/\/aconteceunovale.com.br\/portal\/index.php?rest_route=\/wp\/v2\/posts\/61361\/revisions\/151833"}],"wp:featuredmedia":[{"embeddable":true,"href":"https:\/\/aconteceunovale.com.br\/portal\/index.php?rest_route=\/wp\/v2\/media\/61438"}],"wp:attachment":[{"href":"https:\/\/aconteceunovale.com.br\/portal\/index.php?rest_route=%2Fwp%2Fv2%2Fmedia&parent=61361"}],"wp:term":[{"taxonomy":"category","embeddable":true,"href":"https:\/\/aconteceunovale.com.br\/portal\/index.php?rest_route=%2Fwp%2Fv2%2Fcategories&post=61361"},{"taxonomy":"post_tag","embeddable":true,"href":"https:\/\/aconteceunovale.com.br\/portal\/index.php?rest_route=%2Fwp%2Fv2%2Ftags&post=61361"}],"curies":[{"name":"wp","href":"https:\/\/api.w.org\/{rel}","templated":true}]}}