{"id":61344,"date":"2015-06-16T18:51:10","date_gmt":"2015-06-16T21:51:10","guid":{"rendered":"http:\/\/aconteceunovale.com.br\/portal\/?p=61344"},"modified":"2026-09-02T12:04:19","modified_gmt":"2026-09-02T15:04:19","slug":"jovem-de-almenara-e-assassinada-apos-presenciar-briga-em-belo-horizonte","status":"publish","type":"post","link":"https:\/\/aconteceunovale.com.br\/portal\/?p=61344","title":{"rendered":"Jovem de Almenara \u00e9 assassinada ap\u00f3s presenciar briga em Belo Horizonte"},"content":{"rendered":"<p>A equipe de policiais civis do Departamento de Investiga\u00e7\u00e3o de Homic\u00eddios e Prote\u00e7\u00e3o \u00e0 Pessoa (DHPP) concluiu pelo indiciamento de Diego Alberto Montanari da Rocha, (conhecido como Nego), de 23 anos, apontado como autor da morte da jovem Joyce Sousa Pereira, de 19 anos, natural de Almenara, no Vale do Jequitinhonha. O crime ocorreu no dia 12 de abril deste ano, no bairro S\u00e3o Gabriel, Regi\u00e3o Leste de Belo Horizonte.<\/p>\n<p>De acordo com o delegado Emerson Morais, que coordenou as investiga\u00e7\u00f5es, Diego estava discutindo com outros rapazes em frente \u00e0 casa de Joyce, quando a jovem abriu a janela para ver o que estava acontecendo. O indiciado chamou a aten\u00e7\u00e3o da v\u00edtima, que ent\u00e3o fechou a janela sem esbo\u00e7ar qualquer tipo de rea\u00e7\u00e3o.<\/p>\n<p>Irritado com a atitude, o indiciado foi \u00e0 casa em que Joyce estava, onde foi atendido por outro morador. O rapaz ainda tentou acalmar Diego, que amea\u00e7ou atirar caso n\u00e3o pudesse entrar na resid\u00eancia. Ao chegar no c\u00f4modo em que estava a v\u00edtima, o indiciado a agrediu com tapas e atirou oito vezes contra a jovem, utilizando uma pistola calibre 380. Antes de morrer, Joyce ainda levantou os bra\u00e7os, em sinal de rendi\u00e7\u00e3o. A pol\u00edcia investiga se j\u00e1 existia uma hostilidade por parte de Diego, que, segundo informa\u00e7\u00f5es, teria sido rejeitado pela v\u00edtima durante uma festa.<\/p>\n<p>Diego tem hist\u00f3rico criminal por homic\u00eddio tentado, porte ilegal de arma de fogo e tr\u00e1fico de drogas. Em raz\u00e3o do assassinato de Joyce, ele responder\u00e1 por homic\u00eddio duplamente qualificado e j\u00e1 se encontra preso, temporariamente, no Pres\u00eddio Ant\u00f4nio Dutra Ladeira.<\/p>\n<p><img decoding=\"async\" src=\"http:\/\/aconteceunovale.com.br\/portal\/wp-content\/uploads\/2015\/06\/morta_almenara.jpg\" alt=\"\" \/><em>Joyce era da cidade de Almenara e estava na capital para trabalhar (Foto: Reprodu\u00e7\u00e3o)<\/em><br \/>\n<\/br><\/p>\n<p><em>(Fonte: Pol\u00edcia Civil de Minas Gerais)<\/em><\/p>\n","protected":false},"excerpt":{"rendered":"<p>A equipe de policiais civis do Departamento de Investiga\u00e7\u00e3o de Homic\u00eddios e Prote\u00e7\u00e3o \u00e0 Pessoa (DHPP) concluiu pelo indiciamento de Diego Alberto Montanari da Rocha, (conhecido como Nego), de 23 anos, apontado como autor da morte da jovem Joyce Sousa Pereira, de 19 anos, natural de Almenara, no Vale do Jequitinhonha. O crime ocorreu no [&hellip;]<\/p>\n","protected":false},"author":1,"featured_media":61345,"comment_status":"open","ping_status":"closed","sticky":false,"template":"","format":"standard","meta":{"amp_status":"","footnotes":""},"categories":[272528,123],"tags":[142,48517,48512,48516,48515,48513,48514],"class_list":["post-61344","post","type-post","status-publish","format-standard","has-post-thumbnail","hentry","category-almenara","category-gerais","tag-almenara","tag-assassinada-apos-presenciar-briga","tag-diego-alberto-montanari-da-rocha","tag-jovem-de-almenara-e-assassinada-apos-presenciar-briga","tag-jovem-de-almenara-e-assassinada-apos-presenciar-briga-em-belo-horizonte","tag-joyce-sousa-pereira","tag-morte-de-jovem-de-almenara"],"yoast_head":"<!-- This site is optimized with the Yoast SEO plugin v28.3 - https:\/\/yoast.com\/product\/yoast-seo-wordpress\/ -->\n<title>Jovem de Almenara \u00e9 assassinada ap\u00f3s presenciar briga em Belo Horizonte - Aconteceu no Vale<\/title>\n<meta name=\"robots\" content=\"index, follow, max-snippet:-1, max-image-preview:large, max-video-preview:-1\" \/>\n<link rel=\"canonical\" href=\"https:\/\/aconteceunovale.com.br\/portal\/?p=61344\" \/>\n<meta property=\"og:locale\" content=\"pt_BR\" \/>\n<meta property=\"og:type\" content=\"article\" \/>\n<meta property=\"og:title\" content=\"Jovem de Almenara \u00e9 assassinada ap\u00f3s presenciar briga em Belo Horizonte - Aconteceu no Vale\" \/>\n<meta property=\"og:description\" content=\"A equipe de policiais civis do Departamento de Investiga\u00e7\u00e3o de Homic\u00eddios e Prote\u00e7\u00e3o \u00e0 Pessoa (DHPP) concluiu pelo indiciamento de Diego Alberto Montanari da Rocha, (conhecido como Nego), de 23 anos, apontado como autor da morte da jovem Joyce Sousa Pereira, de 19 anos, natural de Almenara, no Vale do Jequitinhonha. O crime ocorreu no [&hellip;]\" \/>\n<meta property=\"og:url\" content=\"https:\/\/aconteceunovale.com.br\/portal\/?p=61344\" \/>\n<meta property=\"og:site_name\" content=\"Aconteceu no Vale\" \/>\n<meta property=\"article:publisher\" content=\"https:\/\/www.facebook.com\/aconteceunovale\/\" \/>\n<meta property=\"article:published_time\" content=\"2015-06-16T21:51:10+00:00\" \/>\n<meta property=\"article:modified_time\" content=\"2026-09-02T15:04:19+00:00\" \/>\n<meta property=\"og:image\" content=\"https:\/\/aconteceunovale.com.br\/portal\/wp-content\/uploads\/2015\/06\/morta_almenara.jpg\" \/>\n\t<meta property=\"og:image:width\" content=\"620\" \/>\n\t<meta property=\"og:image:height\" content=\"413\" \/>\n\t<meta property=\"og:image:type\" content=\"image\/jpeg\" \/>\n<meta name=\"author\" content=\"Aconteceu no Vale\" \/>\n<meta name=\"twitter:card\" content=\"summary_large_image\" \/>\n<meta name=\"twitter:creator\" content=\"@noticiadosvales\" \/>\n<meta name=\"twitter:site\" content=\"@noticiadosvales\" \/>\n<meta name=\"twitter:label1\" content=\"Escrito por\" \/>\n\t<meta name=\"twitter:data1\" content=\"Aconteceu no Vale\" \/>\n\t<meta name=\"twitter:label2\" content=\"Est. tempo de leitura\" \/>\n\t<meta name=\"twitter:data2\" content=\"2 minutos\" \/>\n<script type=\"application\/ld+json\" class=\"yoast-schema-graph\">{\"@context\":\"https:\\\/\\\/schema.org\",\"@graph\":[{\"@type\":\"Article\",\"@id\":\"https:\\\/\\\/aconteceunovale.com.br\\\/portal\\\/?p=61344#article\",\"isPartOf\":{\"@id\":\"https:\\\/\\\/aconteceunovale.com.br\\\/portal\\\/?p=61344\"},\"author\":{\"name\":\"Aconteceu no Vale\",\"@id\":\"https:\\\/\\\/aconteceunovale.com.br\\\/portal\\\/#\\\/schema\\\/person\\\/633529146f2c94272bef50ac2953d589\"},\"headline\":\"Jovem de Almenara \u00e9 assassinada ap\u00f3s presenciar briga em Belo Horizonte\",\"datePublished\":\"2015-06-16T21:51:10+00:00\",\"dateModified\":\"2026-09-02T15:04:19+00:00\",\"mainEntityOfPage\":{\"@id\":\"https:\\\/\\\/aconteceunovale.com.br\\\/portal\\\/?p=61344\"},\"wordCount\":313,\"commentCount\":0,\"image\":{\"@id\":\"https:\\\/\\\/aconteceunovale.com.br\\\/portal\\\/?p=61344#primaryimage\"},\"thumbnailUrl\":\"https:\\\/\\\/aconteceunovale.com.br\\\/portal\\\/wp-content\\\/uploads\\\/2015\\\/06\\\/morta_almenara.jpg\",\"keywords\":[\"Almenara\",\"assassinada ap\u00f3s presenciar briga\",\"Diego Alberto Montanari da Rocha\",\"Jovem de Almenara \u00e9 assassinada ap\u00f3s presenciar briga\",\"Jovem de Almenara \u00e9 assassinada ap\u00f3s presenciar briga em Belo Horizonte\",\"Joyce Sousa Pereira\",\"morte de jovem de almenara\"],\"articleSection\":[\"Almenara\",\"Minas Gerais\"],\"inLanguage\":\"pt-BR\",\"potentialAction\":[{\"@type\":\"CommentAction\",\"name\":\"Comment\",\"target\":[\"https:\\\/\\\/aconteceunovale.com.br\\\/portal\\\/?p=61344#respond\"]}]},{\"@type\":\"WebPage\",\"@id\":\"https:\\\/\\\/aconteceunovale.com.br\\\/portal\\\/?p=61344\",\"url\":\"https:\\\/\\\/aconteceunovale.com.br\\\/portal\\\/?p=61344\",\"name\":\"Jovem de Almenara \u00e9 assassinada ap\u00f3s presenciar briga em Belo Horizonte - Aconteceu no Vale\",\"isPartOf\":{\"@id\":\"https:\\\/\\\/aconteceunovale.com.br\\\/portal\\\/#website\"},\"primaryImageOfPage\":{\"@id\":\"https:\\\/\\\/aconteceunovale.com.br\\\/portal\\\/?p=61344#primaryimage\"},\"image\":{\"@id\":\"https:\\\/\\\/aconteceunovale.com.br\\\/portal\\\/?p=61344#primaryimage\"},\"thumbnailUrl\":\"https:\\\/\\\/aconteceunovale.com.br\\\/portal\\\/wp-content\\\/uploads\\\/2015\\\/06\\\/morta_almenara.jpg\",\"datePublished\":\"2015-06-16T21:51:10+00:00\",\"dateModified\":\"2026-09-02T15:04:19+00:00\",\"author\":{\"@id\":\"https:\\\/\\\/aconteceunovale.com.br\\\/portal\\\/#\\\/schema\\\/person\\\/633529146f2c94272bef50ac2953d589\"},\"breadcrumb\":{\"@id\":\"https:\\\/\\\/aconteceunovale.com.br\\\/portal\\\/?p=61344#breadcrumb\"},\"inLanguage\":\"pt-BR\",\"potentialAction\":[{\"@type\":\"ReadAction\",\"target\":[\"https:\\\/\\\/aconteceunovale.com.br\\\/portal\\\/?p=61344\"]}]},{\"@type\":\"ImageObject\",\"inLanguage\":\"pt-BR\",\"@id\":\"https:\\\/\\\/aconteceunovale.com.br\\\/portal\\\/?p=61344#primaryimage\",\"url\":\"https:\\\/\\\/aconteceunovale.com.br\\\/portal\\\/wp-content\\\/uploads\\\/2015\\\/06\\\/morta_almenara.jpg\",\"contentUrl\":\"https:\\\/\\\/aconteceunovale.com.br\\\/portal\\\/wp-content\\\/uploads\\\/2015\\\/06\\\/morta_almenara.jpg\",\"width\":620,\"height\":413},{\"@type\":\"BreadcrumbList\",\"@id\":\"https:\\\/\\\/aconteceunovale.com.br\\\/portal\\\/?p=61344#breadcrumb\",\"itemListElement\":[{\"@type\":\"ListItem\",\"position\":1,\"name\":\"In\u00edcio\",\"item\":\"https:\\\/\\\/aconteceunovale.com.br\\\/portal\\\/\"},{\"@type\":\"ListItem\",\"position\":2,\"name\":\"Jovem de Almenara \u00e9 assassinada ap\u00f3s presenciar briga em Belo Horizonte\"}]},{\"@type\":\"WebSite\",\"@id\":\"https:\\\/\\\/aconteceunovale.com.br\\\/portal\\\/#website\",\"url\":\"https:\\\/\\\/aconteceunovale.com.br\\\/portal\\\/\",\"name\":\"Aconteceu no Vale\",\"description\":\"Portal de Not\u00edcias\",\"potentialAction\":[{\"@type\":\"SearchAction\",\"target\":{\"@type\":\"EntryPoint\",\"urlTemplate\":\"https:\\\/\\\/aconteceunovale.com.br\\\/portal\\\/?s={search_term_string}\"},\"query-input\":{\"@type\":\"PropertyValueSpecification\",\"valueRequired\":true,\"valueName\":\"search_term_string\"}}],\"inLanguage\":\"pt-BR\"},{\"@type\":\"Person\",\"@id\":\"https:\\\/\\\/aconteceunovale.com.br\\\/portal\\\/#\\\/schema\\\/person\\\/633529146f2c94272bef50ac2953d589\",\"name\":\"Aconteceu no Vale\",\"description\":\"Equipe de reportagem do Aconteceu no Vale, portal de not\u00edcias do Vale do Jequitinhonha, em Minas Gerais. Cobrimos as 51 cidades do Vale desde 2013. Sugest\u00f5es de pauta e pedidos de corre\u00e7\u00e3o: contato@aconteceunovale.com.br\",\"sameAs\":[\"http:\\\/\\\/www.aconteceunovale.com.br\"],\"url\":\"https:\\\/\\\/aconteceunovale.com.br\\\/portal\\\/?author=1\"}]}<\/script>\n<!-- \/ Yoast SEO plugin. -->","yoast_head_json":{"title":"Jovem de Almenara \u00e9 assassinada ap\u00f3s presenciar briga em Belo Horizonte - Aconteceu no Vale","robots":{"index":"index","follow":"follow","max-snippet":"max-snippet:-1","max-image-preview":"max-image-preview:large","max-video-preview":"max-video-preview:-1"},"canonical":"https:\/\/aconteceunovale.com.br\/portal\/?p=61344","og_locale":"pt_BR","og_type":"article","og_title":"Jovem de Almenara \u00e9 assassinada ap\u00f3s presenciar briga em Belo Horizonte - Aconteceu no Vale","og_description":"A equipe de policiais civis do Departamento de Investiga\u00e7\u00e3o de Homic\u00eddios e Prote\u00e7\u00e3o \u00e0 Pessoa (DHPP) concluiu pelo indiciamento de Diego Alberto Montanari da Rocha, (conhecido como Nego), de 23 anos, apontado como autor da morte da jovem Joyce Sousa Pereira, de 19 anos, natural de Almenara, no Vale do Jequitinhonha. O crime ocorreu no [&hellip;]","og_url":"https:\/\/aconteceunovale.com.br\/portal\/?p=61344","og_site_name":"Aconteceu no Vale","article_publisher":"https:\/\/www.facebook.com\/aconteceunovale\/","article_published_time":"2015-06-16T21:51:10+00:00","article_modified_time":"2026-09-02T15:04:19+00:00","og_image":[{"width":620,"height":413,"url":"https:\/\/aconteceunovale.com.br\/portal\/wp-content\/uploads\/2015\/06\/morta_almenara.jpg","type":"image\/jpeg"}],"author":"Aconteceu no Vale","twitter_card":"summary_large_image","twitter_creator":"@noticiadosvales","twitter_site":"@noticiadosvales","twitter_misc":{"Escrito por":"Aconteceu no Vale","Est. tempo de leitura":"2 minutos"},"schema":{"@context":"https:\/\/schema.org","@graph":[{"@type":"Article","@id":"https:\/\/aconteceunovale.com.br\/portal\/?p=61344#article","isPartOf":{"@id":"https:\/\/aconteceunovale.com.br\/portal\/?p=61344"},"author":{"name":"Aconteceu no Vale","@id":"https:\/\/aconteceunovale.com.br\/portal\/#\/schema\/person\/633529146f2c94272bef50ac2953d589"},"headline":"Jovem de Almenara \u00e9 assassinada ap\u00f3s presenciar briga em Belo Horizonte","datePublished":"2015-06-16T21:51:10+00:00","dateModified":"2026-09-02T15:04:19+00:00","mainEntityOfPage":{"@id":"https:\/\/aconteceunovale.com.br\/portal\/?p=61344"},"wordCount":313,"commentCount":0,"image":{"@id":"https:\/\/aconteceunovale.com.br\/portal\/?p=61344#primaryimage"},"thumbnailUrl":"https:\/\/aconteceunovale.com.br\/portal\/wp-content\/uploads\/2015\/06\/morta_almenara.jpg","keywords":["Almenara","assassinada ap\u00f3s presenciar briga","Diego Alberto Montanari da Rocha","Jovem de Almenara \u00e9 assassinada ap\u00f3s presenciar briga","Jovem de Almenara \u00e9 assassinada ap\u00f3s presenciar briga em Belo Horizonte","Joyce Sousa Pereira","morte de jovem de almenara"],"articleSection":["Almenara","Minas Gerais"],"inLanguage":"pt-BR","potentialAction":[{"@type":"CommentAction","name":"Comment","target":["https:\/\/aconteceunovale.com.br\/portal\/?p=61344#respond"]}]},{"@type":"WebPage","@id":"https:\/\/aconteceunovale.com.br\/portal\/?p=61344","url":"https:\/\/aconteceunovale.com.br\/portal\/?p=61344","name":"Jovem de Almenara \u00e9 assassinada ap\u00f3s presenciar briga em Belo Horizonte - Aconteceu no Vale","isPartOf":{"@id":"https:\/\/aconteceunovale.com.br\/portal\/#website"},"primaryImageOfPage":{"@id":"https:\/\/aconteceunovale.com.br\/portal\/?p=61344#primaryimage"},"image":{"@id":"https:\/\/aconteceunovale.com.br\/portal\/?p=61344#primaryimage"},"thumbnailUrl":"https:\/\/aconteceunovale.com.br\/portal\/wp-content\/uploads\/2015\/06\/morta_almenara.jpg","datePublished":"2015-06-16T21:51:10+00:00","dateModified":"2026-09-02T15:04:19+00:00","author":{"@id":"https:\/\/aconteceunovale.com.br\/portal\/#\/schema\/person\/633529146f2c94272bef50ac2953d589"},"breadcrumb":{"@id":"https:\/\/aconteceunovale.com.br\/portal\/?p=61344#breadcrumb"},"inLanguage":"pt-BR","potentialAction":[{"@type":"ReadAction","target":["https:\/\/aconteceunovale.com.br\/portal\/?p=61344"]}]},{"@type":"ImageObject","inLanguage":"pt-BR","@id":"https:\/\/aconteceunovale.com.br\/portal\/?p=61344#primaryimage","url":"https:\/\/aconteceunovale.com.br\/portal\/wp-content\/uploads\/2015\/06\/morta_almenara.jpg","contentUrl":"https:\/\/aconteceunovale.com.br\/portal\/wp-content\/uploads\/2015\/06\/morta_almenara.jpg","width":620,"height":413},{"@type":"BreadcrumbList","@id":"https:\/\/aconteceunovale.com.br\/portal\/?p=61344#breadcrumb","itemListElement":[{"@type":"ListItem","position":1,"name":"In\u00edcio","item":"https:\/\/aconteceunovale.com.br\/portal\/"},{"@type":"ListItem","position":2,"name":"Jovem de Almenara \u00e9 assassinada ap\u00f3s presenciar briga em Belo Horizonte"}]},{"@type":"WebSite","@id":"https:\/\/aconteceunovale.com.br\/portal\/#website","url":"https:\/\/aconteceunovale.com.br\/portal\/","name":"Aconteceu no Vale","description":"Portal de Not\u00edcias","potentialAction":[{"@type":"SearchAction","target":{"@type":"EntryPoint","urlTemplate":"https:\/\/aconteceunovale.com.br\/portal\/?s={search_term_string}"},"query-input":{"@type":"PropertyValueSpecification","valueRequired":true,"valueName":"search_term_string"}}],"inLanguage":"pt-BR"},{"@type":"Person","@id":"https:\/\/aconteceunovale.com.br\/portal\/#\/schema\/person\/633529146f2c94272bef50ac2953d589","name":"Aconteceu no Vale","description":"Equipe de reportagem do Aconteceu no Vale, portal de not\u00edcias do Vale do Jequitinhonha, em Minas Gerais. Cobrimos as 51 cidades do Vale desde 2013. Sugest\u00f5es de pauta e pedidos de corre\u00e7\u00e3o: contato@aconteceunovale.com.br","sameAs":["http:\/\/www.aconteceunovale.com.br"],"url":"https:\/\/aconteceunovale.com.br\/portal\/?author=1"}]}},"_links":{"self":[{"href":"https:\/\/aconteceunovale.com.br\/portal\/index.php?rest_route=\/wp\/v2\/posts\/61344","targetHints":{"allow":["GET"]}}],"collection":[{"href":"https:\/\/aconteceunovale.com.br\/portal\/index.php?rest_route=\/wp\/v2\/posts"}],"about":[{"href":"https:\/\/aconteceunovale.com.br\/portal\/index.php?rest_route=\/wp\/v2\/types\/post"}],"author":[{"embeddable":true,"href":"https:\/\/aconteceunovale.com.br\/portal\/index.php?rest_route=\/wp\/v2\/users\/1"}],"replies":[{"embeddable":true,"href":"https:\/\/aconteceunovale.com.br\/portal\/index.php?rest_route=%2Fwp%2Fv2%2Fcomments&post=61344"}],"version-history":[{"count":1,"href":"https:\/\/aconteceunovale.com.br\/portal\/index.php?rest_route=\/wp\/v2\/posts\/61344\/revisions"}],"predecessor-version":[{"id":199132,"href":"https:\/\/aconteceunovale.com.br\/portal\/index.php?rest_route=\/wp\/v2\/posts\/61344\/revisions\/199132"}],"wp:featuredmedia":[{"embeddable":true,"href":"https:\/\/aconteceunovale.com.br\/portal\/index.php?rest_route=\/wp\/v2\/media\/61345"}],"wp:attachment":[{"href":"https:\/\/aconteceunovale.com.br\/portal\/index.php?rest_route=%2Fwp%2Fv2%2Fmedia&parent=61344"}],"wp:term":[{"taxonomy":"category","embeddable":true,"href":"https:\/\/aconteceunovale.com.br\/portal\/index.php?rest_route=%2Fwp%2Fv2%2Fcategories&post=61344"},{"taxonomy":"post_tag","embeddable":true,"href":"https:\/\/aconteceunovale.com.br\/portal\/index.php?rest_route=%2Fwp%2Fv2%2Ftags&post=61344"}],"curies":[{"name":"wp","href":"https:\/\/api.w.org\/{rel}","templated":true}]}}