{"id":61341,"date":"2015-06-16T18:11:18","date_gmt":"2015-06-16T21:11:18","guid":{"rendered":"http:\/\/aconteceunovale.com.br\/portal\/?p=61341"},"modified":"2015-06-16T18:11:18","modified_gmt":"2015-06-16T21:11:18","slug":"fiscalizacao-embarga-areas-de-desmatamento-ilegal-no-vale-do-jequitinhonha","status":"publish","type":"post","link":"https:\/\/aconteceunovale.com.br\/portal\/?p=61341","title":{"rendered":"Fiscaliza\u00e7\u00e3o embarga \u00e1reas de desmatamento ilegal no Vale do Jequitinhonha"},"content":{"rendered":"<h4><strong><em>A opera\u00e7\u00e3o contou com a parceria das Pol\u00edcias Civil e Militar e ainda de um sat\u00e9lite para monitoramento das propriedades suspeitas.<\/em><\/strong><\/h4>\n<p>A Opera\u00e7\u00e3o Serra Negra, realizada pela Secretaria de Estado de Meio Ambiente e Desenvolvimento Sustent\u00e1vel (Semad), identificou aproximadamente 709 hectares desmatamento ilegal em \u00e1reas de Mata Atl\u00e2ntica nas cidades de Itamarandiba, Senador Modestino Gon\u00e7alves, Frei Lago Negro e Rio Vermelho, no Vale do Jequitinhonha. Os resultados da a\u00e7\u00e3o foram divulgados na tarde desta ter\u00e7a-feira(16\/6).<\/p>\n<p>Os infratores retiravam madeira, carv\u00e3o vegetal e abriam campos ilegais para agropecu\u00e1ria em \u00e1reas particulares de reserva de Mata Atl\u00e2ntica. Foram aprendidos 410 caminh\u00f5es de lenha, 68 metros de carv\u00e3o vegetal e dois tratores. Os propriet\u00e1rios foram multados em R$ 1,6 milh\u00e3o por desmatamento ilegal e tiveram as \u00e1reas embargadas, o que suspende qualquer tipo de atividade no terreno at\u00e9 que a mata seja reconstitu\u00edda.<\/p>\n<p>A opera\u00e7\u00e3o foi feita por fiscais da Semad, apoiados pelas Pol\u00edcias Civil e Militar, e tiveram ainda o aux\u00edlio de sat\u00e9lite para monitoramento das propriedades suspeitas. Para o diretor de Fiscaliza\u00e7\u00e3o dos Recursos Florestais e Biodiversidade da Semad, Bruno Zuffo Janducci, medidas como essa contribuem para a preserva\u00e7\u00e3o do meio ambiente. \u201cSegundo dados do SOS Mata Atl\u00e2ntica, Minas reduziu em 34% o desmatamento ilegal. N\u00f3s atuamos para coibir os principais infratores que utilizam \u00e1rvores para o com\u00e9rcio clandestino de carv\u00e3o vegetal. A fiscaliza\u00e7\u00e3o tamb\u00e9m est\u00e1 atenta a quem transporta e consome o produto\u201d, afirma. <\/p>\n<p>Essa foi a segunda grande a\u00e7\u00e3o contra o desmatamento na Mata Atl\u00e2ntica em 2015. Em mar\u00e7o, a Opera\u00e7\u00e3o Macaco Muriqui 3 embargou 550 hectares no Nordeste do Estado. A Diretoria de Estrat\u00e9gia para a Fiscaliza\u00e7\u00e3o descobriu 385 pontos de supress\u00e3o ilegal da mata apenas este ano. Sempre que as propriedades s\u00e3o identificadas, a Pol\u00edcia Militar do Meio Ambiente \u00e9 notificada para que os respons\u00e1veis sofram as san\u00e7\u00f5es previstas em lei. <\/p>\n<p><img decoding=\"async\" src=\"http:\/\/aconteceunovale.com.br\/portal\/wp-content\/uploads\/2015\/06\/fiscalizacao-embarga-areas-de-desmatamento-ilegal-de-mata-atlantica-no-vale-do-jequitinhonha.jpg\" alt=\"\" \/><em>Opera\u00e7\u00e3o Serra Negra identifica 709 hectares de \u00e1reas de desmatamento ilegal &#8211; Foto: Divulga\u00e7\u00e3o<\/em><\/p>\n","protected":false},"excerpt":{"rendered":"<p>A opera\u00e7\u00e3o contou com a parceria das Pol\u00edcias Civil e Militar e ainda de um sat\u00e9lite para monitoramento das propriedades suspeitas. A Opera\u00e7\u00e3o Serra Negra, realizada pela Secretaria de Estado de Meio Ambiente e Desenvolvimento Sustent\u00e1vel (Semad), identificou aproximadamente 709 hectares desmatamento ilegal em \u00e1reas de Mata Atl\u00e2ntica nas cidades de Itamarandiba, Senador Modestino Gon\u00e7alves, [&hellip;]<\/p>\n","protected":false},"author":1,"featured_media":61342,"comment_status":"open","ping_status":"closed","sticky":false,"template":"","format":"standard","meta":{"amp_status":"","footnotes":""},"categories":[120],"tags":[48501,48503,48500,48502,48511,48510,1018,48505,48507,48504,48506,48499,46652,149,46649,48508,445,439,48509],"class_list":["post-61341","post","type-post","status-publish","format-standard","has-post-thumbnail","hentry","category-jequi","tag-desmatamento-ilegal-da-mata-atlantica-em-frei-lago-negro","tag-desmatamento-ilegal-da-mata-atlantica-em-itamarandiba","tag-desmatamento-ilegal-da-mata-atlantica-em-rio-vermelho","tag-desmatamento-ilegal-da-mata-atlantica-em-senador-modestino-goncalves","tag-desmatamento-na-mata-atlantica","tag-desmatamento-na-mata-atlantica-em-2015","tag-destaque","tag-fiscalizacao-embarga-areas-de-desmatamento-ilegal-de-mata-atlantica-em-frei-lago-negro","tag-fiscalizacao-embarga-areas-de-desmatamento-ilegal-de-mata-atlantica-em-itamarandiba","tag-fiscalizacao-embarga-areas-de-desmatamento-ilegal-de-mata-atlantica-em-rio-vermelho","tag-fiscalizacao-embarga-areas-de-desmatamento-ilegal-de-mata-atlantica-em-senador-modestino-goncalves","tag-fiscalizacao-embarga-areas-de-desmatamento-ilegal-no-vale-do-jequitinhonha","tag-frei-lago-negro","tag-itamarandiba","tag-operacao-serra-negra","tag-operacao-serra-negra-identifica-709-hectares-de-areas-de-desmatamento-ilegal","tag-rio-vermelho","tag-senador-modestino-goncalves","tag-sos-mata-atlantica"],"yoast_head":"<!-- This site is optimized with the Yoast SEO plugin v28.3 - https:\/\/yoast.com\/product\/yoast-seo-wordpress\/ -->\n<title>Fiscaliza\u00e7\u00e3o embarga \u00e1reas de desmatamento ilegal no Vale do Jequitinhonha - Aconteceu no Vale<\/title>\n<meta name=\"robots\" content=\"index, follow, max-snippet:-1, max-image-preview:large, max-video-preview:-1\" \/>\n<link rel=\"canonical\" href=\"https:\/\/aconteceunovale.com.br\/portal\/?p=61341\" \/>\n<meta property=\"og:locale\" content=\"pt_BR\" \/>\n<meta property=\"og:type\" content=\"article\" \/>\n<meta property=\"og:title\" content=\"Fiscaliza\u00e7\u00e3o embarga \u00e1reas de desmatamento ilegal no Vale do Jequitinhonha - Aconteceu no Vale\" \/>\n<meta property=\"og:description\" content=\"A opera\u00e7\u00e3o contou com a parceria das Pol\u00edcias Civil e Militar e ainda de um sat\u00e9lite para monitoramento das propriedades suspeitas. A Opera\u00e7\u00e3o Serra Negra, realizada pela Secretaria de Estado de Meio Ambiente e Desenvolvimento Sustent\u00e1vel (Semad), identificou aproximadamente 709 hectares desmatamento ilegal em \u00e1reas de Mata Atl\u00e2ntica nas cidades de Itamarandiba, Senador Modestino Gon\u00e7alves, [&hellip;]\" \/>\n<meta property=\"og:url\" content=\"https:\/\/aconteceunovale.com.br\/portal\/?p=61341\" \/>\n<meta property=\"og:site_name\" content=\"Aconteceu no Vale\" \/>\n<meta property=\"article:publisher\" content=\"https:\/\/www.facebook.com\/aconteceunovale\/\" \/>\n<meta property=\"article:published_time\" content=\"2015-06-16T21:11:18+00:00\" \/>\n<meta property=\"og:image\" content=\"https:\/\/aconteceunovale.com.br\/portal\/wp-content\/uploads\/2015\/06\/fiscalizacao-embarga-areas-de-desmatamento-ilegal-de-mata-atlantica-no-vale-do-jequitinhonha.jpg\" \/>\n\t<meta property=\"og:image:width\" content=\"600\" \/>\n\t<meta property=\"og:image:height\" content=\"400\" \/>\n\t<meta property=\"og:image:type\" content=\"image\/jpeg\" \/>\n<meta name=\"author\" content=\"Aconteceu no Vale\" \/>\n<meta name=\"twitter:card\" content=\"summary_large_image\" \/>\n<meta name=\"twitter:creator\" content=\"@noticiadosvales\" \/>\n<meta name=\"twitter:site\" content=\"@noticiadosvales\" \/>\n<meta name=\"twitter:label1\" content=\"Escrito por\" \/>\n\t<meta name=\"twitter:data1\" content=\"Aconteceu no Vale\" \/>\n\t<meta name=\"twitter:label2\" content=\"Est. tempo de leitura\" \/>\n\t<meta name=\"twitter:data2\" content=\"2 minutos\" \/>\n<script type=\"application\/ld+json\" class=\"yoast-schema-graph\">{\"@context\":\"https:\\\/\\\/schema.org\",\"@graph\":[{\"@type\":\"Article\",\"@id\":\"https:\\\/\\\/aconteceunovale.com.br\\\/portal\\\/?p=61341#article\",\"isPartOf\":{\"@id\":\"https:\\\/\\\/aconteceunovale.com.br\\\/portal\\\/?p=61341\"},\"author\":{\"name\":\"Aconteceu no Vale\",\"@id\":\"https:\\\/\\\/aconteceunovale.com.br\\\/portal\\\/#\\\/schema\\\/person\\\/633529146f2c94272bef50ac2953d589\"},\"headline\":\"Fiscaliza\u00e7\u00e3o embarga \u00e1reas de desmatamento ilegal no Vale do Jequitinhonha\",\"datePublished\":\"2015-06-16T21:11:18+00:00\",\"mainEntityOfPage\":{\"@id\":\"https:\\\/\\\/aconteceunovale.com.br\\\/portal\\\/?p=61341\"},\"wordCount\":360,\"commentCount\":0,\"image\":{\"@id\":\"https:\\\/\\\/aconteceunovale.com.br\\\/portal\\\/?p=61341#primaryimage\"},\"thumbnailUrl\":\"https:\\\/\\\/aconteceunovale.com.br\\\/portal\\\/wp-content\\\/uploads\\\/2015\\\/06\\\/fiscalizacao-embarga-areas-de-desmatamento-ilegal-de-mata-atlantica-no-vale-do-jequitinhonha.jpg\",\"keywords\":[\"desmatamento ilegal da Mata Atl\u00e2ntica em Frei Lago Negro\",\"desmatamento ilegal da Mata Atl\u00e2ntica em Itamarandiba\",\"desmatamento ilegal da Mata Atl\u00e2ntica em Rio Vermelho\",\"desmatamento ilegal da Mata Atl\u00e2ntica em Senador Modestino Gon\u00e7alves\",\"desmatamento na Mata Atl\u00e2ntica\",\"desmatamento na Mata Atl\u00e2ntica em 2015\",\"destaque\",\"Fiscaliza\u00e7\u00e3o embarga \u00e1reas de desmatamento ilegal de Mata Atl\u00e2ntica em Frei Lago Negro\",\"Fiscaliza\u00e7\u00e3o embarga \u00e1reas de desmatamento ilegal de Mata Atl\u00e2ntica em Itamarandiba\",\"Fiscaliza\u00e7\u00e3o embarga \u00e1reas de desmatamento ilegal de Mata Atl\u00e2ntica em Rio Vermelho\",\"Fiscaliza\u00e7\u00e3o embarga \u00e1reas de desmatamento ilegal de Mata Atl\u00e2ntica em Senador Modestino Gon\u00e7alves\",\"Fiscaliza\u00e7\u00e3o embarga \u00e1reas de desmatamento ilegal no Vale do Jequitinhonha\",\"Frei Lago Negro\",\"Itamarandiba\",\"Opera\u00e7\u00e3o Serra Negra\",\"Opera\u00e7\u00e3o Serra Negra identifica 709 hectares de \u00e1reas de desmatamento ilegal\",\"Rio Vermelho\",\"senador modestino gon\u00e7alves\",\"SOS Mata Atl\u00e2ntica\"],\"articleSection\":[\"Vale do Jequitinhonha\"],\"inLanguage\":\"pt-BR\",\"potentialAction\":[{\"@type\":\"CommentAction\",\"name\":\"Comment\",\"target\":[\"https:\\\/\\\/aconteceunovale.com.br\\\/portal\\\/?p=61341#respond\"]}]},{\"@type\":\"WebPage\",\"@id\":\"https:\\\/\\\/aconteceunovale.com.br\\\/portal\\\/?p=61341\",\"url\":\"https:\\\/\\\/aconteceunovale.com.br\\\/portal\\\/?p=61341\",\"name\":\"Fiscaliza\u00e7\u00e3o embarga \u00e1reas de desmatamento ilegal no Vale do Jequitinhonha - Aconteceu no Vale\",\"isPartOf\":{\"@id\":\"https:\\\/\\\/aconteceunovale.com.br\\\/portal\\\/#website\"},\"primaryImageOfPage\":{\"@id\":\"https:\\\/\\\/aconteceunovale.com.br\\\/portal\\\/?p=61341#primaryimage\"},\"image\":{\"@id\":\"https:\\\/\\\/aconteceunovale.com.br\\\/portal\\\/?p=61341#primaryimage\"},\"thumbnailUrl\":\"https:\\\/\\\/aconteceunovale.com.br\\\/portal\\\/wp-content\\\/uploads\\\/2015\\\/06\\\/fiscalizacao-embarga-areas-de-desmatamento-ilegal-de-mata-atlantica-no-vale-do-jequitinhonha.jpg\",\"datePublished\":\"2015-06-16T21:11:18+00:00\",\"author\":{\"@id\":\"https:\\\/\\\/aconteceunovale.com.br\\\/portal\\\/#\\\/schema\\\/person\\\/633529146f2c94272bef50ac2953d589\"},\"breadcrumb\":{\"@id\":\"https:\\\/\\\/aconteceunovale.com.br\\\/portal\\\/?p=61341#breadcrumb\"},\"inLanguage\":\"pt-BR\",\"potentialAction\":[{\"@type\":\"ReadAction\",\"target\":[\"https:\\\/\\\/aconteceunovale.com.br\\\/portal\\\/?p=61341\"]}]},{\"@type\":\"ImageObject\",\"inLanguage\":\"pt-BR\",\"@id\":\"https:\\\/\\\/aconteceunovale.com.br\\\/portal\\\/?p=61341#primaryimage\",\"url\":\"https:\\\/\\\/aconteceunovale.com.br\\\/portal\\\/wp-content\\\/uploads\\\/2015\\\/06\\\/fiscalizacao-embarga-areas-de-desmatamento-ilegal-de-mata-atlantica-no-vale-do-jequitinhonha.jpg\",\"contentUrl\":\"https:\\\/\\\/aconteceunovale.com.br\\\/portal\\\/wp-content\\\/uploads\\\/2015\\\/06\\\/fiscalizacao-embarga-areas-de-desmatamento-ilegal-de-mata-atlantica-no-vale-do-jequitinhonha.jpg\",\"width\":600,\"height\":400},{\"@type\":\"BreadcrumbList\",\"@id\":\"https:\\\/\\\/aconteceunovale.com.br\\\/portal\\\/?p=61341#breadcrumb\",\"itemListElement\":[{\"@type\":\"ListItem\",\"position\":1,\"name\":\"In\u00edcio\",\"item\":\"https:\\\/\\\/aconteceunovale.com.br\\\/portal\\\/\"},{\"@type\":\"ListItem\",\"position\":2,\"name\":\"Fiscaliza\u00e7\u00e3o embarga \u00e1reas de desmatamento ilegal no Vale do Jequitinhonha\"}]},{\"@type\":\"WebSite\",\"@id\":\"https:\\\/\\\/aconteceunovale.com.br\\\/portal\\\/#website\",\"url\":\"https:\\\/\\\/aconteceunovale.com.br\\\/portal\\\/\",\"name\":\"Aconteceu no Vale\",\"description\":\"Portal de Not\u00edcias\",\"potentialAction\":[{\"@type\":\"SearchAction\",\"target\":{\"@type\":\"EntryPoint\",\"urlTemplate\":\"https:\\\/\\\/aconteceunovale.com.br\\\/portal\\\/?s={search_term_string}\"},\"query-input\":{\"@type\":\"PropertyValueSpecification\",\"valueRequired\":true,\"valueName\":\"search_term_string\"}}],\"inLanguage\":\"pt-BR\"},{\"@type\":\"Person\",\"@id\":\"https:\\\/\\\/aconteceunovale.com.br\\\/portal\\\/#\\\/schema\\\/person\\\/633529146f2c94272bef50ac2953d589\",\"name\":\"Aconteceu no Vale\",\"description\":\"Equipe de reportagem do Aconteceu no Vale, portal de not\u00edcias do Vale do Jequitinhonha, em Minas Gerais. Cobrimos as 51 cidades do Vale desde 2013. Sugest\u00f5es de pauta e pedidos de corre\u00e7\u00e3o: contato@aconteceunovale.com.br\",\"sameAs\":[\"http:\\\/\\\/www.aconteceunovale.com.br\"],\"url\":\"https:\\\/\\\/aconteceunovale.com.br\\\/portal\\\/?author=1\"}]}<\/script>\n<!-- \/ Yoast SEO plugin. -->","yoast_head_json":{"title":"Fiscaliza\u00e7\u00e3o embarga \u00e1reas de desmatamento ilegal no Vale do Jequitinhonha - Aconteceu no Vale","robots":{"index":"index","follow":"follow","max-snippet":"max-snippet:-1","max-image-preview":"max-image-preview:large","max-video-preview":"max-video-preview:-1"},"canonical":"https:\/\/aconteceunovale.com.br\/portal\/?p=61341","og_locale":"pt_BR","og_type":"article","og_title":"Fiscaliza\u00e7\u00e3o embarga \u00e1reas de desmatamento ilegal no Vale do Jequitinhonha - Aconteceu no Vale","og_description":"A opera\u00e7\u00e3o contou com a parceria das Pol\u00edcias Civil e Militar e ainda de um sat\u00e9lite para monitoramento das propriedades suspeitas. A Opera\u00e7\u00e3o Serra Negra, realizada pela Secretaria de Estado de Meio Ambiente e Desenvolvimento Sustent\u00e1vel (Semad), identificou aproximadamente 709 hectares desmatamento ilegal em \u00e1reas de Mata Atl\u00e2ntica nas cidades de Itamarandiba, Senador Modestino Gon\u00e7alves, [&hellip;]","og_url":"https:\/\/aconteceunovale.com.br\/portal\/?p=61341","og_site_name":"Aconteceu no Vale","article_publisher":"https:\/\/www.facebook.com\/aconteceunovale\/","article_published_time":"2015-06-16T21:11:18+00:00","og_image":[{"width":600,"height":400,"url":"https:\/\/aconteceunovale.com.br\/portal\/wp-content\/uploads\/2015\/06\/fiscalizacao-embarga-areas-de-desmatamento-ilegal-de-mata-atlantica-no-vale-do-jequitinhonha.jpg","type":"image\/jpeg"}],"author":"Aconteceu no Vale","twitter_card":"summary_large_image","twitter_creator":"@noticiadosvales","twitter_site":"@noticiadosvales","twitter_misc":{"Escrito por":"Aconteceu no Vale","Est. tempo de leitura":"2 minutos"},"schema":{"@context":"https:\/\/schema.org","@graph":[{"@type":"Article","@id":"https:\/\/aconteceunovale.com.br\/portal\/?p=61341#article","isPartOf":{"@id":"https:\/\/aconteceunovale.com.br\/portal\/?p=61341"},"author":{"name":"Aconteceu no Vale","@id":"https:\/\/aconteceunovale.com.br\/portal\/#\/schema\/person\/633529146f2c94272bef50ac2953d589"},"headline":"Fiscaliza\u00e7\u00e3o embarga \u00e1reas de desmatamento ilegal no Vale do Jequitinhonha","datePublished":"2015-06-16T21:11:18+00:00","mainEntityOfPage":{"@id":"https:\/\/aconteceunovale.com.br\/portal\/?p=61341"},"wordCount":360,"commentCount":0,"image":{"@id":"https:\/\/aconteceunovale.com.br\/portal\/?p=61341#primaryimage"},"thumbnailUrl":"https:\/\/aconteceunovale.com.br\/portal\/wp-content\/uploads\/2015\/06\/fiscalizacao-embarga-areas-de-desmatamento-ilegal-de-mata-atlantica-no-vale-do-jequitinhonha.jpg","keywords":["desmatamento ilegal da Mata Atl\u00e2ntica em Frei Lago Negro","desmatamento ilegal da Mata Atl\u00e2ntica em Itamarandiba","desmatamento ilegal da Mata Atl\u00e2ntica em Rio Vermelho","desmatamento ilegal da Mata Atl\u00e2ntica em Senador Modestino Gon\u00e7alves","desmatamento na Mata Atl\u00e2ntica","desmatamento na Mata Atl\u00e2ntica em 2015","destaque","Fiscaliza\u00e7\u00e3o embarga \u00e1reas de desmatamento ilegal de Mata Atl\u00e2ntica em Frei Lago Negro","Fiscaliza\u00e7\u00e3o embarga \u00e1reas de desmatamento ilegal de Mata Atl\u00e2ntica em Itamarandiba","Fiscaliza\u00e7\u00e3o embarga \u00e1reas de desmatamento ilegal de Mata Atl\u00e2ntica em Rio Vermelho","Fiscaliza\u00e7\u00e3o embarga \u00e1reas de desmatamento ilegal de Mata Atl\u00e2ntica em Senador Modestino Gon\u00e7alves","Fiscaliza\u00e7\u00e3o embarga \u00e1reas de desmatamento ilegal no Vale do Jequitinhonha","Frei Lago Negro","Itamarandiba","Opera\u00e7\u00e3o Serra Negra","Opera\u00e7\u00e3o Serra Negra identifica 709 hectares de \u00e1reas de desmatamento ilegal","Rio Vermelho","senador modestino gon\u00e7alves","SOS Mata Atl\u00e2ntica"],"articleSection":["Vale do Jequitinhonha"],"inLanguage":"pt-BR","potentialAction":[{"@type":"CommentAction","name":"Comment","target":["https:\/\/aconteceunovale.com.br\/portal\/?p=61341#respond"]}]},{"@type":"WebPage","@id":"https:\/\/aconteceunovale.com.br\/portal\/?p=61341","url":"https:\/\/aconteceunovale.com.br\/portal\/?p=61341","name":"Fiscaliza\u00e7\u00e3o embarga \u00e1reas de desmatamento ilegal no Vale do Jequitinhonha - Aconteceu no Vale","isPartOf":{"@id":"https:\/\/aconteceunovale.com.br\/portal\/#website"},"primaryImageOfPage":{"@id":"https:\/\/aconteceunovale.com.br\/portal\/?p=61341#primaryimage"},"image":{"@id":"https:\/\/aconteceunovale.com.br\/portal\/?p=61341#primaryimage"},"thumbnailUrl":"https:\/\/aconteceunovale.com.br\/portal\/wp-content\/uploads\/2015\/06\/fiscalizacao-embarga-areas-de-desmatamento-ilegal-de-mata-atlantica-no-vale-do-jequitinhonha.jpg","datePublished":"2015-06-16T21:11:18+00:00","author":{"@id":"https:\/\/aconteceunovale.com.br\/portal\/#\/schema\/person\/633529146f2c94272bef50ac2953d589"},"breadcrumb":{"@id":"https:\/\/aconteceunovale.com.br\/portal\/?p=61341#breadcrumb"},"inLanguage":"pt-BR","potentialAction":[{"@type":"ReadAction","target":["https:\/\/aconteceunovale.com.br\/portal\/?p=61341"]}]},{"@type":"ImageObject","inLanguage":"pt-BR","@id":"https:\/\/aconteceunovale.com.br\/portal\/?p=61341#primaryimage","url":"https:\/\/aconteceunovale.com.br\/portal\/wp-content\/uploads\/2015\/06\/fiscalizacao-embarga-areas-de-desmatamento-ilegal-de-mata-atlantica-no-vale-do-jequitinhonha.jpg","contentUrl":"https:\/\/aconteceunovale.com.br\/portal\/wp-content\/uploads\/2015\/06\/fiscalizacao-embarga-areas-de-desmatamento-ilegal-de-mata-atlantica-no-vale-do-jequitinhonha.jpg","width":600,"height":400},{"@type":"BreadcrumbList","@id":"https:\/\/aconteceunovale.com.br\/portal\/?p=61341#breadcrumb","itemListElement":[{"@type":"ListItem","position":1,"name":"In\u00edcio","item":"https:\/\/aconteceunovale.com.br\/portal\/"},{"@type":"ListItem","position":2,"name":"Fiscaliza\u00e7\u00e3o embarga \u00e1reas de desmatamento ilegal no Vale do Jequitinhonha"}]},{"@type":"WebSite","@id":"https:\/\/aconteceunovale.com.br\/portal\/#website","url":"https:\/\/aconteceunovale.com.br\/portal\/","name":"Aconteceu no Vale","description":"Portal de Not\u00edcias","potentialAction":[{"@type":"SearchAction","target":{"@type":"EntryPoint","urlTemplate":"https:\/\/aconteceunovale.com.br\/portal\/?s={search_term_string}"},"query-input":{"@type":"PropertyValueSpecification","valueRequired":true,"valueName":"search_term_string"}}],"inLanguage":"pt-BR"},{"@type":"Person","@id":"https:\/\/aconteceunovale.com.br\/portal\/#\/schema\/person\/633529146f2c94272bef50ac2953d589","name":"Aconteceu no Vale","description":"Equipe de reportagem do Aconteceu no Vale, portal de not\u00edcias do Vale do Jequitinhonha, em Minas Gerais. Cobrimos as 51 cidades do Vale desde 2013. Sugest\u00f5es de pauta e pedidos de corre\u00e7\u00e3o: contato@aconteceunovale.com.br","sameAs":["http:\/\/www.aconteceunovale.com.br"],"url":"https:\/\/aconteceunovale.com.br\/portal\/?author=1"}]}},"_links":{"self":[{"href":"https:\/\/aconteceunovale.com.br\/portal\/index.php?rest_route=\/wp\/v2\/posts\/61341","targetHints":{"allow":["GET"]}}],"collection":[{"href":"https:\/\/aconteceunovale.com.br\/portal\/index.php?rest_route=\/wp\/v2\/posts"}],"about":[{"href":"https:\/\/aconteceunovale.com.br\/portal\/index.php?rest_route=\/wp\/v2\/types\/post"}],"author":[{"embeddable":true,"href":"https:\/\/aconteceunovale.com.br\/portal\/index.php?rest_route=\/wp\/v2\/users\/1"}],"replies":[{"embeddable":true,"href":"https:\/\/aconteceunovale.com.br\/portal\/index.php?rest_route=%2Fwp%2Fv2%2Fcomments&post=61341"}],"version-history":[{"count":0,"href":"https:\/\/aconteceunovale.com.br\/portal\/index.php?rest_route=\/wp\/v2\/posts\/61341\/revisions"}],"wp:featuredmedia":[{"embeddable":true,"href":"https:\/\/aconteceunovale.com.br\/portal\/index.php?rest_route=\/wp\/v2\/media\/61342"}],"wp:attachment":[{"href":"https:\/\/aconteceunovale.com.br\/portal\/index.php?rest_route=%2Fwp%2Fv2%2Fmedia&parent=61341"}],"wp:term":[{"taxonomy":"category","embeddable":true,"href":"https:\/\/aconteceunovale.com.br\/portal\/index.php?rest_route=%2Fwp%2Fv2%2Fcategories&post=61341"},{"taxonomy":"post_tag","embeddable":true,"href":"https:\/\/aconteceunovale.com.br\/portal\/index.php?rest_route=%2Fwp%2Fv2%2Ftags&post=61341"}],"curies":[{"name":"wp","href":"https:\/\/api.w.org\/{rel}","templated":true}]}}