{"id":61329,"date":"2015-06-16T16:57:56","date_gmt":"2015-06-16T19:57:56","guid":{"rendered":"http:\/\/aconteceunovale.com.br\/portal\/?p=61329"},"modified":"2015-06-16T16:57:56","modified_gmt":"2015-06-16T19:57:56","slug":"presidios-brasileiros-sao-verdadeiras-escolas-do-crime-diz-ministro","status":"publish","type":"post","link":"https:\/\/aconteceunovale.com.br\/portal\/?p=61329","title":{"rendered":"Pres\u00eddios brasileiros s\u00e3o verdadeiras escolas do crime, diz ministro"},"content":{"rendered":"<p>O ministro da Justi\u00e7a, Jos\u00e9 Eduardo Cardozo, disse hoje (16) que a redu\u00e7\u00e3o da maioridade penal de 18 para 16 anos colocaria os jovens em unidades prisionais com criminosos experientes e que comandam a\u00e7\u00f5es fora dos pres\u00eddios. Segundo o ministro, com isso os jovens poderiam facilmente ser cooptados por organiza\u00e7\u00f5es criminosas. &#8220;Nossos pres\u00eddios s\u00e3o verdadeiras escolas do crime.&#8221;<\/p>\n<p>&#8220;Nessas unidades atuam organiza\u00e7\u00f5es criminosas que comandam a viol\u00eancia fora das pris\u00f5es. Sabemos que o comando de boa parte da viol\u00eancia, dos crimes, das drogas e situa\u00e7\u00f5es que aterrorizam o cidad\u00e3o vem de dentro do pres\u00eddio. O que vamos fazer? Colocar crian\u00e7as e adolescentes dento dos pres\u00eddios para serem capturados por essas organiza\u00e7\u00f5es criminosas?\u201d.<\/p>\n<p>Ao participar de audi\u00eancia p\u00fablica na Comiss\u00e3o de Direitos Humanos da C\u00e2mara dos Deputados, o ministro reafirmou a posi\u00e7\u00e3o do governo contr\u00e1ria \u00e0 redu\u00e7\u00e3o da maioridade penal. Para Cardozo, a discuss\u00e3o sobre o tema ganhou uma dimens\u00e3o plebiscit\u00e1ria, de sim ou n\u00e3o.<\/p>\n<p>Jos\u00e9 Eduardo Cardozo tamb\u00e9m respondeu a deputados sobre os reflexos que a redu\u00e7\u00e3o da maioridade penal teria em outras determina\u00e7\u00f5es legais envolvendo crian\u00e7as e adolescentes, entre elas a idade para dirigir e a limita\u00e7\u00e3o de venda de bebidas alco\u00f3licas para jovens.<\/p>\n<p>\u201cNa nossa avalia\u00e7\u00e3o, no C\u00f3digo Nacional de Tr\u00e2nsito a redu\u00e7\u00e3o pode ser autom\u00e1tica. Jovens de 16 anos poder\u00e3o dirigir, porque o artigo 140 do c\u00f3digo diz que, para dirigir, \u00e9 preciso ser penalmente imput\u00e1vel. Tamb\u00e9m atingir\u00e1 a quest\u00e3o da venda de bebidas alco\u00f3licas\u201d, observou o ministro. (Ag\u00eancia Brasil)<\/p>\n","protected":false},"excerpt":{"rendered":"<p>O ministro da Justi\u00e7a, Jos\u00e9 Eduardo Cardozo, disse hoje (16) que a redu\u00e7\u00e3o da maioridade penal de 18 para 16 anos colocaria os jovens em unidades prisionais com criminosos experientes e que comandam a\u00e7\u00f5es fora dos pres\u00eddios. Segundo o ministro, com isso os jovens poderiam facilmente ser cooptados por organiza\u00e7\u00f5es criminosas. &#8220;Nossos pres\u00eddios s\u00e3o verdadeiras [&hellip;]<\/p>\n","protected":false},"author":1,"featured_media":54576,"comment_status":"open","ping_status":"closed","sticky":false,"template":"","format":"standard","meta":{"amp_status":"","footnotes":""},"categories":[6],"tags":[21888,48473,31986,48469,26164,40020,48472,35209,48471,48470,48468,48467,48474],"class_list":["post-61329","post","type-post","status-publish","format-standard","has-post-thumbnail","hentry","category-br","tag-camara","tag-crime","tag-escolas","tag-escolas-do-crime","tag-jose-eduardo-cardozo","tag-maioridade-penal","tag-ministro","tag-ministro-da-justica","tag-nossos-presidios-sao-verdadeiras-escolas-do-crime","tag-presidios-brasileiros-sao-escolas-do-crime","tag-presidios-brasileiros-sao-verdadeiras-escolas-do-crime","tag-presidios-brasileiros-sao-verdadeiras-escolas-do-crime-diz-ministro","tag-sistema-penal"],"yoast_head":"<!-- This site is optimized with the Yoast SEO plugin v28.3 - https:\/\/yoast.com\/product\/yoast-seo-wordpress\/ -->\n<title>Pres\u00eddios brasileiros s\u00e3o verdadeiras escolas do crime, diz ministro - Aconteceu no Vale<\/title>\n<meta name=\"robots\" content=\"index, follow, max-snippet:-1, max-image-preview:large, max-video-preview:-1\" \/>\n<link rel=\"canonical\" href=\"https:\/\/aconteceunovale.com.br\/portal\/?p=61329\" \/>\n<meta property=\"og:locale\" content=\"pt_BR\" \/>\n<meta property=\"og:type\" content=\"article\" \/>\n<meta property=\"og:title\" content=\"Pres\u00eddios brasileiros s\u00e3o verdadeiras escolas do crime, diz ministro - Aconteceu no Vale\" \/>\n<meta property=\"og:description\" content=\"O ministro da Justi\u00e7a, Jos\u00e9 Eduardo Cardozo, disse hoje (16) que a redu\u00e7\u00e3o da maioridade penal de 18 para 16 anos colocaria os jovens em unidades prisionais com criminosos experientes e que comandam a\u00e7\u00f5es fora dos pres\u00eddios. Segundo o ministro, com isso os jovens poderiam facilmente ser cooptados por organiza\u00e7\u00f5es criminosas. &#8220;Nossos pres\u00eddios s\u00e3o verdadeiras [&hellip;]\" \/>\n<meta property=\"og:url\" content=\"https:\/\/aconteceunovale.com.br\/portal\/?p=61329\" \/>\n<meta property=\"og:site_name\" content=\"Aconteceu no Vale\" \/>\n<meta property=\"article:publisher\" content=\"https:\/\/www.facebook.com\/aconteceunovale\/\" \/>\n<meta property=\"article:published_time\" content=\"2015-06-16T19:57:56+00:00\" \/>\n<meta property=\"og:image\" content=\"https:\/\/aconteceunovale.com.br\/portal\/wp-content\/uploads\/2015\/03\/cardozo_mj.jpg\" \/>\n\t<meta property=\"og:image:width\" content=\"629\" \/>\n\t<meta property=\"og:image:height\" content=\"450\" \/>\n\t<meta property=\"og:image:type\" content=\"image\/jpeg\" \/>\n<meta name=\"author\" content=\"Aconteceu no Vale\" \/>\n<meta name=\"twitter:card\" content=\"summary_large_image\" \/>\n<meta name=\"twitter:creator\" content=\"@noticiadosvales\" \/>\n<meta name=\"twitter:site\" content=\"@noticiadosvales\" \/>\n<meta name=\"twitter:label1\" content=\"Escrito por\" \/>\n\t<meta name=\"twitter:data1\" content=\"Aconteceu no Vale\" \/>\n\t<meta name=\"twitter:label2\" content=\"Est. tempo de leitura\" \/>\n\t<meta name=\"twitter:data2\" content=\"1 minuto\" \/>\n<script type=\"application\/ld+json\" class=\"yoast-schema-graph\">{\"@context\":\"https:\\\/\\\/schema.org\",\"@graph\":[{\"@type\":\"Article\",\"@id\":\"https:\\\/\\\/aconteceunovale.com.br\\\/portal\\\/?p=61329#article\",\"isPartOf\":{\"@id\":\"https:\\\/\\\/aconteceunovale.com.br\\\/portal\\\/?p=61329\"},\"author\":{\"name\":\"Aconteceu no Vale\",\"@id\":\"https:\\\/\\\/aconteceunovale.com.br\\\/portal\\\/#\\\/schema\\\/person\\\/633529146f2c94272bef50ac2953d589\"},\"headline\":\"Pres\u00eddios brasileiros s\u00e3o verdadeiras escolas do crime, diz ministro\",\"datePublished\":\"2015-06-16T19:57:56+00:00\",\"mainEntityOfPage\":{\"@id\":\"https:\\\/\\\/aconteceunovale.com.br\\\/portal\\\/?p=61329\"},\"wordCount\":293,\"commentCount\":0,\"image\":{\"@id\":\"https:\\\/\\\/aconteceunovale.com.br\\\/portal\\\/?p=61329#primaryimage\"},\"thumbnailUrl\":\"https:\\\/\\\/aconteceunovale.com.br\\\/portal\\\/wp-content\\\/uploads\\\/2015\\\/03\\\/cardozo_mj.jpg\",\"keywords\":[\"C\u00e2mara\",\"crime\",\"escolas\",\"escolas do crime\",\"Jos\u00e9 Eduardo Cardozo\",\"maioridade penal\",\"Ministro\",\"ministro da Justi\u00e7a\",\"Nossos pres\u00eddios s\u00e3o verdadeiras escolas do crime\",\"Pres\u00eddios brasileiros s\u00e3o escolas do crime\",\"Pres\u00eddios brasileiros s\u00e3o verdadeiras escolas do crime\",\"Pres\u00eddios brasileiros s\u00e3o verdadeiras escolas do crime diz ministro\",\"Sistema penal\"],\"articleSection\":[\"Brasil\"],\"inLanguage\":\"pt-BR\",\"potentialAction\":[{\"@type\":\"CommentAction\",\"name\":\"Comment\",\"target\":[\"https:\\\/\\\/aconteceunovale.com.br\\\/portal\\\/?p=61329#respond\"]}]},{\"@type\":\"WebPage\",\"@id\":\"https:\\\/\\\/aconteceunovale.com.br\\\/portal\\\/?p=61329\",\"url\":\"https:\\\/\\\/aconteceunovale.com.br\\\/portal\\\/?p=61329\",\"name\":\"Pres\u00eddios brasileiros s\u00e3o verdadeiras escolas do crime, diz ministro - Aconteceu no Vale\",\"isPartOf\":{\"@id\":\"https:\\\/\\\/aconteceunovale.com.br\\\/portal\\\/#website\"},\"primaryImageOfPage\":{\"@id\":\"https:\\\/\\\/aconteceunovale.com.br\\\/portal\\\/?p=61329#primaryimage\"},\"image\":{\"@id\":\"https:\\\/\\\/aconteceunovale.com.br\\\/portal\\\/?p=61329#primaryimage\"},\"thumbnailUrl\":\"https:\\\/\\\/aconteceunovale.com.br\\\/portal\\\/wp-content\\\/uploads\\\/2015\\\/03\\\/cardozo_mj.jpg\",\"datePublished\":\"2015-06-16T19:57:56+00:00\",\"author\":{\"@id\":\"https:\\\/\\\/aconteceunovale.com.br\\\/portal\\\/#\\\/schema\\\/person\\\/633529146f2c94272bef50ac2953d589\"},\"breadcrumb\":{\"@id\":\"https:\\\/\\\/aconteceunovale.com.br\\\/portal\\\/?p=61329#breadcrumb\"},\"inLanguage\":\"pt-BR\",\"potentialAction\":[{\"@type\":\"ReadAction\",\"target\":[\"https:\\\/\\\/aconteceunovale.com.br\\\/portal\\\/?p=61329\"]}]},{\"@type\":\"ImageObject\",\"inLanguage\":\"pt-BR\",\"@id\":\"https:\\\/\\\/aconteceunovale.com.br\\\/portal\\\/?p=61329#primaryimage\",\"url\":\"https:\\\/\\\/aconteceunovale.com.br\\\/portal\\\/wp-content\\\/uploads\\\/2015\\\/03\\\/cardozo_mj.jpg\",\"contentUrl\":\"https:\\\/\\\/aconteceunovale.com.br\\\/portal\\\/wp-content\\\/uploads\\\/2015\\\/03\\\/cardozo_mj.jpg\",\"width\":629,\"height\":450},{\"@type\":\"BreadcrumbList\",\"@id\":\"https:\\\/\\\/aconteceunovale.com.br\\\/portal\\\/?p=61329#breadcrumb\",\"itemListElement\":[{\"@type\":\"ListItem\",\"position\":1,\"name\":\"In\u00edcio\",\"item\":\"https:\\\/\\\/aconteceunovale.com.br\\\/portal\\\/\"},{\"@type\":\"ListItem\",\"position\":2,\"name\":\"Pres\u00eddios brasileiros s\u00e3o verdadeiras escolas do crime, diz ministro\"}]},{\"@type\":\"WebSite\",\"@id\":\"https:\\\/\\\/aconteceunovale.com.br\\\/portal\\\/#website\",\"url\":\"https:\\\/\\\/aconteceunovale.com.br\\\/portal\\\/\",\"name\":\"Aconteceu no Vale\",\"description\":\"Portal de Not\u00edcias\",\"potentialAction\":[{\"@type\":\"SearchAction\",\"target\":{\"@type\":\"EntryPoint\",\"urlTemplate\":\"https:\\\/\\\/aconteceunovale.com.br\\\/portal\\\/?s={search_term_string}\"},\"query-input\":{\"@type\":\"PropertyValueSpecification\",\"valueRequired\":true,\"valueName\":\"search_term_string\"}}],\"inLanguage\":\"pt-BR\"},{\"@type\":\"Person\",\"@id\":\"https:\\\/\\\/aconteceunovale.com.br\\\/portal\\\/#\\\/schema\\\/person\\\/633529146f2c94272bef50ac2953d589\",\"name\":\"Aconteceu no Vale\",\"description\":\"Equipe de reportagem do Aconteceu no Vale, portal de not\u00edcias do Vale do Jequitinhonha, em Minas Gerais. Cobrimos as 51 cidades do Vale desde 2013. Sugest\u00f5es de pauta e pedidos de corre\u00e7\u00e3o: contato@aconteceunovale.com.br\",\"sameAs\":[\"http:\\\/\\\/www.aconteceunovale.com.br\"],\"url\":\"https:\\\/\\\/aconteceunovale.com.br\\\/portal\\\/?author=1\"}]}<\/script>\n<!-- \/ Yoast SEO plugin. -->","yoast_head_json":{"title":"Pres\u00eddios brasileiros s\u00e3o verdadeiras escolas do crime, diz ministro - Aconteceu no Vale","robots":{"index":"index","follow":"follow","max-snippet":"max-snippet:-1","max-image-preview":"max-image-preview:large","max-video-preview":"max-video-preview:-1"},"canonical":"https:\/\/aconteceunovale.com.br\/portal\/?p=61329","og_locale":"pt_BR","og_type":"article","og_title":"Pres\u00eddios brasileiros s\u00e3o verdadeiras escolas do crime, diz ministro - Aconteceu no Vale","og_description":"O ministro da Justi\u00e7a, Jos\u00e9 Eduardo Cardozo, disse hoje (16) que a redu\u00e7\u00e3o da maioridade penal de 18 para 16 anos colocaria os jovens em unidades prisionais com criminosos experientes e que comandam a\u00e7\u00f5es fora dos pres\u00eddios. Segundo o ministro, com isso os jovens poderiam facilmente ser cooptados por organiza\u00e7\u00f5es criminosas. &#8220;Nossos pres\u00eddios s\u00e3o verdadeiras [&hellip;]","og_url":"https:\/\/aconteceunovale.com.br\/portal\/?p=61329","og_site_name":"Aconteceu no Vale","article_publisher":"https:\/\/www.facebook.com\/aconteceunovale\/","article_published_time":"2015-06-16T19:57:56+00:00","og_image":[{"width":629,"height":450,"url":"https:\/\/aconteceunovale.com.br\/portal\/wp-content\/uploads\/2015\/03\/cardozo_mj.jpg","type":"image\/jpeg"}],"author":"Aconteceu no Vale","twitter_card":"summary_large_image","twitter_creator":"@noticiadosvales","twitter_site":"@noticiadosvales","twitter_misc":{"Escrito por":"Aconteceu no Vale","Est. tempo de leitura":"1 minuto"},"schema":{"@context":"https:\/\/schema.org","@graph":[{"@type":"Article","@id":"https:\/\/aconteceunovale.com.br\/portal\/?p=61329#article","isPartOf":{"@id":"https:\/\/aconteceunovale.com.br\/portal\/?p=61329"},"author":{"name":"Aconteceu no Vale","@id":"https:\/\/aconteceunovale.com.br\/portal\/#\/schema\/person\/633529146f2c94272bef50ac2953d589"},"headline":"Pres\u00eddios brasileiros s\u00e3o verdadeiras escolas do crime, diz ministro","datePublished":"2015-06-16T19:57:56+00:00","mainEntityOfPage":{"@id":"https:\/\/aconteceunovale.com.br\/portal\/?p=61329"},"wordCount":293,"commentCount":0,"image":{"@id":"https:\/\/aconteceunovale.com.br\/portal\/?p=61329#primaryimage"},"thumbnailUrl":"https:\/\/aconteceunovale.com.br\/portal\/wp-content\/uploads\/2015\/03\/cardozo_mj.jpg","keywords":["C\u00e2mara","crime","escolas","escolas do crime","Jos\u00e9 Eduardo Cardozo","maioridade penal","Ministro","ministro da Justi\u00e7a","Nossos pres\u00eddios s\u00e3o verdadeiras escolas do crime","Pres\u00eddios brasileiros s\u00e3o escolas do crime","Pres\u00eddios brasileiros s\u00e3o verdadeiras escolas do crime","Pres\u00eddios brasileiros s\u00e3o verdadeiras escolas do crime diz ministro","Sistema penal"],"articleSection":["Brasil"],"inLanguage":"pt-BR","potentialAction":[{"@type":"CommentAction","name":"Comment","target":["https:\/\/aconteceunovale.com.br\/portal\/?p=61329#respond"]}]},{"@type":"WebPage","@id":"https:\/\/aconteceunovale.com.br\/portal\/?p=61329","url":"https:\/\/aconteceunovale.com.br\/portal\/?p=61329","name":"Pres\u00eddios brasileiros s\u00e3o verdadeiras escolas do crime, diz ministro - Aconteceu no Vale","isPartOf":{"@id":"https:\/\/aconteceunovale.com.br\/portal\/#website"},"primaryImageOfPage":{"@id":"https:\/\/aconteceunovale.com.br\/portal\/?p=61329#primaryimage"},"image":{"@id":"https:\/\/aconteceunovale.com.br\/portal\/?p=61329#primaryimage"},"thumbnailUrl":"https:\/\/aconteceunovale.com.br\/portal\/wp-content\/uploads\/2015\/03\/cardozo_mj.jpg","datePublished":"2015-06-16T19:57:56+00:00","author":{"@id":"https:\/\/aconteceunovale.com.br\/portal\/#\/schema\/person\/633529146f2c94272bef50ac2953d589"},"breadcrumb":{"@id":"https:\/\/aconteceunovale.com.br\/portal\/?p=61329#breadcrumb"},"inLanguage":"pt-BR","potentialAction":[{"@type":"ReadAction","target":["https:\/\/aconteceunovale.com.br\/portal\/?p=61329"]}]},{"@type":"ImageObject","inLanguage":"pt-BR","@id":"https:\/\/aconteceunovale.com.br\/portal\/?p=61329#primaryimage","url":"https:\/\/aconteceunovale.com.br\/portal\/wp-content\/uploads\/2015\/03\/cardozo_mj.jpg","contentUrl":"https:\/\/aconteceunovale.com.br\/portal\/wp-content\/uploads\/2015\/03\/cardozo_mj.jpg","width":629,"height":450},{"@type":"BreadcrumbList","@id":"https:\/\/aconteceunovale.com.br\/portal\/?p=61329#breadcrumb","itemListElement":[{"@type":"ListItem","position":1,"name":"In\u00edcio","item":"https:\/\/aconteceunovale.com.br\/portal\/"},{"@type":"ListItem","position":2,"name":"Pres\u00eddios brasileiros s\u00e3o verdadeiras escolas do crime, diz ministro"}]},{"@type":"WebSite","@id":"https:\/\/aconteceunovale.com.br\/portal\/#website","url":"https:\/\/aconteceunovale.com.br\/portal\/","name":"Aconteceu no Vale","description":"Portal de Not\u00edcias","potentialAction":[{"@type":"SearchAction","target":{"@type":"EntryPoint","urlTemplate":"https:\/\/aconteceunovale.com.br\/portal\/?s={search_term_string}"},"query-input":{"@type":"PropertyValueSpecification","valueRequired":true,"valueName":"search_term_string"}}],"inLanguage":"pt-BR"},{"@type":"Person","@id":"https:\/\/aconteceunovale.com.br\/portal\/#\/schema\/person\/633529146f2c94272bef50ac2953d589","name":"Aconteceu no Vale","description":"Equipe de reportagem do Aconteceu no Vale, portal de not\u00edcias do Vale do Jequitinhonha, em Minas Gerais. Cobrimos as 51 cidades do Vale desde 2013. Sugest\u00f5es de pauta e pedidos de corre\u00e7\u00e3o: contato@aconteceunovale.com.br","sameAs":["http:\/\/www.aconteceunovale.com.br"],"url":"https:\/\/aconteceunovale.com.br\/portal\/?author=1"}]}},"_links":{"self":[{"href":"https:\/\/aconteceunovale.com.br\/portal\/index.php?rest_route=\/wp\/v2\/posts\/61329","targetHints":{"allow":["GET"]}}],"collection":[{"href":"https:\/\/aconteceunovale.com.br\/portal\/index.php?rest_route=\/wp\/v2\/posts"}],"about":[{"href":"https:\/\/aconteceunovale.com.br\/portal\/index.php?rest_route=\/wp\/v2\/types\/post"}],"author":[{"embeddable":true,"href":"https:\/\/aconteceunovale.com.br\/portal\/index.php?rest_route=\/wp\/v2\/users\/1"}],"replies":[{"embeddable":true,"href":"https:\/\/aconteceunovale.com.br\/portal\/index.php?rest_route=%2Fwp%2Fv2%2Fcomments&post=61329"}],"version-history":[{"count":0,"href":"https:\/\/aconteceunovale.com.br\/portal\/index.php?rest_route=\/wp\/v2\/posts\/61329\/revisions"}],"wp:featuredmedia":[{"embeddable":true,"href":"https:\/\/aconteceunovale.com.br\/portal\/index.php?rest_route=\/wp\/v2\/media\/54576"}],"wp:attachment":[{"href":"https:\/\/aconteceunovale.com.br\/portal\/index.php?rest_route=%2Fwp%2Fv2%2Fmedia&parent=61329"}],"wp:term":[{"taxonomy":"category","embeddable":true,"href":"https:\/\/aconteceunovale.com.br\/portal\/index.php?rest_route=%2Fwp%2Fv2%2Fcategories&post=61329"},{"taxonomy":"post_tag","embeddable":true,"href":"https:\/\/aconteceunovale.com.br\/portal\/index.php?rest_route=%2Fwp%2Fv2%2Ftags&post=61329"}],"curies":[{"name":"wp","href":"https:\/\/api.w.org\/{rel}","templated":true}]}}