{"id":61327,"date":"2015-06-16T16:43:20","date_gmt":"2015-06-16T19:43:20","guid":{"rendered":"http:\/\/aconteceunovale.com.br\/portal\/?p=61327"},"modified":"2015-06-16T16:43:20","modified_gmt":"2015-06-16T19:43:20","slug":"crime-brutal-contra-a-vida-de-jornalista-no-vale-do-jequitinhonha-continua-sem-solucao","status":"publish","type":"post","link":"https:\/\/aconteceunovale.com.br\/portal\/?p=61327","title":{"rendered":"Crime brutal contra a vida de jornalista no Vale do Jequitinhonha continua sem solu\u00e7\u00e3o"},"content":{"rendered":"<p>A dois dias de completar um m\u00eas da data de descoberta do corpo do jornalista Evany Jos\u00e9 Metzker, de 67 anos, decapitado em Padre Para\u00edso, no Vale do Jequitinhonha, ainda n\u00e3o h\u00e1 presos ou motiva\u00e7\u00e3o para o crime. O Departamento de Investiga\u00e7\u00f5es de Homic\u00eddios e Prote\u00e7\u00e3o \u00e0 Pessoa (DHPP) de Belo Horizonte investiga a execu\u00e7\u00e3o, mas n\u00e3o divulga dados sobre o caso alegando que corre em segredo de Justi\u00e7a.<\/p>\n<p>\u201cEm se tratando de um caso considerado priorit\u00e1rio pelo governo, j\u00e1 poder\u00edamos ter recebido alguma informa\u00e7\u00e3o oficial\u201d, reclama o presidente do Sindicato dos Jornalistas Profissionais de Minas Gerais (SJPMG), Kerison Lopes. Como n\u00e3o conseguiu agendar uma audi\u00eancia p\u00fablica da Comiss\u00e3o de Direitos Humanos da Assembleia Legislativa em Medina, cidade onde Metzker morava, o sindicalista tenta marcar agora uma visita t\u00e9cnica.<\/p>\n<p>\u201cEstamos acompanhando as investiga\u00e7\u00f5es, aguardando por novidades e gostar\u00edamos de ouvir a popula\u00e7\u00e3o daquela regi\u00e3o\u201d, afirma. A mulher do jornalista, a professora Ilma Chaves Silva, de 51 anos, tamb\u00e9m cobra resultados. \u201cSei que n\u00e3o \u00e9 r\u00e1pido, que uma equipe de Belo Horizonte ajuda nas investiga\u00e7\u00f5es, mas um m\u00eas j\u00e1 se passou. Oro a Deus todos os dias para ajudar a pol\u00edcia a encontrar quem fez isso com ele, e colocar atr\u00e1s das grades, seja quem for\u201d, diz.<\/p>\n<p>O jornalista desapareceu na noite de 13 de maio e o corpo foi encontrado no dia 18 do mesmo m\u00eas. A data prov\u00e1vel da morte \u00e9 14 de maio.<\/p>\n<p>A assessoria da Pol\u00edcia Civil em Belo Horizonte informou que as investiga\u00e7\u00f5es prosseguem, mas n\u00e3o poder\u00e1 revelar se o prazo para a conclus\u00e3o do inqu\u00e9rito, que vence com 30 dias, ser\u00e1 prorrogado ou n\u00e3o e nem mesmo se h\u00e1 suspeitos ou presos.<\/p>\n<p><strong>O crime<\/strong><\/p>\n<p>O corpo do jornalista foi encontrado em uma regi\u00e3o de dif\u00edcil acesso e com grandes eros\u00f5es, na comunidade rural Pioneiras. As m\u00e3os estavam amarradas, ele estava sem cal\u00e7as e com uma camiseta do blog de autoria dele, \u201cCoruja do Vale\u201d.<\/p>\n<p>Ao lado estavam v\u00e1rios documentos de Metzker, como a identidade, cart\u00f5es de cr\u00e9dito, folhas de cheque e uma carteira funcional do jornal impresso Atua\u00e7\u00e3o, que se tornou o virtual Coruja do Vale.<\/p>\n<p><img decoding=\"async\" src=\"http:\/\/aconteceunovale.com.br\/portal\/wp-content\/uploads\/2015\/05\/local_jornalista1.jpg\" alt=\"\" \/><em>Local onde o corpo do jornalista foi encontrado &#8211; Foto: Lente do Vale<\/em><br \/>\n<\/br><\/p>\n<p><em>(Fonte: Jornal Hoje em Dia \/ O Tempo)<\/em><\/p>\n","protected":false},"excerpt":{"rendered":"<p>A dois dias de completar um m\u00eas da data de descoberta do corpo do jornalista Evany Jos\u00e9 Metzker, de 67 anos, decapitado em Padre Para\u00edso, no Vale do Jequitinhonha, ainda n\u00e3o h\u00e1 presos ou motiva\u00e7\u00e3o para o crime. O Departamento de Investiga\u00e7\u00f5es de Homic\u00eddios e Prote\u00e7\u00e3o \u00e0 Pessoa (DHPP) de Belo Horizonte investiga a execu\u00e7\u00e3o, [&hellip;]<\/p>\n","protected":false},"author":1,"featured_media":59996,"comment_status":"open","ping_status":"closed","sticky":false,"template":"","format":"standard","meta":{"amp_status":"","footnotes":""},"categories":[120],"tags":[45510,48466,45331,48465,45505,27032,389,572],"class_list":["post-61327","post","type-post","status-publish","format-standard","has-post-thumbnail","hentry","category-jequi","tag-coruja-do-vale","tag-crime-brutal-contra-a-vida-de-jornalista-no-vale-do-jequitinhonha-continua-sem-solucao","tag-evany-jose-metzker","tag-ilma-chaves-silva","tag-jornalista-evany-jose-metzker","tag-kerison-lopes","tag-medina","tag-padre-paraiso"],"yoast_head":"<!-- This site is optimized with the Yoast SEO plugin v28.3 - https:\/\/yoast.com\/product\/yoast-seo-wordpress\/ -->\n<title>Crime brutal contra a vida de jornalista no Vale do Jequitinhonha continua sem solu\u00e7\u00e3o - Aconteceu no Vale<\/title>\n<meta name=\"robots\" content=\"index, follow, max-snippet:-1, max-image-preview:large, max-video-preview:-1\" \/>\n<link rel=\"canonical\" href=\"https:\/\/aconteceunovale.com.br\/portal\/?p=61327\" \/>\n<meta property=\"og:locale\" content=\"pt_BR\" \/>\n<meta property=\"og:type\" content=\"article\" \/>\n<meta property=\"og:title\" content=\"Crime brutal contra a vida de jornalista no Vale do Jequitinhonha continua sem solu\u00e7\u00e3o - Aconteceu no Vale\" \/>\n<meta property=\"og:description\" content=\"A dois dias de completar um m\u00eas da data de descoberta do corpo do jornalista Evany Jos\u00e9 Metzker, de 67 anos, decapitado em Padre Para\u00edso, no Vale do Jequitinhonha, ainda n\u00e3o h\u00e1 presos ou motiva\u00e7\u00e3o para o crime. O Departamento de Investiga\u00e7\u00f5es de Homic\u00eddios e Prote\u00e7\u00e3o \u00e0 Pessoa (DHPP) de Belo Horizonte investiga a execu\u00e7\u00e3o, [&hellip;]\" \/>\n<meta property=\"og:url\" content=\"https:\/\/aconteceunovale.com.br\/portal\/?p=61327\" \/>\n<meta property=\"og:site_name\" content=\"Aconteceu no Vale\" \/>\n<meta property=\"article:publisher\" content=\"https:\/\/www.facebook.com\/aconteceunovale\/\" \/>\n<meta property=\"article:published_time\" content=\"2015-06-16T19:43:20+00:00\" \/>\n<meta property=\"og:image\" content=\"https:\/\/aconteceunovale.com.br\/portal\/wp-content\/uploads\/2015\/05\/local_jornalista1.jpg\" \/>\n\t<meta property=\"og:image:width\" content=\"678\" \/>\n\t<meta property=\"og:image:height\" content=\"419\" \/>\n\t<meta property=\"og:image:type\" content=\"image\/jpeg\" \/>\n<meta name=\"author\" content=\"Aconteceu no Vale\" \/>\n<meta name=\"twitter:card\" content=\"summary_large_image\" \/>\n<meta name=\"twitter:creator\" content=\"@noticiadosvales\" \/>\n<meta name=\"twitter:site\" content=\"@noticiadosvales\" \/>\n<meta name=\"twitter:label1\" content=\"Escrito por\" \/>\n\t<meta name=\"twitter:data1\" content=\"Aconteceu no Vale\" \/>\n\t<meta name=\"twitter:label2\" content=\"Est. tempo de leitura\" \/>\n\t<meta name=\"twitter:data2\" content=\"2 minutos\" \/>\n<script type=\"application\/ld+json\" class=\"yoast-schema-graph\">{\"@context\":\"https:\\\/\\\/schema.org\",\"@graph\":[{\"@type\":\"Article\",\"@id\":\"https:\\\/\\\/aconteceunovale.com.br\\\/portal\\\/?p=61327#article\",\"isPartOf\":{\"@id\":\"https:\\\/\\\/aconteceunovale.com.br\\\/portal\\\/?p=61327\"},\"author\":{\"name\":\"Aconteceu no Vale\",\"@id\":\"https:\\\/\\\/aconteceunovale.com.br\\\/portal\\\/#\\\/schema\\\/person\\\/633529146f2c94272bef50ac2953d589\"},\"headline\":\"Crime brutal contra a vida de jornalista no Vale do Jequitinhonha continua sem solu\u00e7\u00e3o\",\"datePublished\":\"2015-06-16T19:43:20+00:00\",\"mainEntityOfPage\":{\"@id\":\"https:\\\/\\\/aconteceunovale.com.br\\\/portal\\\/?p=61327\"},\"wordCount\":423,\"commentCount\":0,\"image\":{\"@id\":\"https:\\\/\\\/aconteceunovale.com.br\\\/portal\\\/?p=61327#primaryimage\"},\"thumbnailUrl\":\"https:\\\/\\\/aconteceunovale.com.br\\\/portal\\\/wp-content\\\/uploads\\\/2015\\\/05\\\/local_jornalista1.jpg\",\"keywords\":[\"Coruja do Vale\",\"Crime brutal contra a vida de jornalista no Vale do Jequitinhonha continua sem solu\u00e7\u00e3o\",\"Evany Jos\u00e9 Metzker\",\"Ilma Chaves Silva\",\"Jornalista Evany Jos\u00e9 Metzker\",\"Kerison Lopes\",\"Medina\",\"Padre Para\u00edso\"],\"articleSection\":[\"Vale do Jequitinhonha\"],\"inLanguage\":\"pt-BR\",\"potentialAction\":[{\"@type\":\"CommentAction\",\"name\":\"Comment\",\"target\":[\"https:\\\/\\\/aconteceunovale.com.br\\\/portal\\\/?p=61327#respond\"]}]},{\"@type\":\"WebPage\",\"@id\":\"https:\\\/\\\/aconteceunovale.com.br\\\/portal\\\/?p=61327\",\"url\":\"https:\\\/\\\/aconteceunovale.com.br\\\/portal\\\/?p=61327\",\"name\":\"Crime brutal contra a vida de jornalista no Vale do Jequitinhonha continua sem solu\u00e7\u00e3o - Aconteceu no Vale\",\"isPartOf\":{\"@id\":\"https:\\\/\\\/aconteceunovale.com.br\\\/portal\\\/#website\"},\"primaryImageOfPage\":{\"@id\":\"https:\\\/\\\/aconteceunovale.com.br\\\/portal\\\/?p=61327#primaryimage\"},\"image\":{\"@id\":\"https:\\\/\\\/aconteceunovale.com.br\\\/portal\\\/?p=61327#primaryimage\"},\"thumbnailUrl\":\"https:\\\/\\\/aconteceunovale.com.br\\\/portal\\\/wp-content\\\/uploads\\\/2015\\\/05\\\/local_jornalista1.jpg\",\"datePublished\":\"2015-06-16T19:43:20+00:00\",\"author\":{\"@id\":\"https:\\\/\\\/aconteceunovale.com.br\\\/portal\\\/#\\\/schema\\\/person\\\/633529146f2c94272bef50ac2953d589\"},\"breadcrumb\":{\"@id\":\"https:\\\/\\\/aconteceunovale.com.br\\\/portal\\\/?p=61327#breadcrumb\"},\"inLanguage\":\"pt-BR\",\"potentialAction\":[{\"@type\":\"ReadAction\",\"target\":[\"https:\\\/\\\/aconteceunovale.com.br\\\/portal\\\/?p=61327\"]}]},{\"@type\":\"ImageObject\",\"inLanguage\":\"pt-BR\",\"@id\":\"https:\\\/\\\/aconteceunovale.com.br\\\/portal\\\/?p=61327#primaryimage\",\"url\":\"https:\\\/\\\/aconteceunovale.com.br\\\/portal\\\/wp-content\\\/uploads\\\/2015\\\/05\\\/local_jornalista1.jpg\",\"contentUrl\":\"https:\\\/\\\/aconteceunovale.com.br\\\/portal\\\/wp-content\\\/uploads\\\/2015\\\/05\\\/local_jornalista1.jpg\",\"width\":678,\"height\":419},{\"@type\":\"BreadcrumbList\",\"@id\":\"https:\\\/\\\/aconteceunovale.com.br\\\/portal\\\/?p=61327#breadcrumb\",\"itemListElement\":[{\"@type\":\"ListItem\",\"position\":1,\"name\":\"In\u00edcio\",\"item\":\"https:\\\/\\\/aconteceunovale.com.br\\\/portal\\\/\"},{\"@type\":\"ListItem\",\"position\":2,\"name\":\"Crime brutal contra a vida de jornalista no Vale do Jequitinhonha continua sem solu\u00e7\u00e3o\"}]},{\"@type\":\"WebSite\",\"@id\":\"https:\\\/\\\/aconteceunovale.com.br\\\/portal\\\/#website\",\"url\":\"https:\\\/\\\/aconteceunovale.com.br\\\/portal\\\/\",\"name\":\"Aconteceu no Vale\",\"description\":\"Portal de Not\u00edcias\",\"potentialAction\":[{\"@type\":\"SearchAction\",\"target\":{\"@type\":\"EntryPoint\",\"urlTemplate\":\"https:\\\/\\\/aconteceunovale.com.br\\\/portal\\\/?s={search_term_string}\"},\"query-input\":{\"@type\":\"PropertyValueSpecification\",\"valueRequired\":true,\"valueName\":\"search_term_string\"}}],\"inLanguage\":\"pt-BR\"},{\"@type\":\"Person\",\"@id\":\"https:\\\/\\\/aconteceunovale.com.br\\\/portal\\\/#\\\/schema\\\/person\\\/633529146f2c94272bef50ac2953d589\",\"name\":\"Aconteceu no Vale\",\"description\":\"Equipe de reportagem do Aconteceu no Vale, portal de not\u00edcias do Vale do Jequitinhonha, em Minas Gerais. Cobrimos as 51 cidades do Vale desde 2013. Sugest\u00f5es de pauta e pedidos de corre\u00e7\u00e3o: contato@aconteceunovale.com.br\",\"sameAs\":[\"http:\\\/\\\/www.aconteceunovale.com.br\"],\"url\":\"https:\\\/\\\/aconteceunovale.com.br\\\/portal\\\/?author=1\"}]}<\/script>\n<!-- \/ Yoast SEO plugin. -->","yoast_head_json":{"title":"Crime brutal contra a vida de jornalista no Vale do Jequitinhonha continua sem solu\u00e7\u00e3o - Aconteceu no Vale","robots":{"index":"index","follow":"follow","max-snippet":"max-snippet:-1","max-image-preview":"max-image-preview:large","max-video-preview":"max-video-preview:-1"},"canonical":"https:\/\/aconteceunovale.com.br\/portal\/?p=61327","og_locale":"pt_BR","og_type":"article","og_title":"Crime brutal contra a vida de jornalista no Vale do Jequitinhonha continua sem solu\u00e7\u00e3o - Aconteceu no Vale","og_description":"A dois dias de completar um m\u00eas da data de descoberta do corpo do jornalista Evany Jos\u00e9 Metzker, de 67 anos, decapitado em Padre Para\u00edso, no Vale do Jequitinhonha, ainda n\u00e3o h\u00e1 presos ou motiva\u00e7\u00e3o para o crime. O Departamento de Investiga\u00e7\u00f5es de Homic\u00eddios e Prote\u00e7\u00e3o \u00e0 Pessoa (DHPP) de Belo Horizonte investiga a execu\u00e7\u00e3o, [&hellip;]","og_url":"https:\/\/aconteceunovale.com.br\/portal\/?p=61327","og_site_name":"Aconteceu no Vale","article_publisher":"https:\/\/www.facebook.com\/aconteceunovale\/","article_published_time":"2015-06-16T19:43:20+00:00","og_image":[{"width":678,"height":419,"url":"https:\/\/aconteceunovale.com.br\/portal\/wp-content\/uploads\/2015\/05\/local_jornalista1.jpg","type":"image\/jpeg"}],"author":"Aconteceu no Vale","twitter_card":"summary_large_image","twitter_creator":"@noticiadosvales","twitter_site":"@noticiadosvales","twitter_misc":{"Escrito por":"Aconteceu no Vale","Est. tempo de leitura":"2 minutos"},"schema":{"@context":"https:\/\/schema.org","@graph":[{"@type":"Article","@id":"https:\/\/aconteceunovale.com.br\/portal\/?p=61327#article","isPartOf":{"@id":"https:\/\/aconteceunovale.com.br\/portal\/?p=61327"},"author":{"name":"Aconteceu no Vale","@id":"https:\/\/aconteceunovale.com.br\/portal\/#\/schema\/person\/633529146f2c94272bef50ac2953d589"},"headline":"Crime brutal contra a vida de jornalista no Vale do Jequitinhonha continua sem solu\u00e7\u00e3o","datePublished":"2015-06-16T19:43:20+00:00","mainEntityOfPage":{"@id":"https:\/\/aconteceunovale.com.br\/portal\/?p=61327"},"wordCount":423,"commentCount":0,"image":{"@id":"https:\/\/aconteceunovale.com.br\/portal\/?p=61327#primaryimage"},"thumbnailUrl":"https:\/\/aconteceunovale.com.br\/portal\/wp-content\/uploads\/2015\/05\/local_jornalista1.jpg","keywords":["Coruja do Vale","Crime brutal contra a vida de jornalista no Vale do Jequitinhonha continua sem solu\u00e7\u00e3o","Evany Jos\u00e9 Metzker","Ilma Chaves Silva","Jornalista Evany Jos\u00e9 Metzker","Kerison Lopes","Medina","Padre Para\u00edso"],"articleSection":["Vale do Jequitinhonha"],"inLanguage":"pt-BR","potentialAction":[{"@type":"CommentAction","name":"Comment","target":["https:\/\/aconteceunovale.com.br\/portal\/?p=61327#respond"]}]},{"@type":"WebPage","@id":"https:\/\/aconteceunovale.com.br\/portal\/?p=61327","url":"https:\/\/aconteceunovale.com.br\/portal\/?p=61327","name":"Crime brutal contra a vida de jornalista no Vale do Jequitinhonha continua sem solu\u00e7\u00e3o - Aconteceu no Vale","isPartOf":{"@id":"https:\/\/aconteceunovale.com.br\/portal\/#website"},"primaryImageOfPage":{"@id":"https:\/\/aconteceunovale.com.br\/portal\/?p=61327#primaryimage"},"image":{"@id":"https:\/\/aconteceunovale.com.br\/portal\/?p=61327#primaryimage"},"thumbnailUrl":"https:\/\/aconteceunovale.com.br\/portal\/wp-content\/uploads\/2015\/05\/local_jornalista1.jpg","datePublished":"2015-06-16T19:43:20+00:00","author":{"@id":"https:\/\/aconteceunovale.com.br\/portal\/#\/schema\/person\/633529146f2c94272bef50ac2953d589"},"breadcrumb":{"@id":"https:\/\/aconteceunovale.com.br\/portal\/?p=61327#breadcrumb"},"inLanguage":"pt-BR","potentialAction":[{"@type":"ReadAction","target":["https:\/\/aconteceunovale.com.br\/portal\/?p=61327"]}]},{"@type":"ImageObject","inLanguage":"pt-BR","@id":"https:\/\/aconteceunovale.com.br\/portal\/?p=61327#primaryimage","url":"https:\/\/aconteceunovale.com.br\/portal\/wp-content\/uploads\/2015\/05\/local_jornalista1.jpg","contentUrl":"https:\/\/aconteceunovale.com.br\/portal\/wp-content\/uploads\/2015\/05\/local_jornalista1.jpg","width":678,"height":419},{"@type":"BreadcrumbList","@id":"https:\/\/aconteceunovale.com.br\/portal\/?p=61327#breadcrumb","itemListElement":[{"@type":"ListItem","position":1,"name":"In\u00edcio","item":"https:\/\/aconteceunovale.com.br\/portal\/"},{"@type":"ListItem","position":2,"name":"Crime brutal contra a vida de jornalista no Vale do Jequitinhonha continua sem solu\u00e7\u00e3o"}]},{"@type":"WebSite","@id":"https:\/\/aconteceunovale.com.br\/portal\/#website","url":"https:\/\/aconteceunovale.com.br\/portal\/","name":"Aconteceu no Vale","description":"Portal de Not\u00edcias","potentialAction":[{"@type":"SearchAction","target":{"@type":"EntryPoint","urlTemplate":"https:\/\/aconteceunovale.com.br\/portal\/?s={search_term_string}"},"query-input":{"@type":"PropertyValueSpecification","valueRequired":true,"valueName":"search_term_string"}}],"inLanguage":"pt-BR"},{"@type":"Person","@id":"https:\/\/aconteceunovale.com.br\/portal\/#\/schema\/person\/633529146f2c94272bef50ac2953d589","name":"Aconteceu no Vale","description":"Equipe de reportagem do Aconteceu no Vale, portal de not\u00edcias do Vale do Jequitinhonha, em Minas Gerais. Cobrimos as 51 cidades do Vale desde 2013. Sugest\u00f5es de pauta e pedidos de corre\u00e7\u00e3o: contato@aconteceunovale.com.br","sameAs":["http:\/\/www.aconteceunovale.com.br"],"url":"https:\/\/aconteceunovale.com.br\/portal\/?author=1"}]}},"_links":{"self":[{"href":"https:\/\/aconteceunovale.com.br\/portal\/index.php?rest_route=\/wp\/v2\/posts\/61327","targetHints":{"allow":["GET"]}}],"collection":[{"href":"https:\/\/aconteceunovale.com.br\/portal\/index.php?rest_route=\/wp\/v2\/posts"}],"about":[{"href":"https:\/\/aconteceunovale.com.br\/portal\/index.php?rest_route=\/wp\/v2\/types\/post"}],"author":[{"embeddable":true,"href":"https:\/\/aconteceunovale.com.br\/portal\/index.php?rest_route=\/wp\/v2\/users\/1"}],"replies":[{"embeddable":true,"href":"https:\/\/aconteceunovale.com.br\/portal\/index.php?rest_route=%2Fwp%2Fv2%2Fcomments&post=61327"}],"version-history":[{"count":0,"href":"https:\/\/aconteceunovale.com.br\/portal\/index.php?rest_route=\/wp\/v2\/posts\/61327\/revisions"}],"wp:featuredmedia":[{"embeddable":true,"href":"https:\/\/aconteceunovale.com.br\/portal\/index.php?rest_route=\/wp\/v2\/media\/59996"}],"wp:attachment":[{"href":"https:\/\/aconteceunovale.com.br\/portal\/index.php?rest_route=%2Fwp%2Fv2%2Fmedia&parent=61327"}],"wp:term":[{"taxonomy":"category","embeddable":true,"href":"https:\/\/aconteceunovale.com.br\/portal\/index.php?rest_route=%2Fwp%2Fv2%2Fcategories&post=61327"},{"taxonomy":"post_tag","embeddable":true,"href":"https:\/\/aconteceunovale.com.br\/portal\/index.php?rest_route=%2Fwp%2Fv2%2Ftags&post=61327"}],"curies":[{"name":"wp","href":"https:\/\/api.w.org\/{rel}","templated":true}]}}