{"id":61324,"date":"2015-06-16T16:36:13","date_gmt":"2015-06-16T19:36:13","guid":{"rendered":"http:\/\/aconteceunovale.com.br\/portal\/?p=61324"},"modified":"2015-06-16T16:36:13","modified_gmt":"2015-06-16T19:36:13","slug":"acusado-de-matar-jornalista-vai-a-juri-popular-nesta-sexta-feira-em-ipatinga","status":"publish","type":"post","link":"https:\/\/aconteceunovale.com.br\/portal\/?p=61324","title":{"rendered":"Acusado de matar jornalista vai a j\u00fari popular nesta sexta-feira em Ipatinga"},"content":{"rendered":"<p>O Tribunal de Justi\u00e7a de Minas Gerais (TJMG) realiza na pr\u00f3xima sexta-feira (19), o julgamento de Alessandro Neves Augusto, o \u201cPitote\u201d, acusado de matar o jornalista Rodrigo Neto, como queima arquivo, em mar\u00e7o e abril de 2013, em Ipatinga, no Vale do A\u00e7o. <\/p>\n<p>O j\u00fari popular ser\u00e1 realizado no F\u00f3rum Val\u00e9ria Vieira Alves, no pr\u00f3prio munic\u00edpio, a partir das 9 horas. O caso dever\u00e1 ter um esquema especial de seguran\u00e7a.<\/p>\n<p>\u201cPitote\u201d \u00e9 acusado de ser o autor dos disparos contra Rodrigo Neto e o fot\u00f3grafo Walgney Carvalho. O r\u00e9u est\u00e1 detido na Penitenci\u00e1ria Nelson Hungria, em Contagem, na Regi\u00e3o Metropolitana de Belo Horizonte.<\/p>\n<p>Em 28 de mar\u00e7o de 2014, o policial civil L\u00facio L\u00edrio Leal foi condenado a 12 anos de pris\u00e3o em regime fechado pela participa\u00e7\u00e3o no assassinato do jornalista Rodrigo Neto. <\/p>\n<p>Um outro inqu\u00e9rito investiga os mandantes dos crimes, a motiva\u00e7\u00e3o e quem pilotava a motocicleta que levava Pitote.<\/p>\n<p><strong>Execu\u00e7\u00e3o<\/strong><\/p>\n<p>O jornalista Rodrigo Neto foi executado a tiros quando estava em um bar do bairro Cana\u00e3, em Ipatinga, no Vale do A\u00e7o, em mar\u00e7o de 2013. O rep\u00f3rter era especializado na cobertura de not\u00edcias policiais e durante sua carreira denunciou diversos crimes, inclusive envolvendo policiais militares e civis como autores.<\/p>\n<p>Segundo a Pol\u00edcia Militar, ele sa\u00eda de um churrasquinho na avenida Selim Jos\u00e9 de Sales, quando dois homens chegaram em uma motocicleta escura e atiraram em sua dire\u00e7\u00e3o. A v\u00edtima chegou a ser socorrida com vida, mas morreu a caminho do Hospital M\u00e1rcio Cunha. <\/p>\n<p>Um outro homem, que estava com o Rodrigo Neto quando ele foi alvejado, tamb\u00e9m foi atingido mas conseguiu escapar. O itiner\u00e1rio de fuga teria sido tra\u00e7ado pelo investigador, que passou pelo local, minutos antes, viu o jornalista e o companheiro e avisou o comparsa de sua presen\u00e7a e posi\u00e7\u00e3o. A motiva\u00e7\u00e3o do crime, ainda de acordo com o MP, foram den\u00fancias feitas por Rodrigo em emissora de r\u00e1dio, contra crimes que ficaram impunes no Vale do A\u00e7o.<\/p>\n<p><img decoding=\"async\" src=\"http:\/\/aconteceunovale.com.br\/portal\/wp-content\/uploads\/2015\/06\/pitote.jpg\" alt=\"\" \/><em>Pitote \u00e9  acusado de ser o autor dos disparos contra Rodrigo Neto (foto: Di\u00e1rio do A\u00e7o)<\/em><br \/>\n<\/br><\/p>\n<p><strong><em>(Fonte: Hoje em Dia)<\/em><\/strong><\/p>\n","protected":false},"excerpt":{"rendered":"<p>O Tribunal de Justi\u00e7a de Minas Gerais (TJMG) realiza na pr\u00f3xima sexta-feira (19), o julgamento de Alessandro Neves Augusto, o \u201cPitote\u201d, acusado de matar o jornalista Rodrigo Neto, como queima arquivo, em mar\u00e7o e abril de 2013, em Ipatinga, no Vale do A\u00e7o. O j\u00fari popular ser\u00e1 realizado no F\u00f3rum Val\u00e9ria Vieira Alves, no pr\u00f3prio [&hellip;]<\/p>\n","protected":false},"author":1,"featured_media":61325,"comment_status":"open","ping_status":"closed","sticky":false,"template":"","format":"standard","meta":{"amp_status":"","footnotes":""},"categories":[121],"tags":[48462,48464,38902,5919,38903,201,8040,7366,5920,14300,14297,48463,38904],"class_list":["post-61324","post","type-post","status-publish","format-standard","has-post-thumbnail","hentry","category-leste","tag-acusado-de-matar-jornalista-em-ipatinga-vai-a-juri-popular-nesta-sexta-feira","tag-acusado-de-matar-jornalista-vai-a-juri-popular-nesta-sexta-feira-em-ipatinga","tag-acusado-de-matar-o-jornalista-rodrigo-neto","tag-alessandro-neves-augusto","tag-fotografo-walgney-carvalho","tag-ipatinga","tag-jornalista-rodrigo-neto","tag-lucio-lirio-leal","tag-pitote","tag-policial-civil-lucio-lirio-leal","tag-rodrigo-neto","tag-valeria-vieira-alves","tag-walgney-carvalho"],"yoast_head":"<!-- This site is optimized with the Yoast SEO plugin v28.3 - https:\/\/yoast.com\/product\/yoast-seo-wordpress\/ -->\n<title>Acusado de matar jornalista vai a j\u00fari popular nesta sexta-feira em Ipatinga - Aconteceu no Vale<\/title>\n<meta name=\"robots\" content=\"index, follow, max-snippet:-1, max-image-preview:large, max-video-preview:-1\" \/>\n<link rel=\"canonical\" href=\"https:\/\/aconteceunovale.com.br\/portal\/?p=61324\" \/>\n<meta property=\"og:locale\" content=\"pt_BR\" \/>\n<meta property=\"og:type\" content=\"article\" \/>\n<meta property=\"og:title\" content=\"Acusado de matar jornalista vai a j\u00fari popular nesta sexta-feira em Ipatinga - Aconteceu no Vale\" \/>\n<meta property=\"og:description\" content=\"O Tribunal de Justi\u00e7a de Minas Gerais (TJMG) realiza na pr\u00f3xima sexta-feira (19), o julgamento de Alessandro Neves Augusto, o \u201cPitote\u201d, acusado de matar o jornalista Rodrigo Neto, como queima arquivo, em mar\u00e7o e abril de 2013, em Ipatinga, no Vale do A\u00e7o. O j\u00fari popular ser\u00e1 realizado no F\u00f3rum Val\u00e9ria Vieira Alves, no pr\u00f3prio [&hellip;]\" \/>\n<meta property=\"og:url\" content=\"https:\/\/aconteceunovale.com.br\/portal\/?p=61324\" \/>\n<meta property=\"og:site_name\" content=\"Aconteceu no Vale\" \/>\n<meta property=\"article:publisher\" content=\"https:\/\/www.facebook.com\/aconteceunovale\/\" \/>\n<meta property=\"article:published_time\" content=\"2015-06-16T19:36:13+00:00\" \/>\n<meta property=\"og:image\" content=\"https:\/\/aconteceunovale.com.br\/portal\/wp-content\/uploads\/2015\/06\/pitote.jpg\" \/>\n\t<meta property=\"og:image:width\" content=\"678\" \/>\n\t<meta property=\"og:image:height\" content=\"444\" \/>\n\t<meta property=\"og:image:type\" content=\"image\/jpeg\" \/>\n<meta name=\"author\" content=\"Aconteceu no Vale\" \/>\n<meta name=\"twitter:card\" content=\"summary_large_image\" \/>\n<meta name=\"twitter:creator\" content=\"@noticiadosvales\" \/>\n<meta name=\"twitter:site\" content=\"@noticiadosvales\" \/>\n<meta name=\"twitter:label1\" content=\"Escrito por\" \/>\n\t<meta name=\"twitter:data1\" content=\"Aconteceu no Vale\" \/>\n\t<meta name=\"twitter:label2\" content=\"Est. tempo de leitura\" \/>\n\t<meta name=\"twitter:data2\" content=\"2 minutos\" \/>\n<script type=\"application\/ld+json\" class=\"yoast-schema-graph\">{\"@context\":\"https:\\\/\\\/schema.org\",\"@graph\":[{\"@type\":\"Article\",\"@id\":\"https:\\\/\\\/aconteceunovale.com.br\\\/portal\\\/?p=61324#article\",\"isPartOf\":{\"@id\":\"https:\\\/\\\/aconteceunovale.com.br\\\/portal\\\/?p=61324\"},\"author\":{\"name\":\"Aconteceu no Vale\",\"@id\":\"https:\\\/\\\/aconteceunovale.com.br\\\/portal\\\/#\\\/schema\\\/person\\\/633529146f2c94272bef50ac2953d589\"},\"headline\":\"Acusado de matar jornalista vai a j\u00fari popular nesta sexta-feira em Ipatinga\",\"datePublished\":\"2015-06-16T19:36:13+00:00\",\"mainEntityOfPage\":{\"@id\":\"https:\\\/\\\/aconteceunovale.com.br\\\/portal\\\/?p=61324\"},\"wordCount\":389,\"commentCount\":0,\"image\":{\"@id\":\"https:\\\/\\\/aconteceunovale.com.br\\\/portal\\\/?p=61324#primaryimage\"},\"thumbnailUrl\":\"https:\\\/\\\/aconteceunovale.com.br\\\/portal\\\/wp-content\\\/uploads\\\/2015\\\/06\\\/pitote.jpg\",\"keywords\":[\"Acusado de matar jornalista em Ipatinga vai a j\u00fari popular nesta sexta-feira\",\"Acusado de matar jornalista vai a j\u00fari popular nesta sexta-feira em Ipatinga\",\"Acusado de matar o jornalista Rodrigo Neto\",\"Alessandro Neves Augusto\",\"fot\u00f3grafo Walgney Carvalho\",\"Ipatinga\",\"jornalista Rodrigo Neto\",\"L\u00facio L\u00edrio Leal\",\"Pitote\",\"policial civil L\u00facio L\u00edrio Leal\",\"Rodrigo Neto\",\"Val\u00e9ria Vieira Alves\",\"Walgney Carvalho\"],\"articleSection\":[\"Leste de Minas\"],\"inLanguage\":\"pt-BR\",\"potentialAction\":[{\"@type\":\"CommentAction\",\"name\":\"Comment\",\"target\":[\"https:\\\/\\\/aconteceunovale.com.br\\\/portal\\\/?p=61324#respond\"]}]},{\"@type\":\"WebPage\",\"@id\":\"https:\\\/\\\/aconteceunovale.com.br\\\/portal\\\/?p=61324\",\"url\":\"https:\\\/\\\/aconteceunovale.com.br\\\/portal\\\/?p=61324\",\"name\":\"Acusado de matar jornalista vai a j\u00fari popular nesta sexta-feira em Ipatinga - Aconteceu no Vale\",\"isPartOf\":{\"@id\":\"https:\\\/\\\/aconteceunovale.com.br\\\/portal\\\/#website\"},\"primaryImageOfPage\":{\"@id\":\"https:\\\/\\\/aconteceunovale.com.br\\\/portal\\\/?p=61324#primaryimage\"},\"image\":{\"@id\":\"https:\\\/\\\/aconteceunovale.com.br\\\/portal\\\/?p=61324#primaryimage\"},\"thumbnailUrl\":\"https:\\\/\\\/aconteceunovale.com.br\\\/portal\\\/wp-content\\\/uploads\\\/2015\\\/06\\\/pitote.jpg\",\"datePublished\":\"2015-06-16T19:36:13+00:00\",\"author\":{\"@id\":\"https:\\\/\\\/aconteceunovale.com.br\\\/portal\\\/#\\\/schema\\\/person\\\/633529146f2c94272bef50ac2953d589\"},\"breadcrumb\":{\"@id\":\"https:\\\/\\\/aconteceunovale.com.br\\\/portal\\\/?p=61324#breadcrumb\"},\"inLanguage\":\"pt-BR\",\"potentialAction\":[{\"@type\":\"ReadAction\",\"target\":[\"https:\\\/\\\/aconteceunovale.com.br\\\/portal\\\/?p=61324\"]}]},{\"@type\":\"ImageObject\",\"inLanguage\":\"pt-BR\",\"@id\":\"https:\\\/\\\/aconteceunovale.com.br\\\/portal\\\/?p=61324#primaryimage\",\"url\":\"https:\\\/\\\/aconteceunovale.com.br\\\/portal\\\/wp-content\\\/uploads\\\/2015\\\/06\\\/pitote.jpg\",\"contentUrl\":\"https:\\\/\\\/aconteceunovale.com.br\\\/portal\\\/wp-content\\\/uploads\\\/2015\\\/06\\\/pitote.jpg\",\"width\":678,\"height\":444},{\"@type\":\"BreadcrumbList\",\"@id\":\"https:\\\/\\\/aconteceunovale.com.br\\\/portal\\\/?p=61324#breadcrumb\",\"itemListElement\":[{\"@type\":\"ListItem\",\"position\":1,\"name\":\"In\u00edcio\",\"item\":\"https:\\\/\\\/aconteceunovale.com.br\\\/portal\\\/\"},{\"@type\":\"ListItem\",\"position\":2,\"name\":\"Acusado de matar jornalista vai a j\u00fari popular nesta sexta-feira em Ipatinga\"}]},{\"@type\":\"WebSite\",\"@id\":\"https:\\\/\\\/aconteceunovale.com.br\\\/portal\\\/#website\",\"url\":\"https:\\\/\\\/aconteceunovale.com.br\\\/portal\\\/\",\"name\":\"Aconteceu no Vale\",\"description\":\"Portal de Not\u00edcias\",\"potentialAction\":[{\"@type\":\"SearchAction\",\"target\":{\"@type\":\"EntryPoint\",\"urlTemplate\":\"https:\\\/\\\/aconteceunovale.com.br\\\/portal\\\/?s={search_term_string}\"},\"query-input\":{\"@type\":\"PropertyValueSpecification\",\"valueRequired\":true,\"valueName\":\"search_term_string\"}}],\"inLanguage\":\"pt-BR\"},{\"@type\":\"Person\",\"@id\":\"https:\\\/\\\/aconteceunovale.com.br\\\/portal\\\/#\\\/schema\\\/person\\\/633529146f2c94272bef50ac2953d589\",\"name\":\"Aconteceu no Vale\",\"description\":\"Equipe de reportagem do Aconteceu no Vale, portal de not\u00edcias do Vale do Jequitinhonha, em Minas Gerais. Cobrimos as 51 cidades do Vale desde 2013. Sugest\u00f5es de pauta e pedidos de corre\u00e7\u00e3o: contato@aconteceunovale.com.br\",\"sameAs\":[\"http:\\\/\\\/www.aconteceunovale.com.br\"],\"url\":\"https:\\\/\\\/aconteceunovale.com.br\\\/portal\\\/?author=1\"}]}<\/script>\n<!-- \/ Yoast SEO plugin. -->","yoast_head_json":{"title":"Acusado de matar jornalista vai a j\u00fari popular nesta sexta-feira em Ipatinga - Aconteceu no Vale","robots":{"index":"index","follow":"follow","max-snippet":"max-snippet:-1","max-image-preview":"max-image-preview:large","max-video-preview":"max-video-preview:-1"},"canonical":"https:\/\/aconteceunovale.com.br\/portal\/?p=61324","og_locale":"pt_BR","og_type":"article","og_title":"Acusado de matar jornalista vai a j\u00fari popular nesta sexta-feira em Ipatinga - Aconteceu no Vale","og_description":"O Tribunal de Justi\u00e7a de Minas Gerais (TJMG) realiza na pr\u00f3xima sexta-feira (19), o julgamento de Alessandro Neves Augusto, o \u201cPitote\u201d, acusado de matar o jornalista Rodrigo Neto, como queima arquivo, em mar\u00e7o e abril de 2013, em Ipatinga, no Vale do A\u00e7o. O j\u00fari popular ser\u00e1 realizado no F\u00f3rum Val\u00e9ria Vieira Alves, no pr\u00f3prio [&hellip;]","og_url":"https:\/\/aconteceunovale.com.br\/portal\/?p=61324","og_site_name":"Aconteceu no Vale","article_publisher":"https:\/\/www.facebook.com\/aconteceunovale\/","article_published_time":"2015-06-16T19:36:13+00:00","og_image":[{"width":678,"height":444,"url":"https:\/\/aconteceunovale.com.br\/portal\/wp-content\/uploads\/2015\/06\/pitote.jpg","type":"image\/jpeg"}],"author":"Aconteceu no Vale","twitter_card":"summary_large_image","twitter_creator":"@noticiadosvales","twitter_site":"@noticiadosvales","twitter_misc":{"Escrito por":"Aconteceu no Vale","Est. tempo de leitura":"2 minutos"},"schema":{"@context":"https:\/\/schema.org","@graph":[{"@type":"Article","@id":"https:\/\/aconteceunovale.com.br\/portal\/?p=61324#article","isPartOf":{"@id":"https:\/\/aconteceunovale.com.br\/portal\/?p=61324"},"author":{"name":"Aconteceu no Vale","@id":"https:\/\/aconteceunovale.com.br\/portal\/#\/schema\/person\/633529146f2c94272bef50ac2953d589"},"headline":"Acusado de matar jornalista vai a j\u00fari popular nesta sexta-feira em Ipatinga","datePublished":"2015-06-16T19:36:13+00:00","mainEntityOfPage":{"@id":"https:\/\/aconteceunovale.com.br\/portal\/?p=61324"},"wordCount":389,"commentCount":0,"image":{"@id":"https:\/\/aconteceunovale.com.br\/portal\/?p=61324#primaryimage"},"thumbnailUrl":"https:\/\/aconteceunovale.com.br\/portal\/wp-content\/uploads\/2015\/06\/pitote.jpg","keywords":["Acusado de matar jornalista em Ipatinga vai a j\u00fari popular nesta sexta-feira","Acusado de matar jornalista vai a j\u00fari popular nesta sexta-feira em Ipatinga","Acusado de matar o jornalista Rodrigo Neto","Alessandro Neves Augusto","fot\u00f3grafo Walgney Carvalho","Ipatinga","jornalista Rodrigo Neto","L\u00facio L\u00edrio Leal","Pitote","policial civil L\u00facio L\u00edrio Leal","Rodrigo Neto","Val\u00e9ria Vieira Alves","Walgney Carvalho"],"articleSection":["Leste de Minas"],"inLanguage":"pt-BR","potentialAction":[{"@type":"CommentAction","name":"Comment","target":["https:\/\/aconteceunovale.com.br\/portal\/?p=61324#respond"]}]},{"@type":"WebPage","@id":"https:\/\/aconteceunovale.com.br\/portal\/?p=61324","url":"https:\/\/aconteceunovale.com.br\/portal\/?p=61324","name":"Acusado de matar jornalista vai a j\u00fari popular nesta sexta-feira em Ipatinga - Aconteceu no Vale","isPartOf":{"@id":"https:\/\/aconteceunovale.com.br\/portal\/#website"},"primaryImageOfPage":{"@id":"https:\/\/aconteceunovale.com.br\/portal\/?p=61324#primaryimage"},"image":{"@id":"https:\/\/aconteceunovale.com.br\/portal\/?p=61324#primaryimage"},"thumbnailUrl":"https:\/\/aconteceunovale.com.br\/portal\/wp-content\/uploads\/2015\/06\/pitote.jpg","datePublished":"2015-06-16T19:36:13+00:00","author":{"@id":"https:\/\/aconteceunovale.com.br\/portal\/#\/schema\/person\/633529146f2c94272bef50ac2953d589"},"breadcrumb":{"@id":"https:\/\/aconteceunovale.com.br\/portal\/?p=61324#breadcrumb"},"inLanguage":"pt-BR","potentialAction":[{"@type":"ReadAction","target":["https:\/\/aconteceunovale.com.br\/portal\/?p=61324"]}]},{"@type":"ImageObject","inLanguage":"pt-BR","@id":"https:\/\/aconteceunovale.com.br\/portal\/?p=61324#primaryimage","url":"https:\/\/aconteceunovale.com.br\/portal\/wp-content\/uploads\/2015\/06\/pitote.jpg","contentUrl":"https:\/\/aconteceunovale.com.br\/portal\/wp-content\/uploads\/2015\/06\/pitote.jpg","width":678,"height":444},{"@type":"BreadcrumbList","@id":"https:\/\/aconteceunovale.com.br\/portal\/?p=61324#breadcrumb","itemListElement":[{"@type":"ListItem","position":1,"name":"In\u00edcio","item":"https:\/\/aconteceunovale.com.br\/portal\/"},{"@type":"ListItem","position":2,"name":"Acusado de matar jornalista vai a j\u00fari popular nesta sexta-feira em Ipatinga"}]},{"@type":"WebSite","@id":"https:\/\/aconteceunovale.com.br\/portal\/#website","url":"https:\/\/aconteceunovale.com.br\/portal\/","name":"Aconteceu no Vale","description":"Portal de Not\u00edcias","potentialAction":[{"@type":"SearchAction","target":{"@type":"EntryPoint","urlTemplate":"https:\/\/aconteceunovale.com.br\/portal\/?s={search_term_string}"},"query-input":{"@type":"PropertyValueSpecification","valueRequired":true,"valueName":"search_term_string"}}],"inLanguage":"pt-BR"},{"@type":"Person","@id":"https:\/\/aconteceunovale.com.br\/portal\/#\/schema\/person\/633529146f2c94272bef50ac2953d589","name":"Aconteceu no Vale","description":"Equipe de reportagem do Aconteceu no Vale, portal de not\u00edcias do Vale do Jequitinhonha, em Minas Gerais. Cobrimos as 51 cidades do Vale desde 2013. Sugest\u00f5es de pauta e pedidos de corre\u00e7\u00e3o: contato@aconteceunovale.com.br","sameAs":["http:\/\/www.aconteceunovale.com.br"],"url":"https:\/\/aconteceunovale.com.br\/portal\/?author=1"}]}},"_links":{"self":[{"href":"https:\/\/aconteceunovale.com.br\/portal\/index.php?rest_route=\/wp\/v2\/posts\/61324","targetHints":{"allow":["GET"]}}],"collection":[{"href":"https:\/\/aconteceunovale.com.br\/portal\/index.php?rest_route=\/wp\/v2\/posts"}],"about":[{"href":"https:\/\/aconteceunovale.com.br\/portal\/index.php?rest_route=\/wp\/v2\/types\/post"}],"author":[{"embeddable":true,"href":"https:\/\/aconteceunovale.com.br\/portal\/index.php?rest_route=\/wp\/v2\/users\/1"}],"replies":[{"embeddable":true,"href":"https:\/\/aconteceunovale.com.br\/portal\/index.php?rest_route=%2Fwp%2Fv2%2Fcomments&post=61324"}],"version-history":[{"count":0,"href":"https:\/\/aconteceunovale.com.br\/portal\/index.php?rest_route=\/wp\/v2\/posts\/61324\/revisions"}],"wp:featuredmedia":[{"embeddable":true,"href":"https:\/\/aconteceunovale.com.br\/portal\/index.php?rest_route=\/wp\/v2\/media\/61325"}],"wp:attachment":[{"href":"https:\/\/aconteceunovale.com.br\/portal\/index.php?rest_route=%2Fwp%2Fv2%2Fmedia&parent=61324"}],"wp:term":[{"taxonomy":"category","embeddable":true,"href":"https:\/\/aconteceunovale.com.br\/portal\/index.php?rest_route=%2Fwp%2Fv2%2Fcategories&post=61324"},{"taxonomy":"post_tag","embeddable":true,"href":"https:\/\/aconteceunovale.com.br\/portal\/index.php?rest_route=%2Fwp%2Fv2%2Ftags&post=61324"}],"curies":[{"name":"wp","href":"https:\/\/api.w.org\/{rel}","templated":true}]}}