{"id":61317,"date":"2015-06-16T15:19:44","date_gmt":"2015-06-16T18:19:44","guid":{"rendered":"http:\/\/aconteceunovale.com.br\/portal\/?p=61317"},"modified":"2026-09-02T12:38:23","modified_gmt":"2026-09-02T15:38:23","slug":"quatro-suspeitos-de-trafico-de-drogas-sao-detidos-em-carai","status":"publish","type":"post","link":"https:\/\/aconteceunovale.com.br\/portal\/?p=61317","title":{"rendered":"Quatro suspeitos de tr\u00e1fico de drogas s\u00e3o detidos em Cara\u00ed"},"content":{"rendered":"<h4><strong><em>PM aprendeu drogas, dinheiro e cadernos com anota\u00e7\u00f5es do tr\u00e1fico. Um casal e duas adolescentes foram detidos.<\/em><\/strong><\/h4>\n<p>Uma a\u00e7\u00e3o da Pol\u00edcia Militar (PM) resultou na pris\u00e3o de dois adultos e na apreens\u00e3o de duas adolescentes em Cara\u00ed, no Vale do Jequitinhonha. Eles foram detidos em flagrante na noite dessa segunda-feira, 14 de junho, e s\u00e3o suspeitos de envolvimento com o tr\u00e1fico de drogas na cidade.<\/p>\n<p>De acordo com a Pol\u00edcia Militar, a mulher N.R.S, de 32 anos, e o rapaz O.R.S, de 20, estariam aliciando menores para venda de materiais entorpecentes. As duas adolescentes detidas, de 15 e 17 anos, residem em Te\u00f3filo Otoni e estariam em Cara\u00ed a convite da mulher.<\/p>\n<p>Com os suspeitos, a pol\u00edcia apreendeu buchas de maconha, pinos de coca\u00edna, crack, embalagens para drogas, uma quantia em dinheiro e dois cadernos de anota\u00e7\u00f5es de venda de drogas.<\/p>\n<p>Diante dos fatos, o casal foi encaminhado para a Delegacia de Plant\u00e3o em Te\u00f3filo Otoni. J\u00e1 as adolescentes foram liberadas para o Conselho Tutelar.<\/p>\n<p><img decoding=\"async\" src=\"http:\/\/aconteceunovale.com.br\/portal\/wp-content\/uploads\/2015\/06\/traficantes_carai.jpg\" alt=\"\" \/><em>Quatro suspeitos de tr\u00e1fico de drogas s\u00e3o detidos em Cara\u00ed &#8211; Foto: PMMG\/Divulga\u00e7\u00e3o<\/em><br \/>\n<\/br><\/p>\n<p><img decoding=\"async\" src=\"http:\/\/aconteceunovale.com.br\/portal\/wp-content\/uploads\/2015\/06\/traficantes_carai2.jpg\" alt=\"\" \/><em>PM aprendeu drogas, dinheiro e cadernos com anota\u00e7\u00f5es do tr\u00e1fico &#8211; Foto: PMMG\/Divulga\u00e7\u00e3o<\/em><\/p>\n","protected":false},"excerpt":{"rendered":"<p>PM aprendeu drogas, dinheiro e cadernos com anota\u00e7\u00f5es do tr\u00e1fico. Um casal e duas adolescentes foram detidos. Uma a\u00e7\u00e3o da Pol\u00edcia Militar (PM) resultou na pris\u00e3o de dois adultos e na apreens\u00e3o de duas adolescentes em Cara\u00ed, no Vale do Jequitinhonha. Eles foram detidos em flagrante na noite dessa segunda-feira, 14 de junho, e s\u00e3o [&hellip;]<\/p>\n","protected":false},"author":1,"featured_media":61318,"comment_status":"open","ping_status":"closed","sticky":false,"template":"","format":"standard","meta":{"amp_status":"","footnotes":""},"categories":[272536,120],"tags":[490,48456,48453,48454,48452,48450,164,48451,48455],"class_list":["post-61317","post","type-post","status-publish","format-standard","has-post-thumbnail","hentry","category-carai","category-jequi","tag-carai","tag-lidiene-schimidt-rodrigues","tag-neide-ramos-silva","tag-orlando-rodrigues-dos-santos","tag-presos-em-carai","tag-quatro-suspeitos-de-trafico-de-drogas-sao-detidos-em-carai","tag-teofilo-otoni","tag-trafico-de-drogas-em-carai","tag-victor-manoel-barbosa-vilella"],"yoast_head":"<!-- This site is optimized with the Yoast SEO plugin v28.3 - https:\/\/yoast.com\/product\/yoast-seo-wordpress\/ -->\n<title>Quatro suspeitos de tr\u00e1fico de drogas s\u00e3o detidos em Cara\u00ed - Aconteceu no Vale<\/title>\n<meta name=\"robots\" content=\"index, follow, max-snippet:-1, max-image-preview:large, max-video-preview:-1\" \/>\n<link rel=\"canonical\" href=\"https:\/\/aconteceunovale.com.br\/portal\/?p=61317\" \/>\n<meta property=\"og:locale\" content=\"pt_BR\" \/>\n<meta property=\"og:type\" content=\"article\" \/>\n<meta property=\"og:title\" content=\"Quatro suspeitos de tr\u00e1fico de drogas s\u00e3o detidos em Cara\u00ed - Aconteceu no Vale\" \/>\n<meta property=\"og:description\" content=\"PM aprendeu drogas, dinheiro e cadernos com anota\u00e7\u00f5es do tr\u00e1fico. Um casal e duas adolescentes foram detidos. Uma a\u00e7\u00e3o da Pol\u00edcia Militar (PM) resultou na pris\u00e3o de dois adultos e na apreens\u00e3o de duas adolescentes em Cara\u00ed, no Vale do Jequitinhonha. Eles foram detidos em flagrante na noite dessa segunda-feira, 14 de junho, e s\u00e3o [&hellip;]\" \/>\n<meta property=\"og:url\" content=\"https:\/\/aconteceunovale.com.br\/portal\/?p=61317\" \/>\n<meta property=\"og:site_name\" content=\"Aconteceu no Vale\" \/>\n<meta property=\"article:publisher\" content=\"https:\/\/www.facebook.com\/aconteceunovale\/\" \/>\n<meta property=\"article:published_time\" content=\"2015-06-16T18:19:44+00:00\" \/>\n<meta property=\"article:modified_time\" content=\"2026-09-02T15:38:23+00:00\" \/>\n<meta property=\"og:image\" content=\"https:\/\/aconteceunovale.com.br\/portal\/wp-content\/uploads\/2015\/06\/traficantes_carai.jpg\" \/>\n\t<meta property=\"og:image:width\" content=\"678\" \/>\n\t<meta property=\"og:image:height\" content=\"356\" \/>\n\t<meta property=\"og:image:type\" content=\"image\/jpeg\" \/>\n<meta name=\"author\" content=\"Aconteceu no Vale\" \/>\n<meta name=\"twitter:card\" content=\"summary_large_image\" \/>\n<meta name=\"twitter:creator\" content=\"@noticiadosvales\" \/>\n<meta name=\"twitter:site\" content=\"@noticiadosvales\" \/>\n<meta name=\"twitter:label1\" content=\"Escrito por\" \/>\n\t<meta name=\"twitter:data1\" content=\"Aconteceu no Vale\" \/>\n\t<meta name=\"twitter:label2\" content=\"Est. tempo de leitura\" \/>\n\t<meta name=\"twitter:data2\" content=\"1 minuto\" \/>\n<script type=\"application\/ld+json\" class=\"yoast-schema-graph\">{\"@context\":\"https:\\\/\\\/schema.org\",\"@graph\":[{\"@type\":\"Article\",\"@id\":\"https:\\\/\\\/aconteceunovale.com.br\\\/portal\\\/?p=61317#article\",\"isPartOf\":{\"@id\":\"https:\\\/\\\/aconteceunovale.com.br\\\/portal\\\/?p=61317\"},\"author\":{\"name\":\"Aconteceu no Vale\",\"@id\":\"https:\\\/\\\/aconteceunovale.com.br\\\/portal\\\/#\\\/schema\\\/person\\\/633529146f2c94272bef50ac2953d589\"},\"headline\":\"Quatro suspeitos de tr\u00e1fico de drogas s\u00e3o detidos em Cara\u00ed\",\"datePublished\":\"2015-06-16T18:19:44+00:00\",\"dateModified\":\"2026-09-02T15:38:23+00:00\",\"mainEntityOfPage\":{\"@id\":\"https:\\\/\\\/aconteceunovale.com.br\\\/portal\\\/?p=61317\"},\"wordCount\":225,\"commentCount\":0,\"image\":{\"@id\":\"https:\\\/\\\/aconteceunovale.com.br\\\/portal\\\/?p=61317#primaryimage\"},\"thumbnailUrl\":\"https:\\\/\\\/aconteceunovale.com.br\\\/portal\\\/wp-content\\\/uploads\\\/2015\\\/06\\\/traficantes_carai.jpg\",\"keywords\":[\"Cara\u00ed\",\"LIDIENE SCHIMIDT RODRIGUES\",\"NEIDE RAMOS SILVA\",\"ORLANDO RODRIGUES DOS SANTOS\",\"presos em cara\u00ed\",\"Quatro suspeitos de tr\u00e1fico de drogas s\u00e3o detidos em Cara\u00ed\",\"Te\u00f3filo Otoni\",\"tr\u00e1fico de drogas em cara\u00ed\",\"VICTOR MANOEL BARBOSA VILELLA\"],\"articleSection\":[\"Cara\u00ed\",\"Vale do Jequitinhonha\"],\"inLanguage\":\"pt-BR\",\"potentialAction\":[{\"@type\":\"CommentAction\",\"name\":\"Comment\",\"target\":[\"https:\\\/\\\/aconteceunovale.com.br\\\/portal\\\/?p=61317#respond\"]}]},{\"@type\":\"WebPage\",\"@id\":\"https:\\\/\\\/aconteceunovale.com.br\\\/portal\\\/?p=61317\",\"url\":\"https:\\\/\\\/aconteceunovale.com.br\\\/portal\\\/?p=61317\",\"name\":\"Quatro suspeitos de tr\u00e1fico de drogas s\u00e3o detidos em Cara\u00ed - Aconteceu no Vale\",\"isPartOf\":{\"@id\":\"https:\\\/\\\/aconteceunovale.com.br\\\/portal\\\/#website\"},\"primaryImageOfPage\":{\"@id\":\"https:\\\/\\\/aconteceunovale.com.br\\\/portal\\\/?p=61317#primaryimage\"},\"image\":{\"@id\":\"https:\\\/\\\/aconteceunovale.com.br\\\/portal\\\/?p=61317#primaryimage\"},\"thumbnailUrl\":\"https:\\\/\\\/aconteceunovale.com.br\\\/portal\\\/wp-content\\\/uploads\\\/2015\\\/06\\\/traficantes_carai.jpg\",\"datePublished\":\"2015-06-16T18:19:44+00:00\",\"dateModified\":\"2026-09-02T15:38:23+00:00\",\"author\":{\"@id\":\"https:\\\/\\\/aconteceunovale.com.br\\\/portal\\\/#\\\/schema\\\/person\\\/633529146f2c94272bef50ac2953d589\"},\"breadcrumb\":{\"@id\":\"https:\\\/\\\/aconteceunovale.com.br\\\/portal\\\/?p=61317#breadcrumb\"},\"inLanguage\":\"pt-BR\",\"potentialAction\":[{\"@type\":\"ReadAction\",\"target\":[\"https:\\\/\\\/aconteceunovale.com.br\\\/portal\\\/?p=61317\"]}]},{\"@type\":\"ImageObject\",\"inLanguage\":\"pt-BR\",\"@id\":\"https:\\\/\\\/aconteceunovale.com.br\\\/portal\\\/?p=61317#primaryimage\",\"url\":\"https:\\\/\\\/aconteceunovale.com.br\\\/portal\\\/wp-content\\\/uploads\\\/2015\\\/06\\\/traficantes_carai.jpg\",\"contentUrl\":\"https:\\\/\\\/aconteceunovale.com.br\\\/portal\\\/wp-content\\\/uploads\\\/2015\\\/06\\\/traficantes_carai.jpg\",\"width\":678,\"height\":356},{\"@type\":\"BreadcrumbList\",\"@id\":\"https:\\\/\\\/aconteceunovale.com.br\\\/portal\\\/?p=61317#breadcrumb\",\"itemListElement\":[{\"@type\":\"ListItem\",\"position\":1,\"name\":\"In\u00edcio\",\"item\":\"https:\\\/\\\/aconteceunovale.com.br\\\/portal\\\/\"},{\"@type\":\"ListItem\",\"position\":2,\"name\":\"Quatro suspeitos de tr\u00e1fico de drogas s\u00e3o detidos em Cara\u00ed\"}]},{\"@type\":\"WebSite\",\"@id\":\"https:\\\/\\\/aconteceunovale.com.br\\\/portal\\\/#website\",\"url\":\"https:\\\/\\\/aconteceunovale.com.br\\\/portal\\\/\",\"name\":\"Aconteceu no Vale\",\"description\":\"Portal de Not\u00edcias\",\"potentialAction\":[{\"@type\":\"SearchAction\",\"target\":{\"@type\":\"EntryPoint\",\"urlTemplate\":\"https:\\\/\\\/aconteceunovale.com.br\\\/portal\\\/?s={search_term_string}\"},\"query-input\":{\"@type\":\"PropertyValueSpecification\",\"valueRequired\":true,\"valueName\":\"search_term_string\"}}],\"inLanguage\":\"pt-BR\"},{\"@type\":\"Person\",\"@id\":\"https:\\\/\\\/aconteceunovale.com.br\\\/portal\\\/#\\\/schema\\\/person\\\/633529146f2c94272bef50ac2953d589\",\"name\":\"Aconteceu no Vale\",\"description\":\"Equipe de reportagem do Aconteceu no Vale, portal de not\u00edcias do Vale do Jequitinhonha, em Minas Gerais. Cobrimos as 51 cidades do Vale desde 2013. Sugest\u00f5es de pauta e pedidos de corre\u00e7\u00e3o: contato@aconteceunovale.com.br\",\"sameAs\":[\"http:\\\/\\\/www.aconteceunovale.com.br\"],\"url\":\"https:\\\/\\\/aconteceunovale.com.br\\\/portal\\\/?author=1\"}]}<\/script>\n<!-- \/ Yoast SEO plugin. -->","yoast_head_json":{"title":"Quatro suspeitos de tr\u00e1fico de drogas s\u00e3o detidos em Cara\u00ed - Aconteceu no Vale","robots":{"index":"index","follow":"follow","max-snippet":"max-snippet:-1","max-image-preview":"max-image-preview:large","max-video-preview":"max-video-preview:-1"},"canonical":"https:\/\/aconteceunovale.com.br\/portal\/?p=61317","og_locale":"pt_BR","og_type":"article","og_title":"Quatro suspeitos de tr\u00e1fico de drogas s\u00e3o detidos em Cara\u00ed - Aconteceu no Vale","og_description":"PM aprendeu drogas, dinheiro e cadernos com anota\u00e7\u00f5es do tr\u00e1fico. Um casal e duas adolescentes foram detidos. Uma a\u00e7\u00e3o da Pol\u00edcia Militar (PM) resultou na pris\u00e3o de dois adultos e na apreens\u00e3o de duas adolescentes em Cara\u00ed, no Vale do Jequitinhonha. Eles foram detidos em flagrante na noite dessa segunda-feira, 14 de junho, e s\u00e3o [&hellip;]","og_url":"https:\/\/aconteceunovale.com.br\/portal\/?p=61317","og_site_name":"Aconteceu no Vale","article_publisher":"https:\/\/www.facebook.com\/aconteceunovale\/","article_published_time":"2015-06-16T18:19:44+00:00","article_modified_time":"2026-09-02T15:38:23+00:00","og_image":[{"width":678,"height":356,"url":"https:\/\/aconteceunovale.com.br\/portal\/wp-content\/uploads\/2015\/06\/traficantes_carai.jpg","type":"image\/jpeg"}],"author":"Aconteceu no Vale","twitter_card":"summary_large_image","twitter_creator":"@noticiadosvales","twitter_site":"@noticiadosvales","twitter_misc":{"Escrito por":"Aconteceu no Vale","Est. tempo de leitura":"1 minuto"},"schema":{"@context":"https:\/\/schema.org","@graph":[{"@type":"Article","@id":"https:\/\/aconteceunovale.com.br\/portal\/?p=61317#article","isPartOf":{"@id":"https:\/\/aconteceunovale.com.br\/portal\/?p=61317"},"author":{"name":"Aconteceu no Vale","@id":"https:\/\/aconteceunovale.com.br\/portal\/#\/schema\/person\/633529146f2c94272bef50ac2953d589"},"headline":"Quatro suspeitos de tr\u00e1fico de drogas s\u00e3o detidos em Cara\u00ed","datePublished":"2015-06-16T18:19:44+00:00","dateModified":"2026-09-02T15:38:23+00:00","mainEntityOfPage":{"@id":"https:\/\/aconteceunovale.com.br\/portal\/?p=61317"},"wordCount":225,"commentCount":0,"image":{"@id":"https:\/\/aconteceunovale.com.br\/portal\/?p=61317#primaryimage"},"thumbnailUrl":"https:\/\/aconteceunovale.com.br\/portal\/wp-content\/uploads\/2015\/06\/traficantes_carai.jpg","keywords":["Cara\u00ed","LIDIENE SCHIMIDT RODRIGUES","NEIDE RAMOS SILVA","ORLANDO RODRIGUES DOS SANTOS","presos em cara\u00ed","Quatro suspeitos de tr\u00e1fico de drogas s\u00e3o detidos em Cara\u00ed","Te\u00f3filo Otoni","tr\u00e1fico de drogas em cara\u00ed","VICTOR MANOEL BARBOSA VILELLA"],"articleSection":["Cara\u00ed","Vale do Jequitinhonha"],"inLanguage":"pt-BR","potentialAction":[{"@type":"CommentAction","name":"Comment","target":["https:\/\/aconteceunovale.com.br\/portal\/?p=61317#respond"]}]},{"@type":"WebPage","@id":"https:\/\/aconteceunovale.com.br\/portal\/?p=61317","url":"https:\/\/aconteceunovale.com.br\/portal\/?p=61317","name":"Quatro suspeitos de tr\u00e1fico de drogas s\u00e3o detidos em Cara\u00ed - Aconteceu no Vale","isPartOf":{"@id":"https:\/\/aconteceunovale.com.br\/portal\/#website"},"primaryImageOfPage":{"@id":"https:\/\/aconteceunovale.com.br\/portal\/?p=61317#primaryimage"},"image":{"@id":"https:\/\/aconteceunovale.com.br\/portal\/?p=61317#primaryimage"},"thumbnailUrl":"https:\/\/aconteceunovale.com.br\/portal\/wp-content\/uploads\/2015\/06\/traficantes_carai.jpg","datePublished":"2015-06-16T18:19:44+00:00","dateModified":"2026-09-02T15:38:23+00:00","author":{"@id":"https:\/\/aconteceunovale.com.br\/portal\/#\/schema\/person\/633529146f2c94272bef50ac2953d589"},"breadcrumb":{"@id":"https:\/\/aconteceunovale.com.br\/portal\/?p=61317#breadcrumb"},"inLanguage":"pt-BR","potentialAction":[{"@type":"ReadAction","target":["https:\/\/aconteceunovale.com.br\/portal\/?p=61317"]}]},{"@type":"ImageObject","inLanguage":"pt-BR","@id":"https:\/\/aconteceunovale.com.br\/portal\/?p=61317#primaryimage","url":"https:\/\/aconteceunovale.com.br\/portal\/wp-content\/uploads\/2015\/06\/traficantes_carai.jpg","contentUrl":"https:\/\/aconteceunovale.com.br\/portal\/wp-content\/uploads\/2015\/06\/traficantes_carai.jpg","width":678,"height":356},{"@type":"BreadcrumbList","@id":"https:\/\/aconteceunovale.com.br\/portal\/?p=61317#breadcrumb","itemListElement":[{"@type":"ListItem","position":1,"name":"In\u00edcio","item":"https:\/\/aconteceunovale.com.br\/portal\/"},{"@type":"ListItem","position":2,"name":"Quatro suspeitos de tr\u00e1fico de drogas s\u00e3o detidos em Cara\u00ed"}]},{"@type":"WebSite","@id":"https:\/\/aconteceunovale.com.br\/portal\/#website","url":"https:\/\/aconteceunovale.com.br\/portal\/","name":"Aconteceu no Vale","description":"Portal de Not\u00edcias","potentialAction":[{"@type":"SearchAction","target":{"@type":"EntryPoint","urlTemplate":"https:\/\/aconteceunovale.com.br\/portal\/?s={search_term_string}"},"query-input":{"@type":"PropertyValueSpecification","valueRequired":true,"valueName":"search_term_string"}}],"inLanguage":"pt-BR"},{"@type":"Person","@id":"https:\/\/aconteceunovale.com.br\/portal\/#\/schema\/person\/633529146f2c94272bef50ac2953d589","name":"Aconteceu no Vale","description":"Equipe de reportagem do Aconteceu no Vale, portal de not\u00edcias do Vale do Jequitinhonha, em Minas Gerais. Cobrimos as 51 cidades do Vale desde 2013. Sugest\u00f5es de pauta e pedidos de corre\u00e7\u00e3o: contato@aconteceunovale.com.br","sameAs":["http:\/\/www.aconteceunovale.com.br"],"url":"https:\/\/aconteceunovale.com.br\/portal\/?author=1"}]}},"_links":{"self":[{"href":"https:\/\/aconteceunovale.com.br\/portal\/index.php?rest_route=\/wp\/v2\/posts\/61317","targetHints":{"allow":["GET"]}}],"collection":[{"href":"https:\/\/aconteceunovale.com.br\/portal\/index.php?rest_route=\/wp\/v2\/posts"}],"about":[{"href":"https:\/\/aconteceunovale.com.br\/portal\/index.php?rest_route=\/wp\/v2\/types\/post"}],"author":[{"embeddable":true,"href":"https:\/\/aconteceunovale.com.br\/portal\/index.php?rest_route=\/wp\/v2\/users\/1"}],"replies":[{"embeddable":true,"href":"https:\/\/aconteceunovale.com.br\/portal\/index.php?rest_route=%2Fwp%2Fv2%2Fcomments&post=61317"}],"version-history":[{"count":1,"href":"https:\/\/aconteceunovale.com.br\/portal\/index.php?rest_route=\/wp\/v2\/posts\/61317\/revisions"}],"predecessor-version":[{"id":200098,"href":"https:\/\/aconteceunovale.com.br\/portal\/index.php?rest_route=\/wp\/v2\/posts\/61317\/revisions\/200098"}],"wp:featuredmedia":[{"embeddable":true,"href":"https:\/\/aconteceunovale.com.br\/portal\/index.php?rest_route=\/wp\/v2\/media\/61318"}],"wp:attachment":[{"href":"https:\/\/aconteceunovale.com.br\/portal\/index.php?rest_route=%2Fwp%2Fv2%2Fmedia&parent=61317"}],"wp:term":[{"taxonomy":"category","embeddable":true,"href":"https:\/\/aconteceunovale.com.br\/portal\/index.php?rest_route=%2Fwp%2Fv2%2Fcategories&post=61317"},{"taxonomy":"post_tag","embeddable":true,"href":"https:\/\/aconteceunovale.com.br\/portal\/index.php?rest_route=%2Fwp%2Fv2%2Ftags&post=61317"}],"curies":[{"name":"wp","href":"https:\/\/api.w.org\/{rel}","templated":true}]}}