{"id":61313,"date":"2015-06-16T11:47:22","date_gmt":"2015-06-16T14:47:22","guid":{"rendered":"http:\/\/aconteceunovale.com.br\/portal\/?p=61313"},"modified":"2015-06-16T11:49:25","modified_gmt":"2015-06-16T14:49:25","slug":"abertas-as-inscricoes-para-o-programa-universidade-para-todos","status":"publish","type":"post","link":"https:\/\/aconteceunovale.com.br\/portal\/?p=61313","title":{"rendered":"Abertas as inscri\u00e7\u00f5es para o Programa Universidade para Todos"},"content":{"rendered":"<h4><strong><em>S\u00e3o ofertadas 116.004 bolsas em 856 institui\u00e7\u00f5es de ensino superior, sendo 68.971 integrais e 47.033 parciais<\/em><\/strong><\/h4>\n<p>Teve in\u00edcio nesta ter\u00e7a-feira (16\/6) o per\u00edodo de inscri\u00e7\u00e3o para o segundo processo seletivo de 2015 do Programa Universidade para Todos (ProUni). S\u00e3o oferecidas 116.004 bolsas em 856 institui\u00e7\u00f5es de ensino superior. As inscri\u00e7\u00f5es poder\u00e3o ser feitas at\u00e9 o dia 18 de junho, no <strong><a href=\"http:\/\/siteprouni.mec.gov.br\/\" target=\"_blank\">site do programa (siteprouni.mec.gov.br)<\/a><\/strong>. O resultado da primeira chamada ser\u00e1 divulgado no dia 22 de junho.<\/p>\n<p>Do total de bolsas dispon\u00edveis, 68.971 s\u00e3o integrais e 47.033 parciais. S\u00e3o Paulo \u00e9 o estado com maior n\u00famero de bolsas ofertadas, com 30.519, seguido de Minas Gerais, 14.335, e Rio Grande do Sul, 8.088.<\/p>\n<p><strong>ProUni<\/strong><\/p>\n<p>O ProUni concede bolsas de estudos integrais e parciais em institui\u00e7\u00f5es particulares de educa\u00e7\u00e3o superior que ofere\u00e7am cursos de gradua\u00e7\u00e3o e sequenciais de forma\u00e7\u00e3o espec\u00edfica.<\/p>\n<p>Criado em 2004 pelo governo federal, o programa \u00e9 dirigido tanto aos estudantes egressos do ensino m\u00e9dio da rede p\u00fablica, quanto \u00e0queles que tenham vindo da rede particular na condi\u00e7\u00e3o de bolsistas integrais, com renda familiar per capita m\u00e1xima de tr\u00eas sal\u00e1rios m\u00ednimos.<\/p>\n<p>Para se inscrever na segunda edi\u00e7\u00e3o de 2015, o candidato deve ter participado do Exame Nacional do Ensino M\u00e9dio (Enem) de 2014 e obtido no m\u00ednimo 450 pontos na m\u00e9dia das notas. Al\u00e9m disso, n\u00e3o pode ter tirado nota zero na reda\u00e7\u00e3o. No momento da inscri\u00e7\u00e3o, ser\u00e1 necess\u00e1rio informar o n\u00famero de inscri\u00e7\u00e3o e a senha usados no Enem.<\/p>\n","protected":false},"excerpt":{"rendered":"<p>S\u00e3o ofertadas 116.004 bolsas em 856 institui\u00e7\u00f5es de ensino superior, sendo 68.971 integrais e 47.033 parciais Teve in\u00edcio nesta ter\u00e7a-feira (16\/6) o per\u00edodo de inscri\u00e7\u00e3o para o segundo processo seletivo de 2015 do Programa Universidade para Todos (ProUni). S\u00e3o oferecidas 116.004 bolsas em 856 institui\u00e7\u00f5es de ensino superior. As inscri\u00e7\u00f5es poder\u00e3o ser feitas at\u00e9 o [&hellip;]<\/p>\n","protected":false},"author":1,"featured_media":31211,"comment_status":"open","ping_status":"closed","sticky":false,"template":"","format":"standard","meta":{"amp_status":"","footnotes":""},"categories":[40238],"tags":[48446,48448,48449,48447,31293,28878,8571,2868,32150,31296],"class_list":["post-61313","post","type-post","status-publish","format-standard","has-post-thumbnail","hentry","category-educacao-2","tag-abertas-as-inscricoes-para-o-programa-universidade-para-todos","tag-bolsas-disponiveis-para-o-prouni","tag-bolsas-prouni","tag-inscrever-no-prouni","tag-inscricoes-para-o-programa-universidade-para-todos","tag-inscricoes-para-o-prouni","tag-programa-universidade-para-todos","tag-prouni","tag-prouni-2015","tag-vagas-no-prouni"],"yoast_head":"<!-- This site is optimized with the Yoast SEO plugin v28.3 - https:\/\/yoast.com\/product\/yoast-seo-wordpress\/ -->\n<title>Abertas as inscri\u00e7\u00f5es para o Programa Universidade para Todos - Aconteceu no Vale<\/title>\n<meta name=\"robots\" content=\"index, follow, max-snippet:-1, max-image-preview:large, max-video-preview:-1\" \/>\n<link rel=\"canonical\" href=\"https:\/\/aconteceunovale.com.br\/portal\/?p=61313\" \/>\n<meta property=\"og:locale\" content=\"pt_BR\" \/>\n<meta property=\"og:type\" content=\"article\" \/>\n<meta property=\"og:title\" content=\"Abertas as inscri\u00e7\u00f5es para o Programa Universidade para Todos - Aconteceu no Vale\" \/>\n<meta property=\"og:description\" content=\"S\u00e3o ofertadas 116.004 bolsas em 856 institui\u00e7\u00f5es de ensino superior, sendo 68.971 integrais e 47.033 parciais Teve in\u00edcio nesta ter\u00e7a-feira (16\/6) o per\u00edodo de inscri\u00e7\u00e3o para o segundo processo seletivo de 2015 do Programa Universidade para Todos (ProUni). S\u00e3o oferecidas 116.004 bolsas em 856 institui\u00e7\u00f5es de ensino superior. As inscri\u00e7\u00f5es poder\u00e3o ser feitas at\u00e9 o [&hellip;]\" \/>\n<meta property=\"og:url\" content=\"https:\/\/aconteceunovale.com.br\/portal\/?p=61313\" \/>\n<meta property=\"og:site_name\" content=\"Aconteceu no Vale\" \/>\n<meta property=\"article:publisher\" content=\"https:\/\/www.facebook.com\/aconteceunovale\/\" \/>\n<meta property=\"article:published_time\" content=\"2015-06-16T14:47:22+00:00\" \/>\n<meta property=\"article:modified_time\" content=\"2015-06-16T14:49:25+00:00\" \/>\n<meta property=\"og:image\" content=\"https:\/\/aconteceunovale.com.br\/portal\/wp-content\/uploads\/2014\/06\/prouni_2014.jpg\" \/>\n\t<meta property=\"og:image:width\" content=\"600\" \/>\n\t<meta property=\"og:image:height\" content=\"450\" \/>\n\t<meta property=\"og:image:type\" content=\"image\/jpeg\" \/>\n<meta name=\"author\" content=\"Aconteceu no Vale\" \/>\n<meta name=\"twitter:card\" content=\"summary_large_image\" \/>\n<meta name=\"twitter:creator\" content=\"@noticiadosvales\" \/>\n<meta name=\"twitter:site\" content=\"@noticiadosvales\" \/>\n<meta name=\"twitter:label1\" content=\"Escrito por\" \/>\n\t<meta name=\"twitter:data1\" content=\"Aconteceu no Vale\" \/>\n\t<meta name=\"twitter:label2\" content=\"Est. tempo de leitura\" \/>\n\t<meta name=\"twitter:data2\" content=\"1 minuto\" \/>\n<script type=\"application\/ld+json\" class=\"yoast-schema-graph\">{\"@context\":\"https:\\\/\\\/schema.org\",\"@graph\":[{\"@type\":\"Article\",\"@id\":\"https:\\\/\\\/aconteceunovale.com.br\\\/portal\\\/?p=61313#article\",\"isPartOf\":{\"@id\":\"https:\\\/\\\/aconteceunovale.com.br\\\/portal\\\/?p=61313\"},\"author\":{\"name\":\"Aconteceu no Vale\",\"@id\":\"https:\\\/\\\/aconteceunovale.com.br\\\/portal\\\/#\\\/schema\\\/person\\\/633529146f2c94272bef50ac2953d589\"},\"headline\":\"Abertas as inscri\u00e7\u00f5es para o Programa Universidade para Todos\",\"datePublished\":\"2015-06-16T14:47:22+00:00\",\"dateModified\":\"2015-06-16T14:49:25+00:00\",\"mainEntityOfPage\":{\"@id\":\"https:\\\/\\\/aconteceunovale.com.br\\\/portal\\\/?p=61313\"},\"wordCount\":269,\"commentCount\":0,\"image\":{\"@id\":\"https:\\\/\\\/aconteceunovale.com.br\\\/portal\\\/?p=61313#primaryimage\"},\"thumbnailUrl\":\"https:\\\/\\\/aconteceunovale.com.br\\\/portal\\\/wp-content\\\/uploads\\\/2014\\\/06\\\/prouni_2014.jpg\",\"keywords\":[\"Abertas as inscri\u00e7\u00f5es para o Programa Universidade para Todos\",\"bolsas dispon\u00edveis para o prouni\",\"bolsas prouni\",\"inscrever no prouni\",\"inscri\u00e7\u00f5es para o Programa Universidade para Todos\",\"Inscri\u00e7\u00f5es para o ProUni\",\"Programa Universidade para Todos\",\"Prouni\",\"Prouni 2015\",\"vagas no prouni\"],\"articleSection\":[\"Educa\u00e7\u00e3o\"],\"inLanguage\":\"pt-BR\",\"potentialAction\":[{\"@type\":\"CommentAction\",\"name\":\"Comment\",\"target\":[\"https:\\\/\\\/aconteceunovale.com.br\\\/portal\\\/?p=61313#respond\"]}]},{\"@type\":\"WebPage\",\"@id\":\"https:\\\/\\\/aconteceunovale.com.br\\\/portal\\\/?p=61313\",\"url\":\"https:\\\/\\\/aconteceunovale.com.br\\\/portal\\\/?p=61313\",\"name\":\"Abertas as inscri\u00e7\u00f5es para o Programa Universidade para Todos - Aconteceu no Vale\",\"isPartOf\":{\"@id\":\"https:\\\/\\\/aconteceunovale.com.br\\\/portal\\\/#website\"},\"primaryImageOfPage\":{\"@id\":\"https:\\\/\\\/aconteceunovale.com.br\\\/portal\\\/?p=61313#primaryimage\"},\"image\":{\"@id\":\"https:\\\/\\\/aconteceunovale.com.br\\\/portal\\\/?p=61313#primaryimage\"},\"thumbnailUrl\":\"https:\\\/\\\/aconteceunovale.com.br\\\/portal\\\/wp-content\\\/uploads\\\/2014\\\/06\\\/prouni_2014.jpg\",\"datePublished\":\"2015-06-16T14:47:22+00:00\",\"dateModified\":\"2015-06-16T14:49:25+00:00\",\"author\":{\"@id\":\"https:\\\/\\\/aconteceunovale.com.br\\\/portal\\\/#\\\/schema\\\/person\\\/633529146f2c94272bef50ac2953d589\"},\"breadcrumb\":{\"@id\":\"https:\\\/\\\/aconteceunovale.com.br\\\/portal\\\/?p=61313#breadcrumb\"},\"inLanguage\":\"pt-BR\",\"potentialAction\":[{\"@type\":\"ReadAction\",\"target\":[\"https:\\\/\\\/aconteceunovale.com.br\\\/portal\\\/?p=61313\"]}]},{\"@type\":\"ImageObject\",\"inLanguage\":\"pt-BR\",\"@id\":\"https:\\\/\\\/aconteceunovale.com.br\\\/portal\\\/?p=61313#primaryimage\",\"url\":\"https:\\\/\\\/aconteceunovale.com.br\\\/portal\\\/wp-content\\\/uploads\\\/2014\\\/06\\\/prouni_2014.jpg\",\"contentUrl\":\"https:\\\/\\\/aconteceunovale.com.br\\\/portal\\\/wp-content\\\/uploads\\\/2014\\\/06\\\/prouni_2014.jpg\",\"width\":600,\"height\":450},{\"@type\":\"BreadcrumbList\",\"@id\":\"https:\\\/\\\/aconteceunovale.com.br\\\/portal\\\/?p=61313#breadcrumb\",\"itemListElement\":[{\"@type\":\"ListItem\",\"position\":1,\"name\":\"In\u00edcio\",\"item\":\"https:\\\/\\\/aconteceunovale.com.br\\\/portal\\\/\"},{\"@type\":\"ListItem\",\"position\":2,\"name\":\"Abertas as inscri\u00e7\u00f5es para o Programa Universidade para Todos\"}]},{\"@type\":\"WebSite\",\"@id\":\"https:\\\/\\\/aconteceunovale.com.br\\\/portal\\\/#website\",\"url\":\"https:\\\/\\\/aconteceunovale.com.br\\\/portal\\\/\",\"name\":\"Aconteceu no Vale\",\"description\":\"Portal de Not\u00edcias\",\"potentialAction\":[{\"@type\":\"SearchAction\",\"target\":{\"@type\":\"EntryPoint\",\"urlTemplate\":\"https:\\\/\\\/aconteceunovale.com.br\\\/portal\\\/?s={search_term_string}\"},\"query-input\":{\"@type\":\"PropertyValueSpecification\",\"valueRequired\":true,\"valueName\":\"search_term_string\"}}],\"inLanguage\":\"pt-BR\"},{\"@type\":\"Person\",\"@id\":\"https:\\\/\\\/aconteceunovale.com.br\\\/portal\\\/#\\\/schema\\\/person\\\/633529146f2c94272bef50ac2953d589\",\"name\":\"Aconteceu no Vale\",\"description\":\"Equipe de reportagem do Aconteceu no Vale, portal de not\u00edcias do Vale do Jequitinhonha, em Minas Gerais. Cobrimos as 51 cidades do Vale desde 2013. Sugest\u00f5es de pauta e pedidos de corre\u00e7\u00e3o: contato@aconteceunovale.com.br\",\"sameAs\":[\"http:\\\/\\\/www.aconteceunovale.com.br\"],\"url\":\"https:\\\/\\\/aconteceunovale.com.br\\\/portal\\\/?author=1\"}]}<\/script>\n<!-- \/ Yoast SEO plugin. -->","yoast_head_json":{"title":"Abertas as inscri\u00e7\u00f5es para o Programa Universidade para Todos - Aconteceu no Vale","robots":{"index":"index","follow":"follow","max-snippet":"max-snippet:-1","max-image-preview":"max-image-preview:large","max-video-preview":"max-video-preview:-1"},"canonical":"https:\/\/aconteceunovale.com.br\/portal\/?p=61313","og_locale":"pt_BR","og_type":"article","og_title":"Abertas as inscri\u00e7\u00f5es para o Programa Universidade para Todos - Aconteceu no Vale","og_description":"S\u00e3o ofertadas 116.004 bolsas em 856 institui\u00e7\u00f5es de ensino superior, sendo 68.971 integrais e 47.033 parciais Teve in\u00edcio nesta ter\u00e7a-feira (16\/6) o per\u00edodo de inscri\u00e7\u00e3o para o segundo processo seletivo de 2015 do Programa Universidade para Todos (ProUni). S\u00e3o oferecidas 116.004 bolsas em 856 institui\u00e7\u00f5es de ensino superior. As inscri\u00e7\u00f5es poder\u00e3o ser feitas at\u00e9 o [&hellip;]","og_url":"https:\/\/aconteceunovale.com.br\/portal\/?p=61313","og_site_name":"Aconteceu no Vale","article_publisher":"https:\/\/www.facebook.com\/aconteceunovale\/","article_published_time":"2015-06-16T14:47:22+00:00","article_modified_time":"2015-06-16T14:49:25+00:00","og_image":[{"width":600,"height":450,"url":"https:\/\/aconteceunovale.com.br\/portal\/wp-content\/uploads\/2014\/06\/prouni_2014.jpg","type":"image\/jpeg"}],"author":"Aconteceu no Vale","twitter_card":"summary_large_image","twitter_creator":"@noticiadosvales","twitter_site":"@noticiadosvales","twitter_misc":{"Escrito por":"Aconteceu no Vale","Est. tempo de leitura":"1 minuto"},"schema":{"@context":"https:\/\/schema.org","@graph":[{"@type":"Article","@id":"https:\/\/aconteceunovale.com.br\/portal\/?p=61313#article","isPartOf":{"@id":"https:\/\/aconteceunovale.com.br\/portal\/?p=61313"},"author":{"name":"Aconteceu no Vale","@id":"https:\/\/aconteceunovale.com.br\/portal\/#\/schema\/person\/633529146f2c94272bef50ac2953d589"},"headline":"Abertas as inscri\u00e7\u00f5es para o Programa Universidade para Todos","datePublished":"2015-06-16T14:47:22+00:00","dateModified":"2015-06-16T14:49:25+00:00","mainEntityOfPage":{"@id":"https:\/\/aconteceunovale.com.br\/portal\/?p=61313"},"wordCount":269,"commentCount":0,"image":{"@id":"https:\/\/aconteceunovale.com.br\/portal\/?p=61313#primaryimage"},"thumbnailUrl":"https:\/\/aconteceunovale.com.br\/portal\/wp-content\/uploads\/2014\/06\/prouni_2014.jpg","keywords":["Abertas as inscri\u00e7\u00f5es para o Programa Universidade para Todos","bolsas dispon\u00edveis para o prouni","bolsas prouni","inscrever no prouni","inscri\u00e7\u00f5es para o Programa Universidade para Todos","Inscri\u00e7\u00f5es para o ProUni","Programa Universidade para Todos","Prouni","Prouni 2015","vagas no prouni"],"articleSection":["Educa\u00e7\u00e3o"],"inLanguage":"pt-BR","potentialAction":[{"@type":"CommentAction","name":"Comment","target":["https:\/\/aconteceunovale.com.br\/portal\/?p=61313#respond"]}]},{"@type":"WebPage","@id":"https:\/\/aconteceunovale.com.br\/portal\/?p=61313","url":"https:\/\/aconteceunovale.com.br\/portal\/?p=61313","name":"Abertas as inscri\u00e7\u00f5es para o Programa Universidade para Todos - Aconteceu no Vale","isPartOf":{"@id":"https:\/\/aconteceunovale.com.br\/portal\/#website"},"primaryImageOfPage":{"@id":"https:\/\/aconteceunovale.com.br\/portal\/?p=61313#primaryimage"},"image":{"@id":"https:\/\/aconteceunovale.com.br\/portal\/?p=61313#primaryimage"},"thumbnailUrl":"https:\/\/aconteceunovale.com.br\/portal\/wp-content\/uploads\/2014\/06\/prouni_2014.jpg","datePublished":"2015-06-16T14:47:22+00:00","dateModified":"2015-06-16T14:49:25+00:00","author":{"@id":"https:\/\/aconteceunovale.com.br\/portal\/#\/schema\/person\/633529146f2c94272bef50ac2953d589"},"breadcrumb":{"@id":"https:\/\/aconteceunovale.com.br\/portal\/?p=61313#breadcrumb"},"inLanguage":"pt-BR","potentialAction":[{"@type":"ReadAction","target":["https:\/\/aconteceunovale.com.br\/portal\/?p=61313"]}]},{"@type":"ImageObject","inLanguage":"pt-BR","@id":"https:\/\/aconteceunovale.com.br\/portal\/?p=61313#primaryimage","url":"https:\/\/aconteceunovale.com.br\/portal\/wp-content\/uploads\/2014\/06\/prouni_2014.jpg","contentUrl":"https:\/\/aconteceunovale.com.br\/portal\/wp-content\/uploads\/2014\/06\/prouni_2014.jpg","width":600,"height":450},{"@type":"BreadcrumbList","@id":"https:\/\/aconteceunovale.com.br\/portal\/?p=61313#breadcrumb","itemListElement":[{"@type":"ListItem","position":1,"name":"In\u00edcio","item":"https:\/\/aconteceunovale.com.br\/portal\/"},{"@type":"ListItem","position":2,"name":"Abertas as inscri\u00e7\u00f5es para o Programa Universidade para Todos"}]},{"@type":"WebSite","@id":"https:\/\/aconteceunovale.com.br\/portal\/#website","url":"https:\/\/aconteceunovale.com.br\/portal\/","name":"Aconteceu no Vale","description":"Portal de Not\u00edcias","potentialAction":[{"@type":"SearchAction","target":{"@type":"EntryPoint","urlTemplate":"https:\/\/aconteceunovale.com.br\/portal\/?s={search_term_string}"},"query-input":{"@type":"PropertyValueSpecification","valueRequired":true,"valueName":"search_term_string"}}],"inLanguage":"pt-BR"},{"@type":"Person","@id":"https:\/\/aconteceunovale.com.br\/portal\/#\/schema\/person\/633529146f2c94272bef50ac2953d589","name":"Aconteceu no Vale","description":"Equipe de reportagem do Aconteceu no Vale, portal de not\u00edcias do Vale do Jequitinhonha, em Minas Gerais. Cobrimos as 51 cidades do Vale desde 2013. Sugest\u00f5es de pauta e pedidos de corre\u00e7\u00e3o: contato@aconteceunovale.com.br","sameAs":["http:\/\/www.aconteceunovale.com.br"],"url":"https:\/\/aconteceunovale.com.br\/portal\/?author=1"}]}},"_links":{"self":[{"href":"https:\/\/aconteceunovale.com.br\/portal\/index.php?rest_route=\/wp\/v2\/posts\/61313","targetHints":{"allow":["GET"]}}],"collection":[{"href":"https:\/\/aconteceunovale.com.br\/portal\/index.php?rest_route=\/wp\/v2\/posts"}],"about":[{"href":"https:\/\/aconteceunovale.com.br\/portal\/index.php?rest_route=\/wp\/v2\/types\/post"}],"author":[{"embeddable":true,"href":"https:\/\/aconteceunovale.com.br\/portal\/index.php?rest_route=\/wp\/v2\/users\/1"}],"replies":[{"embeddable":true,"href":"https:\/\/aconteceunovale.com.br\/portal\/index.php?rest_route=%2Fwp%2Fv2%2Fcomments&post=61313"}],"version-history":[{"count":0,"href":"https:\/\/aconteceunovale.com.br\/portal\/index.php?rest_route=\/wp\/v2\/posts\/61313\/revisions"}],"wp:featuredmedia":[{"embeddable":true,"href":"https:\/\/aconteceunovale.com.br\/portal\/index.php?rest_route=\/wp\/v2\/media\/31211"}],"wp:attachment":[{"href":"https:\/\/aconteceunovale.com.br\/portal\/index.php?rest_route=%2Fwp%2Fv2%2Fmedia&parent=61313"}],"wp:term":[{"taxonomy":"category","embeddable":true,"href":"https:\/\/aconteceunovale.com.br\/portal\/index.php?rest_route=%2Fwp%2Fv2%2Fcategories&post=61313"},{"taxonomy":"post_tag","embeddable":true,"href":"https:\/\/aconteceunovale.com.br\/portal\/index.php?rest_route=%2Fwp%2Fv2%2Ftags&post=61313"}],"curies":[{"name":"wp","href":"https:\/\/api.w.org\/{rel}","templated":true}]}}