{"id":61295,"date":"2015-06-16T08:35:58","date_gmt":"2015-06-16T11:35:58","guid":{"rendered":"http:\/\/aconteceunovale.com.br\/portal\/?p=61295"},"modified":"2015-06-16T08:35:58","modified_gmt":"2015-06-16T11:35:58","slug":"plantao-do-samu-no-norte-de-minas-gerais-15-de-junho-de-2015","status":"publish","type":"post","link":"https:\/\/aconteceunovale.com.br\/portal\/?p=61295","title":{"rendered":"Plant\u00e3o do Samu no Norte de Minas Gerais &#8211; 15 de junho de 2015"},"content":{"rendered":"<h4><strong><em>Segunda-feira, 15 de junho de 2015<\/em><\/strong><\/h4>\n<p>As unidades do SAMU realizaram na segunda-feira, em Montes Claros, 40 atendimentos, sendo 32 casos cl\u00ednicos e 7 ocorr\u00eancias de acidente de tr\u00e2nsito; e 02 homens feridos por arma na noite de ontem, no residencial Monte Si\u00e3o. <\/p>\n<p>\u00c0s 21h40, a unidade do Samu foi acionada para atendimento a um homem de 20 anos, que caiu de bicicleta no bairro de Lourdes. Ele estava sob efeito de drogas e alcoolizado e sofreu um corte no rosto, na orelha direita e no p\u00e9 esquerdo.<\/p>\n<p>\u00c0s 20h55, o atendimento do Samu foi no Residencial Monte Si\u00e3o, onde dois homens foram feridos por arma de fogo. Um deles n\u00e3o resistiu aos ferimentos e morreu no local e o outro, de 25 anos, foi atingido por quatro tiros e foi encaminhado ao hospital.<\/p>\n<p>\u00c0s 19h50, uma mulher de 26 anos colidiu de moto contra um carro no bairro Morada do Sol e se queixava de dor na regi\u00e3o lombar.  \u00c0s 12h40, um homem de 28 anos ficou ferido em um acidente envolvendo duas motocicletas, ocorrido no bairro S\u00e3o Jos\u00e9. \u00c0s 12h30, uma mulher de 40 anos ficou ferida em um acidente envolvendo duas motos, ocorrida na rua General Carneiro, no Centro da cidade.<\/p>\n<p>\u00c0s 10h30, a unidade do Samu foi acionada para atendimento a um homem de 38 anos, que caiu de bicicleta no bairro Nossa Senhora das Gra\u00e7as. \u00c0s 9h10, uma mulher de 20 anos foi atropelada por um carro no bairro Ibituruna. Ela transitava de moto e foi atingida pelo carro, sofrendo ferimentos no tornozelo direito.<\/p>\n<p>\u00c0s 7h, a unidade do Samu foi acionada para atendimento a um homem de 29 anos, que caiu de bicicleta ap\u00f3s ser atingido por uma moto, no bairro Novo Delfino. Ele estava consciente e orientado, apresentando escoria\u00e7\u00f5es e luxa\u00e7\u00e3o e se queixando de dor no p\u00e9 direito.<\/p>\n<p>Em todas as ocorr\u00eancias os feridos receberam os primeiros atendimentos no local e foram encaminhados ao hospital para avalia\u00e7\u00e3o. (Jer\u00fasia Arruda)<\/p>\n","protected":false},"excerpt":{"rendered":"<p>Segunda-feira, 15 de junho de 2015 As unidades do SAMU realizaram na segunda-feira, em Montes Claros, 40 atendimentos, sendo 32 casos cl\u00ednicos e 7 ocorr\u00eancias de acidente de tr\u00e2nsito; e 02 homens feridos por arma na noite de ontem, no residencial Monte Si\u00e3o. \u00c0s 21h40, a unidade do Samu foi acionada para atendimento a um [&hellip;]<\/p>\n","protected":false},"author":1,"featured_media":58741,"comment_status":"open","ping_status":"closed","sticky":false,"template":"","format":"standard","meta":{"amp_status":"","footnotes":""},"categories":[1236],"tags":[206036,210,24659,24089,18898,18108,48422,21139,4040],"class_list":["post-61295","post","type-post","status-publish","format-standard","has-post-thumbnail","hentry","category-norte_de_minas","tag-jerusia-arruda","tag-montes-claros","tag-plantao-do-samu-de-montes-claros","tag-plantao-do-samu-do-norte-de-minas","tag-plantao-do-samu-macro-norte","tag-plantao-do-samu-no-norte-de-minas-gerais","tag-plantao-do-samu-no-norte-de-minas-gerais-15-de-junho-de-2015","tag-samu-do-norte-de-minas","tag-samu-macro-norte"],"_links":{"self":[{"href":"https:\/\/aconteceunovale.com.br\/portal\/index.php?rest_route=\/wp\/v2\/posts\/61295","targetHints":{"allow":["GET"]}}],"collection":[{"href":"https:\/\/aconteceunovale.com.br\/portal\/index.php?rest_route=\/wp\/v2\/posts"}],"about":[{"href":"https:\/\/aconteceunovale.com.br\/portal\/index.php?rest_route=\/wp\/v2\/types\/post"}],"author":[{"embeddable":true,"href":"https:\/\/aconteceunovale.com.br\/portal\/index.php?rest_route=\/wp\/v2\/users\/1"}],"replies":[{"embeddable":true,"href":"https:\/\/aconteceunovale.com.br\/portal\/index.php?rest_route=%2Fwp%2Fv2%2Fcomments&post=61295"}],"version-history":[{"count":0,"href":"https:\/\/aconteceunovale.com.br\/portal\/index.php?rest_route=\/wp\/v2\/posts\/61295\/revisions"}],"wp:featuredmedia":[{"embeddable":true,"href":"https:\/\/aconteceunovale.com.br\/portal\/index.php?rest_route=\/wp\/v2\/media\/58741"}],"wp:attachment":[{"href":"https:\/\/aconteceunovale.com.br\/portal\/index.php?rest_route=%2Fwp%2Fv2%2Fmedia&parent=61295"}],"wp:term":[{"taxonomy":"category","embeddable":true,"href":"https:\/\/aconteceunovale.com.br\/portal\/index.php?rest_route=%2Fwp%2Fv2%2Fcategories&post=61295"},{"taxonomy":"post_tag","embeddable":true,"href":"https:\/\/aconteceunovale.com.br\/portal\/index.php?rest_route=%2Fwp%2Fv2%2Ftags&post=61295"}],"curies":[{"name":"wp","href":"https:\/\/api.w.org\/{rel}","templated":true}]}}