{"id":61292,"date":"2015-06-16T08:28:50","date_gmt":"2015-06-16T11:28:50","guid":{"rendered":"http:\/\/aconteceunovale.com.br\/portal\/?p=61292"},"modified":"2015-06-16T08:28:50","modified_gmt":"2015-06-16T11:28:50","slug":"estado-busca-certificacao-internacional-como-area-livre-de-peste-suina-classica","status":"publish","type":"post","link":"https:\/\/aconteceunovale.com.br\/portal\/?p=61292","title":{"rendered":"Estado busca certifica\u00e7\u00e3o internacional como \u00e1rea livre de peste su\u00edna cl\u00e1ssica"},"content":{"rendered":"<h4><strong><em>Reconhecimento poder\u00e1 ampliar exporta\u00e7\u00f5es internacionais. Estado possui um plantel com 3,2 milh\u00f5es de su\u00ednos.<\/em><\/strong><\/h4>\n<p>O Estado de Minas Gerais \u00e9 certificado nacionalmente como livre de peste su\u00edna cl\u00e1ssica pelo Minist\u00e9rio da Agricultura, Pecu\u00e1ria e Abastecimento (MAPA), desde 2001. O estado busca, agora, ampliar as vendas no mercado externo, principalmente para a Uni\u00e3o Europeia. Para tanto, representantes do setor produtivo suin\u00edcola mineiro e o Instituto Mineiro de Agropecu\u00e1ria (IMA) participaram, em Bras\u00edlia, de reuni\u00e3o do Departamento de Sa\u00fade Animal do MAPA sobre o reconhecimento internacional da zona livre de peste su\u00edna cl\u00e1ssica pela Organiza\u00e7\u00e3o Internacional de Epizotias (OIE). Na oportunidade, discutiram estrat\u00e9gias que v\u00e3o permitir ao estado solicitar o reconhecimento internacional de \u00e1rea livre da doen\u00e7a.<\/p>\n<p>\u201cO reconhecimento internacional de zona livre de peste su\u00edna cl\u00e1ssica, al\u00e9m de nos permitir ampliar as exporta\u00e7\u00f5es e gerar mais renda para o estado, demonstrar\u00e1 a responsabilidade e o cuidado que Minas tem mantido na \u00e1rea de defesa sanit\u00e1ria. Para que o estado possa solicitar este reconhecimento foi necess\u00e1rio uma s\u00e9rie de procedimentos que comprovam o sistema de vigil\u00e2ncia da doen\u00e7a em Minas, como a coleta de soro de reprodutores em frigor\u00edficos  e o atendimento pelo IMA \u00e0 notifica\u00e7\u00e3o de suspeita de doen\u00e7as\u201d, ressalta a fiscal agropecu\u00e1ria do IMA e uma das respons\u00e1veis pelo Programa Estadual de Sanidade Su\u00eddea, Claudia Ziviani.<\/p>\n<p><img decoding=\"async\" src=\"http:\/\/aconteceunovale.com.br\/portal\/wp-content\/uploads\/2015\/06\/minas-busca-certificacao-internacional-como-area-livre-de-peste-suina-classica.jpg\" alt=\"\" \/><em>Minas ocupa o 1\u00ba lugar em exporta\u00e7\u00e3o de gen\u00e9tica para o mercado dom\u00e9stico &#8211; Foto: Divulga\u00e7\u00e3o\/IMA<\/em><br \/>\n<\/br><\/p>\n<p><strong>Exporta\u00e7\u00e3o de gen\u00e9tica<\/strong><\/p>\n<p>Minas Gerais possui um plantel com 3,2 milh\u00f5es de su\u00ednos em 1,2 mil granjas, sendo 32 delas Granjas de Reprodutores de Su\u00ednos Certificadas (GRSC). Al\u00e9m disso, Minas ocupa o primeiro lugar nacional em exporta\u00e7\u00e3o de gen\u00e9tica para o mercado dom\u00e9stico. \u201cAp\u00f3s a obten\u00e7\u00e3o do reconhecimento, continuaremos o trabalho de vigil\u00e2ncia ativa e de qualidade de nossos su\u00eddeos. Somos o quarto produtor e exportador da carne no Brasil, mas o fato de sermos o primeiro em exporta\u00e7\u00e3o de gen\u00e9tica no mercado interno, nos motiva a buscar melhorias cont\u00ednuas nas granjas, a fim de aumentar a produ\u00e7\u00e3o e, consequentemente, a venda da carne su\u00edna para outros pa\u00edses\u201d, argumentou.<\/p>\n<p>Em 2014, Minas exportou 42 mil toneladas, com receita bruta de U$ 156, 8 milh\u00f5es. O Brasil exportou 490 mil toneladas com faturamento de US$ 1,6 bilh\u00e3o. A R\u00fassia \u00e9 o principal destino do produto brasileiro, com 51% do consumo, seguido da China, 17,6% e de Singapura, 6%. (Ag\u00eancia Minas)<\/p>\n","protected":false},"excerpt":{"rendered":"<p>Reconhecimento poder\u00e1 ampliar exporta\u00e7\u00f5es internacionais. Estado possui um plantel com 3,2 milh\u00f5es de su\u00ednos. O Estado de Minas Gerais \u00e9 certificado nacionalmente como livre de peste su\u00edna cl\u00e1ssica pelo Minist\u00e9rio da Agricultura, Pecu\u00e1ria e Abastecimento (MAPA), desde 2001. O estado busca, agora, ampliar as vendas no mercado externo, principalmente para a Uni\u00e3o Europeia. Para tanto, [&hellip;]<\/p>\n","protected":false},"author":1,"featured_media":61293,"comment_status":"open","ping_status":"closed","sticky":false,"template":"","format":"standard","meta":{"amp_status":"","footnotes":""},"categories":[123],"tags":[48417,48416,48418,48419,48421,48420],"class_list":["post-61292","post","type-post","status-publish","format-standard","has-post-thumbnail","hentry","category-gerais","tag-area-livre-de-peste-suina-classica","tag-estado-busca-certificacao-internacional-como-area-livre-de-peste-suina-classica","tag-livre-de-peste-suina-classica","tag-minas-gerais-livre-de-peste-suina-classica","tag-minas-ocupa-o-primeiro-lugar-nacional-em-exportacao-de-genetica-para-o-mercado-domestico","tag-peste-suina-classica"],"_links":{"self":[{"href":"https:\/\/aconteceunovale.com.br\/portal\/index.php?rest_route=\/wp\/v2\/posts\/61292","targetHints":{"allow":["GET"]}}],"collection":[{"href":"https:\/\/aconteceunovale.com.br\/portal\/index.php?rest_route=\/wp\/v2\/posts"}],"about":[{"href":"https:\/\/aconteceunovale.com.br\/portal\/index.php?rest_route=\/wp\/v2\/types\/post"}],"author":[{"embeddable":true,"href":"https:\/\/aconteceunovale.com.br\/portal\/index.php?rest_route=\/wp\/v2\/users\/1"}],"replies":[{"embeddable":true,"href":"https:\/\/aconteceunovale.com.br\/portal\/index.php?rest_route=%2Fwp%2Fv2%2Fcomments&post=61292"}],"version-history":[{"count":0,"href":"https:\/\/aconteceunovale.com.br\/portal\/index.php?rest_route=\/wp\/v2\/posts\/61292\/revisions"}],"wp:featuredmedia":[{"embeddable":true,"href":"https:\/\/aconteceunovale.com.br\/portal\/index.php?rest_route=\/wp\/v2\/media\/61293"}],"wp:attachment":[{"href":"https:\/\/aconteceunovale.com.br\/portal\/index.php?rest_route=%2Fwp%2Fv2%2Fmedia&parent=61292"}],"wp:term":[{"taxonomy":"category","embeddable":true,"href":"https:\/\/aconteceunovale.com.br\/portal\/index.php?rest_route=%2Fwp%2Fv2%2Fcategories&post=61292"},{"taxonomy":"post_tag","embeddable":true,"href":"https:\/\/aconteceunovale.com.br\/portal\/index.php?rest_route=%2Fwp%2Fv2%2Ftags&post=61292"}],"curies":[{"name":"wp","href":"https:\/\/api.w.org\/{rel}","templated":true}]}}