{"id":61285,"date":"2015-06-16T08:17:22","date_gmt":"2015-06-16T11:17:22","guid":{"rendered":"http:\/\/aconteceunovale.com.br\/portal\/?p=61285"},"modified":"2015-06-16T08:17:36","modified_gmt":"2015-06-16T11:17:36","slug":"previsao-do-tempo-para-minas-gerais-nesta-terca-feira-16-de-junho","status":"publish","type":"post","link":"https:\/\/aconteceunovale.com.br\/portal\/?p=61285","title":{"rendered":"Previs\u00e3o do tempo para Minas Gerais nesta ter\u00e7a-feira, 16 de junho"},"content":{"rendered":"<h4><strong><em>Frente fria que avan\u00e7a sobre o litoral do Sudeste provoca aumento da nebulosidade e chuvas fracas em \u00e1reas isoladas do estado<\/em><\/strong><\/h4>\n<p>Nesta ter\u00e7a-feira (16\/6), a passagem de uma frente fria sobre o litoral do Sudeste do pa\u00eds contribui para o aumento da nebulosidade e chuvas fracas em \u00e1reas isoladas em parte de Minas Gerais, sobretudo, no Tri\u00e2ngulo, Oeste, Centro, Sul, Campo das Vertentes, Zona da Mata e Vale do Rio Doce. Nas demais regi\u00f5es mineiras, o tempo fica ensolarado a parcialmente nublado.<\/p>\n<p>Na Regi\u00e3o Metropolitana de Belo Horizonte, o c\u00e9u fica parcialmente nublado a nublado, com chuvas fracas em \u00e1reas isoladas. Na capital mineira, as temperaturas oscilam entre 17\u00b0C e 26\u00b0C, com umidade do ar na casa dos 50% \u00e0 tarde. As temperaturas ficar\u00e3o em decl\u00ednio nos pr\u00f3ximos dias em resposta \u00e0 incurs\u00e3o de uma massa de ar frio que segue na retaguarda da frente fria.<\/p>\n","protected":false},"excerpt":{"rendered":"<p>Frente fria que avan\u00e7a sobre o litoral do Sudeste provoca aumento da nebulosidade e chuvas fracas em \u00e1reas isoladas do estado Nesta ter\u00e7a-feira (16\/6), a passagem de uma frente fria sobre o litoral do Sudeste do pa\u00eds contribui para o aumento da nebulosidade e chuvas fracas em \u00e1reas isoladas em parte de Minas Gerais, sobretudo, [&hellip;]<\/p>\n","protected":false},"author":1,"featured_media":51728,"comment_status":"open","ping_status":"closed","sticky":false,"template":"","format":"standard","meta":{"amp_status":"","footnotes":""},"categories":[123],"tags":[48407,36891,1956,1839,28255,48408],"class_list":["post-61285","post","type-post","status-publish","format-standard","has-post-thumbnail","hentry","category-gerais","tag-16-de-junho","tag-nesta-terca-feira","tag-previsao-do-tempo","tag-previsao-do-tempo-para-minas-gerais","tag-previsao-do-tempo-para-minas-gerais-nesta-terca-feira","tag-previsao-do-tempo-para-minas-gerais-nesta-terca-feira-16-de-junho"],"_links":{"self":[{"href":"https:\/\/aconteceunovale.com.br\/portal\/index.php?rest_route=\/wp\/v2\/posts\/61285","targetHints":{"allow":["GET"]}}],"collection":[{"href":"https:\/\/aconteceunovale.com.br\/portal\/index.php?rest_route=\/wp\/v2\/posts"}],"about":[{"href":"https:\/\/aconteceunovale.com.br\/portal\/index.php?rest_route=\/wp\/v2\/types\/post"}],"author":[{"embeddable":true,"href":"https:\/\/aconteceunovale.com.br\/portal\/index.php?rest_route=\/wp\/v2\/users\/1"}],"replies":[{"embeddable":true,"href":"https:\/\/aconteceunovale.com.br\/portal\/index.php?rest_route=%2Fwp%2Fv2%2Fcomments&post=61285"}],"version-history":[{"count":0,"href":"https:\/\/aconteceunovale.com.br\/portal\/index.php?rest_route=\/wp\/v2\/posts\/61285\/revisions"}],"wp:featuredmedia":[{"embeddable":true,"href":"https:\/\/aconteceunovale.com.br\/portal\/index.php?rest_route=\/wp\/v2\/media\/51728"}],"wp:attachment":[{"href":"https:\/\/aconteceunovale.com.br\/portal\/index.php?rest_route=%2Fwp%2Fv2%2Fmedia&parent=61285"}],"wp:term":[{"taxonomy":"category","embeddable":true,"href":"https:\/\/aconteceunovale.com.br\/portal\/index.php?rest_route=%2Fwp%2Fv2%2Fcategories&post=61285"},{"taxonomy":"post_tag","embeddable":true,"href":"https:\/\/aconteceunovale.com.br\/portal\/index.php?rest_route=%2Fwp%2Fv2%2Ftags&post=61285"}],"curies":[{"name":"wp","href":"https:\/\/api.w.org\/{rel}","templated":true}]}}