{"id":61275,"date":"2015-06-15T22:32:41","date_gmt":"2015-06-16T01:32:41","guid":{"rendered":"http:\/\/aconteceunovale.com.br\/portal\/?p=61275"},"modified":"2015-06-15T23:56:11","modified_gmt":"2015-06-16T02:56:11","slug":"video-de-deputada-mineira-dancando-funk-vira-febre-nas-redes-sociais","status":"publish","type":"post","link":"https:\/\/aconteceunovale.com.br\/portal\/?p=61275","title":{"rendered":"V\u00eddeo de deputada mineira dan\u00e7ando funk vira febre nas redes sociais"},"content":{"rendered":"<h4><strong><em>Imagens de Bruniele Ferreira da Silva (PTC) foram gravadas em um baile de Governador Valadares, em novembro de 2014, mas voltou a ser compartilhado na web na \u00faltima sexta-feira (12).<\/em><\/strong><\/h4>\n<p>Um v\u00eddeo da deputada federal Bruniele Ferreira da Silva (PTC-MG), conhecida como Brunny Gomes, 25 anos, dan\u00e7ando funk em um baile em Governador Valadares, que foi gravado h\u00e1 mais de seis meses, voltou a ser compartilhado na internet na \u00faltima sexta-feira (12).<\/p>\n<p>As imagens da jovem parlamentar dan\u00e7ando foram gravadas em novembro de 2014. No curta, ela aparece, em cima do palco, acompanhada de amigas, e realizando algumas coreografias. A mineira foi eleita como representante de Minas Gerais na C\u00e2mara dos Deputados em 2014. <\/p>\n<p>Veja o v\u00eddeo:<\/p>\n<p><iframe loading=\"lazy\" width=\"640\" height=\"480\" src=\"https:\/\/www.youtube.com\/embed\/S4aPlHmI8V0\" frameborder=\"0\" allowfullscreen><\/iframe><\/p>\n<p><em>(Fonte: O Tempo)<\/em><\/p>\n","protected":false},"excerpt":{"rendered":"<p>Imagens de Bruniele Ferreira da Silva (PTC) foram gravadas em um baile de Governador Valadares, em novembro de 2014, mas voltou a ser compartilhado na web na \u00faltima sexta-feira (12). Um v\u00eddeo da deputada federal Bruniele Ferreira da Silva (PTC-MG), conhecida como Brunny Gomes, 25 anos, dan\u00e7ando funk em um baile em Governador Valadares, que [&hellip;]<\/p>\n","protected":false},"author":1,"featured_media":61276,"comment_status":"open","ping_status":"closed","sticky":false,"template":"","format":"standard","meta":{"amp_status":"","footnotes":""},"categories":[6],"tags":[18040,17586,48403,48404,1018,247,48402,48401,48400,48399,48398,48397],"class_list":["post-61275","post","type-post","status-publish","format-standard","has-post-thumbnail","hentry","category-br","tag-bruniele-ferreira-da-silva","tag-brunny-gomes","tag-brunny-gomes-dancando-funk","tag-deputada-dancando-funk","tag-destaque","tag-governador-valadares","tag-video-da-deputada-brunny-gomes","tag-video-de-brunny-gomes","tag-video-de-deputada-federal-dancando-funk","tag-video-de-deputada-federal-por-minas-gerais-dancando-funk","tag-video-de-deputada-mineira-dancando-funk","tag-video-de-deputada-mineira-dancando-funk-vira-febre-nas-redes-sociais"],"_links":{"self":[{"href":"https:\/\/aconteceunovale.com.br\/portal\/index.php?rest_route=\/wp\/v2\/posts\/61275","targetHints":{"allow":["GET"]}}],"collection":[{"href":"https:\/\/aconteceunovale.com.br\/portal\/index.php?rest_route=\/wp\/v2\/posts"}],"about":[{"href":"https:\/\/aconteceunovale.com.br\/portal\/index.php?rest_route=\/wp\/v2\/types\/post"}],"author":[{"embeddable":true,"href":"https:\/\/aconteceunovale.com.br\/portal\/index.php?rest_route=\/wp\/v2\/users\/1"}],"replies":[{"embeddable":true,"href":"https:\/\/aconteceunovale.com.br\/portal\/index.php?rest_route=%2Fwp%2Fv2%2Fcomments&post=61275"}],"version-history":[{"count":0,"href":"https:\/\/aconteceunovale.com.br\/portal\/index.php?rest_route=\/wp\/v2\/posts\/61275\/revisions"}],"wp:featuredmedia":[{"embeddable":true,"href":"https:\/\/aconteceunovale.com.br\/portal\/index.php?rest_route=\/wp\/v2\/media\/61276"}],"wp:attachment":[{"href":"https:\/\/aconteceunovale.com.br\/portal\/index.php?rest_route=%2Fwp%2Fv2%2Fmedia&parent=61275"}],"wp:term":[{"taxonomy":"category","embeddable":true,"href":"https:\/\/aconteceunovale.com.br\/portal\/index.php?rest_route=%2Fwp%2Fv2%2Fcategories&post=61275"},{"taxonomy":"post_tag","embeddable":true,"href":"https:\/\/aconteceunovale.com.br\/portal\/index.php?rest_route=%2Fwp%2Fv2%2Ftags&post=61275"}],"curies":[{"name":"wp","href":"https:\/\/api.w.org\/{rel}","templated":true}]}}