{"id":61265,"date":"2015-06-15T20:44:44","date_gmt":"2015-06-15T23:44:44","guid":{"rendered":"http:\/\/aconteceunovale.com.br\/portal\/?p=61265"},"modified":"2015-06-15T23:12:52","modified_gmt":"2015-06-16T02:12:52","slug":"problemas-em-ponte-motivam-reuniao-em-coronel-murta","status":"publish","type":"post","link":"https:\/\/aconteceunovale.com.br\/portal\/?p=61265","title":{"rendered":"Problemas em ponte motivam reuni\u00e3o em Coronel Murta"},"content":{"rendered":"<h4><strong><em>Tr\u00e1fego de caminh\u00f5es pesados causa preocupa\u00e7\u00e3o na pequena cidade do Vale do Jequitinhonha.<\/em><\/strong><\/h4>\n<p>Para debater os impactos do tr\u00e1fego de caminh\u00f5es pesados sobre a ponte do Rio Jequitinhonha que fica na entrada de Coronel Murta, a Comiss\u00e3o de Transporte, Comunica\u00e7\u00e3o e Obras P\u00fablicas da Assembleia Legislativa de Minas Gerais (ALMG) se re\u00fane no munic\u00edpio na sexta-feira (26\/6\/15). A audi\u00eancia p\u00fablica, solicitada pelo deputado Gustavo Valadares (PSDB), ser\u00e1 no Centro de Feiras Multiuso Carlos Mandu (Avenida Celso Murta, s\/n\u00ba, Centro), a partir das 10 horas.<\/p>\n<p>O transporte de granito \u00e9 realizado diariamente em grandes carretas, que passam em comboio pelas pontes sobre os Rios Jequitinhonha e Ara\u00e7ua\u00ed. Essas pontes, constru\u00eddas h\u00e1 mais de 50 anos, n\u00e3o t\u00eam estrutura para suportar o peso desses caminh\u00f5es, segundo den\u00fancias encaminhadas ao gabinete do deputado Gustavo Valadares.<\/p>\n<p><img decoding=\"async\" src=\"http:\/\/aconteceunovale.com.br\/portal\/wp-content\/uploads\/2015\/06\/ponte_coronel_murta.jpg\" alt=\"\" \/><em>Tr\u00e1fego de caminh\u00f5es pesados causa preocupa\u00e7\u00e3o &#8211; Foto: Reprodu\u00e7\u00e3o \/ Panoramio<\/em><br \/>\n<\/br><\/p>\n<p><strong>Convidados<\/strong> \u2013 Foram convidados para a reuni\u00e3o o prefeito de Coronel Murta, Francisco Elet\u00e2ncio Freire Murta; o presidente da C\u00e2mara Municipal, Jos\u00e9 Ailton Freire Jardim; o comandante da 15\u00aa Regi\u00e3o da Pol\u00edcia Militar, coronel Aroldo Pinheiro de Ara\u00fajo; o diretor-geral do Departamento de Estradas de Rodagem (DER-MG), C\u00e9lio Dantas de Brito; a superintendente regional de Regulariza\u00e7\u00e3o Ambiental, Eliana Piedade Alves Machado; o presidente da Associa\u00e7\u00e3o dos Munic\u00edpios do M\u00e9dio Jequitinhonha, Armando Jardim Paix\u00e3o; o diretor de Rela\u00e7\u00f5es Institucionais do Conselho Regional de Engenharia e Agronomia (Crea-MG), Josias Gomes Ribeiro Filho; e o coordenador da Minera\u00e7\u00e3o Corcovado de Minas, Hermano Marques dos Santos. (ALMG)<\/p>\n","protected":false},"excerpt":{"rendered":"<p>Tr\u00e1fego de caminh\u00f5es pesados causa preocupa\u00e7\u00e3o na pequena cidade do Vale do Jequitinhonha. Para debater os impactos do tr\u00e1fego de caminh\u00f5es pesados sobre a ponte do Rio Jequitinhonha que fica na entrada de Coronel Murta, a Comiss\u00e3o de Transporte, Comunica\u00e7\u00e3o e Obras P\u00fablicas da Assembleia Legislativa de Minas Gerais (ALMG) se re\u00fane no munic\u00edpio na [&hellip;]<\/p>\n","protected":false},"author":1,"featured_media":61266,"comment_status":"open","ping_status":"closed","sticky":false,"template":"","format":"standard","meta":{"amp_status":"","footnotes":""},"categories":[120],"tags":[483,48390,48391,48389],"class_list":["post-61265","post","type-post","status-publish","format-standard","has-post-thumbnail","hentry","category-jequi","tag-coronel-murta","tag-impactos-do-trafego-de-caminhoes-pesados-sobre-a-ponte-do-rio-jequitinhonha","tag-impactos-do-trafego-de-caminhoes-pesados-sobre-a-ponte-do-rio-jequitinhonha-em-coronel-murta","tag-problemas-em-ponte-motivam-reuniao-em-coronel-murta"],"_links":{"self":[{"href":"https:\/\/aconteceunovale.com.br\/portal\/index.php?rest_route=\/wp\/v2\/posts\/61265","targetHints":{"allow":["GET"]}}],"collection":[{"href":"https:\/\/aconteceunovale.com.br\/portal\/index.php?rest_route=\/wp\/v2\/posts"}],"about":[{"href":"https:\/\/aconteceunovale.com.br\/portal\/index.php?rest_route=\/wp\/v2\/types\/post"}],"author":[{"embeddable":true,"href":"https:\/\/aconteceunovale.com.br\/portal\/index.php?rest_route=\/wp\/v2\/users\/1"}],"replies":[{"embeddable":true,"href":"https:\/\/aconteceunovale.com.br\/portal\/index.php?rest_route=%2Fwp%2Fv2%2Fcomments&post=61265"}],"version-history":[{"count":0,"href":"https:\/\/aconteceunovale.com.br\/portal\/index.php?rest_route=\/wp\/v2\/posts\/61265\/revisions"}],"wp:featuredmedia":[{"embeddable":true,"href":"https:\/\/aconteceunovale.com.br\/portal\/index.php?rest_route=\/wp\/v2\/media\/61266"}],"wp:attachment":[{"href":"https:\/\/aconteceunovale.com.br\/portal\/index.php?rest_route=%2Fwp%2Fv2%2Fmedia&parent=61265"}],"wp:term":[{"taxonomy":"category","embeddable":true,"href":"https:\/\/aconteceunovale.com.br\/portal\/index.php?rest_route=%2Fwp%2Fv2%2Fcategories&post=61265"},{"taxonomy":"post_tag","embeddable":true,"href":"https:\/\/aconteceunovale.com.br\/portal\/index.php?rest_route=%2Fwp%2Fv2%2Ftags&post=61265"}],"curies":[{"name":"wp","href":"https:\/\/api.w.org\/{rel}","templated":true}]}}