{"id":61261,"date":"2015-06-15T20:36:36","date_gmt":"2015-06-15T23:36:36","guid":{"rendered":"http:\/\/aconteceunovale.com.br\/portal\/?p=61261"},"modified":"2026-09-02T12:19:57","modified_gmt":"2026-09-02T15:19:57","slug":"aracuai-cobra-providencias-para-combater-a-violencia","status":"publish","type":"post","link":"https:\/\/aconteceunovale.com.br\/portal\/?p=61261","title":{"rendered":"Ara\u00e7ua\u00ed cobra provid\u00eancias para combater a viol\u00eancia"},"content":{"rendered":"<h4><strong><em>Moradores apontam o tr\u00e1fico de drogas como principal causa do aumento da criminalidade no munic\u00edpio.<\/em><\/strong><\/h4>\n<p>Moradores, l\u00edderes comunit\u00e1rios e autoridades de Ara\u00e7ua\u00ed (Vale do Jequitinhonha) demandam a amplia\u00e7\u00e3o do n\u00famero de policiais no munic\u00edpio, uma unidade local do plant\u00e3o regional da Pol\u00edcia Civil, mais uma vara da Justi\u00e7a e policiamento em \u00e1reas rurais e escolas. As reivindica\u00e7\u00f5es foram apresentadas na audi\u00eancia que a Comiss\u00e3o de Seguran\u00e7a P\u00fablica da Assembleia Legislativa de Minas Gerais (ALMG) realizou na cidade nesta segunda-feira (15\/6\/15).<\/p>\n<p>Requerida pelos deputados Doutor Jean Freire (PT) e Jo\u00e3o Alberto (PMDB), a audi\u00eancia contou com a presen\u00e7a de lideran\u00e7as de entidades sociais, estudantes de escolas p\u00fablicas e autoridades de diversos munic\u00edpios da regi\u00e3o, como Itinga, Turmalina, Jenipapo de Minas, Francisco Badar\u00f3, Salinas, Jos\u00e9 Gon\u00e7alves de Minas, Comercinho e Coronel Murta.<\/p>\n<p>Os participantes da audi\u00eancia ainda destacaram a necessidade de ampliar a confiabilidade da pol\u00edcia e de pol\u00edticas p\u00fablicas para combater o tr\u00e1fico de drogas, apontado como a principal causa do crescimento da viol\u00eancia na regi\u00e3o. A necessidade de instala\u00e7\u00e3o de casas de recupera\u00e7\u00e3o e outras a\u00e7\u00f5es sociais para apoiar usu\u00e1rios de drogas, bem como de a\u00e7\u00f5es voltadas para crian\u00e7as em situa\u00e7\u00e3o de vulnerabilidade, tamb\u00e9m foram enfatizados em depoimentos da popula\u00e7\u00e3o. Outra reivindica\u00e7\u00e3o \u00e9 a instala\u00e7\u00e3o de c\u00e2meras de seguran\u00e7a nas ruas, para dar mais tranquilidade aos comerciantes. <\/p>\n<p><strong>Tr\u00e1fico de drogas<\/strong> &#8211; O alto \u00edndice de crimes decorrentes do uso e tr\u00e1fico de drogas \u00e9 uma das principais preocupa\u00e7\u00f5es da popula\u00e7\u00e3o local. \u201cO crack e a maconha est\u00e3o se tornando mais consumidos do que o \u00e1lcool pelos jovens. \u00c9 preciso inserir essa discuss\u00e3o nos curr\u00edculos escolares e pensar politicas p\u00fablicas para combater tamb\u00e9m a disparidade social entre as regi\u00f5es do Estado, pois a falta de desenvolvimento do Vale do Jequitinhonha favorece o aumento da viol\u00eancia\u201d, alertou o coordenador da Comunidade Terap\u00eautica Viva Livre, Jean Carlo de Souza Mendon\u00e7a.<\/p>\n<p>Professores da Escola Estadual Industrial S\u00e3o Jos\u00e9, onde teriam ocorrido 23 delitos entre dezembro de 2014 e abril deste ano, entregaram \u00e0 comiss\u00e3o um documento de reivindica\u00e7\u00f5es. Uma das professoras, Lic\u00e9lia Pereira, foi v\u00edtima de viol\u00eancia praticada por um ex-aluno, que atualmente seria usu\u00e1rio de crack. &#8220;Precisamos de provid\u00eancias para conter a viol\u00eancia no ambiente escolar\u201d, cobrou. Outros professores tamb\u00e9m relataram saques \u00e0s escolas, principalmente \u00e0 noite e nos finais de semana, o que deixaria as institui\u00e7\u00f5es sem materiais essenciais ao trabalho.<\/p>\n<p>Houve ainda depoimentos de moradores da zona rural relatando furtos de animais e solicitando mais policiamento.<\/p>\n<p><img decoding=\"async\" src=\"http:\/\/aconteceunovale.com.br\/portal\/wp-content\/uploads\/2015\/06\/aracuai_cobra_1.jpg\" alt=\"\" \/><em>A amplia\u00e7\u00e3o do n\u00famero de policiais no munic\u00edpio e o policiamento em \u00e1reas rurais e escolas foram algumas reivindica\u00e7\u00f5es apresentadas em audi\u00eancia &#8211; Foto: Sarah Torres \/ ALMG<\/em><br \/>\n<\/br><\/p>\n<p><strong>Plant\u00e3o de pol\u00edcia em Pedra Azul agrava problemas<\/strong><\/p>\n<p>O prefeito de Ara\u00e7ua\u00ed, Armando Jardim Paix\u00e3o, criticou a situa\u00e7\u00e3o prec\u00e1ria das for\u00e7as de seguran\u00e7a p\u00fablica no munic\u00edpio. \u201cJ\u00e1 tivemos dois delegados e dez detetives na Pol\u00edcia Civil; hoje n\u00e3o temos nenhum delegado e apenas dois detetives na cidade\u201d, lamentou. Ele tamb\u00e9m defendeu a cria\u00e7\u00e3o de uma unidade local do plant\u00e3o regionalizado da Pol\u00edcia Civil, tendo em vista que, para registrar boletins de ocorr\u00eancia aos finais de semana, a Pol\u00edcia Militar precisa se deslocar at\u00e9 Pedra Azul, a 185 quil\u00f4metros de dist\u00e2ncia.<\/p>\n<p>As palavras do prefeito foram endossadas pelo presidente da C\u00e2mara Municipal, Carlindo Dourado de Souza, que tamb\u00e9m alertou para o fato de o restrito contingente da Pol\u00edcia Militar local n\u00e3o ter condi\u00e7\u00f5es de atender todas as ocorr\u00eancias.<\/p>\n<p>O comandante da 15\u00aa Regi\u00e3o da Pol\u00edcia Militar em Te\u00f3filo Otoni, coronel Aroldo Pinheiro de Ara\u00fajo, tamb\u00e9m apontou o plant\u00e3o regionalizado da Pol\u00edcia Civil como agravante para esse quadro. \u201cO deslocamento at\u00e9 Pedra Azul &#8211; 370 quil\u00f4metros de ida e volta &#8211; deixa Ara\u00e7ua\u00ed desguarnecida de policiais\u201d, ilustrou. Como medida paliativa, ele informou que vai avaliar a possibilidade de deslocar policiais de Itaobim e Te\u00f3filo Otoni para refor\u00e7ar as abordagens a criminosos reincidentes em Ara\u00e7ua\u00ed.<\/p>\n<p>O chefe do 15\u00ba Departamento da Pol\u00edcia Civil em Te\u00f3filo Otoni, delegado Alberto Tadeu Cardoso de Oliveira, relatou dificuldades t\u00e9cnicas para a instala\u00e7\u00e3o do plant\u00e3o regional em Ara\u00e7ua\u00ed. Como medida paliativa, ele se comprometeu a suprir a aus\u00eancia de delegado em Ara\u00e7ua\u00ed deslocando, tr\u00eas vezes por semana, um \u201cexcelente profissional\u201d para atuar na cidade. Ele tamb\u00e9m prop\u00f4s a cria\u00e7\u00e3o de um centro de tratamento de usu\u00e1rios de drogas na cidade. \u201cSe voc\u00ea n\u00e3o tratar os dependentes qu\u00edmicos, n\u00e3o consegue sanar a quest\u00e3o da viol\u00eancia\u201d, disse.<\/p>\n<p><strong>Deputados v\u00e3o cobrar provid\u00eancias<\/strong><\/p>\n<p>O deputado Doutor Jean Freire defendeu a uni\u00e3o de esfor\u00e7os para resolver os problemas apontados pela popula\u00e7\u00e3o de Ara\u00e7ua\u00ed. Ele defendeu a necessidade de melhorias na estrutura das Pol\u00edcias Civil e Militar. \u201c\u00c9 inadimiss\u00edvel n\u00e3o haver um delegado na cidade. Esta \u00e9 uma necessidade urgente e, assim como a melhoria do efetivo da Pol\u00edcia Militar, n\u00e3o pode esperar\u201d, completou.<\/p>\n<p>O deputado Jo\u00e3o Alberto tamb\u00e9m destacou sua preocupa\u00e7\u00e3o com o aumento dos \u00edndices de criminalidade e com a falta de estrutura policial em Ara\u00e7ua\u00ed. \u201c\u00c9 preciso construir solu\u00e7\u00f5es que possam dar mais tranquilidade \u00e0s fam\u00edlias de Ara\u00e7ua\u00ed\u201d, defendeu.<\/p>\n<p>Para o presidente da Comiss\u00e3o de Seguran\u00e7a P\u00fablica, deputado Sargento Rodrigues (PDT), o plant\u00e3o regionalizado da Pol\u00edcia Civil em Pedra Azul prejudica a popula\u00e7\u00e3o de Ara\u00e7ua\u00ed. Dirigindo-se aos estudantes na plateia, ele alertou para a rela\u00e7\u00e3o entre consumo das drogas e aumento da viol\u00eancia. \u201cVoc\u00eas, jovens, s\u00e3o agentes de transforma\u00e7\u00e3o, por isso \u00e9 t\u00e3o importante que participem e compreendam a responsabilidade que t\u00eam nesta quest\u00e3o\u201d, afirmou.<\/p>\n<p>Por fim, o presidente da comiss\u00e3o colocou em vota\u00e7\u00e3o uma s\u00e9rie de requerimentos, assinados pelos tr\u00eas deputados presentes, cobrando de diversas autoridades provid\u00eancias para os problemas apresentados na reuni\u00e3o.<\/p>\n<p><img decoding=\"async\" src=\"http:\/\/aconteceunovale.com.br\/portal\/wp-content\/uploads\/2015\/06\/aracuai_cobra_2.jpg\" alt=\"\" \/><em>A amplia\u00e7\u00e3o do n\u00famero de policiais no munic\u00edpio e o policiamento em \u00e1reas rurais e escolas foram algumas reivindica\u00e7\u00f5es apresentadas em audi\u00eancia &#8211; Foto: Sarah Torres \/ ALMG<\/em><br \/>\n<\/br><\/p>\n<p><strong><em>(Fonte: ALMG)<\/em><\/strong><\/p>\n","protected":false},"excerpt":{"rendered":"<p>Moradores apontam o tr\u00e1fico de drogas como principal causa do aumento da criminalidade no munic\u00edpio. Moradores, l\u00edderes comunit\u00e1rios e autoridades de Ara\u00e7ua\u00ed (Vale do Jequitinhonha) demandam a amplia\u00e7\u00e3o do n\u00famero de policiais no munic\u00edpio, uma unidade local do plant\u00e3o regional da Pol\u00edcia Civil, mais uma vara da Justi\u00e7a e policiamento em \u00e1reas rurais e escolas. [&hellip;]<\/p>\n","protected":false},"author":1,"featured_media":61262,"comment_status":"open","ping_status":"closed","sticky":false,"template":"","format":"standard","meta":{"amp_status":"","footnotes":""},"categories":[272530,120],"tags":[48383,48385,186,48377,14801,47121,48381,48388,48379,48378,48384,48386,1018,48380,48382,42982,48387,43159],"class_list":["post-61261","post","type-post","status-publish","format-standard","has-post-thumbnail","hentry","category-aracuai","category-jequi","tag-15a-regiao-da-policia-militar-em-teofilo-otoni","tag-15o-departamento-da-policia-civil-em-teofilo-otoni","tag-aracuai","tag-aracuai-cobra-providencias-para-combater-a-violencia","tag-armando-jardim-paixao","tag-audiencia-publica-sobre-violencia-em-aracuai","tag-audiencia-sobre-violencia-em-aracuai","tag-carlindo-dourado-de-souza","tag-combate-a-violencia-em-aracuai","tag-combater-a-violencia-em-aracuai","tag-coronel-aroldo-pinheiro-de-araujo","tag-delegado-alberto-tadeu-cardoso-de-oliveira","tag-destaque","tag-moradores-apontam-o-trafico-de-drogas-como-principal-causa-do-aumento-da-criminalidade-em-aracuai","tag-plantao-de-policia-em-pedra-azul","tag-prefeito-de-aracuai","tag-presidente-da-camara-municipal","tag-violencia-em-aracuai"],"yoast_head":"<!-- This site is optimized with the Yoast SEO plugin v28.3 - https:\/\/yoast.com\/product\/yoast-seo-wordpress\/ -->\n<title>Ara\u00e7ua\u00ed cobra provid\u00eancias para combater a viol\u00eancia - Aconteceu no Vale<\/title>\n<meta name=\"robots\" content=\"index, follow, max-snippet:-1, max-image-preview:large, max-video-preview:-1\" \/>\n<link rel=\"canonical\" href=\"https:\/\/aconteceunovale.com.br\/portal\/?p=61261\" \/>\n<meta property=\"og:locale\" content=\"pt_BR\" \/>\n<meta property=\"og:type\" content=\"article\" \/>\n<meta property=\"og:title\" content=\"Ara\u00e7ua\u00ed cobra provid\u00eancias para combater a viol\u00eancia - Aconteceu no Vale\" \/>\n<meta property=\"og:description\" content=\"Moradores apontam o tr\u00e1fico de drogas como principal causa do aumento da criminalidade no munic\u00edpio. Moradores, l\u00edderes comunit\u00e1rios e autoridades de Ara\u00e7ua\u00ed (Vale do Jequitinhonha) demandam a amplia\u00e7\u00e3o do n\u00famero de policiais no munic\u00edpio, uma unidade local do plant\u00e3o regional da Pol\u00edcia Civil, mais uma vara da Justi\u00e7a e policiamento em \u00e1reas rurais e escolas. [&hellip;]\" \/>\n<meta property=\"og:url\" content=\"https:\/\/aconteceunovale.com.br\/portal\/?p=61261\" \/>\n<meta property=\"og:site_name\" content=\"Aconteceu no Vale\" \/>\n<meta property=\"article:publisher\" content=\"https:\/\/www.facebook.com\/aconteceunovale\/\" \/>\n<meta property=\"article:published_time\" content=\"2015-06-15T23:36:36+00:00\" \/>\n<meta property=\"article:modified_time\" content=\"2026-09-02T15:19:57+00:00\" \/>\n<meta property=\"og:image\" content=\"https:\/\/aconteceunovale.com.br\/portal\/wp-content\/uploads\/2015\/06\/aracuai_cobra_1.jpg\" \/>\n\t<meta property=\"og:image:width\" content=\"640\" \/>\n\t<meta property=\"og:image:height\" content=\"425\" \/>\n\t<meta property=\"og:image:type\" content=\"image\/jpeg\" \/>\n<meta name=\"author\" content=\"Aconteceu no Vale\" \/>\n<meta name=\"twitter:card\" content=\"summary_large_image\" \/>\n<meta name=\"twitter:creator\" content=\"@noticiadosvales\" \/>\n<meta name=\"twitter:site\" content=\"@noticiadosvales\" \/>\n<meta name=\"twitter:label1\" content=\"Escrito por\" \/>\n\t<meta name=\"twitter:data1\" content=\"Aconteceu no Vale\" \/>\n\t<meta name=\"twitter:label2\" content=\"Est. tempo de leitura\" \/>\n\t<meta name=\"twitter:data2\" content=\"6 minutos\" \/>\n<script type=\"application\/ld+json\" class=\"yoast-schema-graph\">{\"@context\":\"https:\\\/\\\/schema.org\",\"@graph\":[{\"@type\":\"Article\",\"@id\":\"https:\\\/\\\/aconteceunovale.com.br\\\/portal\\\/?p=61261#article\",\"isPartOf\":{\"@id\":\"https:\\\/\\\/aconteceunovale.com.br\\\/portal\\\/?p=61261\"},\"author\":{\"name\":\"Aconteceu no Vale\",\"@id\":\"https:\\\/\\\/aconteceunovale.com.br\\\/portal\\\/#\\\/schema\\\/person\\\/633529146f2c94272bef50ac2953d589\"},\"headline\":\"Ara\u00e7ua\u00ed cobra provid\u00eancias para combater a viol\u00eancia\",\"datePublished\":\"2015-06-15T23:36:36+00:00\",\"dateModified\":\"2026-09-02T15:19:57+00:00\",\"mainEntityOfPage\":{\"@id\":\"https:\\\/\\\/aconteceunovale.com.br\\\/portal\\\/?p=61261\"},\"wordCount\":1111,\"commentCount\":0,\"image\":{\"@id\":\"https:\\\/\\\/aconteceunovale.com.br\\\/portal\\\/?p=61261#primaryimage\"},\"thumbnailUrl\":\"https:\\\/\\\/aconteceunovale.com.br\\\/portal\\\/wp-content\\\/uploads\\\/2015\\\/06\\\/aracuai_cobra_1.jpg\",\"keywords\":[\"15\u00aa Regi\u00e3o da Pol\u00edcia Militar em Te\u00f3filo Otoni\",\"15\u00ba Departamento da Pol\u00edcia Civil em Te\u00f3filo Otoni\",\"Ara\u00e7ua\u00ed\",\"Ara\u00e7ua\u00ed cobra provid\u00eancias para combater a viol\u00eancia\",\"Armando Jardim Paix\u00e3o\",\"audi\u00eancia p\u00fablica sobre viol\u00eancia em ara\u00e7ua\u00ed\",\"audi\u00eancia sobre viol\u00eancia em ara\u00e7ua\u00ed\",\"Carlindo Dourado de Souza\",\"Combate a viol\u00eancia em ara\u00e7ua\u00ed\",\"combater a viol\u00eancia em Ara\u00e7ua\u00ed\",\"coronel Aroldo Pinheiro de Ara\u00fajo\",\"delegado Alberto Tadeu Cardoso de Oliveira\",\"destaque\",\"Moradores apontam o tr\u00e1fico de drogas como principal causa do aumento da criminalidade em Ara\u00e7ua\u00ed\",\"Plant\u00e3o de pol\u00edcia em Pedra Azul\",\"prefeito de Ara\u00e7ua\u00ed\",\"presidente da C\u00e2mara Municipal\",\"Viol\u00eancia em Ara\u00e7ua\u00ed\"],\"articleSection\":[\"Ara\u00e7ua\u00ed\",\"Vale do Jequitinhonha\"],\"inLanguage\":\"pt-BR\",\"potentialAction\":[{\"@type\":\"CommentAction\",\"name\":\"Comment\",\"target\":[\"https:\\\/\\\/aconteceunovale.com.br\\\/portal\\\/?p=61261#respond\"]}]},{\"@type\":\"WebPage\",\"@id\":\"https:\\\/\\\/aconteceunovale.com.br\\\/portal\\\/?p=61261\",\"url\":\"https:\\\/\\\/aconteceunovale.com.br\\\/portal\\\/?p=61261\",\"name\":\"Ara\u00e7ua\u00ed cobra provid\u00eancias para combater a viol\u00eancia - Aconteceu no Vale\",\"isPartOf\":{\"@id\":\"https:\\\/\\\/aconteceunovale.com.br\\\/portal\\\/#website\"},\"primaryImageOfPage\":{\"@id\":\"https:\\\/\\\/aconteceunovale.com.br\\\/portal\\\/?p=61261#primaryimage\"},\"image\":{\"@id\":\"https:\\\/\\\/aconteceunovale.com.br\\\/portal\\\/?p=61261#primaryimage\"},\"thumbnailUrl\":\"https:\\\/\\\/aconteceunovale.com.br\\\/portal\\\/wp-content\\\/uploads\\\/2015\\\/06\\\/aracuai_cobra_1.jpg\",\"datePublished\":\"2015-06-15T23:36:36+00:00\",\"dateModified\":\"2026-09-02T15:19:57+00:00\",\"author\":{\"@id\":\"https:\\\/\\\/aconteceunovale.com.br\\\/portal\\\/#\\\/schema\\\/person\\\/633529146f2c94272bef50ac2953d589\"},\"breadcrumb\":{\"@id\":\"https:\\\/\\\/aconteceunovale.com.br\\\/portal\\\/?p=61261#breadcrumb\"},\"inLanguage\":\"pt-BR\",\"potentialAction\":[{\"@type\":\"ReadAction\",\"target\":[\"https:\\\/\\\/aconteceunovale.com.br\\\/portal\\\/?p=61261\"]}]},{\"@type\":\"ImageObject\",\"inLanguage\":\"pt-BR\",\"@id\":\"https:\\\/\\\/aconteceunovale.com.br\\\/portal\\\/?p=61261#primaryimage\",\"url\":\"https:\\\/\\\/aconteceunovale.com.br\\\/portal\\\/wp-content\\\/uploads\\\/2015\\\/06\\\/aracuai_cobra_1.jpg\",\"contentUrl\":\"https:\\\/\\\/aconteceunovale.com.br\\\/portal\\\/wp-content\\\/uploads\\\/2015\\\/06\\\/aracuai_cobra_1.jpg\",\"width\":640,\"height\":425},{\"@type\":\"BreadcrumbList\",\"@id\":\"https:\\\/\\\/aconteceunovale.com.br\\\/portal\\\/?p=61261#breadcrumb\",\"itemListElement\":[{\"@type\":\"ListItem\",\"position\":1,\"name\":\"In\u00edcio\",\"item\":\"https:\\\/\\\/aconteceunovale.com.br\\\/portal\\\/\"},{\"@type\":\"ListItem\",\"position\":2,\"name\":\"Ara\u00e7ua\u00ed cobra provid\u00eancias para combater a viol\u00eancia\"}]},{\"@type\":\"WebSite\",\"@id\":\"https:\\\/\\\/aconteceunovale.com.br\\\/portal\\\/#website\",\"url\":\"https:\\\/\\\/aconteceunovale.com.br\\\/portal\\\/\",\"name\":\"Aconteceu no Vale\",\"description\":\"Portal de Not\u00edcias\",\"potentialAction\":[{\"@type\":\"SearchAction\",\"target\":{\"@type\":\"EntryPoint\",\"urlTemplate\":\"https:\\\/\\\/aconteceunovale.com.br\\\/portal\\\/?s={search_term_string}\"},\"query-input\":{\"@type\":\"PropertyValueSpecification\",\"valueRequired\":true,\"valueName\":\"search_term_string\"}}],\"inLanguage\":\"pt-BR\"},{\"@type\":\"Person\",\"@id\":\"https:\\\/\\\/aconteceunovale.com.br\\\/portal\\\/#\\\/schema\\\/person\\\/633529146f2c94272bef50ac2953d589\",\"name\":\"Aconteceu no Vale\",\"description\":\"Equipe de reportagem do Aconteceu no Vale, portal de not\u00edcias do Vale do Jequitinhonha, em Minas Gerais. Cobrimos as 51 cidades do Vale desde 2013. Sugest\u00f5es de pauta e pedidos de corre\u00e7\u00e3o: contato@aconteceunovale.com.br\",\"sameAs\":[\"http:\\\/\\\/www.aconteceunovale.com.br\"],\"url\":\"https:\\\/\\\/aconteceunovale.com.br\\\/portal\\\/?author=1\"}]}<\/script>\n<!-- \/ Yoast SEO plugin. -->","yoast_head_json":{"title":"Ara\u00e7ua\u00ed cobra provid\u00eancias para combater a viol\u00eancia - Aconteceu no Vale","robots":{"index":"index","follow":"follow","max-snippet":"max-snippet:-1","max-image-preview":"max-image-preview:large","max-video-preview":"max-video-preview:-1"},"canonical":"https:\/\/aconteceunovale.com.br\/portal\/?p=61261","og_locale":"pt_BR","og_type":"article","og_title":"Ara\u00e7ua\u00ed cobra provid\u00eancias para combater a viol\u00eancia - Aconteceu no Vale","og_description":"Moradores apontam o tr\u00e1fico de drogas como principal causa do aumento da criminalidade no munic\u00edpio. Moradores, l\u00edderes comunit\u00e1rios e autoridades de Ara\u00e7ua\u00ed (Vale do Jequitinhonha) demandam a amplia\u00e7\u00e3o do n\u00famero de policiais no munic\u00edpio, uma unidade local do plant\u00e3o regional da Pol\u00edcia Civil, mais uma vara da Justi\u00e7a e policiamento em \u00e1reas rurais e escolas. [&hellip;]","og_url":"https:\/\/aconteceunovale.com.br\/portal\/?p=61261","og_site_name":"Aconteceu no Vale","article_publisher":"https:\/\/www.facebook.com\/aconteceunovale\/","article_published_time":"2015-06-15T23:36:36+00:00","article_modified_time":"2026-09-02T15:19:57+00:00","og_image":[{"width":640,"height":425,"url":"https:\/\/aconteceunovale.com.br\/portal\/wp-content\/uploads\/2015\/06\/aracuai_cobra_1.jpg","type":"image\/jpeg"}],"author":"Aconteceu no Vale","twitter_card":"summary_large_image","twitter_creator":"@noticiadosvales","twitter_site":"@noticiadosvales","twitter_misc":{"Escrito por":"Aconteceu no Vale","Est. tempo de leitura":"6 minutos"},"schema":{"@context":"https:\/\/schema.org","@graph":[{"@type":"Article","@id":"https:\/\/aconteceunovale.com.br\/portal\/?p=61261#article","isPartOf":{"@id":"https:\/\/aconteceunovale.com.br\/portal\/?p=61261"},"author":{"name":"Aconteceu no Vale","@id":"https:\/\/aconteceunovale.com.br\/portal\/#\/schema\/person\/633529146f2c94272bef50ac2953d589"},"headline":"Ara\u00e7ua\u00ed cobra provid\u00eancias para combater a viol\u00eancia","datePublished":"2015-06-15T23:36:36+00:00","dateModified":"2026-09-02T15:19:57+00:00","mainEntityOfPage":{"@id":"https:\/\/aconteceunovale.com.br\/portal\/?p=61261"},"wordCount":1111,"commentCount":0,"image":{"@id":"https:\/\/aconteceunovale.com.br\/portal\/?p=61261#primaryimage"},"thumbnailUrl":"https:\/\/aconteceunovale.com.br\/portal\/wp-content\/uploads\/2015\/06\/aracuai_cobra_1.jpg","keywords":["15\u00aa Regi\u00e3o da Pol\u00edcia Militar em Te\u00f3filo Otoni","15\u00ba Departamento da Pol\u00edcia Civil em Te\u00f3filo Otoni","Ara\u00e7ua\u00ed","Ara\u00e7ua\u00ed cobra provid\u00eancias para combater a viol\u00eancia","Armando Jardim Paix\u00e3o","audi\u00eancia p\u00fablica sobre viol\u00eancia em ara\u00e7ua\u00ed","audi\u00eancia sobre viol\u00eancia em ara\u00e7ua\u00ed","Carlindo Dourado de Souza","Combate a viol\u00eancia em ara\u00e7ua\u00ed","combater a viol\u00eancia em Ara\u00e7ua\u00ed","coronel Aroldo Pinheiro de Ara\u00fajo","delegado Alberto Tadeu Cardoso de Oliveira","destaque","Moradores apontam o tr\u00e1fico de drogas como principal causa do aumento da criminalidade em Ara\u00e7ua\u00ed","Plant\u00e3o de pol\u00edcia em Pedra Azul","prefeito de Ara\u00e7ua\u00ed","presidente da C\u00e2mara Municipal","Viol\u00eancia em Ara\u00e7ua\u00ed"],"articleSection":["Ara\u00e7ua\u00ed","Vale do Jequitinhonha"],"inLanguage":"pt-BR","potentialAction":[{"@type":"CommentAction","name":"Comment","target":["https:\/\/aconteceunovale.com.br\/portal\/?p=61261#respond"]}]},{"@type":"WebPage","@id":"https:\/\/aconteceunovale.com.br\/portal\/?p=61261","url":"https:\/\/aconteceunovale.com.br\/portal\/?p=61261","name":"Ara\u00e7ua\u00ed cobra provid\u00eancias para combater a viol\u00eancia - Aconteceu no Vale","isPartOf":{"@id":"https:\/\/aconteceunovale.com.br\/portal\/#website"},"primaryImageOfPage":{"@id":"https:\/\/aconteceunovale.com.br\/portal\/?p=61261#primaryimage"},"image":{"@id":"https:\/\/aconteceunovale.com.br\/portal\/?p=61261#primaryimage"},"thumbnailUrl":"https:\/\/aconteceunovale.com.br\/portal\/wp-content\/uploads\/2015\/06\/aracuai_cobra_1.jpg","datePublished":"2015-06-15T23:36:36+00:00","dateModified":"2026-09-02T15:19:57+00:00","author":{"@id":"https:\/\/aconteceunovale.com.br\/portal\/#\/schema\/person\/633529146f2c94272bef50ac2953d589"},"breadcrumb":{"@id":"https:\/\/aconteceunovale.com.br\/portal\/?p=61261#breadcrumb"},"inLanguage":"pt-BR","potentialAction":[{"@type":"ReadAction","target":["https:\/\/aconteceunovale.com.br\/portal\/?p=61261"]}]},{"@type":"ImageObject","inLanguage":"pt-BR","@id":"https:\/\/aconteceunovale.com.br\/portal\/?p=61261#primaryimage","url":"https:\/\/aconteceunovale.com.br\/portal\/wp-content\/uploads\/2015\/06\/aracuai_cobra_1.jpg","contentUrl":"https:\/\/aconteceunovale.com.br\/portal\/wp-content\/uploads\/2015\/06\/aracuai_cobra_1.jpg","width":640,"height":425},{"@type":"BreadcrumbList","@id":"https:\/\/aconteceunovale.com.br\/portal\/?p=61261#breadcrumb","itemListElement":[{"@type":"ListItem","position":1,"name":"In\u00edcio","item":"https:\/\/aconteceunovale.com.br\/portal\/"},{"@type":"ListItem","position":2,"name":"Ara\u00e7ua\u00ed cobra provid\u00eancias para combater a viol\u00eancia"}]},{"@type":"WebSite","@id":"https:\/\/aconteceunovale.com.br\/portal\/#website","url":"https:\/\/aconteceunovale.com.br\/portal\/","name":"Aconteceu no Vale","description":"Portal de Not\u00edcias","potentialAction":[{"@type":"SearchAction","target":{"@type":"EntryPoint","urlTemplate":"https:\/\/aconteceunovale.com.br\/portal\/?s={search_term_string}"},"query-input":{"@type":"PropertyValueSpecification","valueRequired":true,"valueName":"search_term_string"}}],"inLanguage":"pt-BR"},{"@type":"Person","@id":"https:\/\/aconteceunovale.com.br\/portal\/#\/schema\/person\/633529146f2c94272bef50ac2953d589","name":"Aconteceu no Vale","description":"Equipe de reportagem do Aconteceu no Vale, portal de not\u00edcias do Vale do Jequitinhonha, em Minas Gerais. Cobrimos as 51 cidades do Vale desde 2013. Sugest\u00f5es de pauta e pedidos de corre\u00e7\u00e3o: contato@aconteceunovale.com.br","sameAs":["http:\/\/www.aconteceunovale.com.br"],"url":"https:\/\/aconteceunovale.com.br\/portal\/?author=1"}]}},"_links":{"self":[{"href":"https:\/\/aconteceunovale.com.br\/portal\/index.php?rest_route=\/wp\/v2\/posts\/61261","targetHints":{"allow":["GET"]}}],"collection":[{"href":"https:\/\/aconteceunovale.com.br\/portal\/index.php?rest_route=\/wp\/v2\/posts"}],"about":[{"href":"https:\/\/aconteceunovale.com.br\/portal\/index.php?rest_route=\/wp\/v2\/types\/post"}],"author":[{"embeddable":true,"href":"https:\/\/aconteceunovale.com.br\/portal\/index.php?rest_route=\/wp\/v2\/users\/1"}],"replies":[{"embeddable":true,"href":"https:\/\/aconteceunovale.com.br\/portal\/index.php?rest_route=%2Fwp%2Fv2%2Fcomments&post=61261"}],"version-history":[{"count":1,"href":"https:\/\/aconteceunovale.com.br\/portal\/index.php?rest_route=\/wp\/v2\/posts\/61261\/revisions"}],"predecessor-version":[{"id":199671,"href":"https:\/\/aconteceunovale.com.br\/portal\/index.php?rest_route=\/wp\/v2\/posts\/61261\/revisions\/199671"}],"wp:featuredmedia":[{"embeddable":true,"href":"https:\/\/aconteceunovale.com.br\/portal\/index.php?rest_route=\/wp\/v2\/media\/61262"}],"wp:attachment":[{"href":"https:\/\/aconteceunovale.com.br\/portal\/index.php?rest_route=%2Fwp%2Fv2%2Fmedia&parent=61261"}],"wp:term":[{"taxonomy":"category","embeddable":true,"href":"https:\/\/aconteceunovale.com.br\/portal\/index.php?rest_route=%2Fwp%2Fv2%2Fcategories&post=61261"},{"taxonomy":"post_tag","embeddable":true,"href":"https:\/\/aconteceunovale.com.br\/portal\/index.php?rest_route=%2Fwp%2Fv2%2Ftags&post=61261"}],"curies":[{"name":"wp","href":"https:\/\/api.w.org\/{rel}","templated":true}]}}