{"id":61212,"date":"2015-06-15T08:07:26","date_gmt":"2015-06-15T11:07:26","guid":{"rendered":"http:\/\/aconteceunovale.com.br\/portal\/?p=61212"},"modified":"2015-06-15T08:07:26","modified_gmt":"2015-06-15T11:07:26","slug":"capelinha-ganha-unidade-do-procon","status":"publish","type":"post","link":"https:\/\/aconteceunovale.com.br\/portal\/?p=61212","title":{"rendered":"Capelinha ganha unidade do PROCON"},"content":{"rendered":"<h4><strong><em>Inaugura\u00e7\u00e3o ser\u00e1 na pr\u00f3xima ter\u00e7a-feira (16). Unidade est\u00e1 localizada na Rua das Flores, no Centro da cidade.<\/em><\/strong><\/h4>\n<p>A cidade de Capelinha, no Vale do Jequitinhonha, contar\u00e1 a partir de ter\u00e7a-feira, dia 16 de junho, com o Programa de Prote\u00e7\u00e3o e Defesa dos Direitos do Consumidor, PROCON Municipal. A unidade est\u00e1 localizada na Rua das Flores, 275, Centro, ao lado do Telecentro Comunit\u00e1rio, com hor\u00e1rio de atendimento de segunda a sexta-feira, das 08 as 11 e das 13 \u00e0s 17 horas.<\/p>\n<p>O PROCON funciona como um \u00f3rg\u00e3o de orienta\u00e7\u00e3o aos consumidores em suas reclama\u00e7\u00f5es, informando sobre seus direitos, e fiscalizando as rela\u00e7\u00f5es de consumo. Ele \u00e9 \u00f3rg\u00e3o auxiliar do Poder Judici\u00e1rio que busca solucionar previamente os conflitos entre o consumidor e a empresa que vende um produto ou presta um servi\u00e7o. Quando n\u00e3o h\u00e1 acordo, encaminha o caso para o Juizado Especial C\u00edvel com jurisdi\u00e7\u00e3o sobre o local. <\/p>\n<p>De acordo com informa\u00e7\u00f5es da Coordenadora respons\u00e1vel pela instala\u00e7\u00e3o da unidade, Dra. Celina Tamara, o PROCON em Capelinha ir\u00e1 funcionar visando a um trabalho educativo, para que os consumidores e fornecedores conhe\u00e7am seus direitos, buscando sempre que poss\u00edvel solucionar queixas por meio de media\u00e7\u00e3o.<\/p>\n<p><img decoding=\"async\" src=\"http:\/\/aconteceunovale.com.br\/portal\/wp-content\/uploads\/2015\/06\/procon_municipal_cap.jpg\" alt=\"\" \/><em>Unidade est\u00e1 localizada na Rua das Flores, no Centro da cidade &#8211; Foto: Divulga\u00e7\u00e3o<\/em><\/p>\n","protected":false},"excerpt":{"rendered":"<p>Inaugura\u00e7\u00e3o ser\u00e1 na pr\u00f3xima ter\u00e7a-feira (16). Unidade est\u00e1 localizada na Rua das Flores, no Centro da cidade. A cidade de Capelinha, no Vale do Jequitinhonha, contar\u00e1 a partir de ter\u00e7a-feira, dia 16 de junho, com o Programa de Prote\u00e7\u00e3o e Defesa dos Direitos do Consumidor, PROCON Municipal. A unidade est\u00e1 localizada na Rua das Flores, [&hellip;]<\/p>\n","protected":false},"author":1,"featured_media":61213,"comment_status":"open","ping_status":"closed","sticky":false,"template":"","format":"standard","meta":{"amp_status":"","footnotes":""},"categories":[120],"tags":[132,48302,19752,48303],"class_list":["post-61212","post","type-post","status-publish","format-standard","has-post-thumbnail","hentry","category-jequi","tag-capelinha","tag-capelinha-ganha-unidade-do-procon","tag-procon","tag-procon-capelinha"],"_links":{"self":[{"href":"https:\/\/aconteceunovale.com.br\/portal\/index.php?rest_route=\/wp\/v2\/posts\/61212","targetHints":{"allow":["GET"]}}],"collection":[{"href":"https:\/\/aconteceunovale.com.br\/portal\/index.php?rest_route=\/wp\/v2\/posts"}],"about":[{"href":"https:\/\/aconteceunovale.com.br\/portal\/index.php?rest_route=\/wp\/v2\/types\/post"}],"author":[{"embeddable":true,"href":"https:\/\/aconteceunovale.com.br\/portal\/index.php?rest_route=\/wp\/v2\/users\/1"}],"replies":[{"embeddable":true,"href":"https:\/\/aconteceunovale.com.br\/portal\/index.php?rest_route=%2Fwp%2Fv2%2Fcomments&post=61212"}],"version-history":[{"count":0,"href":"https:\/\/aconteceunovale.com.br\/portal\/index.php?rest_route=\/wp\/v2\/posts\/61212\/revisions"}],"wp:featuredmedia":[{"embeddable":true,"href":"https:\/\/aconteceunovale.com.br\/portal\/index.php?rest_route=\/wp\/v2\/media\/61213"}],"wp:attachment":[{"href":"https:\/\/aconteceunovale.com.br\/portal\/index.php?rest_route=%2Fwp%2Fv2%2Fmedia&parent=61212"}],"wp:term":[{"taxonomy":"category","embeddable":true,"href":"https:\/\/aconteceunovale.com.br\/portal\/index.php?rest_route=%2Fwp%2Fv2%2Fcategories&post=61212"},{"taxonomy":"post_tag","embeddable":true,"href":"https:\/\/aconteceunovale.com.br\/portal\/index.php?rest_route=%2Fwp%2Fv2%2Ftags&post=61212"}],"curies":[{"name":"wp","href":"https:\/\/api.w.org\/{rel}","templated":true}]}}