{"id":61208,"date":"2015-06-15T07:51:08","date_gmt":"2015-06-15T10:51:08","guid":{"rendered":"http:\/\/aconteceunovale.com.br\/portal\/?p=61208"},"modified":"2015-06-15T07:51:08","modified_gmt":"2015-06-15T10:51:08","slug":"plantao-do-samu-no-norte-de-minas-gerais-12-a-14-de-junho-de-2015","status":"publish","type":"post","link":"https:\/\/aconteceunovale.com.br\/portal\/?p=61208","title":{"rendered":"Plant\u00e3o do Samu no Norte de Minas Gerais &#8211; 12 a 14 de junho de 2015"},"content":{"rendered":"<h4><strong><em>Final de semana, 12 a 14 de junho de 2015<\/em><\/strong><\/h4>\n<p>As unidades do SAMU realizaram no final de semana, em Montes Claros, 138 atendimentos, sendo 95 casos cl\u00ednicos e 40 ocorr\u00eancias de acidente de tr\u00e2nsito todas envolvendo motocicleta; 02 pessoas v\u00edtimas de agress\u00e3o f\u00edsica no bairro Independ\u00eancia; e um homem de 25 anos, que transitava de moto no bairro Alto da Boa Vista e foi ferido no rosto por linha de pipa com cerol.<\/p>\n<p>E no domingo, houve uma colis\u00e3o frontal entre dois ve\u00edculos na BR-251, km 240, pr\u00f3ximo a Santa Cruz de Salina, ocorrido por volta das 15h. Quatro v\u00edtimas feridas. Unidades do Samu de Taiobeiras realizaram o atendimento e conduziram as v\u00edtimas ao hospital de Taiobeiras.<\/p>\n<p>Ainda no domingo, por volta das 17h30, ocorreu um capotamento na MG-122, a 20 quil\u00f4metros de Porteirinha, pr\u00f3ximo \u00e0 Ponte de Serra Branca e tr\u00eas pessoas ficaram feridas. Segundo informa\u00e7\u00f5es dos socorristas, o carro seguia da zona rural para Porteirinha, levando um dos passageiros, que se feriu jogando futebol, para o hospital. Numa curva, o motorista perdeu o controle do ve\u00edculo, saiu da estrada e capotou. As v\u00edtimas foram socorridas pelas unidades do Samu de Porteirinha e Mato Verde e encaminhadas ao hospital de Jana\u00faba e Porteirinha.<\/p>\n<p>Em todas as ocorr\u00eancias os feridos receberam os primeiros atendimentos no local e foram encaminhados ao hospital para avalia\u00e7\u00e3o. (Jer\u00fasia Arruda)<\/p>\n","protected":false},"excerpt":{"rendered":"<p>Final de semana, 12 a 14 de junho de 2015 As unidades do SAMU realizaram no final de semana, em Montes Claros, 138 atendimentos, sendo 95 casos cl\u00ednicos e 40 ocorr\u00eancias de acidente de tr\u00e2nsito todas envolvendo motocicleta; 02 pessoas v\u00edtimas de agress\u00e3o f\u00edsica no bairro Independ\u00eancia; e um homem de 25 anos, que transitava [&hellip;]<\/p>\n","protected":false},"author":1,"featured_media":58741,"comment_status":"open","ping_status":"closed","sticky":false,"template":"","format":"standard","meta":{"amp_status":"","footnotes":""},"categories":[1236],"tags":[206036,210,24659,24089,18898,18108,48288,21139,4040],"class_list":["post-61208","post","type-post","status-publish","format-standard","has-post-thumbnail","hentry","category-norte_de_minas","tag-jerusia-arruda","tag-montes-claros","tag-plantao-do-samu-de-montes-claros","tag-plantao-do-samu-do-norte-de-minas","tag-plantao-do-samu-macro-norte","tag-plantao-do-samu-no-norte-de-minas-gerais","tag-plantao-do-samu-no-norte-de-minas-gerais-12-a-14-de-junho-de-2015","tag-samu-do-norte-de-minas","tag-samu-macro-norte"],"_links":{"self":[{"href":"https:\/\/aconteceunovale.com.br\/portal\/index.php?rest_route=\/wp\/v2\/posts\/61208","targetHints":{"allow":["GET"]}}],"collection":[{"href":"https:\/\/aconteceunovale.com.br\/portal\/index.php?rest_route=\/wp\/v2\/posts"}],"about":[{"href":"https:\/\/aconteceunovale.com.br\/portal\/index.php?rest_route=\/wp\/v2\/types\/post"}],"author":[{"embeddable":true,"href":"https:\/\/aconteceunovale.com.br\/portal\/index.php?rest_route=\/wp\/v2\/users\/1"}],"replies":[{"embeddable":true,"href":"https:\/\/aconteceunovale.com.br\/portal\/index.php?rest_route=%2Fwp%2Fv2%2Fcomments&post=61208"}],"version-history":[{"count":0,"href":"https:\/\/aconteceunovale.com.br\/portal\/index.php?rest_route=\/wp\/v2\/posts\/61208\/revisions"}],"wp:featuredmedia":[{"embeddable":true,"href":"https:\/\/aconteceunovale.com.br\/portal\/index.php?rest_route=\/wp\/v2\/media\/58741"}],"wp:attachment":[{"href":"https:\/\/aconteceunovale.com.br\/portal\/index.php?rest_route=%2Fwp%2Fv2%2Fmedia&parent=61208"}],"wp:term":[{"taxonomy":"category","embeddable":true,"href":"https:\/\/aconteceunovale.com.br\/portal\/index.php?rest_route=%2Fwp%2Fv2%2Fcategories&post=61208"},{"taxonomy":"post_tag","embeddable":true,"href":"https:\/\/aconteceunovale.com.br\/portal\/index.php?rest_route=%2Fwp%2Fv2%2Ftags&post=61208"}],"curies":[{"name":"wp","href":"https:\/\/api.w.org\/{rel}","templated":true}]}}