{"id":61116,"date":"2015-06-13T10:51:21","date_gmt":"2015-06-13T13:51:21","guid":{"rendered":"http:\/\/aconteceunovale.com.br\/portal\/?p=61116"},"modified":"2015-06-13T10:51:58","modified_gmt":"2015-06-13T13:51:58","slug":"detentas-denunciam-estupro-coletivo-durante-rebeliao-no-presidio-de-governador-valadares","status":"publish","type":"post","link":"https:\/\/aconteceunovale.com.br\/portal\/?p=61116","title":{"rendered":"Detentas denunciam estupro coletivo durante rebeli\u00e3o no pres\u00eddio de Governador Valadares"},"content":{"rendered":"<h4><strong><em>Defensor p\u00fablico de Te\u00f3filo Otoni recebe de detentas retiradas do pres\u00eddio de Governador Valadares relatos de viol\u00eancia sexual em rebeli\u00e3o que terminou com dois mortos e cinco internos atirados do telhado.<\/em><\/strong><\/h4>\n<p>O Minist\u00e9rio P\u00fablico de Minas Gerais apura den\u00fancias de que presas teriam sido estupradas por detentos durante rebeli\u00e3o no Pres\u00eddio de Governador Valadares, no Vale do Rio Doce, que terminou com duas mortes e cinco internos atirados do telhado, na semana passada. Segundo relatos investigados pelas promotorias de Direitos Humanos e de Execu\u00e7\u00f5es Penais, durante o motim os rebelados alcan\u00e7aram a ala da penitenci\u00e1ria onde ficam as detentas, quebraram as grades e as soltaram. Muitas n\u00e3o queriam sair, mas foram obrigadas. Os relatos de estupro foram feitos por v\u00edtimas e por familiares ao MP, \u00e0 Defensoria P\u00fablica \u2013 respons\u00e1vel por prestar assist\u00eancia jur\u00eddica a pessoas carentes \u2013, e a entidades ligadas \u00e0 prote\u00e7\u00e3o dos direitos dos presos. A Secretaria de Estado de Defesa Social (Seds) sustenta que n\u00e3o houve estupro, e sim \u201csexo consensual entre detentas e detentos tamb\u00e9m rebelados no Pres\u00eddio de Governador Valadares, que seriam namorados ou companheiros\u201d. \u201cA Seds n\u00e3o recebeu nenhuma den\u00fancia formal de estupro\/viol\u00eancia sexual ou relato verbal por parte das detentas, nem por parte dos defensores p\u00fablicos que as ouviram, nem do Minist\u00e9rio P\u00fablico\u201d, informou a secretaria, por meio de nota.<\/p>\n<p>No texto, a Seds argumenta ainda que esses relatos de \u201csexo consensual\u201d foram \u201crepassados pela Defensoria P\u00fablica de Te\u00f3filo Otoni, para onde as presas foram encaminhadas\u201d. J\u00e1 o defensor p\u00fablico de Te\u00f3filo Otoni, P\u00e9ricles Batista, coordenador regional da institui\u00e7\u00e3o, disse que recebeu depoimentos de sexo consentido, mas tamb\u00e9m de estupro, e que a Defensoria est\u00e1 se mobilizando na apura\u00e7\u00e3o das den\u00fancias. Ele afirma que desde o in\u00edcio houve descri\u00e7\u00f5es, n\u00e3o isoladas, de viol\u00eancia sexual. Segundo ele, \u201cpor ora n\u00e3o h\u00e1 comprova\u00e7\u00e3o de estupro, mas isso n\u00e3o quer dizer que n\u00e3o tenha ocorrido\u201d.<\/p>\n<p>Com ou sem comprova\u00e7\u00e3o, o fato \u00e9 que nenhuma das presas que denunciaram viol\u00eancia sexual tinha sido, at\u00e9 ontem, submetida a qualquer tipo de profilaxia contra gravidez e doen\u00e7as sexualmente transmiss\u00edveis, entre elas a Aids. A recomenda\u00e7\u00e3o da Unaids (o Programa Conjunto das Na\u00e7\u00f5es Unidas sobre HIV\/Aids) em caso de viol\u00eancia sexual \u00e9 que essas medidas sejam tomadas at\u00e9 72 horas depois da ocorr\u00eancia. O prazo \u00e9 o mesmo estipulado pela \u00e1rea m\u00e9dica para evitar gravidez resultante de estupro. Segundo a Seds, o \u201cpres\u00eddio de Te\u00f3filo Otoni colocou-se \u00e0 disposi\u00e7\u00e3o para providenciar exames ginecol\u00f3gicos e, se preciso, medicamentos \u00e0s detentas que desejarem. Nenhuma das internas pediu o fornecimento da chamada p\u00edlula do dia seguinte\u201d.<\/p>\n<p>De acordo com o defensor P\u00e9ricles Batista, as presas vindas de Valadares chegaram a Te\u00f3filo Otoni em \u201ccondi\u00e7\u00f5es deplor\u00e1veis\u201d. Ele conta que, durante a rebeli\u00e3o, os amotinados entraram na farm\u00e1cia do pres\u00eddio e consumiram medicamentos psicotr\u00f3picos, e que muitas detentas estavam completamente drogadas. Segundo apurou o Estado de Minas, algumas delas foram encontradas ca\u00eddas dentro do pres\u00eddio, sob efeito de medicamentos de tarja pretas e at\u00e9 com seringas espetadas nos bra\u00e7os. Teriam sido consumidos durante o motim cerca de 400 vidros dessas subst\u00e2ncias, grande parte representada pelo ansiol\u00edtico Rivotril, usado como calmante e tamb\u00e9m como son\u00edfero. Toda a medica\u00e7\u00e3o de prescri\u00e7\u00e3o restrita foi usada.<\/p>\n<p>No momento da rebeli\u00e3o, havia no pres\u00eddio \u2013 com capacidade para 290 pessoas \u2013 cerca de 800 presos, entre os quais um contingente de aproximadamente 50 mulheres. Logo ap\u00f3s o fim do motim, a maioria delas foi transferida para o Pres\u00eddio Regional de Te\u00f3filo Otoni, distante cerca de 140 quil\u00f4metros de Governador Valadares. Seis foram levadas para a Associa\u00e7\u00e3o de Prote\u00e7\u00e3o e Assist\u00eancia aos Condenados (Apac), no pr\u00f3prio munic\u00edpio de Valadares. Algumas j\u00e1 foram mandadas de volta para a unidade onde houve a rebeli\u00e3o. Integrantes do MP pretendem ir \u00e0s duas cidades ouvir as detentas.<\/p>\n<p><img decoding=\"async\" src=\"http:\/\/aconteceunovale.com.br\/portal\/wp-content\/uploads\/2015\/06\/presos_telhado_gv.jpg\" alt=\"\" \/><em>Cinco detentos foram jogados do telhado &#8211; Foto: Leonardo Morais \/ Hoje em Dia<\/em><br \/>\n<\/br><\/p>\n<p><strong><em>(Fonte: Estado de Minas \/ Alessandra Mello)<\/em><\/strong><\/p>\n","protected":false},"excerpt":{"rendered":"<p>Defensor p\u00fablico de Te\u00f3filo Otoni recebe de detentas retiradas do pres\u00eddio de Governador Valadares relatos de viol\u00eancia sexual em rebeli\u00e3o que terminou com dois mortos e cinco internos atirados do telhado. O Minist\u00e9rio P\u00fablico de Minas Gerais apura den\u00fancias de que presas teriam sido estupradas por detentos durante rebeli\u00e3o no Pres\u00eddio de Governador Valadares, no [&hellip;]<\/p>\n","protected":false},"author":1,"featured_media":60838,"comment_status":"open","ping_status":"closed","sticky":false,"template":"","format":"standard","meta":{"amp_status":"","footnotes":""},"categories":[121],"tags":[48170,48171,48172,247,19124,47389],"class_list":["post-61116","post","type-post","status-publish","format-standard","has-post-thumbnail","hentry","category-leste","tag-detentas-denunciam-estupro-coletivo-durante-rebeliao-no-presidio-de-governador-valadares","tag-estupro-coletivo-durante-rebeliao-no-presidio-de-governador-valadares","tag-estupro-coletivo-presidio-de-governador-valadares","tag-governador-valadares","tag-presidio-de-governador-valadares","tag-rebeliao-no-presidio-de-governador-valadares"],"_links":{"self":[{"href":"https:\/\/aconteceunovale.com.br\/portal\/index.php?rest_route=\/wp\/v2\/posts\/61116","targetHints":{"allow":["GET"]}}],"collection":[{"href":"https:\/\/aconteceunovale.com.br\/portal\/index.php?rest_route=\/wp\/v2\/posts"}],"about":[{"href":"https:\/\/aconteceunovale.com.br\/portal\/index.php?rest_route=\/wp\/v2\/types\/post"}],"author":[{"embeddable":true,"href":"https:\/\/aconteceunovale.com.br\/portal\/index.php?rest_route=\/wp\/v2\/users\/1"}],"replies":[{"embeddable":true,"href":"https:\/\/aconteceunovale.com.br\/portal\/index.php?rest_route=%2Fwp%2Fv2%2Fcomments&post=61116"}],"version-history":[{"count":0,"href":"https:\/\/aconteceunovale.com.br\/portal\/index.php?rest_route=\/wp\/v2\/posts\/61116\/revisions"}],"wp:featuredmedia":[{"embeddable":true,"href":"https:\/\/aconteceunovale.com.br\/portal\/index.php?rest_route=\/wp\/v2\/media\/60838"}],"wp:attachment":[{"href":"https:\/\/aconteceunovale.com.br\/portal\/index.php?rest_route=%2Fwp%2Fv2%2Fmedia&parent=61116"}],"wp:term":[{"taxonomy":"category","embeddable":true,"href":"https:\/\/aconteceunovale.com.br\/portal\/index.php?rest_route=%2Fwp%2Fv2%2Fcategories&post=61116"},{"taxonomy":"post_tag","embeddable":true,"href":"https:\/\/aconteceunovale.com.br\/portal\/index.php?rest_route=%2Fwp%2Fv2%2Ftags&post=61116"}],"curies":[{"name":"wp","href":"https:\/\/api.w.org\/{rel}","templated":true}]}}