{"id":61113,"date":"2015-06-13T10:28:33","date_gmt":"2015-06-13T13:28:33","guid":{"rendered":"http:\/\/aconteceunovale.com.br\/portal\/?p=61113"},"modified":"2015-06-13T10:28:33","modified_gmt":"2015-06-13T13:28:33","slug":"der-publica-licitacao-de-radares-para-rodovias-de-minas-gerais","status":"publish","type":"post","link":"https:\/\/aconteceunovale.com.br\/portal\/?p=61113","title":{"rendered":"DER publica licita\u00e7\u00e3o de radares para rodovias de Minas Gerais"},"content":{"rendered":"<h4><strong><em>Novos equipamentos implicar\u00e3o em uma total cobertura do estado, abrangendo as 40 Coordenadorias Regionais do \u00f3rg\u00e3o<\/em><\/strong><\/h4>\n<p>O\u00a0<a href=\"http:\/\/www.der.mg.gov.br\/\" target=\"_blank\">Departamento de Estradas de Rodagem do Estado de Minas Gerais (DER\/MG)<\/a>\u00a0publicou, nesta sexta-feira (12\/6), no\u00a0<a href=\"http:\/\/www.iof.mg.gov.br\/\" target=\"_blank\">Di\u00e1rio Oficial Minas Gerais<\/a>, o aviso de concorr\u00eancia para radar (edital 001\/2015 &#8211; contrata\u00e7\u00e3o de empresa de presta\u00e7\u00e3o de servi\u00e7os de engenharia de tr\u00e2nsito para a detec\u00e7\u00e3o, medi\u00e7\u00e3o, registro e processamento de imagens de infra\u00e7\u00f5es de tr\u00e2nsito nas rodovias sob a circunscri\u00e7\u00e3o do Departamento).<\/p>\n<p>O n\u00famero de radares, que antes era de 240 equipamentos fixos, passar\u00e1 para 393 do tipo fixo e outros 13 do tipo est\u00e1tico, que podem ser transportados e deslocados para diferentes locais. Os novos radares implicar\u00e3o em uma total cobertura do estado, abrangendo as 40 Coordenadorias Regionais do DER\/MG.<\/p>\n<p>A licita\u00e7\u00e3o foi dividida em quatro lotes e a abertura das propostas acontecer\u00e1 \u00e0s 9h30 do dia 19 de agosto de 2015, na sede do DER\/MG, em Belo Horizonte. O edital est\u00e1 dispon\u00edvel em\u00a0<a href=\"http:\/\/www.der.mg.gov.br\/\" target=\"_blank\">www.der.mg.gov.br<\/a>\u00a0no menu Licita\u00e7\u00f5es.<\/p>\n<p><img decoding=\"async\" src=\"http:\/\/aconteceunovale.com.br\/portal\/wp-content\/uploads\/2015\/06\/dermg-publica-licitacao-de-radares-para-rodovias-estaduais.jpg\" alt=\"\" \/><em>A licita\u00e7\u00e3o foi dividida em quatro lotes e a abertura das propostas acontecer\u00e1 em 19 de agosto &#8211; Foto: Bernadete Amado \/ Divulga\u00e7\u00e3o \/ Ag\u00eancia Minas<\/em><br \/>\n<\/br><\/p>\n<p>Veja, abaixo, a distribui\u00e7\u00e3o dos quatro lotes da licita\u00e7\u00e3o dos radares:<\/p>\n<p>&#8211; 1\u00ba lote: 150 equipamentos, sendo 147 fixos e 3 est\u00e1ticos.<\/p>\n<p>&#8211; 2\u00ba lote: 73 equipamentos, sendo 70 fixos e 3 est\u00e1ticos.<\/p>\n<p>&#8211; 3\u00ba lote: 58 equipamentos, sendo 54 fixos e 4 est\u00e1ticos.<\/p>\n<p>&#8211; 4\u00ba lote: 125 equipamentos, sendo 122 fixos e 3 est\u00e1ticos.<\/p>\n<p><center><img decoding=\"async\" src=\"http:\/\/agenciaminas.mg.gov.br\/media\/uploads\/2015\/06\/12\/a.jpg\" alt=\"\" \/><em>As \u00e1reas numeradas no mapa se referem \u00e0s 40 Coordenadorias Regionais do DER\/MG.<\/em><\/center><\/p>\n","protected":false},"excerpt":{"rendered":"<p>Novos equipamentos implicar\u00e3o em uma total cobertura do estado, abrangendo as 40 Coordenadorias Regionais do \u00f3rg\u00e3o O\u00a0Departamento de Estradas de Rodagem do Estado de Minas Gerais (DER\/MG)\u00a0publicou, nesta sexta-feira (12\/6), no\u00a0Di\u00e1rio Oficial Minas Gerais, o aviso de concorr\u00eancia para radar (edital 001\/2015 &#8211; contrata\u00e7\u00e3o de empresa de presta\u00e7\u00e3o de servi\u00e7os de engenharia de tr\u00e2nsito para [&hellip;]<\/p>\n","protected":false},"author":1,"featured_media":61114,"comment_status":"open","ping_status":"closed","sticky":false,"template":"","format":"standard","meta":{"amp_status":"","footnotes":""},"categories":[123],"tags":[48167,1018,48169,48168],"class_list":["post-61113","post","type-post","status-publish","format-standard","has-post-thumbnail","hentry","category-gerais","tag-der-publica-licitacao-de-radares-para-rodovias-de-minas-gerais","tag-destaque","tag-licitacao-de-radares-para-rodovias-de-minas-gerais","tag-radares-para-rodovias-de-minas-gerais"],"_links":{"self":[{"href":"https:\/\/aconteceunovale.com.br\/portal\/index.php?rest_route=\/wp\/v2\/posts\/61113","targetHints":{"allow":["GET"]}}],"collection":[{"href":"https:\/\/aconteceunovale.com.br\/portal\/index.php?rest_route=\/wp\/v2\/posts"}],"about":[{"href":"https:\/\/aconteceunovale.com.br\/portal\/index.php?rest_route=\/wp\/v2\/types\/post"}],"author":[{"embeddable":true,"href":"https:\/\/aconteceunovale.com.br\/portal\/index.php?rest_route=\/wp\/v2\/users\/1"}],"replies":[{"embeddable":true,"href":"https:\/\/aconteceunovale.com.br\/portal\/index.php?rest_route=%2Fwp%2Fv2%2Fcomments&post=61113"}],"version-history":[{"count":0,"href":"https:\/\/aconteceunovale.com.br\/portal\/index.php?rest_route=\/wp\/v2\/posts\/61113\/revisions"}],"wp:featuredmedia":[{"embeddable":true,"href":"https:\/\/aconteceunovale.com.br\/portal\/index.php?rest_route=\/wp\/v2\/media\/61114"}],"wp:attachment":[{"href":"https:\/\/aconteceunovale.com.br\/portal\/index.php?rest_route=%2Fwp%2Fv2%2Fmedia&parent=61113"}],"wp:term":[{"taxonomy":"category","embeddable":true,"href":"https:\/\/aconteceunovale.com.br\/portal\/index.php?rest_route=%2Fwp%2Fv2%2Fcategories&post=61113"},{"taxonomy":"post_tag","embeddable":true,"href":"https:\/\/aconteceunovale.com.br\/portal\/index.php?rest_route=%2Fwp%2Fv2%2Ftags&post=61113"}],"curies":[{"name":"wp","href":"https:\/\/api.w.org\/{rel}","templated":true}]}}