{"id":61088,"date":"2015-06-12T23:18:34","date_gmt":"2015-06-13T02:18:34","guid":{"rendered":"http:\/\/aconteceunovale.com.br\/portal\/?p=61088"},"modified":"2015-06-12T23:18:34","modified_gmt":"2015-06-13T02:18:34","slug":"acidentes-deixam-dois-mortos-e-tres-feridos-no-norte-de-minas","status":"publish","type":"post","link":"https:\/\/aconteceunovale.com.br\/portal\/?p=61088","title":{"rendered":"Acidentes deixam dois mortos e tr\u00eas feridos no Norte de Minas"},"content":{"rendered":"<h4><strong><em>Acidentes foram registrados em V\u00e1rzea da Palma, Montes Claros e Buritizeiro.<\/em><\/strong><\/h4>\n<p>Duas pessoas morreram e tr\u00eas ficaram feridas em tr\u00eas acidentes registrados em munic\u00edpios da regi\u00e3o Norte de Minas Gerais na noite dessa quinta-feira (11) e nesta sexta-feira (12). <\/p>\n<p>Na MG-496, pr\u00f3ximo a V\u00e1rzea da Palma, tr\u00eas pessoas foram socorridas pelo Corpo de Bombeiros ap\u00f3s uma colis\u00e3o entre dois carros de passeio na noite de ontem (11). Segundo os bombeiros, em um dos ve\u00edculos estavam um homem e uma mulher e no outro ve\u00edculo apenas o condutor, que tamb\u00e9m ficou ferido.<\/p>\n<p>No per\u00edmetro urbano de Montes Claros, um homem de 33 anos morreu ap\u00f3s um acidente envolvendo um carro e uma moto nesta sexta-feira (12). Testemunhas disseram para a Pol\u00edcia Militar que ele seguia de moto pela Avenida Deputado Pl\u00ednio Ribeiro em dire\u00e7\u00e3o ao Bairro Interlagos, quando foi atingido por um carro, que fazia uma convers\u00e3o.<\/p>\n<p>O Samu foi acionado e constatou a morte do motociclista. Ele teve traumatismo grave, al\u00e9m de outros ferimentos. O motorista do carro fugiu sem prestar socorro e ainda n\u00e3o foi localizado. Segundo a PM, o condutor da moto n\u00e3o tinha habilita\u00e7\u00e3o.<\/p>\n<p>Tamb\u00e9m nesta sexta-feira, o motorista de uma carreta carregada de frango morreu ap\u00f3s um acidente na BR-365, no munic\u00edpio de Buritizeiro. De acordo com as informa\u00e7\u00f5es do corpo de Bombeiros de Pirapora, o condutor perdeu o controle do ve\u00edculo, saiu da pista e tombou no KM 190. <\/p>\n<p><em>(Fonte: G1 com altera\u00e7\u00f5es)<\/em><\/p>\n","protected":false},"excerpt":{"rendered":"<p>Acidentes foram registrados em V\u00e1rzea da Palma, Montes Claros e Buritizeiro. Duas pessoas morreram e tr\u00eas ficaram feridas em tr\u00eas acidentes registrados em munic\u00edpios da regi\u00e3o Norte de Minas Gerais na noite dessa quinta-feira (11) e nesta sexta-feira (12). Na MG-496, pr\u00f3ximo a V\u00e1rzea da Palma, tr\u00eas pessoas foram socorridas pelo Corpo de Bombeiros ap\u00f3s [&hellip;]<\/p>\n","protected":false},"author":1,"featured_media":42404,"comment_status":"open","ping_status":"closed","sticky":false,"template":"","format":"standard","meta":{"amp_status":"","footnotes":""},"categories":[1236],"tags":[48128,48127,16673,30197,48126,31360,1535,210,1340],"class_list":["post-61088","post","type-post","status-publish","format-standard","has-post-thumbnail","hentry","category-norte_de_minas","tag-acidente-com-carreta-de-frango-em-buritizeiro","tag-acidente-em-buritizeiro","tag-acidente-em-montes-claros","tag-acidente-em-varzea-da-palma","tag-acidentes-deixam-dois-mortos-e-tres-feridos-no-norte-de-minas","tag-acidentes-no-norte-de-minas","tag-buritizeiro","tag-montes-claros","tag-varzea-da-palma"],"_links":{"self":[{"href":"https:\/\/aconteceunovale.com.br\/portal\/index.php?rest_route=\/wp\/v2\/posts\/61088","targetHints":{"allow":["GET"]}}],"collection":[{"href":"https:\/\/aconteceunovale.com.br\/portal\/index.php?rest_route=\/wp\/v2\/posts"}],"about":[{"href":"https:\/\/aconteceunovale.com.br\/portal\/index.php?rest_route=\/wp\/v2\/types\/post"}],"author":[{"embeddable":true,"href":"https:\/\/aconteceunovale.com.br\/portal\/index.php?rest_route=\/wp\/v2\/users\/1"}],"replies":[{"embeddable":true,"href":"https:\/\/aconteceunovale.com.br\/portal\/index.php?rest_route=%2Fwp%2Fv2%2Fcomments&post=61088"}],"version-history":[{"count":0,"href":"https:\/\/aconteceunovale.com.br\/portal\/index.php?rest_route=\/wp\/v2\/posts\/61088\/revisions"}],"wp:featuredmedia":[{"embeddable":true,"href":"https:\/\/aconteceunovale.com.br\/portal\/index.php?rest_route=\/wp\/v2\/media\/42404"}],"wp:attachment":[{"href":"https:\/\/aconteceunovale.com.br\/portal\/index.php?rest_route=%2Fwp%2Fv2%2Fmedia&parent=61088"}],"wp:term":[{"taxonomy":"category","embeddable":true,"href":"https:\/\/aconteceunovale.com.br\/portal\/index.php?rest_route=%2Fwp%2Fv2%2Fcategories&post=61088"},{"taxonomy":"post_tag","embeddable":true,"href":"https:\/\/aconteceunovale.com.br\/portal\/index.php?rest_route=%2Fwp%2Fv2%2Ftags&post=61088"}],"curies":[{"name":"wp","href":"https:\/\/api.w.org\/{rel}","templated":true}]}}