{"id":61083,"date":"2015-06-12T22:20:53","date_gmt":"2015-06-13T01:20:53","guid":{"rendered":"http:\/\/aconteceunovale.com.br\/portal\/?p=61083"},"modified":"2015-06-12T22:20:53","modified_gmt":"2015-06-13T01:20:53","slug":"morre-aos-68-anos-o-escritor-e-musico-mineiro-fernando-brant","status":"publish","type":"post","link":"https:\/\/aconteceunovale.com.br\/portal\/?p=61083","title":{"rendered":"Morre aos 68 anos o escritor e m\u00fasico mineiro Fernando Brant"},"content":{"rendered":"<p>Morreu na noite desta sexta-feira (12), aos 68 anos, no Hospital das Cl\u00ednicas, o jornalista e m\u00fasico mineiro Fernando Brant. Ele faleceu durante um transplante de f\u00edgado.<\/p>\n<p>Fernando Rocha Brant nasceu em Caldas (MG), em 9 de outubro de 1946. Filho de pais mineiros, aos cinco anos mudou-se para Diamantina e, aos 10, foi para Belo Horizonte onde passou o resto de sua inf\u00e2ncia e adolesc\u00eancia.<\/p>\n<p>Seu envolvimento com m\u00fasica e literatura aumentou quando cursava a faculdade de Direito. Nessa \u00e9poca, conseguiu seu primeiro emprego, como escriv\u00e3o do Juizado de Menores.<\/p>\n<p>No in\u00edcio dos anos 60, conheceu o amigo Milton Nascimento. Em 1967, Milton conseguiu convencer o ent\u00e3o hesitante Brant a escrever sua primeira letra. Era \u201cTravessia\u201d, composi\u00e7\u00e3o que, no mesmo ano, ganhou o segundo lugar no II Festival Internacional da Can\u00e7\u00e3o, no Rio de Janeiro, funcionando como o estopim da carreira de sucesso de Milton. Em 1969, conseguiu trabalho como jornalista na revista \u201cO Cruzeiro\u201d. <\/p>\n<p>Nesse mesmo ano, em Belo Horizonte, Brant e os amigos come\u00e7aram a articular o projeto que se tornaria o Clube da Esquina. A parceria com Milton, L\u00f4 Borges, Tavinho Moura e outros membros do Clube mostrou-se muito produtiva, gerando mais de 200 can\u00e7\u00f5es, entre as quais h\u00e1 cl\u00e1ssicos como \u201cSan Vicente\u201d, \u201cSaudade dos Avi\u00f5es da Panair (Conversando no Bar)\u201d, \u201cPonta de Areia\u201d, \u201cMaria, Maria\u201d, \u201cPara Lennon e McCartney\u201d, \u201cCan\u00e7\u00e3o da Am\u00e9rica\u201d e \u201cNos Bailes da Vida\u201d, entre muitas outras.<br \/>\nFernando Brant gravou um depoimento para o Museu do Clube da esquina contando sobre seu envolvimento com o grupo:<\/p>\n<p><iframe loading=\"lazy\" width=\"640\" height=\"480\" src=\"https:\/\/www.youtube.com\/embed\/Mr6CjRIsMrY\" frameborder=\"0\" allowfullscreen><\/iframe><\/p>\n<p><em>(Fonte: Jornal O Tempo)<\/em><\/p>\n","protected":false},"excerpt":{"rendered":"<p>Morreu na noite desta sexta-feira (12), aos 68 anos, no Hospital das Cl\u00ednicas, o jornalista e m\u00fasico mineiro Fernando Brant. Ele faleceu durante um transplante de f\u00edgado. Fernando Rocha Brant nasceu em Caldas (MG), em 9 de outubro de 1946. Filho de pais mineiros, aos cinco anos mudou-se para Diamantina e, aos 10, foi para [&hellip;]<\/p>\n","protected":false},"author":1,"featured_media":61084,"comment_status":"open","ping_status":"closed","sticky":false,"template":"","format":"standard","meta":{"amp_status":"","footnotes":""},"categories":[123],"tags":[3686,48119,198,48116,48122,48115,48117,48118,48121,48120],"class_list":["post-61083","post","type-post","status-publish","format-standard","has-post-thumbnail","hentry","category-gerais","tag-caldas","tag-causa-da-morte-de-fernando-brant","tag-diamantina","tag-fernando-brant","tag-fernando-rocha-brant","tag-morre-aos-68-anos-o-escritor-e-musico-mineiro-fernando-brant","tag-morre-fernando-brant","tag-morte-de-fernando-brant","tag-o-que-tinha-fernando-brant","tag-porque-morreu-fernando-brant"],"_links":{"self":[{"href":"https:\/\/aconteceunovale.com.br\/portal\/index.php?rest_route=\/wp\/v2\/posts\/61083","targetHints":{"allow":["GET"]}}],"collection":[{"href":"https:\/\/aconteceunovale.com.br\/portal\/index.php?rest_route=\/wp\/v2\/posts"}],"about":[{"href":"https:\/\/aconteceunovale.com.br\/portal\/index.php?rest_route=\/wp\/v2\/types\/post"}],"author":[{"embeddable":true,"href":"https:\/\/aconteceunovale.com.br\/portal\/index.php?rest_route=\/wp\/v2\/users\/1"}],"replies":[{"embeddable":true,"href":"https:\/\/aconteceunovale.com.br\/portal\/index.php?rest_route=%2Fwp%2Fv2%2Fcomments&post=61083"}],"version-history":[{"count":0,"href":"https:\/\/aconteceunovale.com.br\/portal\/index.php?rest_route=\/wp\/v2\/posts\/61083\/revisions"}],"wp:featuredmedia":[{"embeddable":true,"href":"https:\/\/aconteceunovale.com.br\/portal\/index.php?rest_route=\/wp\/v2\/media\/61084"}],"wp:attachment":[{"href":"https:\/\/aconteceunovale.com.br\/portal\/index.php?rest_route=%2Fwp%2Fv2%2Fmedia&parent=61083"}],"wp:term":[{"taxonomy":"category","embeddable":true,"href":"https:\/\/aconteceunovale.com.br\/portal\/index.php?rest_route=%2Fwp%2Fv2%2Fcategories&post=61083"},{"taxonomy":"post_tag","embeddable":true,"href":"https:\/\/aconteceunovale.com.br\/portal\/index.php?rest_route=%2Fwp%2Fv2%2Ftags&post=61083"}],"curies":[{"name":"wp","href":"https:\/\/api.w.org\/{rel}","templated":true}]}}