{"id":61080,"date":"2015-06-12T22:05:14","date_gmt":"2015-06-13T01:05:14","guid":{"rendered":"http:\/\/aconteceunovale.com.br\/portal\/?p=61080"},"modified":"2015-06-21T11:45:27","modified_gmt":"2015-06-21T14:45:27","slug":"vereador-de-jequitinhonha-e-investigado-por-agressao-a-adolescente-portador-de-necessidades-especiais","status":"publish","type":"post","link":"https:\/\/aconteceunovale.com.br\/portal\/?p=61080","title":{"rendered":"Vereador de Jequitinhonha \u00e9 investigado por agress\u00e3o a adolescente portador de necessidades especiais"},"content":{"rendered":"<h4><strong><em>O parlamentar Adalberto Jos\u00e9 Pereira (PSDB) e seu irm\u00e3o teriam agredido o menor ap\u00f3s a ex-mulher do pol\u00edtico apont\u00e1-lo como autor de um roubo em sua casa.<\/em><\/strong><\/h4>\n<p>A Pol\u00edcia Civil de Jequitinhonha, no Vale do Jequitinhonha, investiga um vereador do munic\u00edpio e seu irm\u00e3o que estariam envolvidos com o espancamento de um adolescente de 16 anos portador de necessidades especiais. O caso teria acontecido no \u00faltimo s\u00e1bado (6), depois que o menor teria sido apontado pela ex-mulher do pol\u00edtico como poss\u00edvel autor de um roubo ocorrido em sua resid\u00eancia.<\/p>\n<p>A delegacia do munic\u00edpio foi procurada nesta sexta-feira (12) e servidores afirmaram que o menor e a sua tia j\u00e1 prestaram depoimento, por\u00e9m, ainda n\u00e3o foi poss\u00edvel ouvir o vereador Adalberto Jos\u00e9 Pereira (PSDB), mais conhecido como Beka, e nem o seu irm\u00e3o, que leva o apelido de Mangaba. A Pol\u00edcia Civil informou ainda que o promotor da cidade j\u00e1 tomou conhecimento e tamb\u00e9m acompanha o caso.<\/p>\n<p>A corpora\u00e7\u00e3o tamb\u00e9m busca outras testemunhas que presenciaram a chegada do vereador com o rapaz ferido no dia do crime. Ap\u00f3s as agress\u00f5es, os reais respons\u00e1veis pelo assalto \u00e0 casa da ex-esposa de Beka foram localizados, comprovando a inoc\u00eancia do adolescente espancado. O exame de corpo delito, feito na cidade vizinha de Almenara, j\u00e1 ficou pronto e confirmou os ind\u00edcios de agress\u00e3o ao menor.<\/p>\n<p><img decoding=\"async\" src=\"http:\/\/aconteceunovale.com.br\/portal\/wp-content\/uploads\/2015\/06\/agressao_menor_jequi_1.jpg\" alt=\"\" \/><em>Menor foi agredido ap\u00f3s suspeita de roubo &#8211; Foto: Reprodu\u00e7\u00e3o \/ Redes Sociais<\/em><br \/>\n<\/br><\/p>\n<p>De acordo com uma prima do jovem, que preferiu n\u00e3o ser identificada, na noite de s\u00e1bado o vereador e o irm\u00e3o, que seria ex-vereador, invadiram a casa da tia dela e levaram o adolescente \u00e0 for\u00e7a. &#8220;Ainda amea\u00e7aram a m\u00e3e dele, dizendo que se ela falasse qualquer coisa eles a matariam. Depois levaram meu primo para um ponte, um lugar abandonado, onde espancaram ele querendo que ele confessasse. S\u00f3 depois de muito tempo o levaram de volta&#8221;, lembrou.<\/p>\n<p>O menor faz acompanhamento psiqui\u00e1trico no Centro de Aten\u00e7\u00e3o Psicossocial (Caps) da cidade e \u00e9 conhecido na cidade. &#8220;Quando eles chegaram trazendo ele de volta, todos viram e reconheceram como o vereador e o irm\u00e3o. S\u00e3o muito conhecidos na cidade. Imediatamente ap\u00f3s voltarem com ele n\u00f3s procuramos a pol\u00edcia e fizemos o Boletim de Ocorr\u00eancia. Tamb\u00e9m procuramos o promotor e levamos ele em Almenara para fazer os exames e comprovar as agress\u00f5es&#8221;, explicou a familiar.<\/p>\n<p>Para a prima, ainda que o garoto tivesse roubado algo da ex-mulher do pol\u00edtico, eles n\u00e3o teriam direito de sequestr\u00e1-lo como fizeram. &#8220;Quem s\u00e3o eles para invadir a casa da minha tia e arrastar ele assim? Nem a pol\u00edcia pode fazer isso sem mandado, quem dir\u00e1 eles&#8221;, protestou.<\/p>\n<p><strong>Reuni\u00e3o na C\u00e2mara Municipal<\/strong><\/p>\n<p>A poss\u00edvel agress\u00e3o acabou virando tema de uma reuni\u00e3o p\u00fablica agendada para acontecer na pr\u00f3xima segunda-feira (15) na C\u00e2mara Municipal de Jequitinhonha. &#8220;S\u00f3 marcaram isso porque a popula\u00e7\u00e3o pressionou. N\u00f3s recolhemos assinaturas para um abaixo-assinado pedindo a cassa\u00e7\u00e3o desse vereador. Mas cidade pequena voc\u00ea sabe como \u00e9, nem sei se isso ir\u00e1 a julgamento&#8221;, lamentou a prima do rapaz.<\/p>\n<p><strong>Defesa dos suspeitos<\/strong><\/p>\n<p>Para os advogados do vereador Adalberto Jos\u00e9 Pereira, as acusa\u00e7\u00f5es s\u00e3o falsas e possuem cunho pol\u00edtico. Eles disseram ainda que o parlamentar est\u00e1 \u00e0 disposi\u00e7\u00e3o da Justi\u00e7a para qualquer esclarecimento.<\/p>\n<p><em>(Fonte: O Tempo)<\/em><\/p>\n","protected":false},"excerpt":{"rendered":"<p>O parlamentar Adalberto Jos\u00e9 Pereira (PSDB) e seu irm\u00e3o teriam agredido o menor ap\u00f3s a ex-mulher do pol\u00edtico apont\u00e1-lo como autor de um roubo em sua casa. A Pol\u00edcia Civil de Jequitinhonha, no Vale do Jequitinhonha, investiga um vereador do munic\u00edpio e seu irm\u00e3o que estariam envolvidos com o espancamento de um adolescente de 16 [&hellip;]<\/p>\n","protected":false},"author":1,"featured_media":61081,"comment_status":"open","ping_status":"closed","sticky":false,"template":"","format":"standard","meta":{"amp_status":"","footnotes":""},"categories":[120],"tags":[48110,48111,34252,9841,48109,48112,48114,48113],"class_list":["post-61080","post","type-post","status-publish","format-standard","has-post-thumbnail","hentry","category-jequi","tag-adalberto-jose-pereira","tag-beka","tag-jequitinhonha","tag-mangaba","tag-vereador-adalberto-jose-pereira","tag-vereador-beka-de-jequitinhonha","tag-vereador-de-jequitinhonha-e-investigado-por-agressao-a-adolescente","tag-vereador-de-jequitinhonha-e-investigado-por-agressao-a-adolescente-portador-de-necessidades-especiais"],"_links":{"self":[{"href":"https:\/\/aconteceunovale.com.br\/portal\/index.php?rest_route=\/wp\/v2\/posts\/61080","targetHints":{"allow":["GET"]}}],"collection":[{"href":"https:\/\/aconteceunovale.com.br\/portal\/index.php?rest_route=\/wp\/v2\/posts"}],"about":[{"href":"https:\/\/aconteceunovale.com.br\/portal\/index.php?rest_route=\/wp\/v2\/types\/post"}],"author":[{"embeddable":true,"href":"https:\/\/aconteceunovale.com.br\/portal\/index.php?rest_route=\/wp\/v2\/users\/1"}],"replies":[{"embeddable":true,"href":"https:\/\/aconteceunovale.com.br\/portal\/index.php?rest_route=%2Fwp%2Fv2%2Fcomments&post=61080"}],"version-history":[{"count":0,"href":"https:\/\/aconteceunovale.com.br\/portal\/index.php?rest_route=\/wp\/v2\/posts\/61080\/revisions"}],"wp:featuredmedia":[{"embeddable":true,"href":"https:\/\/aconteceunovale.com.br\/portal\/index.php?rest_route=\/wp\/v2\/media\/61081"}],"wp:attachment":[{"href":"https:\/\/aconteceunovale.com.br\/portal\/index.php?rest_route=%2Fwp%2Fv2%2Fmedia&parent=61080"}],"wp:term":[{"taxonomy":"category","embeddable":true,"href":"https:\/\/aconteceunovale.com.br\/portal\/index.php?rest_route=%2Fwp%2Fv2%2Fcategories&post=61080"},{"taxonomy":"post_tag","embeddable":true,"href":"https:\/\/aconteceunovale.com.br\/portal\/index.php?rest_route=%2Fwp%2Fv2%2Ftags&post=61080"}],"curies":[{"name":"wp","href":"https:\/\/api.w.org\/{rel}","templated":true}]}}