{"id":60996,"date":"2015-06-11T21:50:26","date_gmt":"2015-06-12T00:50:26","guid":{"rendered":"http:\/\/aconteceunovale.com.br\/portal\/?p=60996"},"modified":"2015-06-11T22:01:31","modified_gmt":"2015-06-12T01:01:31","slug":"prefeito-de-itanhandu-faz-faxina-em-rodoviaria-para-cortar-gastos","status":"publish","type":"post","link":"https:\/\/aconteceunovale.com.br\/portal\/?p=60996","title":{"rendered":"Prefeito mineiro faz faxina em rodovi\u00e1ria para cortar gastos"},"content":{"rendered":"<h4><strong><em>Jovem que fez registro n\u00e3o esperava causar tanta pol\u00eamica com as imagens.<\/em><\/strong><\/h4>\n<p>Um jovem que passava pela rodovi\u00e1ria de Itanhandu, no Sul de Minas, registrou uma cena um tanto quanto inusitada no in\u00edcio deste m\u00eas: o prefeito da cidade, Joaquim Arnoldo Evangelista da Silva (PT do B), conhecido como Joaquim do Milho, foi filmado enquanto varria o lado de fora do terminal logo nas primeiras horas da manh\u00e3. O v\u00eddeo, publicado na internet, foi compartilhado por quase 1.500 pessoas em pouco menos de uma semana.<\/p>\n<p>Tranquilo, o prefeito interrompeu a faxina para explicar ao rapaz o motivo da atitude: redu\u00e7\u00e3o de gastos. Segundo Silva, foi preciso cortar as horas extras dos funcion\u00e1rios para economizar, j\u00e1 que a arrecada\u00e7\u00e3o da prefeitura caiu nos \u00faltimos meses.<\/p>\n<p>Na sexta-feira (5), por volta de 4h, o DJ Vin\u00edcios Rocha, de 20 anos, deixava Itanhandu, para retornar para Pouso Alto, munic\u00edpio da mesma regi\u00e3o, onde mora h\u00e1 quatro anos. Ao passar pela rodovi\u00e1ria, observou a cena e decidiu fazer o registro. &#8220;Eu s\u00f3 vi ele e uma mo\u00e7a na rodovi\u00e1ria. Ela me falou que ele era o prefeito. Ela me disse ainda que ele j\u00e1 estava fazendo isso h\u00e1 alguns dias e afirmou que ele at\u00e9 chegou a lavar os banheiros&#8221;, explicou o jovem.<\/p>\n<p>Ao registrar a cena o DJ n\u00e3o esperava causar tanta pol\u00eamica. &#8220;O que tem de pessoas vindo brigar comigo n\u00e3o \u00e9 brincadeira. Eu n\u00e3o fiz isso pensando em causar constrangimento. Eu at\u00e9 achei legal da parte dele. Achei uma atitude bastante humilde. Ele me pareceu, na hora, muito correto no que estava fazendo. N\u00e3o me parecia  jogada de  marketing&#8221;, encerrou Rocha.<\/p>\n<div id=\"fb-root\"><\/div>\n<p><script>(function(d, s, id) {  var js, fjs = d.getElementsByTagName(s)[0];  if (d.getElementById(id)) return;  js = d.createElement(s); js.id = id;  js.src = \"\/\/connect.facebook.net\/pt_BR\/sdk.js#xfbml=1&version=v2.3\";  fjs.parentNode.insertBefore(js, fjs);}(document, 'script', 'facebook-jssdk'));<\/script><\/p>\n<div class=\"fb-video\" data-allowfullscreen=\"true\" data-href=\"https:\/\/www.facebook.com\/rodrigovesgo\/videos\/845907488792389\/\">\n<div class=\"fb-xfbml-parse-ignore\">\n<blockquote cite=\"\/rodrigovesgo\/videos\/845907488792389\/\"><p><a href=\"\/rodrigovesgo\/videos\/845907488792389\/\"><\/a><\/p>\n<p>Prefeito de Itanhandu-MG, minha cidade natal , varrendo a rua da cidade! Bela atitude !<\/p>\n<p>Posted by <a href=\"https:\/\/www.facebook.com\/rodrigovesgo\">Rodrigo Vesgo<\/a> on Segunda, 8 de junho de 2015<\/p><\/blockquote>\n<\/div>\n<\/div>\n<p><em>(Fonte: O Tempo)<\/em><\/p>\n","protected":false},"excerpt":{"rendered":"<p>Jovem que fez registro n\u00e3o esperava causar tanta pol\u00eamica com as imagens. Um jovem que passava pela rodovi\u00e1ria de Itanhandu, no Sul de Minas, registrou uma cena um tanto quanto inusitada no in\u00edcio deste m\u00eas: o prefeito da cidade, Joaquim Arnoldo Evangelista da Silva (PT do B), conhecido como Joaquim do Milho, foi filmado enquanto [&hellip;]<\/p>\n","protected":false},"author":1,"featured_media":60998,"comment_status":"open","ping_status":"closed","sticky":false,"template":"","format":"standard","meta":{"amp_status":"","footnotes":""},"categories":[123],"tags":[10977,47992,48001,47995,47994,47993,47996],"class_list":["post-60996","post","type-post","status-publish","format-standard","has-post-thumbnail","hentry","category-gerais","tag-itanhandu","tag-joaquim-arnoldo-evangelista-da-silva","tag-joaquim-do-milho","tag-prefeito-de-itanhandu","tag-prefeito-de-itanhandu-faz-faxina-em-rodoviaria","tag-prefeito-de-itanhandu-faz-faxina-em-rodoviaria-para-cortar-gastos","tag-prefeito-mineiro-faz-faxina-em-rodoviaria-para-cortar-gastos"],"yoast_head":"<!-- This site is optimized with the Yoast SEO plugin v28.3 - https:\/\/yoast.com\/product\/yoast-seo-wordpress\/ -->\n<title>Prefeito mineiro faz faxina em rodovi\u00e1ria para cortar gastos - Aconteceu no Vale<\/title>\n<meta name=\"robots\" content=\"index, follow, max-snippet:-1, max-image-preview:large, max-video-preview:-1\" \/>\n<link rel=\"canonical\" href=\"https:\/\/aconteceunovale.com.br\/portal\/?p=60996\" \/>\n<meta property=\"og:locale\" content=\"pt_BR\" \/>\n<meta property=\"og:type\" content=\"article\" \/>\n<meta property=\"og:title\" content=\"Prefeito mineiro faz faxina em rodovi\u00e1ria para cortar gastos - Aconteceu no Vale\" \/>\n<meta property=\"og:description\" content=\"Jovem que fez registro n\u00e3o esperava causar tanta pol\u00eamica com as imagens. Um jovem que passava pela rodovi\u00e1ria de Itanhandu, no Sul de Minas, registrou uma cena um tanto quanto inusitada no in\u00edcio deste m\u00eas: o prefeito da cidade, Joaquim Arnoldo Evangelista da Silva (PT do B), conhecido como Joaquim do Milho, foi filmado enquanto [&hellip;]\" \/>\n<meta property=\"og:url\" content=\"https:\/\/aconteceunovale.com.br\/portal\/?p=60996\" \/>\n<meta property=\"og:site_name\" content=\"Aconteceu no Vale\" \/>\n<meta property=\"article:publisher\" content=\"https:\/\/www.facebook.com\/aconteceunovale\/\" \/>\n<meta property=\"article:published_time\" content=\"2015-06-12T00:50:26+00:00\" \/>\n<meta property=\"article:modified_time\" content=\"2015-06-12T01:01:31+00:00\" \/>\n<meta property=\"og:image\" content=\"https:\/\/aconteceunovale.com.br\/portal\/wp-content\/uploads\/2015\/06\/prefeito_itanhandu.jpg\" \/>\n\t<meta property=\"og:image:width\" content=\"640\" \/>\n\t<meta property=\"og:image:height\" content=\"403\" \/>\n\t<meta property=\"og:image:type\" content=\"image\/jpeg\" \/>\n<meta name=\"author\" content=\"Aconteceu no Vale\" \/>\n<meta name=\"twitter:card\" content=\"summary_large_image\" \/>\n<meta name=\"twitter:creator\" content=\"@noticiadosvales\" \/>\n<meta name=\"twitter:site\" content=\"@noticiadosvales\" \/>\n<meta name=\"twitter:label1\" content=\"Escrito por\" \/>\n\t<meta name=\"twitter:data1\" content=\"Aconteceu no Vale\" \/>\n\t<meta name=\"twitter:label2\" content=\"Est. tempo de leitura\" \/>\n\t<meta name=\"twitter:data2\" content=\"2 minutos\" \/>\n<script type=\"application\/ld+json\" class=\"yoast-schema-graph\">{\"@context\":\"https:\\\/\\\/schema.org\",\"@graph\":[{\"@type\":\"Article\",\"@id\":\"https:\\\/\\\/aconteceunovale.com.br\\\/portal\\\/?p=60996#article\",\"isPartOf\":{\"@id\":\"https:\\\/\\\/aconteceunovale.com.br\\\/portal\\\/?p=60996\"},\"author\":{\"name\":\"Aconteceu no Vale\",\"@id\":\"https:\\\/\\\/aconteceunovale.com.br\\\/portal\\\/#\\\/schema\\\/person\\\/633529146f2c94272bef50ac2953d589\"},\"headline\":\"Prefeito mineiro faz faxina em rodovi\u00e1ria para cortar gastos\",\"datePublished\":\"2015-06-12T00:50:26+00:00\",\"dateModified\":\"2015-06-12T01:01:31+00:00\",\"mainEntityOfPage\":{\"@id\":\"https:\\\/\\\/aconteceunovale.com.br\\\/portal\\\/?p=60996\"},\"wordCount\":321,\"commentCount\":0,\"image\":{\"@id\":\"https:\\\/\\\/aconteceunovale.com.br\\\/portal\\\/?p=60996#primaryimage\"},\"thumbnailUrl\":\"https:\\\/\\\/aconteceunovale.com.br\\\/portal\\\/wp-content\\\/uploads\\\/2015\\\/06\\\/prefeito_itanhandu.jpg\",\"keywords\":[\"Itanhandu\",\"Joaquim Arnoldo Evangelista da Silva\",\"Joaquim do Milho\",\"Prefeito de Itanhandu\",\"Prefeito de Itanhandu faz faxina em rodovi\u00e1ria\",\"Prefeito de Itanhandu faz faxina em rodovi\u00e1ria para cortar gastos\",\"Prefeito mineiro faz faxina em rodovi\u00e1ria para cortar gastos\"],\"articleSection\":[\"Minas Gerais\"],\"inLanguage\":\"pt-BR\",\"potentialAction\":[{\"@type\":\"CommentAction\",\"name\":\"Comment\",\"target\":[\"https:\\\/\\\/aconteceunovale.com.br\\\/portal\\\/?p=60996#respond\"]}]},{\"@type\":\"WebPage\",\"@id\":\"https:\\\/\\\/aconteceunovale.com.br\\\/portal\\\/?p=60996\",\"url\":\"https:\\\/\\\/aconteceunovale.com.br\\\/portal\\\/?p=60996\",\"name\":\"Prefeito mineiro faz faxina em rodovi\u00e1ria para cortar gastos - Aconteceu no Vale\",\"isPartOf\":{\"@id\":\"https:\\\/\\\/aconteceunovale.com.br\\\/portal\\\/#website\"},\"primaryImageOfPage\":{\"@id\":\"https:\\\/\\\/aconteceunovale.com.br\\\/portal\\\/?p=60996#primaryimage\"},\"image\":{\"@id\":\"https:\\\/\\\/aconteceunovale.com.br\\\/portal\\\/?p=60996#primaryimage\"},\"thumbnailUrl\":\"https:\\\/\\\/aconteceunovale.com.br\\\/portal\\\/wp-content\\\/uploads\\\/2015\\\/06\\\/prefeito_itanhandu.jpg\",\"datePublished\":\"2015-06-12T00:50:26+00:00\",\"dateModified\":\"2015-06-12T01:01:31+00:00\",\"author\":{\"@id\":\"https:\\\/\\\/aconteceunovale.com.br\\\/portal\\\/#\\\/schema\\\/person\\\/633529146f2c94272bef50ac2953d589\"},\"breadcrumb\":{\"@id\":\"https:\\\/\\\/aconteceunovale.com.br\\\/portal\\\/?p=60996#breadcrumb\"},\"inLanguage\":\"pt-BR\",\"potentialAction\":[{\"@type\":\"ReadAction\",\"target\":[\"https:\\\/\\\/aconteceunovale.com.br\\\/portal\\\/?p=60996\"]}]},{\"@type\":\"ImageObject\",\"inLanguage\":\"pt-BR\",\"@id\":\"https:\\\/\\\/aconteceunovale.com.br\\\/portal\\\/?p=60996#primaryimage\",\"url\":\"https:\\\/\\\/aconteceunovale.com.br\\\/portal\\\/wp-content\\\/uploads\\\/2015\\\/06\\\/prefeito_itanhandu.jpg\",\"contentUrl\":\"https:\\\/\\\/aconteceunovale.com.br\\\/portal\\\/wp-content\\\/uploads\\\/2015\\\/06\\\/prefeito_itanhandu.jpg\",\"width\":640,\"height\":403},{\"@type\":\"BreadcrumbList\",\"@id\":\"https:\\\/\\\/aconteceunovale.com.br\\\/portal\\\/?p=60996#breadcrumb\",\"itemListElement\":[{\"@type\":\"ListItem\",\"position\":1,\"name\":\"In\u00edcio\",\"item\":\"https:\\\/\\\/aconteceunovale.com.br\\\/portal\\\/\"},{\"@type\":\"ListItem\",\"position\":2,\"name\":\"Prefeito mineiro faz faxina em rodovi\u00e1ria para cortar gastos\"}]},{\"@type\":\"WebSite\",\"@id\":\"https:\\\/\\\/aconteceunovale.com.br\\\/portal\\\/#website\",\"url\":\"https:\\\/\\\/aconteceunovale.com.br\\\/portal\\\/\",\"name\":\"Aconteceu no Vale\",\"description\":\"Portal de Not\u00edcias\",\"potentialAction\":[{\"@type\":\"SearchAction\",\"target\":{\"@type\":\"EntryPoint\",\"urlTemplate\":\"https:\\\/\\\/aconteceunovale.com.br\\\/portal\\\/?s={search_term_string}\"},\"query-input\":{\"@type\":\"PropertyValueSpecification\",\"valueRequired\":true,\"valueName\":\"search_term_string\"}}],\"inLanguage\":\"pt-BR\"},{\"@type\":\"Person\",\"@id\":\"https:\\\/\\\/aconteceunovale.com.br\\\/portal\\\/#\\\/schema\\\/person\\\/633529146f2c94272bef50ac2953d589\",\"name\":\"Aconteceu no Vale\",\"description\":\"Equipe de reportagem do Aconteceu no Vale, portal de not\u00edcias do Vale do Jequitinhonha, em Minas Gerais. Cobrimos as 51 cidades do Vale desde 2013. Sugest\u00f5es de pauta e pedidos de corre\u00e7\u00e3o: contato@aconteceunovale.com.br\",\"sameAs\":[\"http:\\\/\\\/www.aconteceunovale.com.br\"],\"url\":\"https:\\\/\\\/aconteceunovale.com.br\\\/portal\\\/?author=1\"}]}<\/script>\n<!-- \/ Yoast SEO plugin. -->","yoast_head_json":{"title":"Prefeito mineiro faz faxina em rodovi\u00e1ria para cortar gastos - Aconteceu no Vale","robots":{"index":"index","follow":"follow","max-snippet":"max-snippet:-1","max-image-preview":"max-image-preview:large","max-video-preview":"max-video-preview:-1"},"canonical":"https:\/\/aconteceunovale.com.br\/portal\/?p=60996","og_locale":"pt_BR","og_type":"article","og_title":"Prefeito mineiro faz faxina em rodovi\u00e1ria para cortar gastos - Aconteceu no Vale","og_description":"Jovem que fez registro n\u00e3o esperava causar tanta pol\u00eamica com as imagens. Um jovem que passava pela rodovi\u00e1ria de Itanhandu, no Sul de Minas, registrou uma cena um tanto quanto inusitada no in\u00edcio deste m\u00eas: o prefeito da cidade, Joaquim Arnoldo Evangelista da Silva (PT do B), conhecido como Joaquim do Milho, foi filmado enquanto [&hellip;]","og_url":"https:\/\/aconteceunovale.com.br\/portal\/?p=60996","og_site_name":"Aconteceu no Vale","article_publisher":"https:\/\/www.facebook.com\/aconteceunovale\/","article_published_time":"2015-06-12T00:50:26+00:00","article_modified_time":"2015-06-12T01:01:31+00:00","og_image":[{"width":640,"height":403,"url":"https:\/\/aconteceunovale.com.br\/portal\/wp-content\/uploads\/2015\/06\/prefeito_itanhandu.jpg","type":"image\/jpeg"}],"author":"Aconteceu no Vale","twitter_card":"summary_large_image","twitter_creator":"@noticiadosvales","twitter_site":"@noticiadosvales","twitter_misc":{"Escrito por":"Aconteceu no Vale","Est. tempo de leitura":"2 minutos"},"schema":{"@context":"https:\/\/schema.org","@graph":[{"@type":"Article","@id":"https:\/\/aconteceunovale.com.br\/portal\/?p=60996#article","isPartOf":{"@id":"https:\/\/aconteceunovale.com.br\/portal\/?p=60996"},"author":{"name":"Aconteceu no Vale","@id":"https:\/\/aconteceunovale.com.br\/portal\/#\/schema\/person\/633529146f2c94272bef50ac2953d589"},"headline":"Prefeito mineiro faz faxina em rodovi\u00e1ria para cortar gastos","datePublished":"2015-06-12T00:50:26+00:00","dateModified":"2015-06-12T01:01:31+00:00","mainEntityOfPage":{"@id":"https:\/\/aconteceunovale.com.br\/portal\/?p=60996"},"wordCount":321,"commentCount":0,"image":{"@id":"https:\/\/aconteceunovale.com.br\/portal\/?p=60996#primaryimage"},"thumbnailUrl":"https:\/\/aconteceunovale.com.br\/portal\/wp-content\/uploads\/2015\/06\/prefeito_itanhandu.jpg","keywords":["Itanhandu","Joaquim Arnoldo Evangelista da Silva","Joaquim do Milho","Prefeito de Itanhandu","Prefeito de Itanhandu faz faxina em rodovi\u00e1ria","Prefeito de Itanhandu faz faxina em rodovi\u00e1ria para cortar gastos","Prefeito mineiro faz faxina em rodovi\u00e1ria para cortar gastos"],"articleSection":["Minas Gerais"],"inLanguage":"pt-BR","potentialAction":[{"@type":"CommentAction","name":"Comment","target":["https:\/\/aconteceunovale.com.br\/portal\/?p=60996#respond"]}]},{"@type":"WebPage","@id":"https:\/\/aconteceunovale.com.br\/portal\/?p=60996","url":"https:\/\/aconteceunovale.com.br\/portal\/?p=60996","name":"Prefeito mineiro faz faxina em rodovi\u00e1ria para cortar gastos - Aconteceu no Vale","isPartOf":{"@id":"https:\/\/aconteceunovale.com.br\/portal\/#website"},"primaryImageOfPage":{"@id":"https:\/\/aconteceunovale.com.br\/portal\/?p=60996#primaryimage"},"image":{"@id":"https:\/\/aconteceunovale.com.br\/portal\/?p=60996#primaryimage"},"thumbnailUrl":"https:\/\/aconteceunovale.com.br\/portal\/wp-content\/uploads\/2015\/06\/prefeito_itanhandu.jpg","datePublished":"2015-06-12T00:50:26+00:00","dateModified":"2015-06-12T01:01:31+00:00","author":{"@id":"https:\/\/aconteceunovale.com.br\/portal\/#\/schema\/person\/633529146f2c94272bef50ac2953d589"},"breadcrumb":{"@id":"https:\/\/aconteceunovale.com.br\/portal\/?p=60996#breadcrumb"},"inLanguage":"pt-BR","potentialAction":[{"@type":"ReadAction","target":["https:\/\/aconteceunovale.com.br\/portal\/?p=60996"]}]},{"@type":"ImageObject","inLanguage":"pt-BR","@id":"https:\/\/aconteceunovale.com.br\/portal\/?p=60996#primaryimage","url":"https:\/\/aconteceunovale.com.br\/portal\/wp-content\/uploads\/2015\/06\/prefeito_itanhandu.jpg","contentUrl":"https:\/\/aconteceunovale.com.br\/portal\/wp-content\/uploads\/2015\/06\/prefeito_itanhandu.jpg","width":640,"height":403},{"@type":"BreadcrumbList","@id":"https:\/\/aconteceunovale.com.br\/portal\/?p=60996#breadcrumb","itemListElement":[{"@type":"ListItem","position":1,"name":"In\u00edcio","item":"https:\/\/aconteceunovale.com.br\/portal\/"},{"@type":"ListItem","position":2,"name":"Prefeito mineiro faz faxina em rodovi\u00e1ria para cortar gastos"}]},{"@type":"WebSite","@id":"https:\/\/aconteceunovale.com.br\/portal\/#website","url":"https:\/\/aconteceunovale.com.br\/portal\/","name":"Aconteceu no Vale","description":"Portal de Not\u00edcias","potentialAction":[{"@type":"SearchAction","target":{"@type":"EntryPoint","urlTemplate":"https:\/\/aconteceunovale.com.br\/portal\/?s={search_term_string}"},"query-input":{"@type":"PropertyValueSpecification","valueRequired":true,"valueName":"search_term_string"}}],"inLanguage":"pt-BR"},{"@type":"Person","@id":"https:\/\/aconteceunovale.com.br\/portal\/#\/schema\/person\/633529146f2c94272bef50ac2953d589","name":"Aconteceu no Vale","description":"Equipe de reportagem do Aconteceu no Vale, portal de not\u00edcias do Vale do Jequitinhonha, em Minas Gerais. Cobrimos as 51 cidades do Vale desde 2013. Sugest\u00f5es de pauta e pedidos de corre\u00e7\u00e3o: contato@aconteceunovale.com.br","sameAs":["http:\/\/www.aconteceunovale.com.br"],"url":"https:\/\/aconteceunovale.com.br\/portal\/?author=1"}]}},"_links":{"self":[{"href":"https:\/\/aconteceunovale.com.br\/portal\/index.php?rest_route=\/wp\/v2\/posts\/60996","targetHints":{"allow":["GET"]}}],"collection":[{"href":"https:\/\/aconteceunovale.com.br\/portal\/index.php?rest_route=\/wp\/v2\/posts"}],"about":[{"href":"https:\/\/aconteceunovale.com.br\/portal\/index.php?rest_route=\/wp\/v2\/types\/post"}],"author":[{"embeddable":true,"href":"https:\/\/aconteceunovale.com.br\/portal\/index.php?rest_route=\/wp\/v2\/users\/1"}],"replies":[{"embeddable":true,"href":"https:\/\/aconteceunovale.com.br\/portal\/index.php?rest_route=%2Fwp%2Fv2%2Fcomments&post=60996"}],"version-history":[{"count":0,"href":"https:\/\/aconteceunovale.com.br\/portal\/index.php?rest_route=\/wp\/v2\/posts\/60996\/revisions"}],"wp:featuredmedia":[{"embeddable":true,"href":"https:\/\/aconteceunovale.com.br\/portal\/index.php?rest_route=\/wp\/v2\/media\/60998"}],"wp:attachment":[{"href":"https:\/\/aconteceunovale.com.br\/portal\/index.php?rest_route=%2Fwp%2Fv2%2Fmedia&parent=60996"}],"wp:term":[{"taxonomy":"category","embeddable":true,"href":"https:\/\/aconteceunovale.com.br\/portal\/index.php?rest_route=%2Fwp%2Fv2%2Fcategories&post=60996"},{"taxonomy":"post_tag","embeddable":true,"href":"https:\/\/aconteceunovale.com.br\/portal\/index.php?rest_route=%2Fwp%2Fv2%2Ftags&post=60996"}],"curies":[{"name":"wp","href":"https:\/\/api.w.org\/{rel}","templated":true}]}}