{"id":60993,"date":"2015-06-11T21:32:38","date_gmt":"2015-06-12T00:32:38","guid":{"rendered":"http:\/\/aconteceunovale.com.br\/portal\/?p=60993"},"modified":"2026-09-02T13:27:19","modified_gmt":"2026-09-02T16:27:19","slug":"festa-do-rosario-de-minas-novas-comeca-com-lavacao-da-igreja-e-quinta-do-angu","status":"publish","type":"post","link":"https:\/\/aconteceunovale.com.br\/portal\/?p=60993","title":{"rendered":"Festa do Ros\u00e1rio de Minas Novas come\u00e7a com lava\u00e7\u00e3o da igreja e quinta do angu"},"content":{"rendered":"<h4><strong><em>H\u00e1 cerca de 300 anos, esta tradi\u00e7\u00e3o religiosa que mistura rituais do catolicismo popular com manifesta\u00e7\u00f5es religiosas africanas resiste aos tempos de falsa prosperidade.<\/em><\/strong><\/h4>\n<p>O convite formal, registra que nos pr\u00f3ximos 14 dias, tem Rei e Rainha, na cidade: &#8220;O Juiz Maior,  Padre J\u00falio Ant\u00f4nio Rocha e a Ju\u00edza Maior,  Maria Natalina de Oliveira Carvalho, convidam a todos para vivermos este grande momento de f\u00e9 e de confraterniza\u00e7\u00e3o&#8221;.<\/p>\n<p>Minas Novas, cidade em festa permanente, no Vale do Jequitinhonha,  acordou nesta quinta-feira, 11 de junho, ao som de muitos foguetes, alegria e f\u00e9, fazendo romaria. <\/p>\n<p>Muitos fi\u00e9is de Nossa Senhora do Ros\u00e1rio dos Homens Pretos de Minas Novas descem a ladeira da rua Boa Vista, que une a Igreja do Ros\u00e1rio at\u00e9 o Rio Fanado, em uma caminhada de cerca de 500 metros, com potes e latas na cabe\u00e7a, para  buscar \u00e1gua para a lava\u00e7\u00e3o da Igreja.<\/p>\n<p>Reza a f\u00e9 que o local de pegar a \u00e1gua deve ser o mesmo em que foi encontrada a imagem da santa por garimpeiros negros, no s\u00e9culo dezoito.<\/p>\n<p>H\u00e1 cerca de 300 anos, esta tradi\u00e7\u00e3o religiosa que mistura rituais do catolicismo popular com manifesta\u00e7\u00f5es religiosas africanas resiste aos tempos de falsa prosperidade.<\/p>\n<p><img decoding=\"async\" src=\"http:\/\/aconteceunovale.com.br\/portal\/wp-content\/uploads\/2015\/06\/festa_rosario_mn_1.jpg\" alt=\"\" \/><em>Movimento de fi\u00e9is na Quinta-feira do Angu da Igreja do Ros\u00e1rio de Minas Novas &#8211; Foto: Divulga\u00e7\u00e3o<\/em><br \/>\n<\/br><\/p>\n<p>Muita gente n\u00e3o dorme, esperando a hora. E quem dorme bota o despertador pra tocar \u00e0s 3 e meia da madrugada. A lava\u00e7\u00e3o come\u00e7a \u00e0s 4 da manh\u00e3. <\/p>\n<p>Todo ano, neste ato de f\u00e9, um mutir\u00e3o de mais de 300 pessoas carrega vassouras, f\u00e9, sab\u00e3o, \u00e1gua e paix\u00e3o. S\u00e3o adultos, idosos, jovens, crian\u00e7as. Tudo pela santa do Ros\u00e1rio.<\/p>\n<p>E n\u00e3o faltam cantos, dan\u00e7a e tambor. Depois da Lava\u00e7\u00e3o da Igreja, \u00e9 servido um delicioso Angu, quentinho. Por isso, essa movimenta\u00e7\u00e3o toda na abertura da Festa do Ros\u00e1rio \u00e9 conhecida como  Quinta-feira do Angu.<\/p>\n<p>\u00c9 o in\u00edcio da Festa que vai at\u00e9 o dia 25 de junho.<\/p>\n<p><strong>Programa\u00e7\u00e3o<\/strong><\/p>\n<p>Confira a programa\u00e7\u00e3o oficial da Festa do Ros\u00e1rio dos Homens Pretos de Minas Novas 2015, divulgada pela Irmandade do Ros\u00e1rio:<\/p>\n<p>11\/06<br \/>\n&#8211; 04h00 \u2013 Quinta &#8211; feira do Angu (Lava\u00e7\u00e3o da Igreja)<\/p>\n<p>15\/06<br \/>\n&#8211; 12:00 \u2013 Meio dia festivo<\/p>\n<p>15 a 23\/06<br \/>\n&#8211; 19:00 horas \u2013 Novenas, com participa\u00e7\u00e3o dos Corais: Agnus Day, Agape, S\u00e3o Jos\u00e9, Arautos da Paz, Santa Cec\u00edlia e Kairo\u2019s. Leil\u00f5es e Barraquinhas<\/p>\n<p>20\/06<br \/>\n&#8211; 20:00 \u2013 Leil\u00e3o de Bezerro<\/p>\n<p>23 a 25\/06<br \/>\n&#8211; Comidas T\u00edpicas e Feira de Artesanato (Secretaria de Cultura e Assist\u00eancia Social)<\/p>\n<p>23\/06 \u2013 Buscada da Santa e Dia do Mastro<br \/>\n&#8211; 09h30 \u2013 Buscada da Imagem de Nossa Senhora do Ros\u00e1rio do Rio Fanado at\u00e9 a Igreja do Ros\u00e1rio. Logo ap\u00f3s, meio-dia festivo.<\/p>\n<p>&#8211; Participa\u00e7\u00e3o Especial: Congado de S\u00e3o Benedito, Tambozeiros do Ros\u00e1rio, Tambozeiros Rei Tiago, Grupos de Santiago, Bemposta e banda de M\u00fasica de Minas Novas e Veredinha.<\/p>\n<p>&#8211; 19h00 \u2013 Ultima Novena, logo ap\u00f3s levantamento do Mastro com Show Pirot\u00e9cnico. \u00daltimo Leil\u00e3o \u2013 respons\u00e1veis: Minasnovenses Ausentes<br \/>\n&#8211; 23h00 &#8211; Show Art\u00edstico<\/p>\n<p>24\/06 \u2013 Cortejo<br \/>\n&#8211; 08h30 \u2013 Cortejo Real, com participa\u00e7\u00e3o da banda de M\u00fasica de Minas Novas e Grupos Folcl\u00f3ricos locais e visitantes.<br \/>\n&#8211; 10h00 \u2013 Missa Solene da Festa.<br \/>\n&#8211; 16h00 \u2013 Shows com artistas locais.<br \/>\n&#8211; 18h30 \u2013 Prociss\u00e3o, logo ap\u00f3s coroa\u00e7\u00e3o.<br \/>\n&#8211; 20h00 \u2013 Apresenta\u00e7\u00e3o do Coral Pequenos P\u00e1ssaros da E.M. Gabriela Leite Ara\u00fajo.<br \/>\n&#8211; 21h00 \u2013 Show Art\u00edstico<\/p>\n<p>25\/06 \u2013 Dia da Posse<br \/>\n&#8211; 08h00 \u2013 Transi\u00e7\u00e3o e abertura do Cofre para recolhimento dos anu\u00e1rios.<br \/>\n&#8211; 16h00 \u2013 Show Prata da Casa<br \/>\n&#8211; 19h00 \u2013 Missa Campal e Posse dos Novos reis para 2016: \u00c9den Leonardo Costa Camargos Sena e Petrina Macedo Figueiredo<\/p>\n<p><em>(Blog do Banu)<\/em><\/p>\n","protected":false},"excerpt":{"rendered":"<p>H\u00e1 cerca de 300 anos, esta tradi\u00e7\u00e3o religiosa que mistura rituais do catolicismo popular com manifesta\u00e7\u00f5es religiosas africanas resiste aos tempos de falsa prosperidade. O convite formal, registra que nos pr\u00f3ximos 14 dias, tem Rei e Rainha, na cidade: &#8220;O Juiz Maior, Padre J\u00falio Ant\u00f4nio Rocha e a Ju\u00edza Maior, Maria Natalina de Oliveira Carvalho, [&hellip;]<\/p>\n","protected":false},"author":1,"featured_media":60994,"comment_status":"open","ping_status":"closed","sticky":false,"template":"","format":"standard","meta":{"amp_status":"","footnotes":""},"categories":[125,272561,120],"tags":[47989,47991,47990,137,47988],"class_list":["post-60993","post","type-post","status-publish","format-standard","has-post-thumbnail","hentry","category-noticias","category-minas-novas","category-jequi","tag-festa-de-nossa-senhora-do-rosario-dos-homens-pretos-de-minas-novas","tag-festa-do-rosario-de-minas-novas","tag-festa-do-rosario-de-minas-novas-comeca-com-lavacao-da-igreja-e-quinta-do-angu","tag-minas-novas","tag-nossa-senhora-do-rosario-dos-homens-pretos-de-minas-novas"],"yoast_head":"<!-- This site is optimized with the Yoast SEO plugin v28.3 - https:\/\/yoast.com\/product\/yoast-seo-wordpress\/ -->\n<title>Festa do Ros\u00e1rio de Minas Novas come\u00e7a com lava\u00e7\u00e3o da igreja e quinta do angu - Aconteceu no Vale<\/title>\n<meta name=\"robots\" content=\"index, follow, max-snippet:-1, max-image-preview:large, max-video-preview:-1\" \/>\n<link rel=\"canonical\" href=\"https:\/\/aconteceunovale.com.br\/portal\/?p=60993\" \/>\n<meta property=\"og:locale\" content=\"pt_BR\" \/>\n<meta property=\"og:type\" content=\"article\" \/>\n<meta property=\"og:title\" content=\"Festa do Ros\u00e1rio de Minas Novas come\u00e7a com lava\u00e7\u00e3o da igreja e quinta do angu - Aconteceu no Vale\" \/>\n<meta property=\"og:description\" content=\"H\u00e1 cerca de 300 anos, esta tradi\u00e7\u00e3o religiosa que mistura rituais do catolicismo popular com manifesta\u00e7\u00f5es religiosas africanas resiste aos tempos de falsa prosperidade. O convite formal, registra que nos pr\u00f3ximos 14 dias, tem Rei e Rainha, na cidade: &#8220;O Juiz Maior, Padre J\u00falio Ant\u00f4nio Rocha e a Ju\u00edza Maior, Maria Natalina de Oliveira Carvalho, [&hellip;]\" \/>\n<meta property=\"og:url\" content=\"https:\/\/aconteceunovale.com.br\/portal\/?p=60993\" \/>\n<meta property=\"og:site_name\" content=\"Aconteceu no Vale\" \/>\n<meta property=\"article:publisher\" content=\"https:\/\/www.facebook.com\/aconteceunovale\/\" \/>\n<meta property=\"article:published_time\" content=\"2015-06-12T00:32:38+00:00\" \/>\n<meta property=\"article:modified_time\" content=\"2026-09-02T16:27:19+00:00\" \/>\n<meta property=\"og:image\" content=\"https:\/\/aconteceunovale.com.br\/portal\/wp-content\/uploads\/2015\/06\/festa_rosario_mn_1.jpg\" \/>\n\t<meta property=\"og:image:width\" content=\"640\" \/>\n\t<meta property=\"og:image:height\" content=\"414\" \/>\n\t<meta property=\"og:image:type\" content=\"image\/jpeg\" \/>\n<meta name=\"author\" content=\"Aconteceu no Vale\" \/>\n<meta name=\"twitter:card\" content=\"summary_large_image\" \/>\n<meta name=\"twitter:creator\" content=\"@noticiadosvales\" \/>\n<meta name=\"twitter:site\" content=\"@noticiadosvales\" \/>\n<meta name=\"twitter:label1\" content=\"Escrito por\" \/>\n\t<meta name=\"twitter:data1\" content=\"Aconteceu no Vale\" \/>\n\t<meta name=\"twitter:label2\" content=\"Est. tempo de leitura\" \/>\n\t<meta name=\"twitter:data2\" content=\"3 minutos\" \/>\n<script type=\"application\/ld+json\" class=\"yoast-schema-graph\">{\"@context\":\"https:\\\/\\\/schema.org\",\"@graph\":[{\"@type\":\"Article\",\"@id\":\"https:\\\/\\\/aconteceunovale.com.br\\\/portal\\\/?p=60993#article\",\"isPartOf\":{\"@id\":\"https:\\\/\\\/aconteceunovale.com.br\\\/portal\\\/?p=60993\"},\"author\":{\"name\":\"Aconteceu no Vale\",\"@id\":\"https:\\\/\\\/aconteceunovale.com.br\\\/portal\\\/#\\\/schema\\\/person\\\/633529146f2c94272bef50ac2953d589\"},\"headline\":\"Festa do Ros\u00e1rio de Minas Novas come\u00e7a com lava\u00e7\u00e3o da igreja e quinta do angu\",\"datePublished\":\"2015-06-12T00:32:38+00:00\",\"dateModified\":\"2026-09-02T16:27:19+00:00\",\"mainEntityOfPage\":{\"@id\":\"https:\\\/\\\/aconteceunovale.com.br\\\/portal\\\/?p=60993\"},\"wordCount\":646,\"commentCount\":0,\"image\":{\"@id\":\"https:\\\/\\\/aconteceunovale.com.br\\\/portal\\\/?p=60993#primaryimage\"},\"thumbnailUrl\":\"https:\\\/\\\/aconteceunovale.com.br\\\/portal\\\/wp-content\\\/uploads\\\/2015\\\/06\\\/festa_rosario_mn_1.jpg\",\"keywords\":[\"Festa de Nossa Senhora do Ros\u00e1rio dos Homens Pretos de Minas Novas\",\"Festa do Ros\u00e1rio de Minas Novas\",\"Festa do Ros\u00e1rio de Minas Novas come\u00e7a com lava\u00e7\u00e3o da igreja e quinta do angu\",\"Minas Novas\",\"Nossa Senhora do Ros\u00e1rio dos Homens Pretos de Minas Novas\"],\"articleSection\":[\"Eventos\",\"Minas Novas\",\"Vale do Jequitinhonha\"],\"inLanguage\":\"pt-BR\",\"potentialAction\":[{\"@type\":\"CommentAction\",\"name\":\"Comment\",\"target\":[\"https:\\\/\\\/aconteceunovale.com.br\\\/portal\\\/?p=60993#respond\"]}]},{\"@type\":\"WebPage\",\"@id\":\"https:\\\/\\\/aconteceunovale.com.br\\\/portal\\\/?p=60993\",\"url\":\"https:\\\/\\\/aconteceunovale.com.br\\\/portal\\\/?p=60993\",\"name\":\"Festa do Ros\u00e1rio de Minas Novas come\u00e7a com lava\u00e7\u00e3o da igreja e quinta do angu - Aconteceu no Vale\",\"isPartOf\":{\"@id\":\"https:\\\/\\\/aconteceunovale.com.br\\\/portal\\\/#website\"},\"primaryImageOfPage\":{\"@id\":\"https:\\\/\\\/aconteceunovale.com.br\\\/portal\\\/?p=60993#primaryimage\"},\"image\":{\"@id\":\"https:\\\/\\\/aconteceunovale.com.br\\\/portal\\\/?p=60993#primaryimage\"},\"thumbnailUrl\":\"https:\\\/\\\/aconteceunovale.com.br\\\/portal\\\/wp-content\\\/uploads\\\/2015\\\/06\\\/festa_rosario_mn_1.jpg\",\"datePublished\":\"2015-06-12T00:32:38+00:00\",\"dateModified\":\"2026-09-02T16:27:19+00:00\",\"author\":{\"@id\":\"https:\\\/\\\/aconteceunovale.com.br\\\/portal\\\/#\\\/schema\\\/person\\\/633529146f2c94272bef50ac2953d589\"},\"breadcrumb\":{\"@id\":\"https:\\\/\\\/aconteceunovale.com.br\\\/portal\\\/?p=60993#breadcrumb\"},\"inLanguage\":\"pt-BR\",\"potentialAction\":[{\"@type\":\"ReadAction\",\"target\":[\"https:\\\/\\\/aconteceunovale.com.br\\\/portal\\\/?p=60993\"]}]},{\"@type\":\"ImageObject\",\"inLanguage\":\"pt-BR\",\"@id\":\"https:\\\/\\\/aconteceunovale.com.br\\\/portal\\\/?p=60993#primaryimage\",\"url\":\"https:\\\/\\\/aconteceunovale.com.br\\\/portal\\\/wp-content\\\/uploads\\\/2015\\\/06\\\/festa_rosario_mn_1.jpg\",\"contentUrl\":\"https:\\\/\\\/aconteceunovale.com.br\\\/portal\\\/wp-content\\\/uploads\\\/2015\\\/06\\\/festa_rosario_mn_1.jpg\",\"width\":640,\"height\":414},{\"@type\":\"BreadcrumbList\",\"@id\":\"https:\\\/\\\/aconteceunovale.com.br\\\/portal\\\/?p=60993#breadcrumb\",\"itemListElement\":[{\"@type\":\"ListItem\",\"position\":1,\"name\":\"In\u00edcio\",\"item\":\"https:\\\/\\\/aconteceunovale.com.br\\\/portal\\\/\"},{\"@type\":\"ListItem\",\"position\":2,\"name\":\"Festa do Ros\u00e1rio de Minas Novas come\u00e7a com lava\u00e7\u00e3o da igreja e quinta do angu\"}]},{\"@type\":\"WebSite\",\"@id\":\"https:\\\/\\\/aconteceunovale.com.br\\\/portal\\\/#website\",\"url\":\"https:\\\/\\\/aconteceunovale.com.br\\\/portal\\\/\",\"name\":\"Aconteceu no Vale\",\"description\":\"Portal de Not\u00edcias\",\"potentialAction\":[{\"@type\":\"SearchAction\",\"target\":{\"@type\":\"EntryPoint\",\"urlTemplate\":\"https:\\\/\\\/aconteceunovale.com.br\\\/portal\\\/?s={search_term_string}\"},\"query-input\":{\"@type\":\"PropertyValueSpecification\",\"valueRequired\":true,\"valueName\":\"search_term_string\"}}],\"inLanguage\":\"pt-BR\"},{\"@type\":\"Person\",\"@id\":\"https:\\\/\\\/aconteceunovale.com.br\\\/portal\\\/#\\\/schema\\\/person\\\/633529146f2c94272bef50ac2953d589\",\"name\":\"Aconteceu no Vale\",\"description\":\"Equipe de reportagem do Aconteceu no Vale, portal de not\u00edcias do Vale do Jequitinhonha, em Minas Gerais. Cobrimos as 51 cidades do Vale desde 2013. Sugest\u00f5es de pauta e pedidos de corre\u00e7\u00e3o: contato@aconteceunovale.com.br\",\"sameAs\":[\"http:\\\/\\\/www.aconteceunovale.com.br\"],\"url\":\"https:\\\/\\\/aconteceunovale.com.br\\\/portal\\\/?author=1\"}]}<\/script>\n<!-- \/ Yoast SEO plugin. -->","yoast_head_json":{"title":"Festa do Ros\u00e1rio de Minas Novas come\u00e7a com lava\u00e7\u00e3o da igreja e quinta do angu - Aconteceu no Vale","robots":{"index":"index","follow":"follow","max-snippet":"max-snippet:-1","max-image-preview":"max-image-preview:large","max-video-preview":"max-video-preview:-1"},"canonical":"https:\/\/aconteceunovale.com.br\/portal\/?p=60993","og_locale":"pt_BR","og_type":"article","og_title":"Festa do Ros\u00e1rio de Minas Novas come\u00e7a com lava\u00e7\u00e3o da igreja e quinta do angu - Aconteceu no Vale","og_description":"H\u00e1 cerca de 300 anos, esta tradi\u00e7\u00e3o religiosa que mistura rituais do catolicismo popular com manifesta\u00e7\u00f5es religiosas africanas resiste aos tempos de falsa prosperidade. O convite formal, registra que nos pr\u00f3ximos 14 dias, tem Rei e Rainha, na cidade: &#8220;O Juiz Maior, Padre J\u00falio Ant\u00f4nio Rocha e a Ju\u00edza Maior, Maria Natalina de Oliveira Carvalho, [&hellip;]","og_url":"https:\/\/aconteceunovale.com.br\/portal\/?p=60993","og_site_name":"Aconteceu no Vale","article_publisher":"https:\/\/www.facebook.com\/aconteceunovale\/","article_published_time":"2015-06-12T00:32:38+00:00","article_modified_time":"2026-09-02T16:27:19+00:00","og_image":[{"width":640,"height":414,"url":"https:\/\/aconteceunovale.com.br\/portal\/wp-content\/uploads\/2015\/06\/festa_rosario_mn_1.jpg","type":"image\/jpeg"}],"author":"Aconteceu no Vale","twitter_card":"summary_large_image","twitter_creator":"@noticiadosvales","twitter_site":"@noticiadosvales","twitter_misc":{"Escrito por":"Aconteceu no Vale","Est. tempo de leitura":"3 minutos"},"schema":{"@context":"https:\/\/schema.org","@graph":[{"@type":"Article","@id":"https:\/\/aconteceunovale.com.br\/portal\/?p=60993#article","isPartOf":{"@id":"https:\/\/aconteceunovale.com.br\/portal\/?p=60993"},"author":{"name":"Aconteceu no Vale","@id":"https:\/\/aconteceunovale.com.br\/portal\/#\/schema\/person\/633529146f2c94272bef50ac2953d589"},"headline":"Festa do Ros\u00e1rio de Minas Novas come\u00e7a com lava\u00e7\u00e3o da igreja e quinta do angu","datePublished":"2015-06-12T00:32:38+00:00","dateModified":"2026-09-02T16:27:19+00:00","mainEntityOfPage":{"@id":"https:\/\/aconteceunovale.com.br\/portal\/?p=60993"},"wordCount":646,"commentCount":0,"image":{"@id":"https:\/\/aconteceunovale.com.br\/portal\/?p=60993#primaryimage"},"thumbnailUrl":"https:\/\/aconteceunovale.com.br\/portal\/wp-content\/uploads\/2015\/06\/festa_rosario_mn_1.jpg","keywords":["Festa de Nossa Senhora do Ros\u00e1rio dos Homens Pretos de Minas Novas","Festa do Ros\u00e1rio de Minas Novas","Festa do Ros\u00e1rio de Minas Novas come\u00e7a com lava\u00e7\u00e3o da igreja e quinta do angu","Minas Novas","Nossa Senhora do Ros\u00e1rio dos Homens Pretos de Minas Novas"],"articleSection":["Eventos","Minas Novas","Vale do Jequitinhonha"],"inLanguage":"pt-BR","potentialAction":[{"@type":"CommentAction","name":"Comment","target":["https:\/\/aconteceunovale.com.br\/portal\/?p=60993#respond"]}]},{"@type":"WebPage","@id":"https:\/\/aconteceunovale.com.br\/portal\/?p=60993","url":"https:\/\/aconteceunovale.com.br\/portal\/?p=60993","name":"Festa do Ros\u00e1rio de Minas Novas come\u00e7a com lava\u00e7\u00e3o da igreja e quinta do angu - Aconteceu no Vale","isPartOf":{"@id":"https:\/\/aconteceunovale.com.br\/portal\/#website"},"primaryImageOfPage":{"@id":"https:\/\/aconteceunovale.com.br\/portal\/?p=60993#primaryimage"},"image":{"@id":"https:\/\/aconteceunovale.com.br\/portal\/?p=60993#primaryimage"},"thumbnailUrl":"https:\/\/aconteceunovale.com.br\/portal\/wp-content\/uploads\/2015\/06\/festa_rosario_mn_1.jpg","datePublished":"2015-06-12T00:32:38+00:00","dateModified":"2026-09-02T16:27:19+00:00","author":{"@id":"https:\/\/aconteceunovale.com.br\/portal\/#\/schema\/person\/633529146f2c94272bef50ac2953d589"},"breadcrumb":{"@id":"https:\/\/aconteceunovale.com.br\/portal\/?p=60993#breadcrumb"},"inLanguage":"pt-BR","potentialAction":[{"@type":"ReadAction","target":["https:\/\/aconteceunovale.com.br\/portal\/?p=60993"]}]},{"@type":"ImageObject","inLanguage":"pt-BR","@id":"https:\/\/aconteceunovale.com.br\/portal\/?p=60993#primaryimage","url":"https:\/\/aconteceunovale.com.br\/portal\/wp-content\/uploads\/2015\/06\/festa_rosario_mn_1.jpg","contentUrl":"https:\/\/aconteceunovale.com.br\/portal\/wp-content\/uploads\/2015\/06\/festa_rosario_mn_1.jpg","width":640,"height":414},{"@type":"BreadcrumbList","@id":"https:\/\/aconteceunovale.com.br\/portal\/?p=60993#breadcrumb","itemListElement":[{"@type":"ListItem","position":1,"name":"In\u00edcio","item":"https:\/\/aconteceunovale.com.br\/portal\/"},{"@type":"ListItem","position":2,"name":"Festa do Ros\u00e1rio de Minas Novas come\u00e7a com lava\u00e7\u00e3o da igreja e quinta do angu"}]},{"@type":"WebSite","@id":"https:\/\/aconteceunovale.com.br\/portal\/#website","url":"https:\/\/aconteceunovale.com.br\/portal\/","name":"Aconteceu no Vale","description":"Portal de Not\u00edcias","potentialAction":[{"@type":"SearchAction","target":{"@type":"EntryPoint","urlTemplate":"https:\/\/aconteceunovale.com.br\/portal\/?s={search_term_string}"},"query-input":{"@type":"PropertyValueSpecification","valueRequired":true,"valueName":"search_term_string"}}],"inLanguage":"pt-BR"},{"@type":"Person","@id":"https:\/\/aconteceunovale.com.br\/portal\/#\/schema\/person\/633529146f2c94272bef50ac2953d589","name":"Aconteceu no Vale","description":"Equipe de reportagem do Aconteceu no Vale, portal de not\u00edcias do Vale do Jequitinhonha, em Minas Gerais. Cobrimos as 51 cidades do Vale desde 2013. Sugest\u00f5es de pauta e pedidos de corre\u00e7\u00e3o: contato@aconteceunovale.com.br","sameAs":["http:\/\/www.aconteceunovale.com.br"],"url":"https:\/\/aconteceunovale.com.br\/portal\/?author=1"}]}},"_links":{"self":[{"href":"https:\/\/aconteceunovale.com.br\/portal\/index.php?rest_route=\/wp\/v2\/posts\/60993","targetHints":{"allow":["GET"]}}],"collection":[{"href":"https:\/\/aconteceunovale.com.br\/portal\/index.php?rest_route=\/wp\/v2\/posts"}],"about":[{"href":"https:\/\/aconteceunovale.com.br\/portal\/index.php?rest_route=\/wp\/v2\/types\/post"}],"author":[{"embeddable":true,"href":"https:\/\/aconteceunovale.com.br\/portal\/index.php?rest_route=\/wp\/v2\/users\/1"}],"replies":[{"embeddable":true,"href":"https:\/\/aconteceunovale.com.br\/portal\/index.php?rest_route=%2Fwp%2Fv2%2Fcomments&post=60993"}],"version-history":[{"count":1,"href":"https:\/\/aconteceunovale.com.br\/portal\/index.php?rest_route=\/wp\/v2\/posts\/60993\/revisions"}],"predecessor-version":[{"id":201334,"href":"https:\/\/aconteceunovale.com.br\/portal\/index.php?rest_route=\/wp\/v2\/posts\/60993\/revisions\/201334"}],"wp:featuredmedia":[{"embeddable":true,"href":"https:\/\/aconteceunovale.com.br\/portal\/index.php?rest_route=\/wp\/v2\/media\/60994"}],"wp:attachment":[{"href":"https:\/\/aconteceunovale.com.br\/portal\/index.php?rest_route=%2Fwp%2Fv2%2Fmedia&parent=60993"}],"wp:term":[{"taxonomy":"category","embeddable":true,"href":"https:\/\/aconteceunovale.com.br\/portal\/index.php?rest_route=%2Fwp%2Fv2%2Fcategories&post=60993"},{"taxonomy":"post_tag","embeddable":true,"href":"https:\/\/aconteceunovale.com.br\/portal\/index.php?rest_route=%2Fwp%2Fv2%2Ftags&post=60993"}],"curies":[{"name":"wp","href":"https:\/\/api.w.org\/{rel}","templated":true}]}}