{"id":60990,"date":"2015-06-11T21:21:29","date_gmt":"2015-06-12T00:21:29","guid":{"rendered":"http:\/\/aconteceunovale.com.br\/portal\/?p=60990"},"modified":"2026-09-02T12:20:00","modified_gmt":"2026-09-02T15:20:00","slug":"jovem-e-preso-suspeito-de-trafico-de-drogas-em-aracuai","status":"publish","type":"post","link":"https:\/\/aconteceunovale.com.br\/portal\/?p=60990","title":{"rendered":"Jovem \u00e9 preso suspeito de tr\u00e1fico de drogas em Ara\u00e7ua\u00ed"},"content":{"rendered":"<h4><strong><em>Pol\u00edcia apreendeu um rev\u00f3lver e buchas de maconha. PM realiza &#8220;Opera\u00e7\u00e3o 240 anos&#8221; na cidade.<\/em><\/strong><\/h4>\n<p>Um homem de 24 anos foi preso nesta quinta-feira (11) suspeito de tr\u00e1fico de drogas em Ara\u00e7ua\u00ed, Vale do Jequitinhonha. De acordo com a PM, a a\u00e7\u00e3o foi durante o cumprimento de mandado de busca e apreens\u00e3o na casa do suspeito, no Bairro Esplanada.<\/p>\n<p>A PM informou que na resid\u00eancia foram encontradas buchas de maconha, um triturador de drogas, um rev\u00f3lver com muni\u00e7\u00f5es e materiais usados para embalar e comercializar entorpecentes. O jovem foi detido e levado para a delegacia.<\/p>\n<p>Em Ara\u00e7ua\u00ed est\u00e1 sendo realizada a \u201cOpera\u00e7\u00e3o 240 anos\u201d, a\u00e7\u00e3o desenvolvida em todo o estado com a\u00e7\u00f5es ostensivas de combate \u00e0 criminalidade. De acordo com a PM de Ara\u00e7ua\u00ed, durante o cumprimento de um mandado de busca e apreens\u00e3o em uma casa da cidade, suspeitos atiraram contra os militares e depois fugiram, entrando em um matagal.<\/p>\n<p>Policiais refor\u00e7aram as buscas, mas at\u00e9 o in\u00edcio da noite os envolvidos ainda n\u00e3o haviam sido presos. (G1)<\/p>\n","protected":false},"excerpt":{"rendered":"<p>Pol\u00edcia apreendeu um rev\u00f3lver e buchas de maconha. PM realiza &#8220;Opera\u00e7\u00e3o 240 anos&#8221; na cidade. Um homem de 24 anos foi preso nesta quinta-feira (11) suspeito de tr\u00e1fico de drogas em Ara\u00e7ua\u00ed, Vale do Jequitinhonha. De acordo com a PM, a a\u00e7\u00e3o foi durante o cumprimento de mandado de busca e apreens\u00e3o na casa do [&hellip;]<\/p>\n","protected":false},"author":1,"featured_media":58643,"comment_status":"open","ping_status":"closed","sticky":false,"template":"","format":"standard","meta":{"amp_status":"","footnotes":""},"categories":[272530,120],"tags":[186,47985,47986,47987],"class_list":["post-60990","post","type-post","status-publish","format-standard","has-post-thumbnail","hentry","category-aracuai","category-jequi","tag-aracuai","tag-jovem-e-preso-suspeito-de-trafico-de-drogas-em-aracuai","tag-suspeito-de-trafico-de-drogas-em-aracuai","tag-trafico-de-drogas-em-aracuai"],"yoast_head":"<!-- This site is optimized with the Yoast SEO plugin v28.3 - https:\/\/yoast.com\/product\/yoast-seo-wordpress\/ -->\n<title>Jovem \u00e9 preso suspeito de tr\u00e1fico de drogas em Ara\u00e7ua\u00ed - Aconteceu no Vale<\/title>\n<meta name=\"robots\" content=\"index, follow, max-snippet:-1, max-image-preview:large, max-video-preview:-1\" \/>\n<link rel=\"canonical\" href=\"https:\/\/aconteceunovale.com.br\/portal\/?p=60990\" \/>\n<meta property=\"og:locale\" content=\"pt_BR\" \/>\n<meta property=\"og:type\" content=\"article\" \/>\n<meta property=\"og:title\" content=\"Jovem \u00e9 preso suspeito de tr\u00e1fico de drogas em Ara\u00e7ua\u00ed - Aconteceu no Vale\" \/>\n<meta property=\"og:description\" content=\"Pol\u00edcia apreendeu um rev\u00f3lver e buchas de maconha. PM realiza &#8220;Opera\u00e7\u00e3o 240 anos&#8221; na cidade. Um homem de 24 anos foi preso nesta quinta-feira (11) suspeito de tr\u00e1fico de drogas em Ara\u00e7ua\u00ed, Vale do Jequitinhonha. De acordo com a PM, a a\u00e7\u00e3o foi durante o cumprimento de mandado de busca e apreens\u00e3o na casa do [&hellip;]\" \/>\n<meta property=\"og:url\" content=\"https:\/\/aconteceunovale.com.br\/portal\/?p=60990\" \/>\n<meta property=\"og:site_name\" content=\"Aconteceu no Vale\" \/>\n<meta property=\"article:publisher\" content=\"https:\/\/www.facebook.com\/aconteceunovale\/\" \/>\n<meta property=\"article:published_time\" content=\"2015-06-12T00:21:29+00:00\" \/>\n<meta property=\"article:modified_time\" content=\"2026-09-02T15:20:00+00:00\" \/>\n<meta property=\"og:image\" content=\"https:\/\/aconteceunovale.com.br\/portal\/wp-content\/uploads\/2015\/05\/aracuai_mg.jpg\" \/>\n\t<meta property=\"og:image:width\" content=\"579\" \/>\n\t<meta property=\"og:image:height\" content=\"374\" \/>\n\t<meta property=\"og:image:type\" content=\"image\/jpeg\" \/>\n<meta name=\"author\" content=\"Aconteceu no Vale\" \/>\n<meta name=\"twitter:card\" content=\"summary_large_image\" \/>\n<meta name=\"twitter:creator\" content=\"@noticiadosvales\" \/>\n<meta name=\"twitter:site\" content=\"@noticiadosvales\" \/>\n<meta name=\"twitter:label1\" content=\"Escrito por\" \/>\n\t<meta name=\"twitter:data1\" content=\"Aconteceu no Vale\" \/>\n\t<meta name=\"twitter:label2\" content=\"Est. tempo de leitura\" \/>\n\t<meta name=\"twitter:data2\" content=\"1 minuto\" \/>\n<script type=\"application\/ld+json\" class=\"yoast-schema-graph\">{\"@context\":\"https:\\\/\\\/schema.org\",\"@graph\":[{\"@type\":\"Article\",\"@id\":\"https:\\\/\\\/aconteceunovale.com.br\\\/portal\\\/?p=60990#article\",\"isPartOf\":{\"@id\":\"https:\\\/\\\/aconteceunovale.com.br\\\/portal\\\/?p=60990\"},\"author\":{\"name\":\"Aconteceu no Vale\",\"@id\":\"https:\\\/\\\/aconteceunovale.com.br\\\/portal\\\/#\\\/schema\\\/person\\\/633529146f2c94272bef50ac2953d589\"},\"headline\":\"Jovem \u00e9 preso suspeito de tr\u00e1fico de drogas em Ara\u00e7ua\u00ed\",\"datePublished\":\"2015-06-12T00:21:29+00:00\",\"dateModified\":\"2026-09-02T15:20:00+00:00\",\"mainEntityOfPage\":{\"@id\":\"https:\\\/\\\/aconteceunovale.com.br\\\/portal\\\/?p=60990\"},\"wordCount\":194,\"commentCount\":0,\"image\":{\"@id\":\"https:\\\/\\\/aconteceunovale.com.br\\\/portal\\\/?p=60990#primaryimage\"},\"thumbnailUrl\":\"https:\\\/\\\/aconteceunovale.com.br\\\/portal\\\/wp-content\\\/uploads\\\/2015\\\/05\\\/aracuai_mg.jpg\",\"keywords\":[\"Ara\u00e7ua\u00ed\",\"Jovem \u00e9 preso suspeito de tr\u00e1fico de drogas em Ara\u00e7ua\u00ed\",\"suspeito de tr\u00e1fico de drogas em Ara\u00e7ua\u00ed\",\"tr\u00e1fico de drogas em Ara\u00e7ua\u00ed\"],\"articleSection\":[\"Ara\u00e7ua\u00ed\",\"Vale do Jequitinhonha\"],\"inLanguage\":\"pt-BR\",\"potentialAction\":[{\"@type\":\"CommentAction\",\"name\":\"Comment\",\"target\":[\"https:\\\/\\\/aconteceunovale.com.br\\\/portal\\\/?p=60990#respond\"]}]},{\"@type\":\"WebPage\",\"@id\":\"https:\\\/\\\/aconteceunovale.com.br\\\/portal\\\/?p=60990\",\"url\":\"https:\\\/\\\/aconteceunovale.com.br\\\/portal\\\/?p=60990\",\"name\":\"Jovem \u00e9 preso suspeito de tr\u00e1fico de drogas em Ara\u00e7ua\u00ed - Aconteceu no Vale\",\"isPartOf\":{\"@id\":\"https:\\\/\\\/aconteceunovale.com.br\\\/portal\\\/#website\"},\"primaryImageOfPage\":{\"@id\":\"https:\\\/\\\/aconteceunovale.com.br\\\/portal\\\/?p=60990#primaryimage\"},\"image\":{\"@id\":\"https:\\\/\\\/aconteceunovale.com.br\\\/portal\\\/?p=60990#primaryimage\"},\"thumbnailUrl\":\"https:\\\/\\\/aconteceunovale.com.br\\\/portal\\\/wp-content\\\/uploads\\\/2015\\\/05\\\/aracuai_mg.jpg\",\"datePublished\":\"2015-06-12T00:21:29+00:00\",\"dateModified\":\"2026-09-02T15:20:00+00:00\",\"author\":{\"@id\":\"https:\\\/\\\/aconteceunovale.com.br\\\/portal\\\/#\\\/schema\\\/person\\\/633529146f2c94272bef50ac2953d589\"},\"breadcrumb\":{\"@id\":\"https:\\\/\\\/aconteceunovale.com.br\\\/portal\\\/?p=60990#breadcrumb\"},\"inLanguage\":\"pt-BR\",\"potentialAction\":[{\"@type\":\"ReadAction\",\"target\":[\"https:\\\/\\\/aconteceunovale.com.br\\\/portal\\\/?p=60990\"]}]},{\"@type\":\"ImageObject\",\"inLanguage\":\"pt-BR\",\"@id\":\"https:\\\/\\\/aconteceunovale.com.br\\\/portal\\\/?p=60990#primaryimage\",\"url\":\"https:\\\/\\\/aconteceunovale.com.br\\\/portal\\\/wp-content\\\/uploads\\\/2015\\\/05\\\/aracuai_mg.jpg\",\"contentUrl\":\"https:\\\/\\\/aconteceunovale.com.br\\\/portal\\\/wp-content\\\/uploads\\\/2015\\\/05\\\/aracuai_mg.jpg\",\"width\":579,\"height\":374},{\"@type\":\"BreadcrumbList\",\"@id\":\"https:\\\/\\\/aconteceunovale.com.br\\\/portal\\\/?p=60990#breadcrumb\",\"itemListElement\":[{\"@type\":\"ListItem\",\"position\":1,\"name\":\"In\u00edcio\",\"item\":\"https:\\\/\\\/aconteceunovale.com.br\\\/portal\\\/\"},{\"@type\":\"ListItem\",\"position\":2,\"name\":\"Jovem \u00e9 preso suspeito de tr\u00e1fico de drogas em Ara\u00e7ua\u00ed\"}]},{\"@type\":\"WebSite\",\"@id\":\"https:\\\/\\\/aconteceunovale.com.br\\\/portal\\\/#website\",\"url\":\"https:\\\/\\\/aconteceunovale.com.br\\\/portal\\\/\",\"name\":\"Aconteceu no Vale\",\"description\":\"Portal de Not\u00edcias\",\"potentialAction\":[{\"@type\":\"SearchAction\",\"target\":{\"@type\":\"EntryPoint\",\"urlTemplate\":\"https:\\\/\\\/aconteceunovale.com.br\\\/portal\\\/?s={search_term_string}\"},\"query-input\":{\"@type\":\"PropertyValueSpecification\",\"valueRequired\":true,\"valueName\":\"search_term_string\"}}],\"inLanguage\":\"pt-BR\"},{\"@type\":\"Person\",\"@id\":\"https:\\\/\\\/aconteceunovale.com.br\\\/portal\\\/#\\\/schema\\\/person\\\/633529146f2c94272bef50ac2953d589\",\"name\":\"Aconteceu no Vale\",\"description\":\"Equipe de reportagem do Aconteceu no Vale, portal de not\u00edcias do Vale do Jequitinhonha, em Minas Gerais. Cobrimos as 51 cidades do Vale desde 2013. Sugest\u00f5es de pauta e pedidos de corre\u00e7\u00e3o: contato@aconteceunovale.com.br\",\"sameAs\":[\"http:\\\/\\\/www.aconteceunovale.com.br\"],\"url\":\"https:\\\/\\\/aconteceunovale.com.br\\\/portal\\\/?author=1\"}]}<\/script>\n<!-- \/ Yoast SEO plugin. -->","yoast_head_json":{"title":"Jovem \u00e9 preso suspeito de tr\u00e1fico de drogas em Ara\u00e7ua\u00ed - Aconteceu no Vale","robots":{"index":"index","follow":"follow","max-snippet":"max-snippet:-1","max-image-preview":"max-image-preview:large","max-video-preview":"max-video-preview:-1"},"canonical":"https:\/\/aconteceunovale.com.br\/portal\/?p=60990","og_locale":"pt_BR","og_type":"article","og_title":"Jovem \u00e9 preso suspeito de tr\u00e1fico de drogas em Ara\u00e7ua\u00ed - Aconteceu no Vale","og_description":"Pol\u00edcia apreendeu um rev\u00f3lver e buchas de maconha. PM realiza &#8220;Opera\u00e7\u00e3o 240 anos&#8221; na cidade. Um homem de 24 anos foi preso nesta quinta-feira (11) suspeito de tr\u00e1fico de drogas em Ara\u00e7ua\u00ed, Vale do Jequitinhonha. De acordo com a PM, a a\u00e7\u00e3o foi durante o cumprimento de mandado de busca e apreens\u00e3o na casa do [&hellip;]","og_url":"https:\/\/aconteceunovale.com.br\/portal\/?p=60990","og_site_name":"Aconteceu no Vale","article_publisher":"https:\/\/www.facebook.com\/aconteceunovale\/","article_published_time":"2015-06-12T00:21:29+00:00","article_modified_time":"2026-09-02T15:20:00+00:00","og_image":[{"width":579,"height":374,"url":"https:\/\/aconteceunovale.com.br\/portal\/wp-content\/uploads\/2015\/05\/aracuai_mg.jpg","type":"image\/jpeg"}],"author":"Aconteceu no Vale","twitter_card":"summary_large_image","twitter_creator":"@noticiadosvales","twitter_site":"@noticiadosvales","twitter_misc":{"Escrito por":"Aconteceu no Vale","Est. tempo de leitura":"1 minuto"},"schema":{"@context":"https:\/\/schema.org","@graph":[{"@type":"Article","@id":"https:\/\/aconteceunovale.com.br\/portal\/?p=60990#article","isPartOf":{"@id":"https:\/\/aconteceunovale.com.br\/portal\/?p=60990"},"author":{"name":"Aconteceu no Vale","@id":"https:\/\/aconteceunovale.com.br\/portal\/#\/schema\/person\/633529146f2c94272bef50ac2953d589"},"headline":"Jovem \u00e9 preso suspeito de tr\u00e1fico de drogas em Ara\u00e7ua\u00ed","datePublished":"2015-06-12T00:21:29+00:00","dateModified":"2026-09-02T15:20:00+00:00","mainEntityOfPage":{"@id":"https:\/\/aconteceunovale.com.br\/portal\/?p=60990"},"wordCount":194,"commentCount":0,"image":{"@id":"https:\/\/aconteceunovale.com.br\/portal\/?p=60990#primaryimage"},"thumbnailUrl":"https:\/\/aconteceunovale.com.br\/portal\/wp-content\/uploads\/2015\/05\/aracuai_mg.jpg","keywords":["Ara\u00e7ua\u00ed","Jovem \u00e9 preso suspeito de tr\u00e1fico de drogas em Ara\u00e7ua\u00ed","suspeito de tr\u00e1fico de drogas em Ara\u00e7ua\u00ed","tr\u00e1fico de drogas em Ara\u00e7ua\u00ed"],"articleSection":["Ara\u00e7ua\u00ed","Vale do Jequitinhonha"],"inLanguage":"pt-BR","potentialAction":[{"@type":"CommentAction","name":"Comment","target":["https:\/\/aconteceunovale.com.br\/portal\/?p=60990#respond"]}]},{"@type":"WebPage","@id":"https:\/\/aconteceunovale.com.br\/portal\/?p=60990","url":"https:\/\/aconteceunovale.com.br\/portal\/?p=60990","name":"Jovem \u00e9 preso suspeito de tr\u00e1fico de drogas em Ara\u00e7ua\u00ed - Aconteceu no Vale","isPartOf":{"@id":"https:\/\/aconteceunovale.com.br\/portal\/#website"},"primaryImageOfPage":{"@id":"https:\/\/aconteceunovale.com.br\/portal\/?p=60990#primaryimage"},"image":{"@id":"https:\/\/aconteceunovale.com.br\/portal\/?p=60990#primaryimage"},"thumbnailUrl":"https:\/\/aconteceunovale.com.br\/portal\/wp-content\/uploads\/2015\/05\/aracuai_mg.jpg","datePublished":"2015-06-12T00:21:29+00:00","dateModified":"2026-09-02T15:20:00+00:00","author":{"@id":"https:\/\/aconteceunovale.com.br\/portal\/#\/schema\/person\/633529146f2c94272bef50ac2953d589"},"breadcrumb":{"@id":"https:\/\/aconteceunovale.com.br\/portal\/?p=60990#breadcrumb"},"inLanguage":"pt-BR","potentialAction":[{"@type":"ReadAction","target":["https:\/\/aconteceunovale.com.br\/portal\/?p=60990"]}]},{"@type":"ImageObject","inLanguage":"pt-BR","@id":"https:\/\/aconteceunovale.com.br\/portal\/?p=60990#primaryimage","url":"https:\/\/aconteceunovale.com.br\/portal\/wp-content\/uploads\/2015\/05\/aracuai_mg.jpg","contentUrl":"https:\/\/aconteceunovale.com.br\/portal\/wp-content\/uploads\/2015\/05\/aracuai_mg.jpg","width":579,"height":374},{"@type":"BreadcrumbList","@id":"https:\/\/aconteceunovale.com.br\/portal\/?p=60990#breadcrumb","itemListElement":[{"@type":"ListItem","position":1,"name":"In\u00edcio","item":"https:\/\/aconteceunovale.com.br\/portal\/"},{"@type":"ListItem","position":2,"name":"Jovem \u00e9 preso suspeito de tr\u00e1fico de drogas em Ara\u00e7ua\u00ed"}]},{"@type":"WebSite","@id":"https:\/\/aconteceunovale.com.br\/portal\/#website","url":"https:\/\/aconteceunovale.com.br\/portal\/","name":"Aconteceu no Vale","description":"Portal de Not\u00edcias","potentialAction":[{"@type":"SearchAction","target":{"@type":"EntryPoint","urlTemplate":"https:\/\/aconteceunovale.com.br\/portal\/?s={search_term_string}"},"query-input":{"@type":"PropertyValueSpecification","valueRequired":true,"valueName":"search_term_string"}}],"inLanguage":"pt-BR"},{"@type":"Person","@id":"https:\/\/aconteceunovale.com.br\/portal\/#\/schema\/person\/633529146f2c94272bef50ac2953d589","name":"Aconteceu no Vale","description":"Equipe de reportagem do Aconteceu no Vale, portal de not\u00edcias do Vale do Jequitinhonha, em Minas Gerais. Cobrimos as 51 cidades do Vale desde 2013. Sugest\u00f5es de pauta e pedidos de corre\u00e7\u00e3o: contato@aconteceunovale.com.br","sameAs":["http:\/\/www.aconteceunovale.com.br"],"url":"https:\/\/aconteceunovale.com.br\/portal\/?author=1"}]}},"_links":{"self":[{"href":"https:\/\/aconteceunovale.com.br\/portal\/index.php?rest_route=\/wp\/v2\/posts\/60990","targetHints":{"allow":["GET"]}}],"collection":[{"href":"https:\/\/aconteceunovale.com.br\/portal\/index.php?rest_route=\/wp\/v2\/posts"}],"about":[{"href":"https:\/\/aconteceunovale.com.br\/portal\/index.php?rest_route=\/wp\/v2\/types\/post"}],"author":[{"embeddable":true,"href":"https:\/\/aconteceunovale.com.br\/portal\/index.php?rest_route=\/wp\/v2\/users\/1"}],"replies":[{"embeddable":true,"href":"https:\/\/aconteceunovale.com.br\/portal\/index.php?rest_route=%2Fwp%2Fv2%2Fcomments&post=60990"}],"version-history":[{"count":1,"href":"https:\/\/aconteceunovale.com.br\/portal\/index.php?rest_route=\/wp\/v2\/posts\/60990\/revisions"}],"predecessor-version":[{"id":199674,"href":"https:\/\/aconteceunovale.com.br\/portal\/index.php?rest_route=\/wp\/v2\/posts\/60990\/revisions\/199674"}],"wp:featuredmedia":[{"embeddable":true,"href":"https:\/\/aconteceunovale.com.br\/portal\/index.php?rest_route=\/wp\/v2\/media\/58643"}],"wp:attachment":[{"href":"https:\/\/aconteceunovale.com.br\/portal\/index.php?rest_route=%2Fwp%2Fv2%2Fmedia&parent=60990"}],"wp:term":[{"taxonomy":"category","embeddable":true,"href":"https:\/\/aconteceunovale.com.br\/portal\/index.php?rest_route=%2Fwp%2Fv2%2Fcategories&post=60990"},{"taxonomy":"post_tag","embeddable":true,"href":"https:\/\/aconteceunovale.com.br\/portal\/index.php?rest_route=%2Fwp%2Fv2%2Ftags&post=60990"}],"curies":[{"name":"wp","href":"https:\/\/api.w.org\/{rel}","templated":true}]}}