{"id":60951,"date":"2015-06-11T15:19:51","date_gmt":"2015-06-11T18:19:51","guid":{"rendered":"http:\/\/aconteceunovale.com.br\/portal\/?p=60951"},"modified":"2015-06-11T15:19:51","modified_gmt":"2015-06-11T18:19:51","slug":"agencia-estabelece-novas-regras-para-cancelamento-e-remarcacao-de-bilhetes-das-viagens-de-trem","status":"publish","type":"post","link":"https:\/\/aconteceunovale.com.br\/portal\/?p=60951","title":{"rendered":"Ag\u00eancia estabelece novas regras para cancelamento e remarca\u00e7\u00e3o de bilhetes das viagens de trem"},"content":{"rendered":"<h4><strong><em>Desde 9 de junho, essas duas situa\u00e7\u00f5es implicam em multa. Nova regra \u00e9 v\u00e1lida para o trem que liga Minas Gerais a Vit\u00f3ria.<\/em><\/strong><\/h4>\n<p>Os usu\u00e1rios do Trem de Passageiros a Estrada de Ferro Vit\u00f3ria a Minas devem ficar atentos \u00e0s novas regras para cancelamento e remarca\u00e7\u00e3o de bilhetes. Desde 9 de junho, essas duas situa\u00e7\u00f5es implicam em multa. Anteriormente, o valor pago era devolvido ao passageiro. <\/p>\n<p>De acordo com a Vale, respons\u00e1vel pela linha, as determina\u00e7\u00f5es foram estabelecidas pela Ag\u00eancia Nacional de Transportes Terrestres (ANTT) para todas as modalidades de transporte ferrovi\u00e1rio de passageiros no pa\u00eds. <\/p>\n<p>A partir de agora, os cancelamentos, que eram realizados com at\u00e9 seis horas de anteced\u00eancia, ter\u00e3o que ser feitos at\u00e9 tr\u00eas horas antes do hor\u00e1rio de embarque. Nesses casos, h\u00e1 uma multa de 5% sobre o valor investido na compra da passagem. <\/p>\n<p>Ainda de acordo com a Vale, a ANTT estabeleceu que se a mudan\u00e7a no plano de viagem acontecer menos de tr\u00eas horas antes do embarque, s\u00f3 ser\u00e1 poss\u00edvel a remarca\u00e7\u00e3o do bilhete, n\u00e3o o cancelamento. Para cada remarca\u00e7\u00e3o solicitada, h\u00e1 incid\u00eancia de multa correspondente a 20% do valor da passagem. A remarca\u00e7\u00e3o das passagens deve ser feita no prazo de at\u00e9 um ano da data da compra do bilhete.<\/p>\n<p><img decoding=\"async\" src=\"http:\/\/aconteceunovale.com.br\/portal\/wp-content\/uploads\/2014\/12\/trem_vale.jpg\" alt=\"\" \/><em>Nova regra \u00e9 v\u00e1lida para o trem que liga Minas Gerais a Vit\u00f3ria &#8211; Foto: Divulga\u00e7\u00e3o<\/em><br \/>\n<\/br><\/p>\n<p><strong><em>(Estado de Minas)<\/em><\/strong><\/p>\n","protected":false},"excerpt":{"rendered":"<p>Desde 9 de junho, essas duas situa\u00e7\u00f5es implicam em multa. Nova regra \u00e9 v\u00e1lida para o trem que liga Minas Gerais a Vit\u00f3ria. Os usu\u00e1rios do Trem de Passageiros a Estrada de Ferro Vit\u00f3ria a Minas devem ficar atentos \u00e0s novas regras para cancelamento e remarca\u00e7\u00e3o de bilhetes. Desde 9 de junho, essas duas situa\u00e7\u00f5es [&hellip;]<\/p>\n","protected":false},"author":1,"featured_media":48607,"comment_status":"open","ping_status":"closed","sticky":false,"template":"","format":"standard","meta":{"amp_status":"","footnotes":""},"categories":[6],"tags":[47916,25769,47914,47915,2352,47918,47917],"class_list":["post-60951","post","type-post","status-publish","format-standard","has-post-thumbnail","hentry","category-br","tag-agencia-estabelece-novas-regras-para-cancelamento-e-remarcacao-de-bilhetes-das-viagens-de-trem","tag-antt","tag-antt-estabelece-multa-para-cancelamento-e-remarcacao-de-bilhetes-das-viagens-de-trem","tag-antt-estabelece-novas-regras-para-cancelamento-e-remarcacao-de-bilhetes-das-viagens-de-trem","tag-trem-da-vale","tag-trem-de-passageiros-a-estrada-de-ferro-vitoria-a-minas","tag-trem-que-liga-minas-gerais-a-vitoria"],"yoast_head":"<!-- This site is optimized with the Yoast SEO plugin v28.3 - https:\/\/yoast.com\/product\/yoast-seo-wordpress\/ -->\n<title>Ag\u00eancia estabelece novas regras para cancelamento e remarca\u00e7\u00e3o de bilhetes das viagens de trem - Aconteceu no Vale<\/title>\n<meta name=\"robots\" content=\"index, follow, max-snippet:-1, max-image-preview:large, max-video-preview:-1\" \/>\n<link rel=\"canonical\" href=\"https:\/\/aconteceunovale.com.br\/portal\/?p=60951\" \/>\n<meta property=\"og:locale\" content=\"pt_BR\" \/>\n<meta property=\"og:type\" content=\"article\" \/>\n<meta property=\"og:title\" content=\"Ag\u00eancia estabelece novas regras para cancelamento e remarca\u00e7\u00e3o de bilhetes das viagens de trem - Aconteceu no Vale\" \/>\n<meta property=\"og:description\" content=\"Desde 9 de junho, essas duas situa\u00e7\u00f5es implicam em multa. Nova regra \u00e9 v\u00e1lida para o trem que liga Minas Gerais a Vit\u00f3ria. Os usu\u00e1rios do Trem de Passageiros a Estrada de Ferro Vit\u00f3ria a Minas devem ficar atentos \u00e0s novas regras para cancelamento e remarca\u00e7\u00e3o de bilhetes. Desde 9 de junho, essas duas situa\u00e7\u00f5es [&hellip;]\" \/>\n<meta property=\"og:url\" content=\"https:\/\/aconteceunovale.com.br\/portal\/?p=60951\" \/>\n<meta property=\"og:site_name\" content=\"Aconteceu no Vale\" \/>\n<meta property=\"article:publisher\" content=\"https:\/\/www.facebook.com\/aconteceunovale\/\" \/>\n<meta property=\"article:published_time\" content=\"2015-06-11T18:19:51+00:00\" \/>\n<meta property=\"og:image\" content=\"https:\/\/aconteceunovale.com.br\/portal\/wp-content\/uploads\/2014\/12\/trem_vale.jpg\" \/>\n\t<meta property=\"og:image:width\" content=\"675\" \/>\n\t<meta property=\"og:image:height\" content=\"450\" \/>\n\t<meta property=\"og:image:type\" content=\"image\/jpeg\" \/>\n<meta name=\"author\" content=\"Aconteceu no Vale\" \/>\n<meta name=\"twitter:card\" content=\"summary_large_image\" \/>\n<meta name=\"twitter:creator\" content=\"@noticiadosvales\" \/>\n<meta name=\"twitter:site\" content=\"@noticiadosvales\" \/>\n<meta name=\"twitter:label1\" content=\"Escrito por\" \/>\n\t<meta name=\"twitter:data1\" content=\"Aconteceu no Vale\" \/>\n\t<meta name=\"twitter:label2\" content=\"Est. tempo de leitura\" \/>\n\t<meta name=\"twitter:data2\" content=\"1 minuto\" \/>\n<script type=\"application\/ld+json\" class=\"yoast-schema-graph\">{\"@context\":\"https:\\\/\\\/schema.org\",\"@graph\":[{\"@type\":\"Article\",\"@id\":\"https:\\\/\\\/aconteceunovale.com.br\\\/portal\\\/?p=60951#article\",\"isPartOf\":{\"@id\":\"https:\\\/\\\/aconteceunovale.com.br\\\/portal\\\/?p=60951\"},\"author\":{\"name\":\"Aconteceu no Vale\",\"@id\":\"https:\\\/\\\/aconteceunovale.com.br\\\/portal\\\/#\\\/schema\\\/person\\\/633529146f2c94272bef50ac2953d589\"},\"headline\":\"Ag\u00eancia estabelece novas regras para cancelamento e remarca\u00e7\u00e3o de bilhetes das viagens de trem\",\"datePublished\":\"2015-06-11T18:19:51+00:00\",\"mainEntityOfPage\":{\"@id\":\"https:\\\/\\\/aconteceunovale.com.br\\\/portal\\\/?p=60951\"},\"wordCount\":263,\"commentCount\":0,\"image\":{\"@id\":\"https:\\\/\\\/aconteceunovale.com.br\\\/portal\\\/?p=60951#primaryimage\"},\"thumbnailUrl\":\"https:\\\/\\\/aconteceunovale.com.br\\\/portal\\\/wp-content\\\/uploads\\\/2014\\\/12\\\/trem_vale.jpg\",\"keywords\":[\"Ag\u00eancia estabelece novas regras para cancelamento e remarca\u00e7\u00e3o de bilhetes das viagens de trem\",\"antt\",\"ANTT estabelece multa para cancelamento e remarca\u00e7\u00e3o de bilhetes das viagens de trem\",\"ANTT estabelece novas regras para cancelamento e remarca\u00e7\u00e3o de bilhetes das viagens de trem\",\"Trem da Vale\",\"Trem de Passageiros a Estrada de Ferro Vit\u00f3ria a Minas\",\"trem que liga Minas Gerais a Vit\u00f3ria\"],\"articleSection\":[\"Brasil\"],\"inLanguage\":\"pt-BR\",\"potentialAction\":[{\"@type\":\"CommentAction\",\"name\":\"Comment\",\"target\":[\"https:\\\/\\\/aconteceunovale.com.br\\\/portal\\\/?p=60951#respond\"]}]},{\"@type\":\"WebPage\",\"@id\":\"https:\\\/\\\/aconteceunovale.com.br\\\/portal\\\/?p=60951\",\"url\":\"https:\\\/\\\/aconteceunovale.com.br\\\/portal\\\/?p=60951\",\"name\":\"Ag\u00eancia estabelece novas regras para cancelamento e remarca\u00e7\u00e3o de bilhetes das viagens de trem - Aconteceu no Vale\",\"isPartOf\":{\"@id\":\"https:\\\/\\\/aconteceunovale.com.br\\\/portal\\\/#website\"},\"primaryImageOfPage\":{\"@id\":\"https:\\\/\\\/aconteceunovale.com.br\\\/portal\\\/?p=60951#primaryimage\"},\"image\":{\"@id\":\"https:\\\/\\\/aconteceunovale.com.br\\\/portal\\\/?p=60951#primaryimage\"},\"thumbnailUrl\":\"https:\\\/\\\/aconteceunovale.com.br\\\/portal\\\/wp-content\\\/uploads\\\/2014\\\/12\\\/trem_vale.jpg\",\"datePublished\":\"2015-06-11T18:19:51+00:00\",\"author\":{\"@id\":\"https:\\\/\\\/aconteceunovale.com.br\\\/portal\\\/#\\\/schema\\\/person\\\/633529146f2c94272bef50ac2953d589\"},\"breadcrumb\":{\"@id\":\"https:\\\/\\\/aconteceunovale.com.br\\\/portal\\\/?p=60951#breadcrumb\"},\"inLanguage\":\"pt-BR\",\"potentialAction\":[{\"@type\":\"ReadAction\",\"target\":[\"https:\\\/\\\/aconteceunovale.com.br\\\/portal\\\/?p=60951\"]}]},{\"@type\":\"ImageObject\",\"inLanguage\":\"pt-BR\",\"@id\":\"https:\\\/\\\/aconteceunovale.com.br\\\/portal\\\/?p=60951#primaryimage\",\"url\":\"https:\\\/\\\/aconteceunovale.com.br\\\/portal\\\/wp-content\\\/uploads\\\/2014\\\/12\\\/trem_vale.jpg\",\"contentUrl\":\"https:\\\/\\\/aconteceunovale.com.br\\\/portal\\\/wp-content\\\/uploads\\\/2014\\\/12\\\/trem_vale.jpg\",\"width\":675,\"height\":450},{\"@type\":\"BreadcrumbList\",\"@id\":\"https:\\\/\\\/aconteceunovale.com.br\\\/portal\\\/?p=60951#breadcrumb\",\"itemListElement\":[{\"@type\":\"ListItem\",\"position\":1,\"name\":\"In\u00edcio\",\"item\":\"https:\\\/\\\/aconteceunovale.com.br\\\/portal\\\/\"},{\"@type\":\"ListItem\",\"position\":2,\"name\":\"Ag\u00eancia estabelece novas regras para cancelamento e remarca\u00e7\u00e3o de bilhetes das viagens de trem\"}]},{\"@type\":\"WebSite\",\"@id\":\"https:\\\/\\\/aconteceunovale.com.br\\\/portal\\\/#website\",\"url\":\"https:\\\/\\\/aconteceunovale.com.br\\\/portal\\\/\",\"name\":\"Aconteceu no Vale\",\"description\":\"Portal de Not\u00edcias\",\"potentialAction\":[{\"@type\":\"SearchAction\",\"target\":{\"@type\":\"EntryPoint\",\"urlTemplate\":\"https:\\\/\\\/aconteceunovale.com.br\\\/portal\\\/?s={search_term_string}\"},\"query-input\":{\"@type\":\"PropertyValueSpecification\",\"valueRequired\":true,\"valueName\":\"search_term_string\"}}],\"inLanguage\":\"pt-BR\"},{\"@type\":\"Person\",\"@id\":\"https:\\\/\\\/aconteceunovale.com.br\\\/portal\\\/#\\\/schema\\\/person\\\/633529146f2c94272bef50ac2953d589\",\"name\":\"Aconteceu no Vale\",\"description\":\"Equipe de reportagem do Aconteceu no Vale, portal de not\u00edcias do Vale do Jequitinhonha, em Minas Gerais. Cobrimos as 51 cidades do Vale desde 2013. Sugest\u00f5es de pauta e pedidos de corre\u00e7\u00e3o: contato@aconteceunovale.com.br\",\"sameAs\":[\"http:\\\/\\\/www.aconteceunovale.com.br\"],\"url\":\"https:\\\/\\\/aconteceunovale.com.br\\\/portal\\\/?author=1\"}]}<\/script>\n<!-- \/ Yoast SEO plugin. -->","yoast_head_json":{"title":"Ag\u00eancia estabelece novas regras para cancelamento e remarca\u00e7\u00e3o de bilhetes das viagens de trem - Aconteceu no Vale","robots":{"index":"index","follow":"follow","max-snippet":"max-snippet:-1","max-image-preview":"max-image-preview:large","max-video-preview":"max-video-preview:-1"},"canonical":"https:\/\/aconteceunovale.com.br\/portal\/?p=60951","og_locale":"pt_BR","og_type":"article","og_title":"Ag\u00eancia estabelece novas regras para cancelamento e remarca\u00e7\u00e3o de bilhetes das viagens de trem - Aconteceu no Vale","og_description":"Desde 9 de junho, essas duas situa\u00e7\u00f5es implicam em multa. Nova regra \u00e9 v\u00e1lida para o trem que liga Minas Gerais a Vit\u00f3ria. Os usu\u00e1rios do Trem de Passageiros a Estrada de Ferro Vit\u00f3ria a Minas devem ficar atentos \u00e0s novas regras para cancelamento e remarca\u00e7\u00e3o de bilhetes. Desde 9 de junho, essas duas situa\u00e7\u00f5es [&hellip;]","og_url":"https:\/\/aconteceunovale.com.br\/portal\/?p=60951","og_site_name":"Aconteceu no Vale","article_publisher":"https:\/\/www.facebook.com\/aconteceunovale\/","article_published_time":"2015-06-11T18:19:51+00:00","og_image":[{"width":675,"height":450,"url":"https:\/\/aconteceunovale.com.br\/portal\/wp-content\/uploads\/2014\/12\/trem_vale.jpg","type":"image\/jpeg"}],"author":"Aconteceu no Vale","twitter_card":"summary_large_image","twitter_creator":"@noticiadosvales","twitter_site":"@noticiadosvales","twitter_misc":{"Escrito por":"Aconteceu no Vale","Est. tempo de leitura":"1 minuto"},"schema":{"@context":"https:\/\/schema.org","@graph":[{"@type":"Article","@id":"https:\/\/aconteceunovale.com.br\/portal\/?p=60951#article","isPartOf":{"@id":"https:\/\/aconteceunovale.com.br\/portal\/?p=60951"},"author":{"name":"Aconteceu no Vale","@id":"https:\/\/aconteceunovale.com.br\/portal\/#\/schema\/person\/633529146f2c94272bef50ac2953d589"},"headline":"Ag\u00eancia estabelece novas regras para cancelamento e remarca\u00e7\u00e3o de bilhetes das viagens de trem","datePublished":"2015-06-11T18:19:51+00:00","mainEntityOfPage":{"@id":"https:\/\/aconteceunovale.com.br\/portal\/?p=60951"},"wordCount":263,"commentCount":0,"image":{"@id":"https:\/\/aconteceunovale.com.br\/portal\/?p=60951#primaryimage"},"thumbnailUrl":"https:\/\/aconteceunovale.com.br\/portal\/wp-content\/uploads\/2014\/12\/trem_vale.jpg","keywords":["Ag\u00eancia estabelece novas regras para cancelamento e remarca\u00e7\u00e3o de bilhetes das viagens de trem","antt","ANTT estabelece multa para cancelamento e remarca\u00e7\u00e3o de bilhetes das viagens de trem","ANTT estabelece novas regras para cancelamento e remarca\u00e7\u00e3o de bilhetes das viagens de trem","Trem da Vale","Trem de Passageiros a Estrada de Ferro Vit\u00f3ria a Minas","trem que liga Minas Gerais a Vit\u00f3ria"],"articleSection":["Brasil"],"inLanguage":"pt-BR","potentialAction":[{"@type":"CommentAction","name":"Comment","target":["https:\/\/aconteceunovale.com.br\/portal\/?p=60951#respond"]}]},{"@type":"WebPage","@id":"https:\/\/aconteceunovale.com.br\/portal\/?p=60951","url":"https:\/\/aconteceunovale.com.br\/portal\/?p=60951","name":"Ag\u00eancia estabelece novas regras para cancelamento e remarca\u00e7\u00e3o de bilhetes das viagens de trem - Aconteceu no Vale","isPartOf":{"@id":"https:\/\/aconteceunovale.com.br\/portal\/#website"},"primaryImageOfPage":{"@id":"https:\/\/aconteceunovale.com.br\/portal\/?p=60951#primaryimage"},"image":{"@id":"https:\/\/aconteceunovale.com.br\/portal\/?p=60951#primaryimage"},"thumbnailUrl":"https:\/\/aconteceunovale.com.br\/portal\/wp-content\/uploads\/2014\/12\/trem_vale.jpg","datePublished":"2015-06-11T18:19:51+00:00","author":{"@id":"https:\/\/aconteceunovale.com.br\/portal\/#\/schema\/person\/633529146f2c94272bef50ac2953d589"},"breadcrumb":{"@id":"https:\/\/aconteceunovale.com.br\/portal\/?p=60951#breadcrumb"},"inLanguage":"pt-BR","potentialAction":[{"@type":"ReadAction","target":["https:\/\/aconteceunovale.com.br\/portal\/?p=60951"]}]},{"@type":"ImageObject","inLanguage":"pt-BR","@id":"https:\/\/aconteceunovale.com.br\/portal\/?p=60951#primaryimage","url":"https:\/\/aconteceunovale.com.br\/portal\/wp-content\/uploads\/2014\/12\/trem_vale.jpg","contentUrl":"https:\/\/aconteceunovale.com.br\/portal\/wp-content\/uploads\/2014\/12\/trem_vale.jpg","width":675,"height":450},{"@type":"BreadcrumbList","@id":"https:\/\/aconteceunovale.com.br\/portal\/?p=60951#breadcrumb","itemListElement":[{"@type":"ListItem","position":1,"name":"In\u00edcio","item":"https:\/\/aconteceunovale.com.br\/portal\/"},{"@type":"ListItem","position":2,"name":"Ag\u00eancia estabelece novas regras para cancelamento e remarca\u00e7\u00e3o de bilhetes das viagens de trem"}]},{"@type":"WebSite","@id":"https:\/\/aconteceunovale.com.br\/portal\/#website","url":"https:\/\/aconteceunovale.com.br\/portal\/","name":"Aconteceu no Vale","description":"Portal de Not\u00edcias","potentialAction":[{"@type":"SearchAction","target":{"@type":"EntryPoint","urlTemplate":"https:\/\/aconteceunovale.com.br\/portal\/?s={search_term_string}"},"query-input":{"@type":"PropertyValueSpecification","valueRequired":true,"valueName":"search_term_string"}}],"inLanguage":"pt-BR"},{"@type":"Person","@id":"https:\/\/aconteceunovale.com.br\/portal\/#\/schema\/person\/633529146f2c94272bef50ac2953d589","name":"Aconteceu no Vale","description":"Equipe de reportagem do Aconteceu no Vale, portal de not\u00edcias do Vale do Jequitinhonha, em Minas Gerais. Cobrimos as 51 cidades do Vale desde 2013. Sugest\u00f5es de pauta e pedidos de corre\u00e7\u00e3o: contato@aconteceunovale.com.br","sameAs":["http:\/\/www.aconteceunovale.com.br"],"url":"https:\/\/aconteceunovale.com.br\/portal\/?author=1"}]}},"_links":{"self":[{"href":"https:\/\/aconteceunovale.com.br\/portal\/index.php?rest_route=\/wp\/v2\/posts\/60951","targetHints":{"allow":["GET"]}}],"collection":[{"href":"https:\/\/aconteceunovale.com.br\/portal\/index.php?rest_route=\/wp\/v2\/posts"}],"about":[{"href":"https:\/\/aconteceunovale.com.br\/portal\/index.php?rest_route=\/wp\/v2\/types\/post"}],"author":[{"embeddable":true,"href":"https:\/\/aconteceunovale.com.br\/portal\/index.php?rest_route=\/wp\/v2\/users\/1"}],"replies":[{"embeddable":true,"href":"https:\/\/aconteceunovale.com.br\/portal\/index.php?rest_route=%2Fwp%2Fv2%2Fcomments&post=60951"}],"version-history":[{"count":0,"href":"https:\/\/aconteceunovale.com.br\/portal\/index.php?rest_route=\/wp\/v2\/posts\/60951\/revisions"}],"wp:featuredmedia":[{"embeddable":true,"href":"https:\/\/aconteceunovale.com.br\/portal\/index.php?rest_route=\/wp\/v2\/media\/48607"}],"wp:attachment":[{"href":"https:\/\/aconteceunovale.com.br\/portal\/index.php?rest_route=%2Fwp%2Fv2%2Fmedia&parent=60951"}],"wp:term":[{"taxonomy":"category","embeddable":true,"href":"https:\/\/aconteceunovale.com.br\/portal\/index.php?rest_route=%2Fwp%2Fv2%2Fcategories&post=60951"},{"taxonomy":"post_tag","embeddable":true,"href":"https:\/\/aconteceunovale.com.br\/portal\/index.php?rest_route=%2Fwp%2Fv2%2Ftags&post=60951"}],"curies":[{"name":"wp","href":"https:\/\/api.w.org\/{rel}","templated":true}]}}