{"id":60943,"date":"2015-06-11T11:24:58","date_gmt":"2015-06-11T14:24:58","guid":{"rendered":"http:\/\/aconteceunovale.com.br\/portal\/?p=60943"},"modified":"2026-09-02T13:38:30","modified_gmt":"2026-09-02T16:38:30","slug":"atleta-de-pedra-azul-e-destaque-internacional","status":"publish","type":"post","link":"https:\/\/aconteceunovale.com.br\/portal\/?p=60943","title":{"rendered":"Atleta de Pedra Azul \u00e9 destaque internacional"},"content":{"rendered":"<h4><strong><em>Guilherme Santos conquistou a medalha de bronze no Campeonato Sul Americano. Ele \u00e9 aluno do professor Daniel Mota da Academia Drag\u00f5es.<\/em><\/strong><\/h4>\n<p>O atleta Guilherme Almeida Santos, de 18 anos, natural de Pedra Azul, no Vale do Jequitinhonha foi medalhista em uma das principais competi\u00e7\u00f5es de karat\u00e9 da Am\u00e9rica do Sul. No \u00faltimo dia 5 de junho, o pedrazulense conquistou a medalha de bronze pela categoria sub 21 + de 84 kg no Campeonato Sul Americano, disputado em Santiago, no Chile. <\/p>\n<p>A conquista garantiu a classifica\u00e7\u00e3o para o Panamerican Karate Federation que ser\u00e1 realizado em agosto na Bol\u00edvia. Atleta da Academia Drag\u00f5es de Pedra Azul e aluno do professor Daniel Mota, Guilherme \u00e9 o atual campe\u00e3o brasileiro da categoria e conquistou vaga na Equipe Nacional em seletiva realizada na Para\u00edba no \u00faltimo m\u00eas de maio.<\/p>\n<p><img decoding=\"async\" src=\"http:\/\/aconteceunovale.com.br\/portal\/wp-content\/uploads\/2015\/06\/atleta_pedra_azul_1.jpg\" alt=\"\" \/><em>Guilherme conquistou medalha de bronze no Sul Americano &#8211; Foto: Daniel Mota \/ Divulga\u00e7\u00e3o<\/em><br \/>\n<\/br><\/p>\n<p><img decoding=\"async\" src=\"http:\/\/aconteceunovale.com.br\/portal\/wp-content\/uploads\/2015\/06\/atleta_pedra_azul_2.jpg\" alt=\"\" \/><em>Guilherme conquistou medalha de bronze no Sul Americano &#8211; Foto: Daniel Mota \/ Divulga\u00e7\u00e3o<\/em><br \/>\n<\/br><\/p>\n<p><img decoding=\"async\" src=\"http:\/\/aconteceunovale.com.br\/portal\/wp-content\/uploads\/2015\/06\/atleta_pedra_azul_3.jpg\" alt=\"\" \/><em>Guilherme conquistou medalha de bronze no Sul Americano &#8211; Foto: Daniel Mota \/ Divulga\u00e7\u00e3o<\/em><br \/>\n<\/br><\/p>\n<p><img decoding=\"async\" src=\"http:\/\/aconteceunovale.com.br\/portal\/wp-content\/uploads\/2015\/06\/atleta_pedra_azul_4.jpg\" alt=\"\" \/><em>Guilherme conquistou medalha de bronze no Sul Americano &#8211; Foto: Daniel Mota \/ Divulga\u00e7\u00e3o<\/em><br \/>\n<\/br><\/p>\n<p><img decoding=\"async\" src=\"http:\/\/aconteceunovale.com.br\/portal\/wp-content\/uploads\/2015\/06\/atleta_pedra_azul_5.jpg\" alt=\"\" \/><em>Guilherme conquistou medalha de bronze no Sul Americano &#8211; Foto: Daniel Mota \/ Divulga\u00e7\u00e3o<\/em><\/p>\n","protected":false},"excerpt":{"rendered":"<p>Guilherme Santos conquistou a medalha de bronze no Campeonato Sul Americano. Ele \u00e9 aluno do professor Daniel Mota da Academia Drag\u00f5es. O atleta Guilherme Almeida Santos, de 18 anos, natural de Pedra Azul, no Vale do Jequitinhonha foi medalhista em uma das principais competi\u00e7\u00f5es de karat\u00e9 da Am\u00e9rica do Sul. No \u00faltimo dia 5 de [&hellip;]<\/p>\n","protected":false},"author":1,"featured_media":60950,"comment_status":"open","ping_status":"closed","sticky":false,"template":"","format":"standard","meta":{"amp_status":"","footnotes":""},"categories":[59,28848,272566],"tags":[47911,47904,47912,1018,47905,47906,47908,47907,47913,455,47910,47909],"class_list":["post-60943","post","type-post","status-publish","format-standard","has-post-thumbnail","hentry","category-esportes","category-mundo","category-pedra-azul","tag-academia-dragoes","tag-atleta-de-pedra-azul-e-destaque-internacional","tag-campeonato-sul-americano-de-karate-santiago-chile","tag-destaque","tag-guilherme-almeida-santos","tag-guilherme-almeida-santos-ganha-medalha-no-karate","tag-guilherme-santos-conquistou-a-medalha-de-bronze-no-campeonato-sul-americano","tag-guilherme-santos-pedra-azul","tag-panamerican-karate-federation-bolivia","tag-pedra-azul","tag-professor-daniel-mota","tag-professor-daniel-mota-da-academia-dragoes"],"yoast_head":"<!-- This site is optimized with the Yoast SEO plugin v28.3 - https:\/\/yoast.com\/product\/yoast-seo-wordpress\/ -->\n<title>Atleta de Pedra Azul \u00e9 destaque internacional - Aconteceu no Vale<\/title>\n<meta name=\"robots\" content=\"index, follow, max-snippet:-1, max-image-preview:large, max-video-preview:-1\" \/>\n<link rel=\"canonical\" href=\"https:\/\/aconteceunovale.com.br\/portal\/?p=60943\" \/>\n<meta property=\"og:locale\" content=\"pt_BR\" \/>\n<meta property=\"og:type\" content=\"article\" \/>\n<meta property=\"og:title\" content=\"Atleta de Pedra Azul \u00e9 destaque internacional - Aconteceu no Vale\" \/>\n<meta property=\"og:description\" content=\"Guilherme Santos conquistou a medalha de bronze no Campeonato Sul Americano. Ele \u00e9 aluno do professor Daniel Mota da Academia Drag\u00f5es. O atleta Guilherme Almeida Santos, de 18 anos, natural de Pedra Azul, no Vale do Jequitinhonha foi medalhista em uma das principais competi\u00e7\u00f5es de karat\u00e9 da Am\u00e9rica do Sul. No \u00faltimo dia 5 de [&hellip;]\" \/>\n<meta property=\"og:url\" content=\"https:\/\/aconteceunovale.com.br\/portal\/?p=60943\" \/>\n<meta property=\"og:site_name\" content=\"Aconteceu no Vale\" \/>\n<meta property=\"article:publisher\" content=\"https:\/\/www.facebook.com\/aconteceunovale\/\" \/>\n<meta property=\"article:published_time\" content=\"2015-06-11T14:24:58+00:00\" \/>\n<meta property=\"article:modified_time\" content=\"2026-09-02T16:38:30+00:00\" \/>\n<meta property=\"og:image\" content=\"https:\/\/aconteceunovale.com.br\/portal\/wp-content\/uploads\/2015\/06\/atleta_pedra_azul_6.jpg\" \/>\n\t<meta property=\"og:image:width\" content=\"671\" \/>\n\t<meta property=\"og:image:height\" content=\"400\" \/>\n\t<meta property=\"og:image:type\" content=\"image\/jpeg\" \/>\n<meta name=\"author\" content=\"Aconteceu no Vale\" \/>\n<meta name=\"twitter:card\" content=\"summary_large_image\" \/>\n<meta name=\"twitter:creator\" content=\"@noticiadosvales\" \/>\n<meta name=\"twitter:site\" content=\"@noticiadosvales\" \/>\n<meta name=\"twitter:label1\" content=\"Escrito por\" \/>\n\t<meta name=\"twitter:data1\" content=\"Aconteceu no Vale\" \/>\n\t<meta name=\"twitter:label2\" content=\"Est. tempo de leitura\" \/>\n\t<meta name=\"twitter:data2\" content=\"1 minuto\" \/>\n<script type=\"application\/ld+json\" class=\"yoast-schema-graph\">{\"@context\":\"https:\\\/\\\/schema.org\",\"@graph\":[{\"@type\":\"Article\",\"@id\":\"https:\\\/\\\/aconteceunovale.com.br\\\/portal\\\/?p=60943#article\",\"isPartOf\":{\"@id\":\"https:\\\/\\\/aconteceunovale.com.br\\\/portal\\\/?p=60943\"},\"author\":{\"name\":\"Aconteceu no Vale\",\"@id\":\"https:\\\/\\\/aconteceunovale.com.br\\\/portal\\\/#\\\/schema\\\/person\\\/633529146f2c94272bef50ac2953d589\"},\"headline\":\"Atleta de Pedra Azul \u00e9 destaque internacional\",\"datePublished\":\"2015-06-11T14:24:58+00:00\",\"dateModified\":\"2026-09-02T16:38:30+00:00\",\"mainEntityOfPage\":{\"@id\":\"https:\\\/\\\/aconteceunovale.com.br\\\/portal\\\/?p=60943\"},\"wordCount\":212,\"commentCount\":1,\"image\":{\"@id\":\"https:\\\/\\\/aconteceunovale.com.br\\\/portal\\\/?p=60943#primaryimage\"},\"thumbnailUrl\":\"https:\\\/\\\/aconteceunovale.com.br\\\/portal\\\/wp-content\\\/uploads\\\/2015\\\/06\\\/atleta_pedra_azul_6.jpg\",\"keywords\":[\"Academia Drag\u00f5es\",\"Atleta de Pedra Azul \u00e9 destaque internacional\",\"Campeonato Sul Americano de Karat\u00e9 Santiago Chile\",\"destaque\",\"Guilherme Almeida Santos\",\"Guilherme Almeida Santos ganha medalha no karat\u00e9\",\"Guilherme Santos conquistou a medalha de bronze no Campeonato Sul Americano\",\"Guilherme Santos Pedra Azul\",\"Panamerican Karate Federation Bol\u00edvia\",\"Pedra Azul\",\"professor Daniel Mota\",\"professor Daniel Mota da Academia Drag\u00f5es\"],\"articleSection\":[\"Esportes\",\"Mundo\",\"Pedra Azul\"],\"inLanguage\":\"pt-BR\",\"potentialAction\":[{\"@type\":\"CommentAction\",\"name\":\"Comment\",\"target\":[\"https:\\\/\\\/aconteceunovale.com.br\\\/portal\\\/?p=60943#respond\"]}]},{\"@type\":\"WebPage\",\"@id\":\"https:\\\/\\\/aconteceunovale.com.br\\\/portal\\\/?p=60943\",\"url\":\"https:\\\/\\\/aconteceunovale.com.br\\\/portal\\\/?p=60943\",\"name\":\"Atleta de Pedra Azul \u00e9 destaque internacional - Aconteceu no Vale\",\"isPartOf\":{\"@id\":\"https:\\\/\\\/aconteceunovale.com.br\\\/portal\\\/#website\"},\"primaryImageOfPage\":{\"@id\":\"https:\\\/\\\/aconteceunovale.com.br\\\/portal\\\/?p=60943#primaryimage\"},\"image\":{\"@id\":\"https:\\\/\\\/aconteceunovale.com.br\\\/portal\\\/?p=60943#primaryimage\"},\"thumbnailUrl\":\"https:\\\/\\\/aconteceunovale.com.br\\\/portal\\\/wp-content\\\/uploads\\\/2015\\\/06\\\/atleta_pedra_azul_6.jpg\",\"datePublished\":\"2015-06-11T14:24:58+00:00\",\"dateModified\":\"2026-09-02T16:38:30+00:00\",\"author\":{\"@id\":\"https:\\\/\\\/aconteceunovale.com.br\\\/portal\\\/#\\\/schema\\\/person\\\/633529146f2c94272bef50ac2953d589\"},\"breadcrumb\":{\"@id\":\"https:\\\/\\\/aconteceunovale.com.br\\\/portal\\\/?p=60943#breadcrumb\"},\"inLanguage\":\"pt-BR\",\"potentialAction\":[{\"@type\":\"ReadAction\",\"target\":[\"https:\\\/\\\/aconteceunovale.com.br\\\/portal\\\/?p=60943\"]}]},{\"@type\":\"ImageObject\",\"inLanguage\":\"pt-BR\",\"@id\":\"https:\\\/\\\/aconteceunovale.com.br\\\/portal\\\/?p=60943#primaryimage\",\"url\":\"https:\\\/\\\/aconteceunovale.com.br\\\/portal\\\/wp-content\\\/uploads\\\/2015\\\/06\\\/atleta_pedra_azul_6.jpg\",\"contentUrl\":\"https:\\\/\\\/aconteceunovale.com.br\\\/portal\\\/wp-content\\\/uploads\\\/2015\\\/06\\\/atleta_pedra_azul_6.jpg\",\"width\":671,\"height\":400},{\"@type\":\"BreadcrumbList\",\"@id\":\"https:\\\/\\\/aconteceunovale.com.br\\\/portal\\\/?p=60943#breadcrumb\",\"itemListElement\":[{\"@type\":\"ListItem\",\"position\":1,\"name\":\"In\u00edcio\",\"item\":\"https:\\\/\\\/aconteceunovale.com.br\\\/portal\\\/\"},{\"@type\":\"ListItem\",\"position\":2,\"name\":\"Atleta de Pedra Azul \u00e9 destaque internacional\"}]},{\"@type\":\"WebSite\",\"@id\":\"https:\\\/\\\/aconteceunovale.com.br\\\/portal\\\/#website\",\"url\":\"https:\\\/\\\/aconteceunovale.com.br\\\/portal\\\/\",\"name\":\"Aconteceu no Vale\",\"description\":\"Portal de Not\u00edcias\",\"potentialAction\":[{\"@type\":\"SearchAction\",\"target\":{\"@type\":\"EntryPoint\",\"urlTemplate\":\"https:\\\/\\\/aconteceunovale.com.br\\\/portal\\\/?s={search_term_string}\"},\"query-input\":{\"@type\":\"PropertyValueSpecification\",\"valueRequired\":true,\"valueName\":\"search_term_string\"}}],\"inLanguage\":\"pt-BR\"},{\"@type\":\"Person\",\"@id\":\"https:\\\/\\\/aconteceunovale.com.br\\\/portal\\\/#\\\/schema\\\/person\\\/633529146f2c94272bef50ac2953d589\",\"name\":\"Aconteceu no Vale\",\"description\":\"Equipe de reportagem do Aconteceu no Vale, portal de not\u00edcias do Vale do Jequitinhonha, em Minas Gerais. Cobrimos as 51 cidades do Vale desde 2013. Sugest\u00f5es de pauta e pedidos de corre\u00e7\u00e3o: contato@aconteceunovale.com.br\",\"sameAs\":[\"http:\\\/\\\/www.aconteceunovale.com.br\"],\"url\":\"https:\\\/\\\/aconteceunovale.com.br\\\/portal\\\/?author=1\"}]}<\/script>\n<!-- \/ Yoast SEO plugin. -->","yoast_head_json":{"title":"Atleta de Pedra Azul \u00e9 destaque internacional - Aconteceu no Vale","robots":{"index":"index","follow":"follow","max-snippet":"max-snippet:-1","max-image-preview":"max-image-preview:large","max-video-preview":"max-video-preview:-1"},"canonical":"https:\/\/aconteceunovale.com.br\/portal\/?p=60943","og_locale":"pt_BR","og_type":"article","og_title":"Atleta de Pedra Azul \u00e9 destaque internacional - Aconteceu no Vale","og_description":"Guilherme Santos conquistou a medalha de bronze no Campeonato Sul Americano. Ele \u00e9 aluno do professor Daniel Mota da Academia Drag\u00f5es. O atleta Guilherme Almeida Santos, de 18 anos, natural de Pedra Azul, no Vale do Jequitinhonha foi medalhista em uma das principais competi\u00e7\u00f5es de karat\u00e9 da Am\u00e9rica do Sul. No \u00faltimo dia 5 de [&hellip;]","og_url":"https:\/\/aconteceunovale.com.br\/portal\/?p=60943","og_site_name":"Aconteceu no Vale","article_publisher":"https:\/\/www.facebook.com\/aconteceunovale\/","article_published_time":"2015-06-11T14:24:58+00:00","article_modified_time":"2026-09-02T16:38:30+00:00","og_image":[{"width":671,"height":400,"url":"https:\/\/aconteceunovale.com.br\/portal\/wp-content\/uploads\/2015\/06\/atleta_pedra_azul_6.jpg","type":"image\/jpeg"}],"author":"Aconteceu no Vale","twitter_card":"summary_large_image","twitter_creator":"@noticiadosvales","twitter_site":"@noticiadosvales","twitter_misc":{"Escrito por":"Aconteceu no Vale","Est. tempo de leitura":"1 minuto"},"schema":{"@context":"https:\/\/schema.org","@graph":[{"@type":"Article","@id":"https:\/\/aconteceunovale.com.br\/portal\/?p=60943#article","isPartOf":{"@id":"https:\/\/aconteceunovale.com.br\/portal\/?p=60943"},"author":{"name":"Aconteceu no Vale","@id":"https:\/\/aconteceunovale.com.br\/portal\/#\/schema\/person\/633529146f2c94272bef50ac2953d589"},"headline":"Atleta de Pedra Azul \u00e9 destaque internacional","datePublished":"2015-06-11T14:24:58+00:00","dateModified":"2026-09-02T16:38:30+00:00","mainEntityOfPage":{"@id":"https:\/\/aconteceunovale.com.br\/portal\/?p=60943"},"wordCount":212,"commentCount":1,"image":{"@id":"https:\/\/aconteceunovale.com.br\/portal\/?p=60943#primaryimage"},"thumbnailUrl":"https:\/\/aconteceunovale.com.br\/portal\/wp-content\/uploads\/2015\/06\/atleta_pedra_azul_6.jpg","keywords":["Academia Drag\u00f5es","Atleta de Pedra Azul \u00e9 destaque internacional","Campeonato Sul Americano de Karat\u00e9 Santiago Chile","destaque","Guilherme Almeida Santos","Guilherme Almeida Santos ganha medalha no karat\u00e9","Guilherme Santos conquistou a medalha de bronze no Campeonato Sul Americano","Guilherme Santos Pedra Azul","Panamerican Karate Federation Bol\u00edvia","Pedra Azul","professor Daniel Mota","professor Daniel Mota da Academia Drag\u00f5es"],"articleSection":["Esportes","Mundo","Pedra Azul"],"inLanguage":"pt-BR","potentialAction":[{"@type":"CommentAction","name":"Comment","target":["https:\/\/aconteceunovale.com.br\/portal\/?p=60943#respond"]}]},{"@type":"WebPage","@id":"https:\/\/aconteceunovale.com.br\/portal\/?p=60943","url":"https:\/\/aconteceunovale.com.br\/portal\/?p=60943","name":"Atleta de Pedra Azul \u00e9 destaque internacional - Aconteceu no Vale","isPartOf":{"@id":"https:\/\/aconteceunovale.com.br\/portal\/#website"},"primaryImageOfPage":{"@id":"https:\/\/aconteceunovale.com.br\/portal\/?p=60943#primaryimage"},"image":{"@id":"https:\/\/aconteceunovale.com.br\/portal\/?p=60943#primaryimage"},"thumbnailUrl":"https:\/\/aconteceunovale.com.br\/portal\/wp-content\/uploads\/2015\/06\/atleta_pedra_azul_6.jpg","datePublished":"2015-06-11T14:24:58+00:00","dateModified":"2026-09-02T16:38:30+00:00","author":{"@id":"https:\/\/aconteceunovale.com.br\/portal\/#\/schema\/person\/633529146f2c94272bef50ac2953d589"},"breadcrumb":{"@id":"https:\/\/aconteceunovale.com.br\/portal\/?p=60943#breadcrumb"},"inLanguage":"pt-BR","potentialAction":[{"@type":"ReadAction","target":["https:\/\/aconteceunovale.com.br\/portal\/?p=60943"]}]},{"@type":"ImageObject","inLanguage":"pt-BR","@id":"https:\/\/aconteceunovale.com.br\/portal\/?p=60943#primaryimage","url":"https:\/\/aconteceunovale.com.br\/portal\/wp-content\/uploads\/2015\/06\/atleta_pedra_azul_6.jpg","contentUrl":"https:\/\/aconteceunovale.com.br\/portal\/wp-content\/uploads\/2015\/06\/atleta_pedra_azul_6.jpg","width":671,"height":400},{"@type":"BreadcrumbList","@id":"https:\/\/aconteceunovale.com.br\/portal\/?p=60943#breadcrumb","itemListElement":[{"@type":"ListItem","position":1,"name":"In\u00edcio","item":"https:\/\/aconteceunovale.com.br\/portal\/"},{"@type":"ListItem","position":2,"name":"Atleta de Pedra Azul \u00e9 destaque internacional"}]},{"@type":"WebSite","@id":"https:\/\/aconteceunovale.com.br\/portal\/#website","url":"https:\/\/aconteceunovale.com.br\/portal\/","name":"Aconteceu no Vale","description":"Portal de Not\u00edcias","potentialAction":[{"@type":"SearchAction","target":{"@type":"EntryPoint","urlTemplate":"https:\/\/aconteceunovale.com.br\/portal\/?s={search_term_string}"},"query-input":{"@type":"PropertyValueSpecification","valueRequired":true,"valueName":"search_term_string"}}],"inLanguage":"pt-BR"},{"@type":"Person","@id":"https:\/\/aconteceunovale.com.br\/portal\/#\/schema\/person\/633529146f2c94272bef50ac2953d589","name":"Aconteceu no Vale","description":"Equipe de reportagem do Aconteceu no Vale, portal de not\u00edcias do Vale do Jequitinhonha, em Minas Gerais. Cobrimos as 51 cidades do Vale desde 2013. Sugest\u00f5es de pauta e pedidos de corre\u00e7\u00e3o: contato@aconteceunovale.com.br","sameAs":["http:\/\/www.aconteceunovale.com.br"],"url":"https:\/\/aconteceunovale.com.br\/portal\/?author=1"}]}},"_links":{"self":[{"href":"https:\/\/aconteceunovale.com.br\/portal\/index.php?rest_route=\/wp\/v2\/posts\/60943","targetHints":{"allow":["GET"]}}],"collection":[{"href":"https:\/\/aconteceunovale.com.br\/portal\/index.php?rest_route=\/wp\/v2\/posts"}],"about":[{"href":"https:\/\/aconteceunovale.com.br\/portal\/index.php?rest_route=\/wp\/v2\/types\/post"}],"author":[{"embeddable":true,"href":"https:\/\/aconteceunovale.com.br\/portal\/index.php?rest_route=\/wp\/v2\/users\/1"}],"replies":[{"embeddable":true,"href":"https:\/\/aconteceunovale.com.br\/portal\/index.php?rest_route=%2Fwp%2Fv2%2Fcomments&post=60943"}],"version-history":[{"count":1,"href":"https:\/\/aconteceunovale.com.br\/portal\/index.php?rest_route=\/wp\/v2\/posts\/60943\/revisions"}],"predecessor-version":[{"id":201668,"href":"https:\/\/aconteceunovale.com.br\/portal\/index.php?rest_route=\/wp\/v2\/posts\/60943\/revisions\/201668"}],"wp:featuredmedia":[{"embeddable":true,"href":"https:\/\/aconteceunovale.com.br\/portal\/index.php?rest_route=\/wp\/v2\/media\/60950"}],"wp:attachment":[{"href":"https:\/\/aconteceunovale.com.br\/portal\/index.php?rest_route=%2Fwp%2Fv2%2Fmedia&parent=60943"}],"wp:term":[{"taxonomy":"category","embeddable":true,"href":"https:\/\/aconteceunovale.com.br\/portal\/index.php?rest_route=%2Fwp%2Fv2%2Fcategories&post=60943"},{"taxonomy":"post_tag","embeddable":true,"href":"https:\/\/aconteceunovale.com.br\/portal\/index.php?rest_route=%2Fwp%2Fv2%2Ftags&post=60943"}],"curies":[{"name":"wp","href":"https:\/\/api.w.org\/{rel}","templated":true}]}}