{"id":60654,"date":"2015-06-07T19:58:56","date_gmt":"2015-06-07T22:58:56","guid":{"rendered":"http:\/\/aconteceunovale.com.br\/portal\/?p=60654"},"modified":"2015-06-07T22:19:56","modified_gmt":"2015-06-08T01:19:56","slug":"aviao-que-saiu-do-aeroporto-da-pampulha-com-destino-a-setubinha-cai-e-deixa-tres-mortos","status":"publish","type":"post","link":"https:\/\/aconteceunovale.com.br\/portal\/?p=60654","title":{"rendered":"Avi\u00e3o que saiu do Aeroporto da Pampulha com destino a Setubinha cai e deixa tr\u00eas mortos"},"content":{"rendered":"<p>Tr\u00eas pessoas morreram e uma ficou ferida na queda de uma aeronave na tarde deste domingo (7). O investigador da Pol\u00edcia Civil Gustavo de Toledo Guimar\u00e3es, de 38 anos, era o copiloto do bimotor bimotor King Air C90GTI, que saiu do Aeroporto da Pampulha com destino a fazenda Sequ\u00f3ia, em Setubinha, no Vale do Jequitinhonha, e caiu sobre uma resid\u00eancia na rua S\u00e3o Sebasti\u00e3o, bairro Minasl\u00e2ndia, na regi\u00e3o Norte de Belo Horizonte.<\/p>\n<p><img decoding=\"async\" src=\"http:\/\/aconteceunovale.com.br\/portal\/wp-content\/uploads\/2015\/06\/vitimas_acidente_bh.jpeg\" alt=\"\" \/><em>V\u00edtimas do acidente em Belo Horizonte da direita para a esquerda: Gustavo de Toledo Guimar\u00e3es, de 38, da Pol\u00edcia Civil, Carlos Eduardo Abreu, de Piumhi, e Emerson Thomazine, de 43 anos, de S\u00e3o Paulo &#8211; Foto: Reprodu\u00e7\u00e3o \/ Redes Sociais<\/em><br \/>\n<\/br><\/p>\n<p>As outras v\u00edtimas seriam um piloto e um carona do avi\u00e3o, que pertence ao Grupo MonteSanto Tavares Participa\u00e7\u00f5es e Empreendimentos, detentor de oito empresas e antigos donos das empresas Caf\u00e9 Tr\u00eas Cora\u00e7\u00f5es e Suco Mais. Eles foram identificados como Emerson Thomazine, de 43 anos, que pilotava a aeronave, e Carlos Eduardo Abreu, de Piumhi, no Centro Oeste do estado. Uma pessoa que estava na casa atingida ficou ferida e foi levada para o Hospital de Pronto Socorro Jo\u00e3o XXIII. De acordo com a assessoria de imprensa do hospital, a v\u00edtima foi identificada apenas como Neide. A mulher est\u00e1 consciente, seu quadro \u00e9 est\u00e1vel e sem gravidade.<\/p>\n<p>A assessoria de imprensa da Pol\u00edcia Civil informou que Gustavo Toledo trabalhava no hangar da corpora\u00e7\u00e3o, na Pampulha, mas que n\u00e3o estava a servi\u00e7o neste domingo.<\/p>\n<p>Ronaldo Ribeiro Tavares, propriet\u00e1rio da Caf\u00e9 Fino Gr\u00e3o, estava no avi\u00e3o e foi deixado no aeroporto com outros dois parentes, antes que a aeronave decolasse novamente. O avi\u00e3o voltaria para Setubinha para buscar mais passageiros quando decolou da Pampulha. Abalado, Ronaldo disse que o bimotor \u00e9 particular do irm\u00e3o dele, Ricardo Tavares.<\/p>\n<p><img decoding=\"async\" src=\"http:\/\/aconteceunovale.com.br\/portal\/wp-content\/uploads\/2015\/06\/acidente_aviao_setubinha_4.jpg\" alt=\"\" \/><em>Avi\u00e3o saiu da Pampulha com destino a Setubinha &#8211; Foto: Reprodu\u00e7\u00e3o \/ Hoje em Dia<\/em><br \/>\n<\/br><\/p>\n<p><strong>Moradores<\/strong><\/p>\n<p>Uma moradora da casa ao lado da resid\u00eancia atingida relatou com horror o momento do acidente. &#8220;Estava em casa com meu filho quando ouvi um barulho muito forte. Sa\u00ed e vi o avi\u00e3o rodopiando no ar e caindo. Peguei meu filho e sa\u00ed correndo de casa&#8221;, contou a dona de casa Ros\u00e2ngela de Rocha Diniz.<\/p>\n<p>De acordo com a dona de casa, os moradores da resid\u00eancia atingida s\u00e3o um casal, Jos\u00e9 Monfort e sua esposa Maria Geralda. Segundo a PM, apenas o homem estava em casa no momento da queda da aeronave. Entretanto, moradores alegam ter visto uma mulher sendo socorrida no local.<\/p>\n<p>Segundo relatos de motoristas e moradores, o avi\u00e3o caiu logo ap\u00f3s decolar da Pampulha, por volta de 15h20. &#8220;A queda aconteceu em cerca de tr\u00eas minutos. Vi o avi\u00e3o subindo, ele come\u00e7ou a inclinar para a esquerda, virou o bico para baixo e fez algumas manobras com as asas para um lado e para o outro. Ent\u00e3o parece que o piloto tentou arremeter quando j\u00e1 estava com o bico para baixo, mas n\u00e3o conseguiu&#8221;, disse o infografista Nelson Flores, que estava no sem\u00e1foro do cruzamento da rua Waldomiro Lobo com a avenida Cristiano Machado quando viu o acidente.<\/p>\n<p>O local da queda fica pr\u00f3ximo \u00e0 esta\u00e7\u00e3o de metr\u00f4 Primeiro de Maio e ao Centro de Refer\u00eancia de Assist\u00eancia Social (Cras).<\/p>\n<p><strong>Investiga\u00e7\u00e3o<\/strong><\/p>\n<p>A Ag\u00eancia Nacional de Avia\u00e7\u00e3o Civil (Anac), por meio de sua assessoria de imprensa, informou que a documenta\u00e7\u00e3o da aeronave est\u00e1 em dia e que n\u00e3o h\u00e1 nenhuma pend\u00eancia ou irregularidade com rela\u00e7\u00e3o a validade e vistoria do bimotor. Conforme o Centro de Investiga\u00e7\u00e3o e Preven\u00e7\u00e3o de Acidentes Aeron\u00e1uticos (Cenipa), o avi\u00e3o pertence a empresa Atl\u00e2ntica Exporta\u00e7\u00e3o e Importa\u00e7\u00e3o Ltda. As investiga\u00e7\u00f5es ficar\u00e3o a cargo do Terceiro Servi\u00e7o Regional de Investiga\u00e7\u00e3o e Preven\u00e7\u00e3o de Acidentes Aeron\u00e1uticos (Seripa III).<\/p>\n<p><strong>Fotos e v\u00eddeos<\/strong><\/p>\n<p><iframe loading=\"lazy\" width=\"640\" height=\"480\" src=\"https:\/\/www.youtube.com\/embed\/s_O7nLDxrgQ\" frameborder=\"0\" allowfullscreen><\/iframe><\/p>\n<p><iframe loading=\"lazy\" width=\"640\" height=\"480\" src=\"https:\/\/www.youtube.com\/embed\/LHm4thXFFy0\" frameborder=\"0\" allowfullscreen><\/iframe><\/p>\n<p><iframe loading=\"lazy\" width=\"640\" height=\"480\" src=\"https:\/\/www.youtube.com\/embed\/7b6ZSZe5MRg\" frameborder=\"0\" allowfullscreen><\/iframe><\/p>\n<p><iframe loading=\"lazy\" width=\"640\" height=\"480\" src=\"https:\/\/www.youtube.com\/embed\/51JqxaEVBOo\" frameborder=\"0\" allowfullscreen><\/iframe><\/p>\n<p><iframe loading=\"lazy\" width=\"640\" height=\"480\" src=\"https:\/\/www.youtube.com\/embed\/1FU-S0JrCxU\" frameborder=\"0\" allowfullscreen><\/iframe><\/p>\n<p><img decoding=\"async\" src=\"http:\/\/aconteceunovale.com.br\/portal\/wp-content\/uploads\/2015\/06\/acidente_aviao_setubinha_1.jpg\" alt=\"\" \/><em>Avi\u00e3o saiu da Pampulha com destino a Setubinha &#8211; Foto: Reprodu\u00e7\u00e3o \/ Hoje em Dia<\/em><br \/>\n<\/br><\/p>\n<p><img decoding=\"async\" src=\"http:\/\/aconteceunovale.com.br\/portal\/wp-content\/uploads\/2015\/06\/acidente_aviao_setubinha_2.jpg\" alt=\"\" \/><em>Avi\u00e3o saiu da Pampulha com destino a Setubinha &#8211; Foto: Reprodu\u00e7\u00e3o \/ Hoje em Dia<\/em><br \/>\n<\/br><\/p>\n<p><img decoding=\"async\" src=\"http:\/\/aconteceunovale.com.br\/portal\/wp-content\/uploads\/2015\/06\/acidente_aviao_setubinha_3.jpg\" alt=\"\" \/><em>Avi\u00e3o saiu da Pampulha com destino a Setubinha &#8211; Foto: Reprodu\u00e7\u00e3o \/ Hoje em Dia<\/em><br \/>\n<\/br><\/p>\n<p><img decoding=\"async\" src=\"http:\/\/aconteceunovale.com.br\/portal\/wp-content\/uploads\/2015\/06\/queda_aviao_bh_1.jpg\" alt=\"\" \/><em>Avi\u00e3o de pequeno porte cai sobre casa no bairro Minasl\u00e2ndia, em Belo Horizonte, pouco tempo depois de decolar (Foto: Fl\u00e1vio Tavares \/ Hoje em Dia \/ Estad\u00e3o Conte\u00fado)<\/em><br \/>\n<\/br><\/p>\n<p><img decoding=\"async\" src=\"http:\/\/aconteceunovale.com.br\/portal\/wp-content\/uploads\/2015\/06\/queda_aviao_bh_2.jpg\" alt=\"\" \/><em>Avi\u00e3o de pequeno porte cai sobre casa no bairro Minasl\u00e2ndia (Foto: Jos\u00e9 Neto\/TV Globo)<\/em><br \/>\n<\/br><\/p>\n<p><img decoding=\"async\" src=\"http:\/\/aconteceunovale.com.br\/portal\/wp-content\/uploads\/2015\/06\/queda_aviao_bh_3.jpg\" alt=\"\" \/><em>Avi\u00e3o de pequeno porte cai sobre casa no bairro Minasl\u00e2ndia (Foto: Odilon Amaral\/TV Globo)<\/em><br \/>\n<\/br><\/p>\n<p><img decoding=\"async\" src=\"http:\/\/aconteceunovale.com.br\/portal\/wp-content\/uploads\/2015\/06\/queda_aviao_bh_4.jpg\" alt=\"\" \/><em>Cozinha de casa vizinha ficou destru\u00edda na queda (Foto: Jos\u00e9 Neto\/ TV Globo)<\/em><br \/>\n<\/br><\/p>\n<p><img decoding=\"async\" src=\"http:\/\/aconteceunovale.com.br\/portal\/wp-content\/uploads\/2015\/06\/queda_aviao_bh_5.jpg\" alt=\"\" \/><em>Tr\u00eas pessoas morreram na queda de avi\u00e3o em Belo Horizonte (Foto: Jos\u00e9 Neto\/TV Globo)<\/em><br \/>\n<\/br><\/p>\n<p><strong><em>(Fonte: Jornal Hoje em Dia)<\/em><\/strong><\/p>\n","protected":false},"excerpt":{"rendered":"<p>Tr\u00eas pessoas morreram e uma ficou ferida na queda de uma aeronave na tarde deste domingo (7). O investigador da Pol\u00edcia Civil Gustavo de Toledo Guimar\u00e3es, de 38 anos, era o copiloto do bimotor bimotor King Air C90GTI, que saiu do Aeroporto da Pampulha com destino a fazenda Sequ\u00f3ia, em Setubinha, no Vale do Jequitinhonha, [&hellip;]<\/p>\n","protected":false},"author":1,"featured_media":60658,"comment_status":"open","ping_status":"closed","sticky":false,"template":"","format":"standard","meta":{"amp_status":"","footnotes":""},"categories":[123],"tags":[47517,47509,47524,47506,47511,47510,47507,47501,47502,47503,24829,47496,47518,47494,47495,47534,47499,47515,47508,47537,1018,47536,47505,47535,47497,47498,47504,1783,47514,47492,47493,47500,47516,47513,168,47512,47490,47491],"class_list":["post-60654","post","type-post","status-publish","format-standard","has-post-thumbnail","hentry","category-gerais","tag-acidente-com-aviao-de-ricardo-tavares","tag-acidente-com-aviao-do-cafe-tres-coracoes","tag-acidente-com-aviao-do-dono-do-cafe-tres-coracoes","tag-acidente-com-aviao-do-grupo-montesanto-tavares-participacoes-e-empreendimentos","tag-acidente-com-aviao-do-grupo-suco-mais","tag-acidente-com-aviao-do-suco-mais","tag-acidente-com-bimotor-do-grupo-montesanto-tavares-participacoes-e-empreendimentos","tag-acidente-com-bimotor-modelo-be-90-king-air","tag-aeroporto-da-pampulha-com-destino-a-fazenda-sequoia","tag-aeroporto-da-pampulha-com-destino-a-setubinha","tag-aviao-cai-em-belo-horizonte","tag-aviao-cai-no-bairro-minaslandia","tag-aviao-que-saiu-do-aeroporto-da-pampulha-com-destino-a-setubinha-cai-e-deixa-tres-mortos","tag-aviao-que-seguia-para-setubinha","tag-bairro-minaslandia","tag-bimotor-king-air-c90gti","tag-bimotor-modelo-be-90-king-air","tag-cafe-fino-grao","tag-cafe-tres-coracoes","tag-carlos-eduardo-abreu","tag-destaque","tag-emerson-thomazine","tag-grupo-montesanto-tavares-participacoes-e-empreendimentos","tag-gustavo-de-toledo-guimaraes","tag-gustavo-toledo","tag-investigador-da-policia-civil-gustavo-toledo","tag-minaslandia","tag-piumhi","tag-proprietario-da-cafe-fino-grao","tag-queda-de-aviao-em-belo-horizonte","tag-queda-de-aviao-que-seguia-para-setubinha","tag-queda-do-bimotor-modelo-be-90-king-air","tag-ricardo-tavares","tag-ronaldo-ribeiro-tavares","tag-setubinha","tag-suco-mais","tag-tres-pessoas-morreram-e-uma-ficou-ferida-na-queda-de-uma-aeronave-na-tarde-deste-domingo","tag-tres-pessoas-morreram-e-uma-ficou-ferida-na-queda-de-uma-aeronave-na-tarde-deste-domingo-em-belo-horizonte"],"yoast_head":"<!-- This site is optimized with the Yoast SEO plugin v28.3 - https:\/\/yoast.com\/product\/yoast-seo-wordpress\/ -->\n<title>Avi\u00e3o que saiu do Aeroporto da Pampulha com destino a Setubinha cai e deixa tr\u00eas mortos - Aconteceu no Vale<\/title>\n<meta name=\"robots\" content=\"index, follow, max-snippet:-1, max-image-preview:large, max-video-preview:-1\" \/>\n<link rel=\"canonical\" href=\"https:\/\/aconteceunovale.com.br\/portal\/?p=60654\" \/>\n<meta property=\"og:locale\" content=\"pt_BR\" \/>\n<meta property=\"og:type\" content=\"article\" \/>\n<meta property=\"og:title\" content=\"Avi\u00e3o que saiu do Aeroporto da Pampulha com destino a Setubinha cai e deixa tr\u00eas mortos - Aconteceu no Vale\" \/>\n<meta property=\"og:description\" content=\"Tr\u00eas pessoas morreram e uma ficou ferida na queda de uma aeronave na tarde deste domingo (7). O investigador da Pol\u00edcia Civil Gustavo de Toledo Guimar\u00e3es, de 38 anos, era o copiloto do bimotor bimotor King Air C90GTI, que saiu do Aeroporto da Pampulha com destino a fazenda Sequ\u00f3ia, em Setubinha, no Vale do Jequitinhonha, [&hellip;]\" \/>\n<meta property=\"og:url\" content=\"https:\/\/aconteceunovale.com.br\/portal\/?p=60654\" \/>\n<meta property=\"og:site_name\" content=\"Aconteceu no Vale\" \/>\n<meta property=\"article:publisher\" content=\"https:\/\/www.facebook.com\/aconteceunovale\/\" \/>\n<meta property=\"article:published_time\" content=\"2015-06-07T22:58:56+00:00\" \/>\n<meta property=\"article:modified_time\" content=\"2015-06-08T01:19:56+00:00\" \/>\n<meta property=\"og:image\" content=\"https:\/\/aconteceunovale.com.br\/portal\/wp-content\/uploads\/2015\/06\/acidente_aviao_setubinha_4.jpg\" \/>\n\t<meta property=\"og:image:width\" content=\"678\" \/>\n\t<meta property=\"og:image:height\" content=\"381\" \/>\n\t<meta property=\"og:image:type\" content=\"image\/jpeg\" \/>\n<meta name=\"author\" content=\"Aconteceu no Vale\" \/>\n<meta name=\"twitter:card\" content=\"summary_large_image\" \/>\n<meta name=\"twitter:creator\" content=\"@noticiadosvales\" \/>\n<meta name=\"twitter:site\" content=\"@noticiadosvales\" \/>\n<meta name=\"twitter:label1\" content=\"Escrito por\" \/>\n\t<meta name=\"twitter:data1\" content=\"Aconteceu no Vale\" \/>\n\t<meta name=\"twitter:label2\" content=\"Est. tempo de leitura\" \/>\n\t<meta name=\"twitter:data2\" content=\"4 minutos\" \/>\n<script type=\"application\/ld+json\" class=\"yoast-schema-graph\">{\"@context\":\"https:\\\/\\\/schema.org\",\"@graph\":[{\"@type\":\"Article\",\"@id\":\"https:\\\/\\\/aconteceunovale.com.br\\\/portal\\\/?p=60654#article\",\"isPartOf\":{\"@id\":\"https:\\\/\\\/aconteceunovale.com.br\\\/portal\\\/?p=60654\"},\"author\":{\"name\":\"Aconteceu no Vale\",\"@id\":\"https:\\\/\\\/aconteceunovale.com.br\\\/portal\\\/#\\\/schema\\\/person\\\/633529146f2c94272bef50ac2953d589\"},\"headline\":\"Avi\u00e3o que saiu do Aeroporto da Pampulha com destino a Setubinha cai e deixa tr\u00eas mortos\",\"datePublished\":\"2015-06-07T22:58:56+00:00\",\"dateModified\":\"2015-06-08T01:19:56+00:00\",\"mainEntityOfPage\":{\"@id\":\"https:\\\/\\\/aconteceunovale.com.br\\\/portal\\\/?p=60654\"},\"wordCount\":846,\"commentCount\":0,\"image\":{\"@id\":\"https:\\\/\\\/aconteceunovale.com.br\\\/portal\\\/?p=60654#primaryimage\"},\"thumbnailUrl\":\"https:\\\/\\\/aconteceunovale.com.br\\\/portal\\\/wp-content\\\/uploads\\\/2015\\\/06\\\/acidente_aviao_setubinha_4.jpg\",\"keywords\":[\"acidente com avi\u00e3o de Ricardo Tavares\",\"acidente com avi\u00e3o do Caf\u00e9 Tr\u00eas Cora\u00e7\u00f5es\",\"acidente com avi\u00e3o do dono do caf\u00e9 tr\u00eas cora\u00e7\u00f5es\",\"acidente com avi\u00e3o do Grupo MonteSanto Tavares Participa\u00e7\u00f5es e Empreendimentos\",\"acidente com avi\u00e3o do grupo Suco Mais\",\"acidente com avi\u00e3o do Suco Mais\",\"acidente com bimotor do Grupo MonteSanto Tavares Participa\u00e7\u00f5es e Empreendimentos\",\"acidente com bimotor modelo BE-90 King Air\",\"Aeroporto da Pampulha com destino a fazenda Sequ\u00f3ia\",\"Aeroporto da Pampulha com destino a setubinha\",\"avi\u00e3o cai em belo horizonte\",\"avi\u00e3o cai no bairro minasl\u00e2ndia\",\"Avi\u00e3o que saiu do Aeroporto da Pampulha com destino a Setubinha cai e deixa tr\u00eas mortos\",\"avi\u00e3o que seguia para setubinha\",\"bairro minasl\u00e2ndia\",\"bimotor King Air C90GTI\",\"bimotor modelo BE-90 King Air\",\"Caf\u00e9 Fino Gr\u00e3o\",\"Caf\u00e9 Tr\u00eas Cora\u00e7\u00f5es\",\"Carlos Eduardo Abreu\",\"destaque\",\"Emerson Thomazine\",\"Grupo MonteSanto Tavares Participa\u00e7\u00f5es e Empreendimentos\",\"Gustavo de Toledo Guimar\u00e3es\",\"Gustavo Toledo\",\"investigador da Pol\u00edcia Civil Gustavo Toledo\",\"Minasl\u00e2ndia\",\"Piumhi\",\"propriet\u00e1rio da Caf\u00e9 Fino Gr\u00e3o\",\"queda de avi\u00e3o em belo horizonte\",\"queda de avi\u00e3o que seguia para setubinha\",\"queda do bimotor modelo BE-90 King Air\",\"Ricardo Tavares\",\"Ronaldo Ribeiro Tavares\",\"Setubinha\",\"Suco Mais\",\"Tr\u00eas pessoas morreram e uma ficou ferida na queda de uma aeronave na tarde deste domingo\",\"Tr\u00eas pessoas morreram e uma ficou ferida na queda de uma aeronave na tarde deste domingo em Belo Horizonte\"],\"articleSection\":[\"Minas Gerais\"],\"inLanguage\":\"pt-BR\",\"potentialAction\":[{\"@type\":\"CommentAction\",\"name\":\"Comment\",\"target\":[\"https:\\\/\\\/aconteceunovale.com.br\\\/portal\\\/?p=60654#respond\"]}]},{\"@type\":\"WebPage\",\"@id\":\"https:\\\/\\\/aconteceunovale.com.br\\\/portal\\\/?p=60654\",\"url\":\"https:\\\/\\\/aconteceunovale.com.br\\\/portal\\\/?p=60654\",\"name\":\"Avi\u00e3o que saiu do Aeroporto da Pampulha com destino a Setubinha cai e deixa tr\u00eas mortos - Aconteceu no Vale\",\"isPartOf\":{\"@id\":\"https:\\\/\\\/aconteceunovale.com.br\\\/portal\\\/#website\"},\"primaryImageOfPage\":{\"@id\":\"https:\\\/\\\/aconteceunovale.com.br\\\/portal\\\/?p=60654#primaryimage\"},\"image\":{\"@id\":\"https:\\\/\\\/aconteceunovale.com.br\\\/portal\\\/?p=60654#primaryimage\"},\"thumbnailUrl\":\"https:\\\/\\\/aconteceunovale.com.br\\\/portal\\\/wp-content\\\/uploads\\\/2015\\\/06\\\/acidente_aviao_setubinha_4.jpg\",\"datePublished\":\"2015-06-07T22:58:56+00:00\",\"dateModified\":\"2015-06-08T01:19:56+00:00\",\"author\":{\"@id\":\"https:\\\/\\\/aconteceunovale.com.br\\\/portal\\\/#\\\/schema\\\/person\\\/633529146f2c94272bef50ac2953d589\"},\"breadcrumb\":{\"@id\":\"https:\\\/\\\/aconteceunovale.com.br\\\/portal\\\/?p=60654#breadcrumb\"},\"inLanguage\":\"pt-BR\",\"potentialAction\":[{\"@type\":\"ReadAction\",\"target\":[\"https:\\\/\\\/aconteceunovale.com.br\\\/portal\\\/?p=60654\"]}]},{\"@type\":\"ImageObject\",\"inLanguage\":\"pt-BR\",\"@id\":\"https:\\\/\\\/aconteceunovale.com.br\\\/portal\\\/?p=60654#primaryimage\",\"url\":\"https:\\\/\\\/aconteceunovale.com.br\\\/portal\\\/wp-content\\\/uploads\\\/2015\\\/06\\\/acidente_aviao_setubinha_4.jpg\",\"contentUrl\":\"https:\\\/\\\/aconteceunovale.com.br\\\/portal\\\/wp-content\\\/uploads\\\/2015\\\/06\\\/acidente_aviao_setubinha_4.jpg\",\"width\":678,\"height\":381},{\"@type\":\"BreadcrumbList\",\"@id\":\"https:\\\/\\\/aconteceunovale.com.br\\\/portal\\\/?p=60654#breadcrumb\",\"itemListElement\":[{\"@type\":\"ListItem\",\"position\":1,\"name\":\"In\u00edcio\",\"item\":\"https:\\\/\\\/aconteceunovale.com.br\\\/portal\\\/\"},{\"@type\":\"ListItem\",\"position\":2,\"name\":\"Avi\u00e3o que saiu do Aeroporto da Pampulha com destino a Setubinha cai e deixa tr\u00eas mortos\"}]},{\"@type\":\"WebSite\",\"@id\":\"https:\\\/\\\/aconteceunovale.com.br\\\/portal\\\/#website\",\"url\":\"https:\\\/\\\/aconteceunovale.com.br\\\/portal\\\/\",\"name\":\"Aconteceu no Vale\",\"description\":\"Portal de Not\u00edcias\",\"potentialAction\":[{\"@type\":\"SearchAction\",\"target\":{\"@type\":\"EntryPoint\",\"urlTemplate\":\"https:\\\/\\\/aconteceunovale.com.br\\\/portal\\\/?s={search_term_string}\"},\"query-input\":{\"@type\":\"PropertyValueSpecification\",\"valueRequired\":true,\"valueName\":\"search_term_string\"}}],\"inLanguage\":\"pt-BR\"},{\"@type\":\"Person\",\"@id\":\"https:\\\/\\\/aconteceunovale.com.br\\\/portal\\\/#\\\/schema\\\/person\\\/633529146f2c94272bef50ac2953d589\",\"name\":\"Aconteceu no Vale\",\"description\":\"Equipe de reportagem do Aconteceu no Vale, portal de not\u00edcias do Vale do Jequitinhonha, em Minas Gerais. Cobrimos as 51 cidades do Vale desde 2013. Sugest\u00f5es de pauta e pedidos de corre\u00e7\u00e3o: contato@aconteceunovale.com.br\",\"sameAs\":[\"http:\\\/\\\/www.aconteceunovale.com.br\"],\"url\":\"https:\\\/\\\/aconteceunovale.com.br\\\/portal\\\/?author=1\"}]}<\/script>\n<!-- \/ Yoast SEO plugin. -->","yoast_head_json":{"title":"Avi\u00e3o que saiu do Aeroporto da Pampulha com destino a Setubinha cai e deixa tr\u00eas mortos - Aconteceu no Vale","robots":{"index":"index","follow":"follow","max-snippet":"max-snippet:-1","max-image-preview":"max-image-preview:large","max-video-preview":"max-video-preview:-1"},"canonical":"https:\/\/aconteceunovale.com.br\/portal\/?p=60654","og_locale":"pt_BR","og_type":"article","og_title":"Avi\u00e3o que saiu do Aeroporto da Pampulha com destino a Setubinha cai e deixa tr\u00eas mortos - Aconteceu no Vale","og_description":"Tr\u00eas pessoas morreram e uma ficou ferida na queda de uma aeronave na tarde deste domingo (7). O investigador da Pol\u00edcia Civil Gustavo de Toledo Guimar\u00e3es, de 38 anos, era o copiloto do bimotor bimotor King Air C90GTI, que saiu do Aeroporto da Pampulha com destino a fazenda Sequ\u00f3ia, em Setubinha, no Vale do Jequitinhonha, [&hellip;]","og_url":"https:\/\/aconteceunovale.com.br\/portal\/?p=60654","og_site_name":"Aconteceu no Vale","article_publisher":"https:\/\/www.facebook.com\/aconteceunovale\/","article_published_time":"2015-06-07T22:58:56+00:00","article_modified_time":"2015-06-08T01:19:56+00:00","og_image":[{"width":678,"height":381,"url":"https:\/\/aconteceunovale.com.br\/portal\/wp-content\/uploads\/2015\/06\/acidente_aviao_setubinha_4.jpg","type":"image\/jpeg"}],"author":"Aconteceu no Vale","twitter_card":"summary_large_image","twitter_creator":"@noticiadosvales","twitter_site":"@noticiadosvales","twitter_misc":{"Escrito por":"Aconteceu no Vale","Est. tempo de leitura":"4 minutos"},"schema":{"@context":"https:\/\/schema.org","@graph":[{"@type":"Article","@id":"https:\/\/aconteceunovale.com.br\/portal\/?p=60654#article","isPartOf":{"@id":"https:\/\/aconteceunovale.com.br\/portal\/?p=60654"},"author":{"name":"Aconteceu no Vale","@id":"https:\/\/aconteceunovale.com.br\/portal\/#\/schema\/person\/633529146f2c94272bef50ac2953d589"},"headline":"Avi\u00e3o que saiu do Aeroporto da Pampulha com destino a Setubinha cai e deixa tr\u00eas mortos","datePublished":"2015-06-07T22:58:56+00:00","dateModified":"2015-06-08T01:19:56+00:00","mainEntityOfPage":{"@id":"https:\/\/aconteceunovale.com.br\/portal\/?p=60654"},"wordCount":846,"commentCount":0,"image":{"@id":"https:\/\/aconteceunovale.com.br\/portal\/?p=60654#primaryimage"},"thumbnailUrl":"https:\/\/aconteceunovale.com.br\/portal\/wp-content\/uploads\/2015\/06\/acidente_aviao_setubinha_4.jpg","keywords":["acidente com avi\u00e3o de Ricardo Tavares","acidente com avi\u00e3o do Caf\u00e9 Tr\u00eas Cora\u00e7\u00f5es","acidente com avi\u00e3o do dono do caf\u00e9 tr\u00eas cora\u00e7\u00f5es","acidente com avi\u00e3o do Grupo MonteSanto Tavares Participa\u00e7\u00f5es e Empreendimentos","acidente com avi\u00e3o do grupo Suco Mais","acidente com avi\u00e3o do Suco Mais","acidente com bimotor do Grupo MonteSanto Tavares Participa\u00e7\u00f5es e Empreendimentos","acidente com bimotor modelo BE-90 King Air","Aeroporto da Pampulha com destino a fazenda Sequ\u00f3ia","Aeroporto da Pampulha com destino a setubinha","avi\u00e3o cai em belo horizonte","avi\u00e3o cai no bairro minasl\u00e2ndia","Avi\u00e3o que saiu do Aeroporto da Pampulha com destino a Setubinha cai e deixa tr\u00eas mortos","avi\u00e3o que seguia para setubinha","bairro minasl\u00e2ndia","bimotor King Air C90GTI","bimotor modelo BE-90 King Air","Caf\u00e9 Fino Gr\u00e3o","Caf\u00e9 Tr\u00eas Cora\u00e7\u00f5es","Carlos Eduardo Abreu","destaque","Emerson Thomazine","Grupo MonteSanto Tavares Participa\u00e7\u00f5es e Empreendimentos","Gustavo de Toledo Guimar\u00e3es","Gustavo Toledo","investigador da Pol\u00edcia Civil Gustavo Toledo","Minasl\u00e2ndia","Piumhi","propriet\u00e1rio da Caf\u00e9 Fino Gr\u00e3o","queda de avi\u00e3o em belo horizonte","queda de avi\u00e3o que seguia para setubinha","queda do bimotor modelo BE-90 King Air","Ricardo Tavares","Ronaldo Ribeiro Tavares","Setubinha","Suco Mais","Tr\u00eas pessoas morreram e uma ficou ferida na queda de uma aeronave na tarde deste domingo","Tr\u00eas pessoas morreram e uma ficou ferida na queda de uma aeronave na tarde deste domingo em Belo Horizonte"],"articleSection":["Minas Gerais"],"inLanguage":"pt-BR","potentialAction":[{"@type":"CommentAction","name":"Comment","target":["https:\/\/aconteceunovale.com.br\/portal\/?p=60654#respond"]}]},{"@type":"WebPage","@id":"https:\/\/aconteceunovale.com.br\/portal\/?p=60654","url":"https:\/\/aconteceunovale.com.br\/portal\/?p=60654","name":"Avi\u00e3o que saiu do Aeroporto da Pampulha com destino a Setubinha cai e deixa tr\u00eas mortos - Aconteceu no Vale","isPartOf":{"@id":"https:\/\/aconteceunovale.com.br\/portal\/#website"},"primaryImageOfPage":{"@id":"https:\/\/aconteceunovale.com.br\/portal\/?p=60654#primaryimage"},"image":{"@id":"https:\/\/aconteceunovale.com.br\/portal\/?p=60654#primaryimage"},"thumbnailUrl":"https:\/\/aconteceunovale.com.br\/portal\/wp-content\/uploads\/2015\/06\/acidente_aviao_setubinha_4.jpg","datePublished":"2015-06-07T22:58:56+00:00","dateModified":"2015-06-08T01:19:56+00:00","author":{"@id":"https:\/\/aconteceunovale.com.br\/portal\/#\/schema\/person\/633529146f2c94272bef50ac2953d589"},"breadcrumb":{"@id":"https:\/\/aconteceunovale.com.br\/portal\/?p=60654#breadcrumb"},"inLanguage":"pt-BR","potentialAction":[{"@type":"ReadAction","target":["https:\/\/aconteceunovale.com.br\/portal\/?p=60654"]}]},{"@type":"ImageObject","inLanguage":"pt-BR","@id":"https:\/\/aconteceunovale.com.br\/portal\/?p=60654#primaryimage","url":"https:\/\/aconteceunovale.com.br\/portal\/wp-content\/uploads\/2015\/06\/acidente_aviao_setubinha_4.jpg","contentUrl":"https:\/\/aconteceunovale.com.br\/portal\/wp-content\/uploads\/2015\/06\/acidente_aviao_setubinha_4.jpg","width":678,"height":381},{"@type":"BreadcrumbList","@id":"https:\/\/aconteceunovale.com.br\/portal\/?p=60654#breadcrumb","itemListElement":[{"@type":"ListItem","position":1,"name":"In\u00edcio","item":"https:\/\/aconteceunovale.com.br\/portal\/"},{"@type":"ListItem","position":2,"name":"Avi\u00e3o que saiu do Aeroporto da Pampulha com destino a Setubinha cai e deixa tr\u00eas mortos"}]},{"@type":"WebSite","@id":"https:\/\/aconteceunovale.com.br\/portal\/#website","url":"https:\/\/aconteceunovale.com.br\/portal\/","name":"Aconteceu no Vale","description":"Portal de Not\u00edcias","potentialAction":[{"@type":"SearchAction","target":{"@type":"EntryPoint","urlTemplate":"https:\/\/aconteceunovale.com.br\/portal\/?s={search_term_string}"},"query-input":{"@type":"PropertyValueSpecification","valueRequired":true,"valueName":"search_term_string"}}],"inLanguage":"pt-BR"},{"@type":"Person","@id":"https:\/\/aconteceunovale.com.br\/portal\/#\/schema\/person\/633529146f2c94272bef50ac2953d589","name":"Aconteceu no Vale","description":"Equipe de reportagem do Aconteceu no Vale, portal de not\u00edcias do Vale do Jequitinhonha, em Minas Gerais. Cobrimos as 51 cidades do Vale desde 2013. Sugest\u00f5es de pauta e pedidos de corre\u00e7\u00e3o: contato@aconteceunovale.com.br","sameAs":["http:\/\/www.aconteceunovale.com.br"],"url":"https:\/\/aconteceunovale.com.br\/portal\/?author=1"}]}},"_links":{"self":[{"href":"https:\/\/aconteceunovale.com.br\/portal\/index.php?rest_route=\/wp\/v2\/posts\/60654","targetHints":{"allow":["GET"]}}],"collection":[{"href":"https:\/\/aconteceunovale.com.br\/portal\/index.php?rest_route=\/wp\/v2\/posts"}],"about":[{"href":"https:\/\/aconteceunovale.com.br\/portal\/index.php?rest_route=\/wp\/v2\/types\/post"}],"author":[{"embeddable":true,"href":"https:\/\/aconteceunovale.com.br\/portal\/index.php?rest_route=\/wp\/v2\/users\/1"}],"replies":[{"embeddable":true,"href":"https:\/\/aconteceunovale.com.br\/portal\/index.php?rest_route=%2Fwp%2Fv2%2Fcomments&post=60654"}],"version-history":[{"count":0,"href":"https:\/\/aconteceunovale.com.br\/portal\/index.php?rest_route=\/wp\/v2\/posts\/60654\/revisions"}],"wp:featuredmedia":[{"embeddable":true,"href":"https:\/\/aconteceunovale.com.br\/portal\/index.php?rest_route=\/wp\/v2\/media\/60658"}],"wp:attachment":[{"href":"https:\/\/aconteceunovale.com.br\/portal\/index.php?rest_route=%2Fwp%2Fv2%2Fmedia&parent=60654"}],"wp:term":[{"taxonomy":"category","embeddable":true,"href":"https:\/\/aconteceunovale.com.br\/portal\/index.php?rest_route=%2Fwp%2Fv2%2Fcategories&post=60654"},{"taxonomy":"post_tag","embeddable":true,"href":"https:\/\/aconteceunovale.com.br\/portal\/index.php?rest_route=%2Fwp%2Fv2%2Ftags&post=60654"}],"curies":[{"name":"wp","href":"https:\/\/api.w.org\/{rel}","templated":true}]}}