{"id":60649,"date":"2015-06-07T19:37:25","date_gmt":"2015-06-07T22:37:25","guid":{"rendered":"http:\/\/aconteceunovale.com.br\/portal\/?p=60649"},"modified":"2015-06-07T22:37:02","modified_gmt":"2015-06-08T01:37:02","slug":"duas-pessoas-morrem-e-quatro-ficam-feridas-em-acidentes-no-vale-do-aco","status":"publish","type":"post","link":"https:\/\/aconteceunovale.com.br\/portal\/?p=60649","title":{"rendered":"Duas pessoas morrem e quatro ficam feridas em acidentes no Vale do A\u00e7o"},"content":{"rendered":"<h4><strong><em>Em Coronel Fabriciano, o acidente envolvendo tr\u00eas ve\u00edculos deixou um morto e dois feridos. Em Ipatinga, uma jovem de 21 anos morreu em um acidente na Avenida Pedro Linhares.<\/em><\/strong><\/h4>\n<p>Uma mulher de 34 anos morreu e outras duas pessoas ficaram feridas, em um acidente na manh\u00e3 deste domingo, 7 de junho, na BR-381, na altura do bairro Mangueiras, no munic\u00edpio de Coronel Fabriciano (MG). Segundo informa\u00e7\u00f5es do Corpo de Bombeiros, tr\u00eas ve\u00edculos se envolveram na batida.<\/p>\n<p><img decoding=\"async\" src=\"http:\/\/aconteceunovale.com.br\/portal\/wp-content\/uploads\/2015\/06\/acidente_fabri_7_1.jpg\" alt=\"\" \/><em>Motorista do carro morreu no local do acidente (Foto: Patr\u00edcia Belo\/G1)<\/em><br \/>\n<\/br><\/p>\n<p>Em um ve\u00edculo com placas de Itabira (MG), estava Adriana Rosa da Silva que morreu no local do acidente. Um casal que estava em uma caminhonete ficou preso \u00e0s ferragens e foi resgatado pelo Corpo de Bombeiros e encaminhado em estado grave para um hospital de Ipatinga. O terceiro envolvido no acidente foi um caminh\u00e3o, e o motorista n\u00e3o teve ferimentos.<\/p>\n<p>O sargento do Corpo de Bombeiros Aldemir Corr\u00eaa explica que o caminh\u00e3o seguia no a Belo Horizonte, quando um carro de passeio tentou uma ultrapassagem em local proibido.<\/p>\n<p>&#8220;O caminhoneiro conta que o ve\u00edculo com placas de Itabira, tamb\u00e9m seguia sentindo a Belo Horizonte, quando tentou uma ultrapassagem, bateu na traseira do caminh\u00e3o, rodou na pista acertando um outro carro que seguia sentindo a cidade de Ipatinga&#8221;, conta.<\/p>\n<p><img decoding=\"async\" src=\"http:\/\/aconteceunovale.com.br\/portal\/wp-content\/uploads\/2015\/06\/acidente_fabri_7_2.jpg\" alt=\"\" \/><em>Carro com placa de Itabira bateu de frente com a caminhonete (Foto: Patr\u00edcia Belo\/G1)<\/em><br \/>\n<\/br><\/p>\n<p>A batida foi t\u00e3o violenta, que os dois carros de passeio ficaram destru\u00eddos. Na pista, a per\u00edcia da Pol\u00edcia Civil recolheu objetos pessoais da v\u00edtima fatal. O motor da caminhonete foi arrancando e acabou parando no acostamento.<\/p>\n<p>O motorista do caminh\u00e3o Warley Dias Martins, de 31 anos, disse que acidente foi muito r\u00e1pido e ele nada pode fazer para evitar a batida. &#8220;Estava indo trabalhar e infelizmente ocorreu uma trag\u00e9dia dessa. S\u00f3 vi o momento que a mulher tentou me ultrapassar e bateu de frente com o outro carro. N\u00e3o deu para reparar se ela estaca correndo, ou qualquer outra situa\u00e7\u00e3o. Fico muito sentindo com o que aconteceu&#8221;, lamenta.<\/p>\n<p>O sargento Aldemir Corr\u00eaa alerta que o trecho onde o acidente foi registrado \u00e9 perigoso e pede que os motoristas tenham mais aten\u00e7\u00e3o, com os locais de ultrapassagens proibidas.<\/p>\n<p>&#8220;Um vacilo pode terminar em um acidente. Esse trecho da BR 381 \u00e9 perigoso, \u00e9 um local de curva, e de faixa continua. Registramos muitos acidentes nesse sentindo e pedimos a aten\u00e7\u00e3o redobrada dos motoristas, principalmente hoje que as estradas est\u00e3o cheias com o t\u00e9rmino do feriado&#8221;, conclui o militar.<\/p>\n<p><img decoding=\"async\" src=\"http:\/\/aconteceunovale.com.br\/portal\/wp-content\/uploads\/2015\/06\/acidente_fabri_7_3.jpg\" alt=\"\" \/><em>Motor da caminhonete foi arrancado e acabou no acostamento da pista (Foto: Patr\u00edcia Belo\/G1)<\/em><br \/>\n<\/br><\/p>\n<h4><strong><em>Acidente mata jovem em Ipatinga <\/em><\/strong><\/h4>\n<p>A t\u00e9cnica em farm\u00e1cia Josiane Viana Lima, de 21 anos, morreu na madrugada deste domingo (7), ap\u00f3s se envolver em um acidente na Avenida Pedro Linhares, per\u00edmetro urbano da BR-381, em Ipatinga. Segundo informa\u00e7\u00f5es da Pol\u00edcia Militar Rodovi\u00e1ria, o carro em que a v\u00edtima estava colidiu com um poste.<\/p>\n<p>Ainda de acordo com PMR, a v\u00edtima estava em um ve\u00edculo de passeio, com mais duas pessoas, quando o motorista perdeu o controle da dire\u00e7\u00e3o e bateu de frente com um poste. O carro ficou completamente destru\u00eddo.<\/p>\n<p>A jovem morreu no local, e os outros dois ocupantes do carro tiveram ferimentos e foram encaminhados ao hospital. O estado de sa\u00fade n\u00e3o foi divulgado.<br \/>\n<\/br><\/p>\n<h4><strong><em>Morto com seis tiros <\/em><\/strong><\/h4>\n<p>Um jovem de 22 anos foi assassinado na noite desse s\u00e1bado (6), no bairro Silvio Pereira I, em Coronel Fabriciano. Segundo informa\u00e7\u00f5es de uma testemunha para PM, a v\u00edtima estava indo a um encontro no momento em que foi morto.<\/p>\n<p>Ainda de acordo com os militares, o rapaz passava pela rua, quando foi perseguido por um uma dupla em uma motocicleta, e foi atingido por v\u00e1rios tiros pelo e o passageiro.<\/p>\n<p>A dupla fugiu sentindo ao bairro Santa Rita e at\u00e9 o momento n\u00e3o foi localizada. A per\u00edcia esteve no local e constatou que a v\u00edtima foi atingida por seis disparos na regi\u00e3o da cabe\u00e7a, costas e t\u00f3rax. A motiva\u00e7\u00e3o do crime ainda n\u00e3o foi apurada.<\/p>\n<p><strong><em>(Fonte: Inter TV dos Vales \/ G1)<\/em><\/strong><\/p>\n","protected":false},"excerpt":{"rendered":"<p>Em Coronel Fabriciano, o acidente envolvendo tr\u00eas ve\u00edculos deixou um morto e dois feridos. Em Ipatinga, uma jovem de 21 anos morreu em um acidente na Avenida Pedro Linhares. Uma mulher de 34 anos morreu e outras duas pessoas ficaram feridas, em um acidente na manh\u00e3 deste domingo, 7 de junho, na BR-381, na altura [&hellip;]<\/p>\n","protected":false},"author":1,"featured_media":60650,"comment_status":"open","ping_status":"closed","sticky":false,"template":"","format":"standard","meta":{"amp_status":"","footnotes":""},"categories":[121],"tags":[18338,47487,47486,47488,47549,47551,47550,1524,1018,201,202,47548,47489,47484,47485],"class_list":["post-60649","post","type-post","status-publish","format-standard","has-post-thumbnail","hentry","category-leste","tag-acidente-em-coronel-fabriciano","tag-acidente-envolvendo-tres-veiculos-deixa-um-morto-e-dois-feridos-em-coronel-fabriciano","tag-acidente-envolvendo-tres-veiculos-deixa-um-morto-e-dois-feridos-no-vale-do-aco","tag-acidente-mata-jovem-em-ipatinga","tag-adriana-rosa-da-silva","tag-anaildes-maria-otoni-dos-reis","tag-claudio-jose-de-souza","tag-coronel-fabriciano","tag-destaque","tag-ipatinga","tag-itabira","tag-josiane-viana-lima","tag-jovem-de-20-anos-morreu-em-um-acidente-na-avenida-pedro-linhares","tag-morte-no-transito-em-coronel-fabriciano","tag-warley-dias-martins"],"yoast_head":"<!-- This site is optimized with the Yoast SEO plugin v28.3 - https:\/\/yoast.com\/product\/yoast-seo-wordpress\/ -->\n<title>Duas pessoas morrem e quatro ficam feridas em acidentes no Vale do A\u00e7o - Aconteceu no Vale<\/title>\n<meta name=\"robots\" content=\"index, follow, max-snippet:-1, max-image-preview:large, max-video-preview:-1\" \/>\n<link rel=\"canonical\" href=\"https:\/\/aconteceunovale.com.br\/portal\/?p=60649\" \/>\n<meta property=\"og:locale\" content=\"pt_BR\" \/>\n<meta property=\"og:type\" content=\"article\" \/>\n<meta property=\"og:title\" content=\"Duas pessoas morrem e quatro ficam feridas em acidentes no Vale do A\u00e7o - Aconteceu no Vale\" \/>\n<meta property=\"og:description\" content=\"Em Coronel Fabriciano, o acidente envolvendo tr\u00eas ve\u00edculos deixou um morto e dois feridos. Em Ipatinga, uma jovem de 21 anos morreu em um acidente na Avenida Pedro Linhares. Uma mulher de 34 anos morreu e outras duas pessoas ficaram feridas, em um acidente na manh\u00e3 deste domingo, 7 de junho, na BR-381, na altura [&hellip;]\" \/>\n<meta property=\"og:url\" content=\"https:\/\/aconteceunovale.com.br\/portal\/?p=60649\" \/>\n<meta property=\"og:site_name\" content=\"Aconteceu no Vale\" \/>\n<meta property=\"article:publisher\" content=\"https:\/\/www.facebook.com\/aconteceunovale\/\" \/>\n<meta property=\"article:published_time\" content=\"2015-06-07T22:37:25+00:00\" \/>\n<meta property=\"article:modified_time\" content=\"2015-06-08T01:37:02+00:00\" \/>\n<meta property=\"og:image\" content=\"https:\/\/aconteceunovale.com.br\/portal\/wp-content\/uploads\/2015\/06\/acidente_fabri_7_1.jpg\" \/>\n\t<meta property=\"og:image:width\" content=\"620\" \/>\n\t<meta property=\"og:image:height\" content=\"418\" \/>\n\t<meta property=\"og:image:type\" content=\"image\/jpeg\" \/>\n<meta name=\"author\" content=\"Aconteceu no Vale\" \/>\n<meta name=\"twitter:card\" content=\"summary_large_image\" \/>\n<meta name=\"twitter:creator\" content=\"@noticiadosvales\" \/>\n<meta name=\"twitter:site\" content=\"@noticiadosvales\" \/>\n<meta name=\"twitter:label1\" content=\"Escrito por\" \/>\n\t<meta name=\"twitter:data1\" content=\"Aconteceu no Vale\" \/>\n\t<meta name=\"twitter:label2\" content=\"Est. tempo de leitura\" \/>\n\t<meta name=\"twitter:data2\" content=\"4 minutos\" \/>\n<script type=\"application\/ld+json\" class=\"yoast-schema-graph\">{\"@context\":\"https:\\\/\\\/schema.org\",\"@graph\":[{\"@type\":\"Article\",\"@id\":\"https:\\\/\\\/aconteceunovale.com.br\\\/portal\\\/?p=60649#article\",\"isPartOf\":{\"@id\":\"https:\\\/\\\/aconteceunovale.com.br\\\/portal\\\/?p=60649\"},\"author\":{\"name\":\"Aconteceu no Vale\",\"@id\":\"https:\\\/\\\/aconteceunovale.com.br\\\/portal\\\/#\\\/schema\\\/person\\\/633529146f2c94272bef50ac2953d589\"},\"headline\":\"Duas pessoas morrem e quatro ficam feridas em acidentes no Vale do A\u00e7o\",\"datePublished\":\"2015-06-07T22:37:25+00:00\",\"dateModified\":\"2015-06-08T01:37:02+00:00\",\"mainEntityOfPage\":{\"@id\":\"https:\\\/\\\/aconteceunovale.com.br\\\/portal\\\/?p=60649\"},\"wordCount\":738,\"commentCount\":0,\"image\":{\"@id\":\"https:\\\/\\\/aconteceunovale.com.br\\\/portal\\\/?p=60649#primaryimage\"},\"thumbnailUrl\":\"https:\\\/\\\/aconteceunovale.com.br\\\/portal\\\/wp-content\\\/uploads\\\/2015\\\/06\\\/acidente_fabri_7_1.jpg\",\"keywords\":[\"acidente em coronel fabriciano\",\"Acidente envolvendo tr\u00eas ve\u00edculos deixa um morto e dois feridos em Coronel Fabriciano\",\"Acidente envolvendo tr\u00eas ve\u00edculos deixa um morto e dois feridos no Vale do A\u00e7o\",\"Acidente mata jovem em Ipatinga\",\"Adriana Rosa da Silva\",\"Anaildes Maria Otoni dos Reis\",\"Cl\u00e1udio Jos\u00e9 de Souza\",\"Coronel Fabriciano\",\"destaque\",\"Ipatinga\",\"Itabira\",\"Josiane Viana Lima\",\"jovem de 20 anos morreu em um acidente na Avenida Pedro Linhares\",\"morte no tr\u00e2nsito em Coronel Fabriciano\",\"Warley Dias Martins\"],\"articleSection\":[\"Leste de Minas\"],\"inLanguage\":\"pt-BR\",\"potentialAction\":[{\"@type\":\"CommentAction\",\"name\":\"Comment\",\"target\":[\"https:\\\/\\\/aconteceunovale.com.br\\\/portal\\\/?p=60649#respond\"]}]},{\"@type\":\"WebPage\",\"@id\":\"https:\\\/\\\/aconteceunovale.com.br\\\/portal\\\/?p=60649\",\"url\":\"https:\\\/\\\/aconteceunovale.com.br\\\/portal\\\/?p=60649\",\"name\":\"Duas pessoas morrem e quatro ficam feridas em acidentes no Vale do A\u00e7o - Aconteceu no Vale\",\"isPartOf\":{\"@id\":\"https:\\\/\\\/aconteceunovale.com.br\\\/portal\\\/#website\"},\"primaryImageOfPage\":{\"@id\":\"https:\\\/\\\/aconteceunovale.com.br\\\/portal\\\/?p=60649#primaryimage\"},\"image\":{\"@id\":\"https:\\\/\\\/aconteceunovale.com.br\\\/portal\\\/?p=60649#primaryimage\"},\"thumbnailUrl\":\"https:\\\/\\\/aconteceunovale.com.br\\\/portal\\\/wp-content\\\/uploads\\\/2015\\\/06\\\/acidente_fabri_7_1.jpg\",\"datePublished\":\"2015-06-07T22:37:25+00:00\",\"dateModified\":\"2015-06-08T01:37:02+00:00\",\"author\":{\"@id\":\"https:\\\/\\\/aconteceunovale.com.br\\\/portal\\\/#\\\/schema\\\/person\\\/633529146f2c94272bef50ac2953d589\"},\"breadcrumb\":{\"@id\":\"https:\\\/\\\/aconteceunovale.com.br\\\/portal\\\/?p=60649#breadcrumb\"},\"inLanguage\":\"pt-BR\",\"potentialAction\":[{\"@type\":\"ReadAction\",\"target\":[\"https:\\\/\\\/aconteceunovale.com.br\\\/portal\\\/?p=60649\"]}]},{\"@type\":\"ImageObject\",\"inLanguage\":\"pt-BR\",\"@id\":\"https:\\\/\\\/aconteceunovale.com.br\\\/portal\\\/?p=60649#primaryimage\",\"url\":\"https:\\\/\\\/aconteceunovale.com.br\\\/portal\\\/wp-content\\\/uploads\\\/2015\\\/06\\\/acidente_fabri_7_1.jpg\",\"contentUrl\":\"https:\\\/\\\/aconteceunovale.com.br\\\/portal\\\/wp-content\\\/uploads\\\/2015\\\/06\\\/acidente_fabri_7_1.jpg\",\"width\":620,\"height\":418},{\"@type\":\"BreadcrumbList\",\"@id\":\"https:\\\/\\\/aconteceunovale.com.br\\\/portal\\\/?p=60649#breadcrumb\",\"itemListElement\":[{\"@type\":\"ListItem\",\"position\":1,\"name\":\"In\u00edcio\",\"item\":\"https:\\\/\\\/aconteceunovale.com.br\\\/portal\\\/\"},{\"@type\":\"ListItem\",\"position\":2,\"name\":\"Duas pessoas morrem e quatro ficam feridas em acidentes no Vale do A\u00e7o\"}]},{\"@type\":\"WebSite\",\"@id\":\"https:\\\/\\\/aconteceunovale.com.br\\\/portal\\\/#website\",\"url\":\"https:\\\/\\\/aconteceunovale.com.br\\\/portal\\\/\",\"name\":\"Aconteceu no Vale\",\"description\":\"Portal de Not\u00edcias\",\"potentialAction\":[{\"@type\":\"SearchAction\",\"target\":{\"@type\":\"EntryPoint\",\"urlTemplate\":\"https:\\\/\\\/aconteceunovale.com.br\\\/portal\\\/?s={search_term_string}\"},\"query-input\":{\"@type\":\"PropertyValueSpecification\",\"valueRequired\":true,\"valueName\":\"search_term_string\"}}],\"inLanguage\":\"pt-BR\"},{\"@type\":\"Person\",\"@id\":\"https:\\\/\\\/aconteceunovale.com.br\\\/portal\\\/#\\\/schema\\\/person\\\/633529146f2c94272bef50ac2953d589\",\"name\":\"Aconteceu no Vale\",\"description\":\"Equipe de reportagem do Aconteceu no Vale, portal de not\u00edcias do Vale do Jequitinhonha, em Minas Gerais. Cobrimos as 51 cidades do Vale desde 2013. Sugest\u00f5es de pauta e pedidos de corre\u00e7\u00e3o: contato@aconteceunovale.com.br\",\"sameAs\":[\"http:\\\/\\\/www.aconteceunovale.com.br\"],\"url\":\"https:\\\/\\\/aconteceunovale.com.br\\\/portal\\\/?author=1\"}]}<\/script>\n<!-- \/ Yoast SEO plugin. -->","yoast_head_json":{"title":"Duas pessoas morrem e quatro ficam feridas em acidentes no Vale do A\u00e7o - Aconteceu no Vale","robots":{"index":"index","follow":"follow","max-snippet":"max-snippet:-1","max-image-preview":"max-image-preview:large","max-video-preview":"max-video-preview:-1"},"canonical":"https:\/\/aconteceunovale.com.br\/portal\/?p=60649","og_locale":"pt_BR","og_type":"article","og_title":"Duas pessoas morrem e quatro ficam feridas em acidentes no Vale do A\u00e7o - Aconteceu no Vale","og_description":"Em Coronel Fabriciano, o acidente envolvendo tr\u00eas ve\u00edculos deixou um morto e dois feridos. Em Ipatinga, uma jovem de 21 anos morreu em um acidente na Avenida Pedro Linhares. Uma mulher de 34 anos morreu e outras duas pessoas ficaram feridas, em um acidente na manh\u00e3 deste domingo, 7 de junho, na BR-381, na altura [&hellip;]","og_url":"https:\/\/aconteceunovale.com.br\/portal\/?p=60649","og_site_name":"Aconteceu no Vale","article_publisher":"https:\/\/www.facebook.com\/aconteceunovale\/","article_published_time":"2015-06-07T22:37:25+00:00","article_modified_time":"2015-06-08T01:37:02+00:00","og_image":[{"width":620,"height":418,"url":"https:\/\/aconteceunovale.com.br\/portal\/wp-content\/uploads\/2015\/06\/acidente_fabri_7_1.jpg","type":"image\/jpeg"}],"author":"Aconteceu no Vale","twitter_card":"summary_large_image","twitter_creator":"@noticiadosvales","twitter_site":"@noticiadosvales","twitter_misc":{"Escrito por":"Aconteceu no Vale","Est. tempo de leitura":"4 minutos"},"schema":{"@context":"https:\/\/schema.org","@graph":[{"@type":"Article","@id":"https:\/\/aconteceunovale.com.br\/portal\/?p=60649#article","isPartOf":{"@id":"https:\/\/aconteceunovale.com.br\/portal\/?p=60649"},"author":{"name":"Aconteceu no Vale","@id":"https:\/\/aconteceunovale.com.br\/portal\/#\/schema\/person\/633529146f2c94272bef50ac2953d589"},"headline":"Duas pessoas morrem e quatro ficam feridas em acidentes no Vale do A\u00e7o","datePublished":"2015-06-07T22:37:25+00:00","dateModified":"2015-06-08T01:37:02+00:00","mainEntityOfPage":{"@id":"https:\/\/aconteceunovale.com.br\/portal\/?p=60649"},"wordCount":738,"commentCount":0,"image":{"@id":"https:\/\/aconteceunovale.com.br\/portal\/?p=60649#primaryimage"},"thumbnailUrl":"https:\/\/aconteceunovale.com.br\/portal\/wp-content\/uploads\/2015\/06\/acidente_fabri_7_1.jpg","keywords":["acidente em coronel fabriciano","Acidente envolvendo tr\u00eas ve\u00edculos deixa um morto e dois feridos em Coronel Fabriciano","Acidente envolvendo tr\u00eas ve\u00edculos deixa um morto e dois feridos no Vale do A\u00e7o","Acidente mata jovem em Ipatinga","Adriana Rosa da Silva","Anaildes Maria Otoni dos Reis","Cl\u00e1udio Jos\u00e9 de Souza","Coronel Fabriciano","destaque","Ipatinga","Itabira","Josiane Viana Lima","jovem de 20 anos morreu em um acidente na Avenida Pedro Linhares","morte no tr\u00e2nsito em Coronel Fabriciano","Warley Dias Martins"],"articleSection":["Leste de Minas"],"inLanguage":"pt-BR","potentialAction":[{"@type":"CommentAction","name":"Comment","target":["https:\/\/aconteceunovale.com.br\/portal\/?p=60649#respond"]}]},{"@type":"WebPage","@id":"https:\/\/aconteceunovale.com.br\/portal\/?p=60649","url":"https:\/\/aconteceunovale.com.br\/portal\/?p=60649","name":"Duas pessoas morrem e quatro ficam feridas em acidentes no Vale do A\u00e7o - Aconteceu no Vale","isPartOf":{"@id":"https:\/\/aconteceunovale.com.br\/portal\/#website"},"primaryImageOfPage":{"@id":"https:\/\/aconteceunovale.com.br\/portal\/?p=60649#primaryimage"},"image":{"@id":"https:\/\/aconteceunovale.com.br\/portal\/?p=60649#primaryimage"},"thumbnailUrl":"https:\/\/aconteceunovale.com.br\/portal\/wp-content\/uploads\/2015\/06\/acidente_fabri_7_1.jpg","datePublished":"2015-06-07T22:37:25+00:00","dateModified":"2015-06-08T01:37:02+00:00","author":{"@id":"https:\/\/aconteceunovale.com.br\/portal\/#\/schema\/person\/633529146f2c94272bef50ac2953d589"},"breadcrumb":{"@id":"https:\/\/aconteceunovale.com.br\/portal\/?p=60649#breadcrumb"},"inLanguage":"pt-BR","potentialAction":[{"@type":"ReadAction","target":["https:\/\/aconteceunovale.com.br\/portal\/?p=60649"]}]},{"@type":"ImageObject","inLanguage":"pt-BR","@id":"https:\/\/aconteceunovale.com.br\/portal\/?p=60649#primaryimage","url":"https:\/\/aconteceunovale.com.br\/portal\/wp-content\/uploads\/2015\/06\/acidente_fabri_7_1.jpg","contentUrl":"https:\/\/aconteceunovale.com.br\/portal\/wp-content\/uploads\/2015\/06\/acidente_fabri_7_1.jpg","width":620,"height":418},{"@type":"BreadcrumbList","@id":"https:\/\/aconteceunovale.com.br\/portal\/?p=60649#breadcrumb","itemListElement":[{"@type":"ListItem","position":1,"name":"In\u00edcio","item":"https:\/\/aconteceunovale.com.br\/portal\/"},{"@type":"ListItem","position":2,"name":"Duas pessoas morrem e quatro ficam feridas em acidentes no Vale do A\u00e7o"}]},{"@type":"WebSite","@id":"https:\/\/aconteceunovale.com.br\/portal\/#website","url":"https:\/\/aconteceunovale.com.br\/portal\/","name":"Aconteceu no Vale","description":"Portal de Not\u00edcias","potentialAction":[{"@type":"SearchAction","target":{"@type":"EntryPoint","urlTemplate":"https:\/\/aconteceunovale.com.br\/portal\/?s={search_term_string}"},"query-input":{"@type":"PropertyValueSpecification","valueRequired":true,"valueName":"search_term_string"}}],"inLanguage":"pt-BR"},{"@type":"Person","@id":"https:\/\/aconteceunovale.com.br\/portal\/#\/schema\/person\/633529146f2c94272bef50ac2953d589","name":"Aconteceu no Vale","description":"Equipe de reportagem do Aconteceu no Vale, portal de not\u00edcias do Vale do Jequitinhonha, em Minas Gerais. Cobrimos as 51 cidades do Vale desde 2013. Sugest\u00f5es de pauta e pedidos de corre\u00e7\u00e3o: contato@aconteceunovale.com.br","sameAs":["http:\/\/www.aconteceunovale.com.br"],"url":"https:\/\/aconteceunovale.com.br\/portal\/?author=1"}]}},"_links":{"self":[{"href":"https:\/\/aconteceunovale.com.br\/portal\/index.php?rest_route=\/wp\/v2\/posts\/60649","targetHints":{"allow":["GET"]}}],"collection":[{"href":"https:\/\/aconteceunovale.com.br\/portal\/index.php?rest_route=\/wp\/v2\/posts"}],"about":[{"href":"https:\/\/aconteceunovale.com.br\/portal\/index.php?rest_route=\/wp\/v2\/types\/post"}],"author":[{"embeddable":true,"href":"https:\/\/aconteceunovale.com.br\/portal\/index.php?rest_route=\/wp\/v2\/users\/1"}],"replies":[{"embeddable":true,"href":"https:\/\/aconteceunovale.com.br\/portal\/index.php?rest_route=%2Fwp%2Fv2%2Fcomments&post=60649"}],"version-history":[{"count":0,"href":"https:\/\/aconteceunovale.com.br\/portal\/index.php?rest_route=\/wp\/v2\/posts\/60649\/revisions"}],"wp:featuredmedia":[{"embeddable":true,"href":"https:\/\/aconteceunovale.com.br\/portal\/index.php?rest_route=\/wp\/v2\/media\/60650"}],"wp:attachment":[{"href":"https:\/\/aconteceunovale.com.br\/portal\/index.php?rest_route=%2Fwp%2Fv2%2Fmedia&parent=60649"}],"wp:term":[{"taxonomy":"category","embeddable":true,"href":"https:\/\/aconteceunovale.com.br\/portal\/index.php?rest_route=%2Fwp%2Fv2%2Fcategories&post=60649"},{"taxonomy":"post_tag","embeddable":true,"href":"https:\/\/aconteceunovale.com.br\/portal\/index.php?rest_route=%2Fwp%2Fv2%2Ftags&post=60649"}],"curies":[{"name":"wp","href":"https:\/\/api.w.org\/{rel}","templated":true}]}}