{"id":60623,"date":"2015-06-06T18:32:05","date_gmt":"2015-06-06T21:32:05","guid":{"rendered":"http:\/\/aconteceunovale.com.br\/portal\/?p=60623"},"modified":"2026-09-02T12:53:35","modified_gmt":"2026-09-02T15:53:35","slug":"beco-famoso-de-diamantina-vira-estacionamento-de-motocicletas","status":"publish","type":"post","link":"https:\/\/aconteceunovale.com.br\/portal\/?p=60623","title":{"rendered":"Beco famoso de Diamantina vira estacionamento de motocicletas"},"content":{"rendered":"<h4><strong><em>Moradores da cidade reclamam do intenso movimento de ve\u00edculos e temem ser atropelados.<\/em><\/strong><\/h4>\n<p>O famoso Beco do Mota, que inspirou versos para poetas e m\u00fasica para o cantor Milton Nascimento, na hist\u00f3rica Diamantina, no Alto Jequitinhonha, agora virou \u201cBeco das Motos\u201d. A via, com seu casario antigo e cal\u00e7amento de pedras, foi transformada em estacionamento para motocicletas. \u201cAcabaram com o beco. Mas ningu\u00e9m l\u00e1 vai morar. Cheio de lembran\u00e7as que vem o povo. Do fundo escuro do beco. Nessa clara pra\u00e7a se dissolver&#8230;\u201d, diz a composi\u00e7\u00e3o de Fernando Brant, cantada por &#8220;Bituca&#8221;, em 1969. <\/p>\n<p>Uma placa no beco, ao lado de outra que fala da m\u00fasica, avisa que o tr\u00e2nsito e estacionamento de motocicletas s\u00e3o permitidos. Os mais prejudicados s\u00e3o os pedestres, que t\u00eam pouco espa\u00e7o para circular e ainda correm o risco de serem atropelados.<\/p>\n<p>A cidade de Chica da Silva, escrava alforriada que teve vida de rainha no antigo Arraial do Tijuco, atual Diamantina, agora \u00e9 dominada pelas motocicletas. Os pilotos andam em alta velocidade pelas ruas estreitas para entregar lanches e pizzas, at\u00e9 altas horas da madrugada, fazendo barulho.<\/p>\n<p>No Beco do Mota n\u00e3o \u00e9 diferente. \u201cInfelizmente, o beco virou isso. \u00c9 um dos pontos tur\u00edsticos mais visitados de Diamantina. Quando o turista faz uma foto, s\u00f3 aparecem as motos. O tr\u00e2nsito \u00e9 constante, o beco \u00e9 estreito e a gente s\u00f3 falta ser atropelada\u201d, reclamou uma moradora. Na Pra\u00e7a Corr\u00eaa Rabelo, ao lado, foi implantado estacionamento rotativo e guardas municipais ficam o tempo todo a postos, multando os carros.<\/p>\n<p><img decoding=\"async\" src=\"http:\/\/aconteceunovale.com.br\/portal\/wp-content\/uploads\/2015\/06\/beco_do_mota_dtna.jpg\" alt=\"\" \/><em>Ponto tur\u00edstico da cidade \u00e9 invadido por motos &#8211; Foto: Leandro Couri \/ Estado de Minas \/ D.A. Press<\/em><br \/>\n<\/br><\/p>\n<p><strong><em>(Fonte: Jornal Estado de Minas)<\/em><\/strong><\/p>\n","protected":false},"excerpt":{"rendered":"<p>Moradores da cidade reclamam do intenso movimento de ve\u00edculos e temem ser atropelados. O famoso Beco do Mota, que inspirou versos para poetas e m\u00fasica para o cantor Milton Nascimento, na hist\u00f3rica Diamantina, no Alto Jequitinhonha, agora virou \u201cBeco das Motos\u201d. A via, com seu casario antigo e cal\u00e7amento de pedras, foi transformada em estacionamento [&hellip;]<\/p>\n","protected":false},"author":1,"featured_media":60624,"comment_status":"open","ping_status":"closed","sticky":false,"template":"","format":"standard","meta":{"amp_status":"","footnotes":""},"categories":[272543,120],"tags":[47425,47424,47422,47421,198,47423,18744],"class_list":["post-60623","post","type-post","status-publish","format-standard","has-post-thumbnail","hentry","category-diamantina","category-jequi","tag-beco-das-motos","tag-beco-do-mota","tag-beco-famoso-de-diamantina","tag-beco-famoso-de-diamantina-vira-estacionamento-de-motocicletas","tag-diamantina","tag-famoso-beco-do-mota","tag-milton-nascimento"],"yoast_head":"<!-- This site is optimized with the Yoast SEO plugin v28.3 - https:\/\/yoast.com\/product\/yoast-seo-wordpress\/ -->\n<title>Beco famoso de Diamantina vira estacionamento de motocicletas - Aconteceu no Vale<\/title>\n<meta name=\"robots\" content=\"index, follow, max-snippet:-1, max-image-preview:large, max-video-preview:-1\" \/>\n<link rel=\"canonical\" href=\"https:\/\/aconteceunovale.com.br\/portal\/?p=60623\" \/>\n<meta property=\"og:locale\" content=\"pt_BR\" \/>\n<meta property=\"og:type\" content=\"article\" \/>\n<meta property=\"og:title\" content=\"Beco famoso de Diamantina vira estacionamento de motocicletas - Aconteceu no Vale\" \/>\n<meta property=\"og:description\" content=\"Moradores da cidade reclamam do intenso movimento de ve\u00edculos e temem ser atropelados. O famoso Beco do Mota, que inspirou versos para poetas e m\u00fasica para o cantor Milton Nascimento, na hist\u00f3rica Diamantina, no Alto Jequitinhonha, agora virou \u201cBeco das Motos\u201d. A via, com seu casario antigo e cal\u00e7amento de pedras, foi transformada em estacionamento [&hellip;]\" \/>\n<meta property=\"og:url\" content=\"https:\/\/aconteceunovale.com.br\/portal\/?p=60623\" \/>\n<meta property=\"og:site_name\" content=\"Aconteceu no Vale\" \/>\n<meta property=\"article:publisher\" content=\"https:\/\/www.facebook.com\/aconteceunovale\/\" \/>\n<meta property=\"article:published_time\" content=\"2015-06-06T21:32:05+00:00\" \/>\n<meta property=\"article:modified_time\" content=\"2026-09-02T15:53:35+00:00\" \/>\n<meta property=\"og:image\" content=\"https:\/\/aconteceunovale.com.br\/portal\/wp-content\/uploads\/2015\/06\/beco_do_mota_dtna.jpg\" \/>\n\t<meta property=\"og:image:width\" content=\"678\" \/>\n\t<meta property=\"og:image:height\" content=\"406\" \/>\n\t<meta property=\"og:image:type\" content=\"image\/jpeg\" \/>\n<meta name=\"author\" content=\"Aconteceu no Vale\" \/>\n<meta name=\"twitter:card\" content=\"summary_large_image\" \/>\n<meta name=\"twitter:creator\" content=\"@noticiadosvales\" \/>\n<meta name=\"twitter:site\" content=\"@noticiadosvales\" \/>\n<meta name=\"twitter:label1\" content=\"Escrito por\" \/>\n\t<meta name=\"twitter:data1\" content=\"Aconteceu no Vale\" \/>\n\t<meta name=\"twitter:label2\" content=\"Est. tempo de leitura\" \/>\n\t<meta name=\"twitter:data2\" content=\"1 minuto\" \/>\n<script type=\"application\/ld+json\" class=\"yoast-schema-graph\">{\"@context\":\"https:\\\/\\\/schema.org\",\"@graph\":[{\"@type\":\"Article\",\"@id\":\"https:\\\/\\\/aconteceunovale.com.br\\\/portal\\\/?p=60623#article\",\"isPartOf\":{\"@id\":\"https:\\\/\\\/aconteceunovale.com.br\\\/portal\\\/?p=60623\"},\"author\":{\"name\":\"Aconteceu no Vale\",\"@id\":\"https:\\\/\\\/aconteceunovale.com.br\\\/portal\\\/#\\\/schema\\\/person\\\/633529146f2c94272bef50ac2953d589\"},\"headline\":\"Beco famoso de Diamantina vira estacionamento de motocicletas\",\"datePublished\":\"2015-06-06T21:32:05+00:00\",\"dateModified\":\"2026-09-02T15:53:35+00:00\",\"mainEntityOfPage\":{\"@id\":\"https:\\\/\\\/aconteceunovale.com.br\\\/portal\\\/?p=60623\"},\"wordCount\":297,\"commentCount\":0,\"image\":{\"@id\":\"https:\\\/\\\/aconteceunovale.com.br\\\/portal\\\/?p=60623#primaryimage\"},\"thumbnailUrl\":\"https:\\\/\\\/aconteceunovale.com.br\\\/portal\\\/wp-content\\\/uploads\\\/2015\\\/06\\\/beco_do_mota_dtna.jpg\",\"keywords\":[\"Beco das Motos\",\"Beco do Mota\",\"Beco famoso de Diamantina\",\"Beco famoso de Diamantina vira estacionamento de motocicletas\",\"Diamantina\",\"famoso Beco do Mota\",\"Milton Nascimento\"],\"articleSection\":[\"Diamantina\",\"Vale do Jequitinhonha\"],\"inLanguage\":\"pt-BR\",\"potentialAction\":[{\"@type\":\"CommentAction\",\"name\":\"Comment\",\"target\":[\"https:\\\/\\\/aconteceunovale.com.br\\\/portal\\\/?p=60623#respond\"]}]},{\"@type\":\"WebPage\",\"@id\":\"https:\\\/\\\/aconteceunovale.com.br\\\/portal\\\/?p=60623\",\"url\":\"https:\\\/\\\/aconteceunovale.com.br\\\/portal\\\/?p=60623\",\"name\":\"Beco famoso de Diamantina vira estacionamento de motocicletas - Aconteceu no Vale\",\"isPartOf\":{\"@id\":\"https:\\\/\\\/aconteceunovale.com.br\\\/portal\\\/#website\"},\"primaryImageOfPage\":{\"@id\":\"https:\\\/\\\/aconteceunovale.com.br\\\/portal\\\/?p=60623#primaryimage\"},\"image\":{\"@id\":\"https:\\\/\\\/aconteceunovale.com.br\\\/portal\\\/?p=60623#primaryimage\"},\"thumbnailUrl\":\"https:\\\/\\\/aconteceunovale.com.br\\\/portal\\\/wp-content\\\/uploads\\\/2015\\\/06\\\/beco_do_mota_dtna.jpg\",\"datePublished\":\"2015-06-06T21:32:05+00:00\",\"dateModified\":\"2026-09-02T15:53:35+00:00\",\"author\":{\"@id\":\"https:\\\/\\\/aconteceunovale.com.br\\\/portal\\\/#\\\/schema\\\/person\\\/633529146f2c94272bef50ac2953d589\"},\"breadcrumb\":{\"@id\":\"https:\\\/\\\/aconteceunovale.com.br\\\/portal\\\/?p=60623#breadcrumb\"},\"inLanguage\":\"pt-BR\",\"potentialAction\":[{\"@type\":\"ReadAction\",\"target\":[\"https:\\\/\\\/aconteceunovale.com.br\\\/portal\\\/?p=60623\"]}]},{\"@type\":\"ImageObject\",\"inLanguage\":\"pt-BR\",\"@id\":\"https:\\\/\\\/aconteceunovale.com.br\\\/portal\\\/?p=60623#primaryimage\",\"url\":\"https:\\\/\\\/aconteceunovale.com.br\\\/portal\\\/wp-content\\\/uploads\\\/2015\\\/06\\\/beco_do_mota_dtna.jpg\",\"contentUrl\":\"https:\\\/\\\/aconteceunovale.com.br\\\/portal\\\/wp-content\\\/uploads\\\/2015\\\/06\\\/beco_do_mota_dtna.jpg\",\"width\":678,\"height\":406},{\"@type\":\"BreadcrumbList\",\"@id\":\"https:\\\/\\\/aconteceunovale.com.br\\\/portal\\\/?p=60623#breadcrumb\",\"itemListElement\":[{\"@type\":\"ListItem\",\"position\":1,\"name\":\"In\u00edcio\",\"item\":\"https:\\\/\\\/aconteceunovale.com.br\\\/portal\\\/\"},{\"@type\":\"ListItem\",\"position\":2,\"name\":\"Beco famoso de Diamantina vira estacionamento de motocicletas\"}]},{\"@type\":\"WebSite\",\"@id\":\"https:\\\/\\\/aconteceunovale.com.br\\\/portal\\\/#website\",\"url\":\"https:\\\/\\\/aconteceunovale.com.br\\\/portal\\\/\",\"name\":\"Aconteceu no Vale\",\"description\":\"Portal de Not\u00edcias\",\"potentialAction\":[{\"@type\":\"SearchAction\",\"target\":{\"@type\":\"EntryPoint\",\"urlTemplate\":\"https:\\\/\\\/aconteceunovale.com.br\\\/portal\\\/?s={search_term_string}\"},\"query-input\":{\"@type\":\"PropertyValueSpecification\",\"valueRequired\":true,\"valueName\":\"search_term_string\"}}],\"inLanguage\":\"pt-BR\"},{\"@type\":\"Person\",\"@id\":\"https:\\\/\\\/aconteceunovale.com.br\\\/portal\\\/#\\\/schema\\\/person\\\/633529146f2c94272bef50ac2953d589\",\"name\":\"Aconteceu no Vale\",\"description\":\"Equipe de reportagem do Aconteceu no Vale, portal de not\u00edcias do Vale do Jequitinhonha, em Minas Gerais. Cobrimos as 51 cidades do Vale desde 2013. Sugest\u00f5es de pauta e pedidos de corre\u00e7\u00e3o: contato@aconteceunovale.com.br\",\"sameAs\":[\"http:\\\/\\\/www.aconteceunovale.com.br\"],\"url\":\"https:\\\/\\\/aconteceunovale.com.br\\\/portal\\\/?author=1\"}]}<\/script>\n<!-- \/ Yoast SEO plugin. -->","yoast_head_json":{"title":"Beco famoso de Diamantina vira estacionamento de motocicletas - Aconteceu no Vale","robots":{"index":"index","follow":"follow","max-snippet":"max-snippet:-1","max-image-preview":"max-image-preview:large","max-video-preview":"max-video-preview:-1"},"canonical":"https:\/\/aconteceunovale.com.br\/portal\/?p=60623","og_locale":"pt_BR","og_type":"article","og_title":"Beco famoso de Diamantina vira estacionamento de motocicletas - Aconteceu no Vale","og_description":"Moradores da cidade reclamam do intenso movimento de ve\u00edculos e temem ser atropelados. O famoso Beco do Mota, que inspirou versos para poetas e m\u00fasica para o cantor Milton Nascimento, na hist\u00f3rica Diamantina, no Alto Jequitinhonha, agora virou \u201cBeco das Motos\u201d. A via, com seu casario antigo e cal\u00e7amento de pedras, foi transformada em estacionamento [&hellip;]","og_url":"https:\/\/aconteceunovale.com.br\/portal\/?p=60623","og_site_name":"Aconteceu no Vale","article_publisher":"https:\/\/www.facebook.com\/aconteceunovale\/","article_published_time":"2015-06-06T21:32:05+00:00","article_modified_time":"2026-09-02T15:53:35+00:00","og_image":[{"width":678,"height":406,"url":"https:\/\/aconteceunovale.com.br\/portal\/wp-content\/uploads\/2015\/06\/beco_do_mota_dtna.jpg","type":"image\/jpeg"}],"author":"Aconteceu no Vale","twitter_card":"summary_large_image","twitter_creator":"@noticiadosvales","twitter_site":"@noticiadosvales","twitter_misc":{"Escrito por":"Aconteceu no Vale","Est. tempo de leitura":"1 minuto"},"schema":{"@context":"https:\/\/schema.org","@graph":[{"@type":"Article","@id":"https:\/\/aconteceunovale.com.br\/portal\/?p=60623#article","isPartOf":{"@id":"https:\/\/aconteceunovale.com.br\/portal\/?p=60623"},"author":{"name":"Aconteceu no Vale","@id":"https:\/\/aconteceunovale.com.br\/portal\/#\/schema\/person\/633529146f2c94272bef50ac2953d589"},"headline":"Beco famoso de Diamantina vira estacionamento de motocicletas","datePublished":"2015-06-06T21:32:05+00:00","dateModified":"2026-09-02T15:53:35+00:00","mainEntityOfPage":{"@id":"https:\/\/aconteceunovale.com.br\/portal\/?p=60623"},"wordCount":297,"commentCount":0,"image":{"@id":"https:\/\/aconteceunovale.com.br\/portal\/?p=60623#primaryimage"},"thumbnailUrl":"https:\/\/aconteceunovale.com.br\/portal\/wp-content\/uploads\/2015\/06\/beco_do_mota_dtna.jpg","keywords":["Beco das Motos","Beco do Mota","Beco famoso de Diamantina","Beco famoso de Diamantina vira estacionamento de motocicletas","Diamantina","famoso Beco do Mota","Milton Nascimento"],"articleSection":["Diamantina","Vale do Jequitinhonha"],"inLanguage":"pt-BR","potentialAction":[{"@type":"CommentAction","name":"Comment","target":["https:\/\/aconteceunovale.com.br\/portal\/?p=60623#respond"]}]},{"@type":"WebPage","@id":"https:\/\/aconteceunovale.com.br\/portal\/?p=60623","url":"https:\/\/aconteceunovale.com.br\/portal\/?p=60623","name":"Beco famoso de Diamantina vira estacionamento de motocicletas - Aconteceu no Vale","isPartOf":{"@id":"https:\/\/aconteceunovale.com.br\/portal\/#website"},"primaryImageOfPage":{"@id":"https:\/\/aconteceunovale.com.br\/portal\/?p=60623#primaryimage"},"image":{"@id":"https:\/\/aconteceunovale.com.br\/portal\/?p=60623#primaryimage"},"thumbnailUrl":"https:\/\/aconteceunovale.com.br\/portal\/wp-content\/uploads\/2015\/06\/beco_do_mota_dtna.jpg","datePublished":"2015-06-06T21:32:05+00:00","dateModified":"2026-09-02T15:53:35+00:00","author":{"@id":"https:\/\/aconteceunovale.com.br\/portal\/#\/schema\/person\/633529146f2c94272bef50ac2953d589"},"breadcrumb":{"@id":"https:\/\/aconteceunovale.com.br\/portal\/?p=60623#breadcrumb"},"inLanguage":"pt-BR","potentialAction":[{"@type":"ReadAction","target":["https:\/\/aconteceunovale.com.br\/portal\/?p=60623"]}]},{"@type":"ImageObject","inLanguage":"pt-BR","@id":"https:\/\/aconteceunovale.com.br\/portal\/?p=60623#primaryimage","url":"https:\/\/aconteceunovale.com.br\/portal\/wp-content\/uploads\/2015\/06\/beco_do_mota_dtna.jpg","contentUrl":"https:\/\/aconteceunovale.com.br\/portal\/wp-content\/uploads\/2015\/06\/beco_do_mota_dtna.jpg","width":678,"height":406},{"@type":"BreadcrumbList","@id":"https:\/\/aconteceunovale.com.br\/portal\/?p=60623#breadcrumb","itemListElement":[{"@type":"ListItem","position":1,"name":"In\u00edcio","item":"https:\/\/aconteceunovale.com.br\/portal\/"},{"@type":"ListItem","position":2,"name":"Beco famoso de Diamantina vira estacionamento de motocicletas"}]},{"@type":"WebSite","@id":"https:\/\/aconteceunovale.com.br\/portal\/#website","url":"https:\/\/aconteceunovale.com.br\/portal\/","name":"Aconteceu no Vale","description":"Portal de Not\u00edcias","potentialAction":[{"@type":"SearchAction","target":{"@type":"EntryPoint","urlTemplate":"https:\/\/aconteceunovale.com.br\/portal\/?s={search_term_string}"},"query-input":{"@type":"PropertyValueSpecification","valueRequired":true,"valueName":"search_term_string"}}],"inLanguage":"pt-BR"},{"@type":"Person","@id":"https:\/\/aconteceunovale.com.br\/portal\/#\/schema\/person\/633529146f2c94272bef50ac2953d589","name":"Aconteceu no Vale","description":"Equipe de reportagem do Aconteceu no Vale, portal de not\u00edcias do Vale do Jequitinhonha, em Minas Gerais. Cobrimos as 51 cidades do Vale desde 2013. Sugest\u00f5es de pauta e pedidos de corre\u00e7\u00e3o: contato@aconteceunovale.com.br","sameAs":["http:\/\/www.aconteceunovale.com.br"],"url":"https:\/\/aconteceunovale.com.br\/portal\/?author=1"}]}},"_links":{"self":[{"href":"https:\/\/aconteceunovale.com.br\/portal\/index.php?rest_route=\/wp\/v2\/posts\/60623","targetHints":{"allow":["GET"]}}],"collection":[{"href":"https:\/\/aconteceunovale.com.br\/portal\/index.php?rest_route=\/wp\/v2\/posts"}],"about":[{"href":"https:\/\/aconteceunovale.com.br\/portal\/index.php?rest_route=\/wp\/v2\/types\/post"}],"author":[{"embeddable":true,"href":"https:\/\/aconteceunovale.com.br\/portal\/index.php?rest_route=\/wp\/v2\/users\/1"}],"replies":[{"embeddable":true,"href":"https:\/\/aconteceunovale.com.br\/portal\/index.php?rest_route=%2Fwp%2Fv2%2Fcomments&post=60623"}],"version-history":[{"count":1,"href":"https:\/\/aconteceunovale.com.br\/portal\/index.php?rest_route=\/wp\/v2\/posts\/60623\/revisions"}],"predecessor-version":[{"id":200502,"href":"https:\/\/aconteceunovale.com.br\/portal\/index.php?rest_route=\/wp\/v2\/posts\/60623\/revisions\/200502"}],"wp:featuredmedia":[{"embeddable":true,"href":"https:\/\/aconteceunovale.com.br\/portal\/index.php?rest_route=\/wp\/v2\/media\/60624"}],"wp:attachment":[{"href":"https:\/\/aconteceunovale.com.br\/portal\/index.php?rest_route=%2Fwp%2Fv2%2Fmedia&parent=60623"}],"wp:term":[{"taxonomy":"category","embeddable":true,"href":"https:\/\/aconteceunovale.com.br\/portal\/index.php?rest_route=%2Fwp%2Fv2%2Fcategories&post=60623"},{"taxonomy":"post_tag","embeddable":true,"href":"https:\/\/aconteceunovale.com.br\/portal\/index.php?rest_route=%2Fwp%2Fv2%2Ftags&post=60623"}],"curies":[{"name":"wp","href":"https:\/\/api.w.org\/{rel}","templated":true}]}}