{"id":60620,"date":"2015-06-06T18:17:01","date_gmt":"2015-06-06T21:17:01","guid":{"rendered":"http:\/\/aconteceunovale.com.br\/portal\/?p=60620"},"modified":"2015-06-06T18:17:01","modified_gmt":"2015-06-06T21:17:01","slug":"papa-francisco-autoriza-beatificacao-de-padre-mineiro","status":"publish","type":"post","link":"https:\/\/aconteceunovale.com.br\/portal\/?p=60620","title":{"rendered":"Papa Francisco autoriza beatifica\u00e7\u00e3o de padre mineiro"},"content":{"rendered":"<p>O papa Francisco autorizou, na sexta-feira (05\/06), a Congrega\u00e7\u00e3o para as Causas dos Santos a promulgar o decreto de beatifica\u00e7\u00e3o do padre Francisco de Paula Victor, mineiro da cidade de Campanha, onde nasceu em 12 de abril de 1827. Ele era um jovem sapateiro quando se matriculou no Semin\u00e1rio de Mariana e, durante seus estudos, sofreu discrimina\u00e7\u00e3o dos colegas, por ser negro e filho de escravos.<\/p>\n<p>Dedicou a vida aos pobres, ficou conhecido em sua regi\u00e3o por sua caridade e morreu com fama de santidade em 23 de setembro de 1905. Nos tr\u00eas dias em que durou o vel\u00f3rio, seu corpo exalava suave perfume, conforme relatos de testemunhas da \u00e9poca. O papa reconheceu a autenticidade de um milagre atribu\u00eddo ao padre Victor, a cura inexplic\u00e1vel de um morador da cidade, analisada por uma junta m\u00e9dica do Vaticano e por uma comiss\u00e3o de te\u00f3logos. A beatifica\u00e7\u00e3o, que d\u00e1 aos beatos um culto restrito, \u00e9 o \u00faltimo passo para a canoniza\u00e7\u00e3o, de culto universal.<\/p>\n<p>Padre Victor, cuja beatifica\u00e7\u00e3o ser\u00e1 celebrada provavelmente em Tr\u00eas Pontas, ser\u00e1 o segundo santo da Diocese de Campanha.<\/p>\n<p>Em maio de 2013, Nh\u00e1 Chica (Francisca de Paula de Jesus) foi proclamada beata em Baependi, onde viveu e est\u00e1 sepultada. Tamb\u00e9m negra e filha de m\u00e3e escrava, ela nasceu em 1808 em Santo Ant\u00f4nio do Rio das Mortes, distrito de S\u00e3o Jo\u00e3o Del Rey. Morreu em 1895. O Brasil tem seis santos e 79 beatos reconhecidos pela Igreja.<\/p>\n<p>O \u00fanico santo de nacionalidade brasileira \u00e9 Frei Ant\u00f4nio Galv\u00e3o, nascido em Guaratinguet\u00e1. Padre Jos\u00e9 de Anchieta, canonizado em abril de 2014, era espanhol das Ilhas Can\u00e1rias. Os outros quatro s\u00e3o Madre Paulina, italiana que emigrou aos nove anos para Santa Catarina, e tr\u00eas mission\u00e1rios jesu\u00edtas &#8211; o paraguaio Roque Gonz\u00e1lez e os espanh\u00f3is Afonso Rodriguez e Jo\u00e3o de Castilhos, martirizados no s\u00e9culo 17 nas Redu\u00e7\u00f5es, atualmente territ\u00f3rio do Rio Grande do Sul. (Estad\u00e3o Conte\u00fado)<\/p>\n","protected":false},"excerpt":{"rendered":"<p>O papa Francisco autorizou, na sexta-feira (05\/06), a Congrega\u00e7\u00e3o para as Causas dos Santos a promulgar o decreto de beatifica\u00e7\u00e3o do padre Francisco de Paula Victor, mineiro da cidade de Campanha, onde nasceu em 12 de abril de 1827. Ele era um jovem sapateiro quando se matriculou no Semin\u00e1rio de Mariana e, durante seus estudos, [&hellip;]<\/p>\n","protected":false},"author":1,"featured_media":60621,"comment_status":"open","ping_status":"closed","sticky":false,"template":"","format":"standard","meta":{"amp_status":"","footnotes":""},"categories":[123],"tags":[12265,47417,15623,47416,47419,47418,47415,15253,47420,1508],"class_list":["post-60620","post","type-post","status-publish","format-standard","has-post-thumbnail","hentry","category-gerais","tag-baependi","tag-beatificacao-do-padre-francisco-de-paula-victor","tag-campanha","tag-congregacao-para-as-causas-dos-santos","tag-francisco-de-paula-victor","tag-padre-francisco-de-paula-victor","tag-papa-francisco-autoriza-beatificacao-de-padre-mineiro","tag-sao-joao-del-rey","tag-seminario-de-mariana","tag-tres-pontas"],"yoast_head":"<!-- This site is optimized with the Yoast SEO plugin v28.3 - https:\/\/yoast.com\/product\/yoast-seo-wordpress\/ -->\n<title>Papa Francisco autoriza beatifica\u00e7\u00e3o de padre mineiro - Aconteceu no Vale<\/title>\n<meta name=\"robots\" content=\"index, follow, max-snippet:-1, max-image-preview:large, max-video-preview:-1\" \/>\n<link rel=\"canonical\" href=\"https:\/\/aconteceunovale.com.br\/portal\/?p=60620\" \/>\n<meta property=\"og:locale\" content=\"pt_BR\" \/>\n<meta property=\"og:type\" content=\"article\" \/>\n<meta property=\"og:title\" content=\"Papa Francisco autoriza beatifica\u00e7\u00e3o de padre mineiro - Aconteceu no Vale\" \/>\n<meta property=\"og:description\" content=\"O papa Francisco autorizou, na sexta-feira (05\/06), a Congrega\u00e7\u00e3o para as Causas dos Santos a promulgar o decreto de beatifica\u00e7\u00e3o do padre Francisco de Paula Victor, mineiro da cidade de Campanha, onde nasceu em 12 de abril de 1827. Ele era um jovem sapateiro quando se matriculou no Semin\u00e1rio de Mariana e, durante seus estudos, [&hellip;]\" \/>\n<meta property=\"og:url\" content=\"https:\/\/aconteceunovale.com.br\/portal\/?p=60620\" \/>\n<meta property=\"og:site_name\" content=\"Aconteceu no Vale\" \/>\n<meta property=\"article:publisher\" content=\"https:\/\/www.facebook.com\/aconteceunovale\/\" \/>\n<meta property=\"article:published_time\" content=\"2015-06-06T21:17:01+00:00\" \/>\n<meta property=\"og:image\" content=\"https:\/\/aconteceunovale.com.br\/portal\/wp-content\/uploads\/2015\/06\/padre_vitor.jpg\" \/>\n\t<meta property=\"og:image:width\" content=\"300\" \/>\n\t<meta property=\"og:image:height\" content=\"225\" \/>\n\t<meta property=\"og:image:type\" content=\"image\/jpeg\" \/>\n<meta name=\"author\" content=\"Aconteceu no Vale\" \/>\n<meta name=\"twitter:card\" content=\"summary_large_image\" \/>\n<meta name=\"twitter:creator\" content=\"@noticiadosvales\" \/>\n<meta name=\"twitter:site\" content=\"@noticiadosvales\" \/>\n<meta name=\"twitter:label1\" content=\"Escrito por\" \/>\n\t<meta name=\"twitter:data1\" content=\"Aconteceu no Vale\" \/>\n\t<meta name=\"twitter:label2\" content=\"Est. tempo de leitura\" \/>\n\t<meta name=\"twitter:data2\" content=\"2 minutos\" \/>\n<script type=\"application\/ld+json\" class=\"yoast-schema-graph\">{\"@context\":\"https:\\\/\\\/schema.org\",\"@graph\":[{\"@type\":\"Article\",\"@id\":\"https:\\\/\\\/aconteceunovale.com.br\\\/portal\\\/?p=60620#article\",\"isPartOf\":{\"@id\":\"https:\\\/\\\/aconteceunovale.com.br\\\/portal\\\/?p=60620\"},\"author\":{\"name\":\"Aconteceu no Vale\",\"@id\":\"https:\\\/\\\/aconteceunovale.com.br\\\/portal\\\/#\\\/schema\\\/person\\\/633529146f2c94272bef50ac2953d589\"},\"headline\":\"Papa Francisco autoriza beatifica\u00e7\u00e3o de padre mineiro\",\"datePublished\":\"2015-06-06T21:17:01+00:00\",\"mainEntityOfPage\":{\"@id\":\"https:\\\/\\\/aconteceunovale.com.br\\\/portal\\\/?p=60620\"},\"wordCount\":345,\"commentCount\":1,\"image\":{\"@id\":\"https:\\\/\\\/aconteceunovale.com.br\\\/portal\\\/?p=60620#primaryimage\"},\"thumbnailUrl\":\"https:\\\/\\\/aconteceunovale.com.br\\\/portal\\\/wp-content\\\/uploads\\\/2015\\\/06\\\/padre_vitor.jpg\",\"keywords\":[\"Baependi\",\"beatifica\u00e7\u00e3o do padre Francisco de Paula Victor\",\"Campanha\",\"Congrega\u00e7\u00e3o para as Causas dos Santos\",\"Francisco de Paula Victor\",\"padre Francisco de Paula Victor\",\"Papa Francisco autoriza beatifica\u00e7\u00e3o de padre mineiro\",\"S\u00e3o Jo\u00e3o Del-Rey\",\"Semin\u00e1rio de Mariana\",\"Tr\u00eas Pontas\"],\"articleSection\":[\"Minas Gerais\"],\"inLanguage\":\"pt-BR\",\"potentialAction\":[{\"@type\":\"CommentAction\",\"name\":\"Comment\",\"target\":[\"https:\\\/\\\/aconteceunovale.com.br\\\/portal\\\/?p=60620#respond\"]}]},{\"@type\":\"WebPage\",\"@id\":\"https:\\\/\\\/aconteceunovale.com.br\\\/portal\\\/?p=60620\",\"url\":\"https:\\\/\\\/aconteceunovale.com.br\\\/portal\\\/?p=60620\",\"name\":\"Papa Francisco autoriza beatifica\u00e7\u00e3o de padre mineiro - Aconteceu no Vale\",\"isPartOf\":{\"@id\":\"https:\\\/\\\/aconteceunovale.com.br\\\/portal\\\/#website\"},\"primaryImageOfPage\":{\"@id\":\"https:\\\/\\\/aconteceunovale.com.br\\\/portal\\\/?p=60620#primaryimage\"},\"image\":{\"@id\":\"https:\\\/\\\/aconteceunovale.com.br\\\/portal\\\/?p=60620#primaryimage\"},\"thumbnailUrl\":\"https:\\\/\\\/aconteceunovale.com.br\\\/portal\\\/wp-content\\\/uploads\\\/2015\\\/06\\\/padre_vitor.jpg\",\"datePublished\":\"2015-06-06T21:17:01+00:00\",\"author\":{\"@id\":\"https:\\\/\\\/aconteceunovale.com.br\\\/portal\\\/#\\\/schema\\\/person\\\/633529146f2c94272bef50ac2953d589\"},\"breadcrumb\":{\"@id\":\"https:\\\/\\\/aconteceunovale.com.br\\\/portal\\\/?p=60620#breadcrumb\"},\"inLanguage\":\"pt-BR\",\"potentialAction\":[{\"@type\":\"ReadAction\",\"target\":[\"https:\\\/\\\/aconteceunovale.com.br\\\/portal\\\/?p=60620\"]}]},{\"@type\":\"ImageObject\",\"inLanguage\":\"pt-BR\",\"@id\":\"https:\\\/\\\/aconteceunovale.com.br\\\/portal\\\/?p=60620#primaryimage\",\"url\":\"https:\\\/\\\/aconteceunovale.com.br\\\/portal\\\/wp-content\\\/uploads\\\/2015\\\/06\\\/padre_vitor.jpg\",\"contentUrl\":\"https:\\\/\\\/aconteceunovale.com.br\\\/portal\\\/wp-content\\\/uploads\\\/2015\\\/06\\\/padre_vitor.jpg\",\"width\":300,\"height\":225},{\"@type\":\"BreadcrumbList\",\"@id\":\"https:\\\/\\\/aconteceunovale.com.br\\\/portal\\\/?p=60620#breadcrumb\",\"itemListElement\":[{\"@type\":\"ListItem\",\"position\":1,\"name\":\"In\u00edcio\",\"item\":\"https:\\\/\\\/aconteceunovale.com.br\\\/portal\\\/\"},{\"@type\":\"ListItem\",\"position\":2,\"name\":\"Papa Francisco autoriza beatifica\u00e7\u00e3o de padre mineiro\"}]},{\"@type\":\"WebSite\",\"@id\":\"https:\\\/\\\/aconteceunovale.com.br\\\/portal\\\/#website\",\"url\":\"https:\\\/\\\/aconteceunovale.com.br\\\/portal\\\/\",\"name\":\"Aconteceu no Vale\",\"description\":\"Portal de Not\u00edcias\",\"potentialAction\":[{\"@type\":\"SearchAction\",\"target\":{\"@type\":\"EntryPoint\",\"urlTemplate\":\"https:\\\/\\\/aconteceunovale.com.br\\\/portal\\\/?s={search_term_string}\"},\"query-input\":{\"@type\":\"PropertyValueSpecification\",\"valueRequired\":true,\"valueName\":\"search_term_string\"}}],\"inLanguage\":\"pt-BR\"},{\"@type\":\"Person\",\"@id\":\"https:\\\/\\\/aconteceunovale.com.br\\\/portal\\\/#\\\/schema\\\/person\\\/633529146f2c94272bef50ac2953d589\",\"name\":\"Aconteceu no Vale\",\"description\":\"Equipe de reportagem do Aconteceu no Vale, portal de not\u00edcias do Vale do Jequitinhonha, em Minas Gerais. Cobrimos as 51 cidades do Vale desde 2013. Sugest\u00f5es de pauta e pedidos de corre\u00e7\u00e3o: contato@aconteceunovale.com.br\",\"sameAs\":[\"http:\\\/\\\/www.aconteceunovale.com.br\"],\"url\":\"https:\\\/\\\/aconteceunovale.com.br\\\/portal\\\/?author=1\"}]}<\/script>\n<!-- \/ Yoast SEO plugin. -->","yoast_head_json":{"title":"Papa Francisco autoriza beatifica\u00e7\u00e3o de padre mineiro - Aconteceu no Vale","robots":{"index":"index","follow":"follow","max-snippet":"max-snippet:-1","max-image-preview":"max-image-preview:large","max-video-preview":"max-video-preview:-1"},"canonical":"https:\/\/aconteceunovale.com.br\/portal\/?p=60620","og_locale":"pt_BR","og_type":"article","og_title":"Papa Francisco autoriza beatifica\u00e7\u00e3o de padre mineiro - Aconteceu no Vale","og_description":"O papa Francisco autorizou, na sexta-feira (05\/06), a Congrega\u00e7\u00e3o para as Causas dos Santos a promulgar o decreto de beatifica\u00e7\u00e3o do padre Francisco de Paula Victor, mineiro da cidade de Campanha, onde nasceu em 12 de abril de 1827. Ele era um jovem sapateiro quando se matriculou no Semin\u00e1rio de Mariana e, durante seus estudos, [&hellip;]","og_url":"https:\/\/aconteceunovale.com.br\/portal\/?p=60620","og_site_name":"Aconteceu no Vale","article_publisher":"https:\/\/www.facebook.com\/aconteceunovale\/","article_published_time":"2015-06-06T21:17:01+00:00","og_image":[{"width":300,"height":225,"url":"https:\/\/aconteceunovale.com.br\/portal\/wp-content\/uploads\/2015\/06\/padre_vitor.jpg","type":"image\/jpeg"}],"author":"Aconteceu no Vale","twitter_card":"summary_large_image","twitter_creator":"@noticiadosvales","twitter_site":"@noticiadosvales","twitter_misc":{"Escrito por":"Aconteceu no Vale","Est. tempo de leitura":"2 minutos"},"schema":{"@context":"https:\/\/schema.org","@graph":[{"@type":"Article","@id":"https:\/\/aconteceunovale.com.br\/portal\/?p=60620#article","isPartOf":{"@id":"https:\/\/aconteceunovale.com.br\/portal\/?p=60620"},"author":{"name":"Aconteceu no Vale","@id":"https:\/\/aconteceunovale.com.br\/portal\/#\/schema\/person\/633529146f2c94272bef50ac2953d589"},"headline":"Papa Francisco autoriza beatifica\u00e7\u00e3o de padre mineiro","datePublished":"2015-06-06T21:17:01+00:00","mainEntityOfPage":{"@id":"https:\/\/aconteceunovale.com.br\/portal\/?p=60620"},"wordCount":345,"commentCount":1,"image":{"@id":"https:\/\/aconteceunovale.com.br\/portal\/?p=60620#primaryimage"},"thumbnailUrl":"https:\/\/aconteceunovale.com.br\/portal\/wp-content\/uploads\/2015\/06\/padre_vitor.jpg","keywords":["Baependi","beatifica\u00e7\u00e3o do padre Francisco de Paula Victor","Campanha","Congrega\u00e7\u00e3o para as Causas dos Santos","Francisco de Paula Victor","padre Francisco de Paula Victor","Papa Francisco autoriza beatifica\u00e7\u00e3o de padre mineiro","S\u00e3o Jo\u00e3o Del-Rey","Semin\u00e1rio de Mariana","Tr\u00eas Pontas"],"articleSection":["Minas Gerais"],"inLanguage":"pt-BR","potentialAction":[{"@type":"CommentAction","name":"Comment","target":["https:\/\/aconteceunovale.com.br\/portal\/?p=60620#respond"]}]},{"@type":"WebPage","@id":"https:\/\/aconteceunovale.com.br\/portal\/?p=60620","url":"https:\/\/aconteceunovale.com.br\/portal\/?p=60620","name":"Papa Francisco autoriza beatifica\u00e7\u00e3o de padre mineiro - Aconteceu no Vale","isPartOf":{"@id":"https:\/\/aconteceunovale.com.br\/portal\/#website"},"primaryImageOfPage":{"@id":"https:\/\/aconteceunovale.com.br\/portal\/?p=60620#primaryimage"},"image":{"@id":"https:\/\/aconteceunovale.com.br\/portal\/?p=60620#primaryimage"},"thumbnailUrl":"https:\/\/aconteceunovale.com.br\/portal\/wp-content\/uploads\/2015\/06\/padre_vitor.jpg","datePublished":"2015-06-06T21:17:01+00:00","author":{"@id":"https:\/\/aconteceunovale.com.br\/portal\/#\/schema\/person\/633529146f2c94272bef50ac2953d589"},"breadcrumb":{"@id":"https:\/\/aconteceunovale.com.br\/portal\/?p=60620#breadcrumb"},"inLanguage":"pt-BR","potentialAction":[{"@type":"ReadAction","target":["https:\/\/aconteceunovale.com.br\/portal\/?p=60620"]}]},{"@type":"ImageObject","inLanguage":"pt-BR","@id":"https:\/\/aconteceunovale.com.br\/portal\/?p=60620#primaryimage","url":"https:\/\/aconteceunovale.com.br\/portal\/wp-content\/uploads\/2015\/06\/padre_vitor.jpg","contentUrl":"https:\/\/aconteceunovale.com.br\/portal\/wp-content\/uploads\/2015\/06\/padre_vitor.jpg","width":300,"height":225},{"@type":"BreadcrumbList","@id":"https:\/\/aconteceunovale.com.br\/portal\/?p=60620#breadcrumb","itemListElement":[{"@type":"ListItem","position":1,"name":"In\u00edcio","item":"https:\/\/aconteceunovale.com.br\/portal\/"},{"@type":"ListItem","position":2,"name":"Papa Francisco autoriza beatifica\u00e7\u00e3o de padre mineiro"}]},{"@type":"WebSite","@id":"https:\/\/aconteceunovale.com.br\/portal\/#website","url":"https:\/\/aconteceunovale.com.br\/portal\/","name":"Aconteceu no Vale","description":"Portal de Not\u00edcias","potentialAction":[{"@type":"SearchAction","target":{"@type":"EntryPoint","urlTemplate":"https:\/\/aconteceunovale.com.br\/portal\/?s={search_term_string}"},"query-input":{"@type":"PropertyValueSpecification","valueRequired":true,"valueName":"search_term_string"}}],"inLanguage":"pt-BR"},{"@type":"Person","@id":"https:\/\/aconteceunovale.com.br\/portal\/#\/schema\/person\/633529146f2c94272bef50ac2953d589","name":"Aconteceu no Vale","description":"Equipe de reportagem do Aconteceu no Vale, portal de not\u00edcias do Vale do Jequitinhonha, em Minas Gerais. Cobrimos as 51 cidades do Vale desde 2013. Sugest\u00f5es de pauta e pedidos de corre\u00e7\u00e3o: contato@aconteceunovale.com.br","sameAs":["http:\/\/www.aconteceunovale.com.br"],"url":"https:\/\/aconteceunovale.com.br\/portal\/?author=1"}]}},"_links":{"self":[{"href":"https:\/\/aconteceunovale.com.br\/portal\/index.php?rest_route=\/wp\/v2\/posts\/60620","targetHints":{"allow":["GET"]}}],"collection":[{"href":"https:\/\/aconteceunovale.com.br\/portal\/index.php?rest_route=\/wp\/v2\/posts"}],"about":[{"href":"https:\/\/aconteceunovale.com.br\/portal\/index.php?rest_route=\/wp\/v2\/types\/post"}],"author":[{"embeddable":true,"href":"https:\/\/aconteceunovale.com.br\/portal\/index.php?rest_route=\/wp\/v2\/users\/1"}],"replies":[{"embeddable":true,"href":"https:\/\/aconteceunovale.com.br\/portal\/index.php?rest_route=%2Fwp%2Fv2%2Fcomments&post=60620"}],"version-history":[{"count":0,"href":"https:\/\/aconteceunovale.com.br\/portal\/index.php?rest_route=\/wp\/v2\/posts\/60620\/revisions"}],"wp:featuredmedia":[{"embeddable":true,"href":"https:\/\/aconteceunovale.com.br\/portal\/index.php?rest_route=\/wp\/v2\/media\/60621"}],"wp:attachment":[{"href":"https:\/\/aconteceunovale.com.br\/portal\/index.php?rest_route=%2Fwp%2Fv2%2Fmedia&parent=60620"}],"wp:term":[{"taxonomy":"category","embeddable":true,"href":"https:\/\/aconteceunovale.com.br\/portal\/index.php?rest_route=%2Fwp%2Fv2%2Fcategories&post=60620"},{"taxonomy":"post_tag","embeddable":true,"href":"https:\/\/aconteceunovale.com.br\/portal\/index.php?rest_route=%2Fwp%2Fv2%2Ftags&post=60620"}],"curies":[{"name":"wp","href":"https:\/\/api.w.org\/{rel}","templated":true}]}}