{"id":60613,"date":"2015-06-06T17:38:26","date_gmt":"2015-06-06T20:38:26","guid":{"rendered":"http:\/\/aconteceunovale.com.br\/portal\/?p=60613"},"modified":"2015-06-06T17:38:26","modified_gmt":"2015-06-06T20:38:26","slug":"exposicao-fotografica-homenageia-congadas-do-serro-goiania-e-catalao","status":"publish","type":"post","link":"https:\/\/aconteceunovale.com.br\/portal\/?p=60613","title":{"rendered":"Exposi\u00e7\u00e3o fotogr\u00e1fica homenageia congadas do Serro, Goi\u00e2nia e Catal\u00e3o"},"content":{"rendered":"<p>Toda a alegria e todo o colorido dos grupos de congada estar\u00e3o expostos no Museu Regional Casa dos Ottoni, Pra\u00e7a Cristiano Ottoni, 72 \u2013 Praia, Serro, Minas Gerais, entre os dias 30 de junho e 2 de agosto. A colet\u00e2nea de 45 imagens foi registrada pelo fot\u00f3grafo, folclorista e jornalista Sidney Dutra que escolheu seus cliques favoritos para revelar os encantos dos grupos de congo de duas cidades goianas e uma mineira.<\/p>\n<p>Sidney Dutra fez seu primeiro contato com a congada no fim da d\u00e9cada de noventa em Ita\u00fa de Minas (MG). Em 2000, come\u00e7ou a registrar a congada da Vila Jo\u00e3o Vaz, bairro de sua cidade natal, Goi\u00e2nia. Sete anos depois fotografou pela primeira vez a congada de Catal\u00e3o (GO). De foto em foto a paix\u00e3o pelo colorido e batido das caixas provocou ainda mais sua curiosidade e, em 2012, esteve pela primeira vez na Festa de Nossa Senhora o Ros\u00e1rio dos Homens Pretos do Serro que acontece no primeiro domingo de julho em Serro (MG).<\/p>\n<p>A mostra revela o colorido e a diversidade desta festa que surgiu no Brasil Col\u00f4nia e viajou para o cora\u00e7\u00e3o do Brasil. A mais antiga das festas retratadas \u00e9 a do Serro (MG) que surgiu em 1728, seguida de Catal\u00e3o, em 1876, e a de Goi\u00e2nia, em 1969. O visitante vai poder conferir as semelhan\u00e7as e diferen\u00e7as da festa nas tr\u00eas localidades. A congada \u00e9 cria\u00e7\u00e3o do negro escravizado que surgiu em solo mineiro e chegou at\u00e9 a capital de Goi\u00e1s.<\/p>\n<p>O fot\u00f3grafo \u00e9 formado em jornalismo pela Universidade Federal de Goi\u00e1s e registra em fotos a festa de Folia de Reis e Congada desde o fim da d\u00e9cada de noventa. Na busca por mergulhar no universo da congada j\u00e1 esteve nas cidades de Jacu\u00ed, Ita\u00fa de Minas, Serro e Catal\u00e3o. Sidney Dutra conheceu a Festa do Ros\u00e1rio dos Homens Pretos do Serro em 2012 e se apaixonou pela bela congada dos serranos. A vontade de conhecer a singular congada serrana nasceu em outubro de 1998 depois de ler a mat\u00e9ria \u201cQuando \u00e9ramos reis\u201d, publicada na revista Superinteressante.<\/p>\n<p><img decoding=\"async\" src=\"http:\/\/aconteceunovale.com.br\/portal\/wp-content\/uploads\/2015\/06\/congada_serro_2.jpg\" alt=\"\" \/><\/p>\n<p>Servi\u00e7o: Congada \u2013 Canto de f\u00e9 &#038; Liberdade<br \/>\nExposi\u00e7\u00e3o Fotogr\u00e1fica sobre as congadas de Goi\u00e2nia, Catal\u00e3o e Serro<br \/>\nLocal: Museu Regional Casa dos Ottoni \/ Pra\u00e7a Cristiano Ottoni, 72 \u2013 Praia, Serro (MG)<br \/>\nAbertura da Exposi\u00e7\u00e3o: 30 de junho \u00e0s 19 horas<br \/>\nPer\u00edodo: de 30 de junho a 2 de agosto<br \/>\nVisita\u00e7\u00e3o: Ter\u00e7a a s\u00e1bado, das 10h \u00e0s 18h; domingos e feriados, das 8h \u00e0s 12h<\/p>\n<p>Informa\u00e7\u00f5es: Sidney Dutra<br \/>\ncelular: 62-9986-1854, 62-8305-57-47<br \/>\nE-mail: dutrasid@yahoo.com.br<\/p>\n<p>Museu Regional Casa dos Ottoni<br \/>\nSite: <a href=\"http:\/\/www.museus.gov.br\" target=\"_blank\">www.museus.gov.br<\/a><br \/>\nE-mail: mrco@museus.gov.br<br \/>\ntelefone: (38) 3541-1440<\/p>\n<p><strong>FICHA T\u00c9CNICA<\/strong><\/p>\n<p>Proponente\/fot\u00f3grafo: Sidney Dutra Corr\u00eaa<br \/>\nCurador: Sidney Dutra Corr\u00eaa<br \/>\nCoordenador Geral: Carlos Alberto Silva Xavier<br \/>\nMonitores: guias do Museu Regional<br \/>\nProdu\u00e7\u00e3o: Giselle Curado e Mara Lucia Generoso Ventura<br \/>\nEndere\u00e7o: Pra\u00e7a Cristiano Ottoni, 72 \u2013 Praia \u2013 Serro \u2013 MG<br \/>\nTelefones: (38) 3541-1440 ou (31) 99024609<br \/>\nE-mail: mrco@museus.gov.br Casa dos Ottoni<\/p>\n<p>Local: Museu Regional Casa dos Ottoni<\/p>\n<p>Hor\u00e1rios: Ter\u00e7a a s\u00e1bado, das 10h \u00e0s 18h; domingos e feriados, das 8h \u00e0s 12h<br \/>\nSite: <a href=\"http:\/\/www.museus.gov.br\" target=\"_blank\">www.museus.gov.br<\/a><\/p>\n<p>Fotos:<\/p>\n<p>&#8211; Fotografias: impress\u00e3o em papel fotogr\u00e1fico fosco<br \/>\n&#8211; 45 imagens no tamanho 30&#215;40 cm<\/p>\n","protected":false},"excerpt":{"rendered":"<p>Toda a alegria e todo o colorido dos grupos de congada estar\u00e3o expostos no Museu Regional Casa dos Ottoni, Pra\u00e7a Cristiano Ottoni, 72 \u2013 Praia, Serro, Minas Gerais, entre os dias 30 de junho e 2 de agosto. A colet\u00e2nea de 45 imagens foi registrada pelo fot\u00f3grafo, folclorista e jornalista Sidney Dutra que escolheu seus [&hellip;]<\/p>\n","protected":false},"author":1,"featured_media":60614,"comment_status":"open","ping_status":"closed","sticky":false,"template":"","format":"standard","meta":{"amp_status":"","footnotes":""},"categories":[125,123],"tags":[47412,4838,47413,47410,47409,47408,47406,47404,47403,47407,4609,14315,47411,154,47405,47414],"class_list":["post-60613","post","type-post","status-publish","format-standard","has-post-thumbnail","hentry","category-noticias","category-gerais","tag-casa-dos-ottoni","tag-catalao","tag-congada-canto-de-fe-liberdade","tag-congada-de-catalao","tag-congada-de-goiania","tag-congada-do-serro","tag-exposicao-com-fotos-de-sidney-dutra","tag-exposicao-fotografica-homenageia-congada-do-serro","tag-exposicao-fotografica-homenageia-congadas-do-serro-goiania-e-catalao","tag-fotografo-sidney-dutra","tag-goiania","tag-itau-de-minas","tag-museu-regional-casa-dos-ottoni","tag-serro","tag-sidney-dutra","tag-sidney-dutra-correa"],"yoast_head":"<!-- This site is optimized with the Yoast SEO plugin v28.3 - https:\/\/yoast.com\/product\/yoast-seo-wordpress\/ -->\n<title>Exposi\u00e7\u00e3o fotogr\u00e1fica homenageia congadas do Serro, Goi\u00e2nia e Catal\u00e3o - Aconteceu no Vale<\/title>\n<meta name=\"robots\" content=\"index, follow, max-snippet:-1, max-image-preview:large, max-video-preview:-1\" \/>\n<link rel=\"canonical\" href=\"https:\/\/aconteceunovale.com.br\/portal\/?p=60613\" \/>\n<meta property=\"og:locale\" content=\"pt_BR\" \/>\n<meta property=\"og:type\" content=\"article\" \/>\n<meta property=\"og:title\" content=\"Exposi\u00e7\u00e3o fotogr\u00e1fica homenageia congadas do Serro, Goi\u00e2nia e Catal\u00e3o - Aconteceu no Vale\" \/>\n<meta property=\"og:description\" content=\"Toda a alegria e todo o colorido dos grupos de congada estar\u00e3o expostos no Museu Regional Casa dos Ottoni, Pra\u00e7a Cristiano Ottoni, 72 \u2013 Praia, Serro, Minas Gerais, entre os dias 30 de junho e 2 de agosto. A colet\u00e2nea de 45 imagens foi registrada pelo fot\u00f3grafo, folclorista e jornalista Sidney Dutra que escolheu seus [&hellip;]\" \/>\n<meta property=\"og:url\" content=\"https:\/\/aconteceunovale.com.br\/portal\/?p=60613\" \/>\n<meta property=\"og:site_name\" content=\"Aconteceu no Vale\" \/>\n<meta property=\"article:publisher\" content=\"https:\/\/www.facebook.com\/aconteceunovale\/\" \/>\n<meta property=\"article:published_time\" content=\"2015-06-06T20:38:26+00:00\" \/>\n<meta property=\"og:image\" content=\"https:\/\/aconteceunovale.com.br\/portal\/wp-content\/uploads\/2015\/06\/congada_serro_1.jpg\" \/>\n\t<meta property=\"og:image:width\" content=\"632\" \/>\n\t<meta property=\"og:image:height\" content=\"450\" \/>\n\t<meta property=\"og:image:type\" content=\"image\/jpeg\" \/>\n<meta name=\"author\" content=\"Aconteceu no Vale\" \/>\n<meta name=\"twitter:card\" content=\"summary_large_image\" \/>\n<meta name=\"twitter:creator\" content=\"@noticiadosvales\" \/>\n<meta name=\"twitter:site\" content=\"@noticiadosvales\" \/>\n<meta name=\"twitter:label1\" content=\"Escrito por\" \/>\n\t<meta name=\"twitter:data1\" content=\"Aconteceu no Vale\" \/>\n\t<meta name=\"twitter:label2\" content=\"Est. tempo de leitura\" \/>\n\t<meta name=\"twitter:data2\" content=\"3 minutos\" \/>\n<script type=\"application\/ld+json\" class=\"yoast-schema-graph\">{\"@context\":\"https:\\\/\\\/schema.org\",\"@graph\":[{\"@type\":\"Article\",\"@id\":\"https:\\\/\\\/aconteceunovale.com.br\\\/portal\\\/?p=60613#article\",\"isPartOf\":{\"@id\":\"https:\\\/\\\/aconteceunovale.com.br\\\/portal\\\/?p=60613\"},\"author\":{\"name\":\"Aconteceu no Vale\",\"@id\":\"https:\\\/\\\/aconteceunovale.com.br\\\/portal\\\/#\\\/schema\\\/person\\\/633529146f2c94272bef50ac2953d589\"},\"headline\":\"Exposi\u00e7\u00e3o fotogr\u00e1fica homenageia congadas do Serro, Goi\u00e2nia e Catal\u00e3o\",\"datePublished\":\"2015-06-06T20:38:26+00:00\",\"mainEntityOfPage\":{\"@id\":\"https:\\\/\\\/aconteceunovale.com.br\\\/portal\\\/?p=60613\"},\"wordCount\":569,\"commentCount\":0,\"image\":{\"@id\":\"https:\\\/\\\/aconteceunovale.com.br\\\/portal\\\/?p=60613#primaryimage\"},\"thumbnailUrl\":\"https:\\\/\\\/aconteceunovale.com.br\\\/portal\\\/wp-content\\\/uploads\\\/2015\\\/06\\\/congada_serro_1.jpg\",\"keywords\":[\"Casa dos Ottoni\",\"Catal\u00e3o\",\"Congada \u2013 Canto de f\u00e9 &amp; Liberdade\",\"Congada de Catal\u00e3o\",\"Congada de Goi\u00e2nia\",\"congada do Serro\",\"Exposi\u00e7\u00e3o com fotos de Sidney Dutra\",\"Exposi\u00e7\u00e3o fotogr\u00e1fica homenageia congada do Serro\",\"Exposi\u00e7\u00e3o fotogr\u00e1fica homenageia congadas do Serro Goi\u00e2nia e Catal\u00e3o\",\"fot\u00f3grafo Sidney Dutra\",\"Goi\u00e2nia\",\"Ita\u00fa de Minas\",\"Museu Regional Casa dos Ottoni\",\"Serro\",\"Sidney Dutra\",\"Sidney Dutra Corr\u00eaa\"],\"articleSection\":[\"Eventos\",\"Minas Gerais\"],\"inLanguage\":\"pt-BR\",\"potentialAction\":[{\"@type\":\"CommentAction\",\"name\":\"Comment\",\"target\":[\"https:\\\/\\\/aconteceunovale.com.br\\\/portal\\\/?p=60613#respond\"]}]},{\"@type\":\"WebPage\",\"@id\":\"https:\\\/\\\/aconteceunovale.com.br\\\/portal\\\/?p=60613\",\"url\":\"https:\\\/\\\/aconteceunovale.com.br\\\/portal\\\/?p=60613\",\"name\":\"Exposi\u00e7\u00e3o fotogr\u00e1fica homenageia congadas do Serro, Goi\u00e2nia e Catal\u00e3o - Aconteceu no Vale\",\"isPartOf\":{\"@id\":\"https:\\\/\\\/aconteceunovale.com.br\\\/portal\\\/#website\"},\"primaryImageOfPage\":{\"@id\":\"https:\\\/\\\/aconteceunovale.com.br\\\/portal\\\/?p=60613#primaryimage\"},\"image\":{\"@id\":\"https:\\\/\\\/aconteceunovale.com.br\\\/portal\\\/?p=60613#primaryimage\"},\"thumbnailUrl\":\"https:\\\/\\\/aconteceunovale.com.br\\\/portal\\\/wp-content\\\/uploads\\\/2015\\\/06\\\/congada_serro_1.jpg\",\"datePublished\":\"2015-06-06T20:38:26+00:00\",\"author\":{\"@id\":\"https:\\\/\\\/aconteceunovale.com.br\\\/portal\\\/#\\\/schema\\\/person\\\/633529146f2c94272bef50ac2953d589\"},\"breadcrumb\":{\"@id\":\"https:\\\/\\\/aconteceunovale.com.br\\\/portal\\\/?p=60613#breadcrumb\"},\"inLanguage\":\"pt-BR\",\"potentialAction\":[{\"@type\":\"ReadAction\",\"target\":[\"https:\\\/\\\/aconteceunovale.com.br\\\/portal\\\/?p=60613\"]}]},{\"@type\":\"ImageObject\",\"inLanguage\":\"pt-BR\",\"@id\":\"https:\\\/\\\/aconteceunovale.com.br\\\/portal\\\/?p=60613#primaryimage\",\"url\":\"https:\\\/\\\/aconteceunovale.com.br\\\/portal\\\/wp-content\\\/uploads\\\/2015\\\/06\\\/congada_serro_1.jpg\",\"contentUrl\":\"https:\\\/\\\/aconteceunovale.com.br\\\/portal\\\/wp-content\\\/uploads\\\/2015\\\/06\\\/congada_serro_1.jpg\",\"width\":632,\"height\":450},{\"@type\":\"BreadcrumbList\",\"@id\":\"https:\\\/\\\/aconteceunovale.com.br\\\/portal\\\/?p=60613#breadcrumb\",\"itemListElement\":[{\"@type\":\"ListItem\",\"position\":1,\"name\":\"In\u00edcio\",\"item\":\"https:\\\/\\\/aconteceunovale.com.br\\\/portal\\\/\"},{\"@type\":\"ListItem\",\"position\":2,\"name\":\"Exposi\u00e7\u00e3o fotogr\u00e1fica homenageia congadas do Serro, Goi\u00e2nia e Catal\u00e3o\"}]},{\"@type\":\"WebSite\",\"@id\":\"https:\\\/\\\/aconteceunovale.com.br\\\/portal\\\/#website\",\"url\":\"https:\\\/\\\/aconteceunovale.com.br\\\/portal\\\/\",\"name\":\"Aconteceu no Vale\",\"description\":\"Portal de Not\u00edcias\",\"potentialAction\":[{\"@type\":\"SearchAction\",\"target\":{\"@type\":\"EntryPoint\",\"urlTemplate\":\"https:\\\/\\\/aconteceunovale.com.br\\\/portal\\\/?s={search_term_string}\"},\"query-input\":{\"@type\":\"PropertyValueSpecification\",\"valueRequired\":true,\"valueName\":\"search_term_string\"}}],\"inLanguage\":\"pt-BR\"},{\"@type\":\"Person\",\"@id\":\"https:\\\/\\\/aconteceunovale.com.br\\\/portal\\\/#\\\/schema\\\/person\\\/633529146f2c94272bef50ac2953d589\",\"name\":\"Aconteceu no Vale\",\"description\":\"Equipe de reportagem do Aconteceu no Vale, portal de not\u00edcias do Vale do Jequitinhonha, em Minas Gerais. Cobrimos as 51 cidades do Vale desde 2013. Sugest\u00f5es de pauta e pedidos de corre\u00e7\u00e3o: contato@aconteceunovale.com.br\",\"sameAs\":[\"http:\\\/\\\/www.aconteceunovale.com.br\"],\"url\":\"https:\\\/\\\/aconteceunovale.com.br\\\/portal\\\/?author=1\"}]}<\/script>\n<!-- \/ Yoast SEO plugin. -->","yoast_head_json":{"title":"Exposi\u00e7\u00e3o fotogr\u00e1fica homenageia congadas do Serro, Goi\u00e2nia e Catal\u00e3o - Aconteceu no Vale","robots":{"index":"index","follow":"follow","max-snippet":"max-snippet:-1","max-image-preview":"max-image-preview:large","max-video-preview":"max-video-preview:-1"},"canonical":"https:\/\/aconteceunovale.com.br\/portal\/?p=60613","og_locale":"pt_BR","og_type":"article","og_title":"Exposi\u00e7\u00e3o fotogr\u00e1fica homenageia congadas do Serro, Goi\u00e2nia e Catal\u00e3o - Aconteceu no Vale","og_description":"Toda a alegria e todo o colorido dos grupos de congada estar\u00e3o expostos no Museu Regional Casa dos Ottoni, Pra\u00e7a Cristiano Ottoni, 72 \u2013 Praia, Serro, Minas Gerais, entre os dias 30 de junho e 2 de agosto. A colet\u00e2nea de 45 imagens foi registrada pelo fot\u00f3grafo, folclorista e jornalista Sidney Dutra que escolheu seus [&hellip;]","og_url":"https:\/\/aconteceunovale.com.br\/portal\/?p=60613","og_site_name":"Aconteceu no Vale","article_publisher":"https:\/\/www.facebook.com\/aconteceunovale\/","article_published_time":"2015-06-06T20:38:26+00:00","og_image":[{"width":632,"height":450,"url":"https:\/\/aconteceunovale.com.br\/portal\/wp-content\/uploads\/2015\/06\/congada_serro_1.jpg","type":"image\/jpeg"}],"author":"Aconteceu no Vale","twitter_card":"summary_large_image","twitter_creator":"@noticiadosvales","twitter_site":"@noticiadosvales","twitter_misc":{"Escrito por":"Aconteceu no Vale","Est. tempo de leitura":"3 minutos"},"schema":{"@context":"https:\/\/schema.org","@graph":[{"@type":"Article","@id":"https:\/\/aconteceunovale.com.br\/portal\/?p=60613#article","isPartOf":{"@id":"https:\/\/aconteceunovale.com.br\/portal\/?p=60613"},"author":{"name":"Aconteceu no Vale","@id":"https:\/\/aconteceunovale.com.br\/portal\/#\/schema\/person\/633529146f2c94272bef50ac2953d589"},"headline":"Exposi\u00e7\u00e3o fotogr\u00e1fica homenageia congadas do Serro, Goi\u00e2nia e Catal\u00e3o","datePublished":"2015-06-06T20:38:26+00:00","mainEntityOfPage":{"@id":"https:\/\/aconteceunovale.com.br\/portal\/?p=60613"},"wordCount":569,"commentCount":0,"image":{"@id":"https:\/\/aconteceunovale.com.br\/portal\/?p=60613#primaryimage"},"thumbnailUrl":"https:\/\/aconteceunovale.com.br\/portal\/wp-content\/uploads\/2015\/06\/congada_serro_1.jpg","keywords":["Casa dos Ottoni","Catal\u00e3o","Congada \u2013 Canto de f\u00e9 &amp; Liberdade","Congada de Catal\u00e3o","Congada de Goi\u00e2nia","congada do Serro","Exposi\u00e7\u00e3o com fotos de Sidney Dutra","Exposi\u00e7\u00e3o fotogr\u00e1fica homenageia congada do Serro","Exposi\u00e7\u00e3o fotogr\u00e1fica homenageia congadas do Serro Goi\u00e2nia e Catal\u00e3o","fot\u00f3grafo Sidney Dutra","Goi\u00e2nia","Ita\u00fa de Minas","Museu Regional Casa dos Ottoni","Serro","Sidney Dutra","Sidney Dutra Corr\u00eaa"],"articleSection":["Eventos","Minas Gerais"],"inLanguage":"pt-BR","potentialAction":[{"@type":"CommentAction","name":"Comment","target":["https:\/\/aconteceunovale.com.br\/portal\/?p=60613#respond"]}]},{"@type":"WebPage","@id":"https:\/\/aconteceunovale.com.br\/portal\/?p=60613","url":"https:\/\/aconteceunovale.com.br\/portal\/?p=60613","name":"Exposi\u00e7\u00e3o fotogr\u00e1fica homenageia congadas do Serro, Goi\u00e2nia e Catal\u00e3o - Aconteceu no Vale","isPartOf":{"@id":"https:\/\/aconteceunovale.com.br\/portal\/#website"},"primaryImageOfPage":{"@id":"https:\/\/aconteceunovale.com.br\/portal\/?p=60613#primaryimage"},"image":{"@id":"https:\/\/aconteceunovale.com.br\/portal\/?p=60613#primaryimage"},"thumbnailUrl":"https:\/\/aconteceunovale.com.br\/portal\/wp-content\/uploads\/2015\/06\/congada_serro_1.jpg","datePublished":"2015-06-06T20:38:26+00:00","author":{"@id":"https:\/\/aconteceunovale.com.br\/portal\/#\/schema\/person\/633529146f2c94272bef50ac2953d589"},"breadcrumb":{"@id":"https:\/\/aconteceunovale.com.br\/portal\/?p=60613#breadcrumb"},"inLanguage":"pt-BR","potentialAction":[{"@type":"ReadAction","target":["https:\/\/aconteceunovale.com.br\/portal\/?p=60613"]}]},{"@type":"ImageObject","inLanguage":"pt-BR","@id":"https:\/\/aconteceunovale.com.br\/portal\/?p=60613#primaryimage","url":"https:\/\/aconteceunovale.com.br\/portal\/wp-content\/uploads\/2015\/06\/congada_serro_1.jpg","contentUrl":"https:\/\/aconteceunovale.com.br\/portal\/wp-content\/uploads\/2015\/06\/congada_serro_1.jpg","width":632,"height":450},{"@type":"BreadcrumbList","@id":"https:\/\/aconteceunovale.com.br\/portal\/?p=60613#breadcrumb","itemListElement":[{"@type":"ListItem","position":1,"name":"In\u00edcio","item":"https:\/\/aconteceunovale.com.br\/portal\/"},{"@type":"ListItem","position":2,"name":"Exposi\u00e7\u00e3o fotogr\u00e1fica homenageia congadas do Serro, Goi\u00e2nia e Catal\u00e3o"}]},{"@type":"WebSite","@id":"https:\/\/aconteceunovale.com.br\/portal\/#website","url":"https:\/\/aconteceunovale.com.br\/portal\/","name":"Aconteceu no Vale","description":"Portal de Not\u00edcias","potentialAction":[{"@type":"SearchAction","target":{"@type":"EntryPoint","urlTemplate":"https:\/\/aconteceunovale.com.br\/portal\/?s={search_term_string}"},"query-input":{"@type":"PropertyValueSpecification","valueRequired":true,"valueName":"search_term_string"}}],"inLanguage":"pt-BR"},{"@type":"Person","@id":"https:\/\/aconteceunovale.com.br\/portal\/#\/schema\/person\/633529146f2c94272bef50ac2953d589","name":"Aconteceu no Vale","description":"Equipe de reportagem do Aconteceu no Vale, portal de not\u00edcias do Vale do Jequitinhonha, em Minas Gerais. Cobrimos as 51 cidades do Vale desde 2013. Sugest\u00f5es de pauta e pedidos de corre\u00e7\u00e3o: contato@aconteceunovale.com.br","sameAs":["http:\/\/www.aconteceunovale.com.br"],"url":"https:\/\/aconteceunovale.com.br\/portal\/?author=1"}]}},"_links":{"self":[{"href":"https:\/\/aconteceunovale.com.br\/portal\/index.php?rest_route=\/wp\/v2\/posts\/60613","targetHints":{"allow":["GET"]}}],"collection":[{"href":"https:\/\/aconteceunovale.com.br\/portal\/index.php?rest_route=\/wp\/v2\/posts"}],"about":[{"href":"https:\/\/aconteceunovale.com.br\/portal\/index.php?rest_route=\/wp\/v2\/types\/post"}],"author":[{"embeddable":true,"href":"https:\/\/aconteceunovale.com.br\/portal\/index.php?rest_route=\/wp\/v2\/users\/1"}],"replies":[{"embeddable":true,"href":"https:\/\/aconteceunovale.com.br\/portal\/index.php?rest_route=%2Fwp%2Fv2%2Fcomments&post=60613"}],"version-history":[{"count":0,"href":"https:\/\/aconteceunovale.com.br\/portal\/index.php?rest_route=\/wp\/v2\/posts\/60613\/revisions"}],"wp:featuredmedia":[{"embeddable":true,"href":"https:\/\/aconteceunovale.com.br\/portal\/index.php?rest_route=\/wp\/v2\/media\/60614"}],"wp:attachment":[{"href":"https:\/\/aconteceunovale.com.br\/portal\/index.php?rest_route=%2Fwp%2Fv2%2Fmedia&parent=60613"}],"wp:term":[{"taxonomy":"category","embeddable":true,"href":"https:\/\/aconteceunovale.com.br\/portal\/index.php?rest_route=%2Fwp%2Fv2%2Fcategories&post=60613"},{"taxonomy":"post_tag","embeddable":true,"href":"https:\/\/aconteceunovale.com.br\/portal\/index.php?rest_route=%2Fwp%2Fv2%2Ftags&post=60613"}],"curies":[{"name":"wp","href":"https:\/\/api.w.org\/{rel}","templated":true}]}}