{"id":60603,"date":"2015-06-06T17:11:07","date_gmt":"2015-06-06T20:11:07","guid":{"rendered":"http:\/\/aconteceunovale.com.br\/portal\/?p=60603"},"modified":"2015-06-06T18:42:12","modified_gmt":"2015-06-06T21:42:12","slug":"detentos-fazem-rebeliao-no-presidio-de-governador-valadares","status":"publish","type":"post","link":"https:\/\/aconteceunovale.com.br\/portal\/?p=60603","title":{"rendered":"Detentos fazem rebeli\u00e3o no pres\u00eddio de Governador Valadares"},"content":{"rendered":"<h4><strong><em>A\u00e7\u00e3o dos presos iniciou no hor\u00e1rio de visitas e os familiares foram feitos ref\u00e9ns. Pres\u00eddio tem capacidade para 290 presos e atualmente est\u00e1 com 800.<\/em><\/strong><\/h4>\n<p>Detentos de quatro pavilh\u00f5es do pres\u00eddio de Governador Valadares, no Leste de Minas Gerais, participam de uma rebeli\u00e3o desde as primeiras horas deste s\u00e1bado (06\/06). Segundo a Secretaria de Estado de Defesa Social (Seds), a penitenci\u00e1ria abriga quase o triplo da capacidade de presos. O clima na porta da institui\u00e7\u00e3o \u00e9 tenso. Alguns detentos foram arremessados do telhado e existe a possibilidade do pres\u00eddio ser invadido. Unidades do Gate e do Cope deixaram Belo Horizonte em dire\u00e7\u00e3o ao local.<\/p>\n<p>O motim teria come\u00e7ado no in\u00edcio do hor\u00e1rio de visitas nos blocos B e D e se espalhado por outros dois pavilh\u00f5es. No local havia gr\u00e1vidas, crian\u00e7as e idosos que, aos poucos v\u00e3o sendo liberados pelos detentos. Grades de celas foram quebradas, colch\u00f5es queimados no telhado da institui\u00e7\u00e3o e telhas arremessadas do alto.<\/p>\n<p><img decoding=\"async\" src=\"http:\/\/aconteceunovale.com.br\/portal\/wp-content\/uploads\/2015\/06\/rebeliao_gv_6_6_1.jpg\" alt=\"\" \/><em>Detentos fazem rebeli\u00e3o no pres\u00eddio de Valadares &#8211; Foto: Caso de Pol\u00edcia \/ Facebook<\/em><br \/>\n<\/br><\/p>\n<p>Por causa da fuma\u00e7a, uma presa passou mal e precisou ser socorrida do lado de fora da unidade prisional. Um detento caiu ao tentar pular de uma laje para outra. Ele foi levado para o hospital. Familiares dos acautelados atearam fogo na moto de um agente penitenci\u00e1rio, que teve que sair correndo para n\u00e3o ser agredido.<\/p>\n<p>Parentes dos presos, que estavam no local no in\u00edcio da rebeli\u00e3o, disseram que o motim come\u00e7ou depois que um dos detentos foi agredido por agentes. Os funcion\u00e1rios do pres\u00eddio alegam que foram recebidos com viol\u00eancia durante o hor\u00e1rio de visitas. <\/p>\n<p>De acordo com a Seds, a dire\u00e7\u00e3o do pres\u00eddio conseguiu retirar todas as armas existentes na unidade e, aparentemente, n\u00e3o h\u00e1 funcion\u00e1rios no local.<\/p>\n<p>O presidente da 43\u00aa subse\u00e7\u00e3o da Ordem dos Advogados do Brasil (OAB), em Governador Valdares, Elias Souto, afirma que os presos denunciam maus-tratos e condi\u00e7\u00f5es subumanas. Membros da Comiss\u00e3o de Direitos Humanos da C\u00e2mara de Vereadores da cidade participam das negocia\u00e7\u00f5es.<\/p>\n<p>O diretor do pres\u00eddio, Jo\u00e3o Menezes, acredita que o motim tenha sido motivado pela superlota\u00e7\u00e3o das celas. O local tem capacidade para acautelar 290 presos mas, atualmente, abriga 800.<\/p>\n<p>Policiais militares e membros do Grupo de Interven\u00e7\u00e3o R\u00e1pida (GIR) est\u00e3o no local. O juiz da Vara Criminal da comarca, Thiago Cabral, tamb\u00e9m est\u00e1 no pres\u00eddio.<\/p>\n<p><strong>Amea\u00e7as<\/strong><\/p>\n<p>De cima do telhado, os detentos fazem amea\u00e7as, gritando &#8220;se invadirem, vai morrer gente!&#8221;. Ainda h\u00e1 ref\u00e9ns dentro do pres\u00eddio.<\/p>\n<p>A dona de casa Concei\u00e7\u00e3o Louren\u00e7o, de 74 anos, foi surpreendida com o motim quando visitava o filho, preso h\u00e1 tr\u00eas meses. &#8220;Quando a fuma\u00e7a come\u00e7ou, estava dentro da cela. Meu menino me cobriu com a coberta e me deu \u00e1gua. Fiquei apavorada, mas falei para ele n\u00e3o se envolver com o tumulto, n\u00e3o reagir. Disse a ele que \u00e9 preciso respeitar a lei. Eles (presos) est\u00e3o errados, porque jogaram pedras nos agentes, e os agentes s\u00e3o a lei aqui&#8221;, comentou a idosa.<\/p>\n<p><img decoding=\"async\" src=\"http:\/\/aconteceunovale.com.br\/portal\/wp-content\/uploads\/2015\/06\/rebeliao_gv_6_6_2.jpg\" alt=\"\" \/><em>Detentos fazem rebeli\u00e3o no pres\u00eddio de Valadares &#8211; Foto: Caso de Pol\u00edcia \/ Facebook<\/em><br \/>\n<\/br><\/p>\n<p><img decoding=\"async\" src=\"http:\/\/aconteceunovale.com.br\/portal\/wp-content\/uploads\/2015\/06\/rebeliao_gv_6_6_3.jpg\" alt=\"\" \/><em>Detentos fazem rebeli\u00e3o no pres\u00eddio de Valadares &#8211; Foto: Caso de Pol\u00edcia \/ Facebook<\/em><br \/>\n<\/br><\/p>\n<p><img decoding=\"async\" src=\"http:\/\/aconteceunovale.com.br\/portal\/wp-content\/uploads\/2015\/06\/rebeliao_gv_6_6_4.jpg\" alt=\"\" \/><em>Detentos fazem rebeli\u00e3o no pres\u00eddio de Valadares &#8211; Foto: Caso de Pol\u00edcia \/ Facebook<\/em><br \/>\n<\/br><\/p>\n<p><img decoding=\"async\" src=\"http:\/\/aconteceunovale.com.br\/portal\/wp-content\/uploads\/2015\/06\/rebeliao_gv_6_6_5.jpg\" alt=\"\" \/><em>Detentos fazem rebeli\u00e3o no pres\u00eddio de Valadares &#8211; Foto: Caso de Pol\u00edcia \/ Facebook<\/em><br \/>\n<\/br><\/p>\n<p><strong><em>(Fonte: Jornal Hoje em Dia)<\/em><\/strong><\/p>\n","protected":false},"excerpt":{"rendered":"<p>A\u00e7\u00e3o dos presos iniciou no hor\u00e1rio de visitas e os familiares foram feitos ref\u00e9ns. Pres\u00eddio tem capacidade para 290 presos e atualmente est\u00e1 com 800. Detentos de quatro pavilh\u00f5es do pres\u00eddio de Governador Valadares, no Leste de Minas Gerais, participam de uma rebeli\u00e3o desde as primeiras horas deste s\u00e1bado (06\/06). Segundo a Secretaria de Estado [&hellip;]<\/p>\n","protected":false},"author":1,"featured_media":60606,"comment_status":"open","ping_status":"closed","sticky":false,"template":"","format":"standard","meta":{"amp_status":"","footnotes":""},"categories":[121],"tags":[47392,47391,47397,47396,247,47393,47395,19124,47390,47389,47394],"class_list":["post-60603","post","type-post","status-publish","format-standard","has-post-thumbnail","hentry","category-leste","tag-ageu-jose-pinto","tag-conselho-de-direitos-humanos-de-valadares","tag-detentos-fazem-rebeliao-no-presidio-de-governador-valadares","tag-elias-souto","tag-governador-valadares","tag-juiz-da-vara-criminal-de-valadares","tag-presidente-da-oab-de-governador-valadares","tag-presidio-de-governador-valadares","tag-rebeliao-em-governador-valadares","tag-rebeliao-no-presidio-de-governador-valadares","tag-tiago-cabral"],"yoast_head":"<!-- This site is optimized with the Yoast SEO plugin v28.3 - https:\/\/yoast.com\/product\/yoast-seo-wordpress\/ -->\n<title>Detentos fazem rebeli\u00e3o no pres\u00eddio de Governador Valadares - Aconteceu no Vale<\/title>\n<meta name=\"robots\" content=\"index, follow, max-snippet:-1, max-image-preview:large, max-video-preview:-1\" \/>\n<link rel=\"canonical\" href=\"https:\/\/aconteceunovale.com.br\/portal\/?p=60603\" \/>\n<meta property=\"og:locale\" content=\"pt_BR\" \/>\n<meta property=\"og:type\" content=\"article\" \/>\n<meta property=\"og:title\" content=\"Detentos fazem rebeli\u00e3o no pres\u00eddio de Governador Valadares - Aconteceu no Vale\" \/>\n<meta property=\"og:description\" content=\"A\u00e7\u00e3o dos presos iniciou no hor\u00e1rio de visitas e os familiares foram feitos ref\u00e9ns. Pres\u00eddio tem capacidade para 290 presos e atualmente est\u00e1 com 800. Detentos de quatro pavilh\u00f5es do pres\u00eddio de Governador Valadares, no Leste de Minas Gerais, participam de uma rebeli\u00e3o desde as primeiras horas deste s\u00e1bado (06\/06). Segundo a Secretaria de Estado [&hellip;]\" \/>\n<meta property=\"og:url\" content=\"https:\/\/aconteceunovale.com.br\/portal\/?p=60603\" \/>\n<meta property=\"og:site_name\" content=\"Aconteceu no Vale\" \/>\n<meta property=\"article:publisher\" content=\"https:\/\/www.facebook.com\/aconteceunovale\/\" \/>\n<meta property=\"article:published_time\" content=\"2015-06-06T20:11:07+00:00\" \/>\n<meta property=\"article:modified_time\" content=\"2015-06-06T21:42:12+00:00\" \/>\n<meta property=\"og:image\" content=\"https:\/\/aconteceunovale.com.br\/portal\/wp-content\/uploads\/2015\/06\/rebeliao_gv_6_6_3.jpg\" \/>\n\t<meta property=\"og:image:width\" content=\"678\" \/>\n\t<meta property=\"og:image:height\" content=\"436\" \/>\n\t<meta property=\"og:image:type\" content=\"image\/jpeg\" \/>\n<meta name=\"author\" content=\"Aconteceu no Vale\" \/>\n<meta name=\"twitter:card\" content=\"summary_large_image\" \/>\n<meta name=\"twitter:creator\" content=\"@noticiadosvales\" \/>\n<meta name=\"twitter:site\" content=\"@noticiadosvales\" \/>\n<meta name=\"twitter:label1\" content=\"Escrito por\" \/>\n\t<meta name=\"twitter:data1\" content=\"Aconteceu no Vale\" \/>\n\t<meta name=\"twitter:label2\" content=\"Est. tempo de leitura\" \/>\n\t<meta name=\"twitter:data2\" content=\"3 minutos\" \/>\n<script type=\"application\/ld+json\" class=\"yoast-schema-graph\">{\"@context\":\"https:\\\/\\\/schema.org\",\"@graph\":[{\"@type\":\"Article\",\"@id\":\"https:\\\/\\\/aconteceunovale.com.br\\\/portal\\\/?p=60603#article\",\"isPartOf\":{\"@id\":\"https:\\\/\\\/aconteceunovale.com.br\\\/portal\\\/?p=60603\"},\"author\":{\"name\":\"Aconteceu no Vale\",\"@id\":\"https:\\\/\\\/aconteceunovale.com.br\\\/portal\\\/#\\\/schema\\\/person\\\/633529146f2c94272bef50ac2953d589\"},\"headline\":\"Detentos fazem rebeli\u00e3o no pres\u00eddio de Governador Valadares\",\"datePublished\":\"2015-06-06T20:11:07+00:00\",\"dateModified\":\"2015-06-06T21:42:12+00:00\",\"mainEntityOfPage\":{\"@id\":\"https:\\\/\\\/aconteceunovale.com.br\\\/portal\\\/?p=60603\"},\"wordCount\":624,\"commentCount\":0,\"image\":{\"@id\":\"https:\\\/\\\/aconteceunovale.com.br\\\/portal\\\/?p=60603#primaryimage\"},\"thumbnailUrl\":\"https:\\\/\\\/aconteceunovale.com.br\\\/portal\\\/wp-content\\\/uploads\\\/2015\\\/06\\\/rebeliao_gv_6_6_3.jpg\",\"keywords\":[\"Ageu Jos\u00e9 Pinto\",\"Conselho de Direitos humanos de Valadares\",\"Detentos fazem rebeli\u00e3o no pres\u00eddio de Governador Valadares\",\"Elias Souto\",\"Governador Valadares\",\"juiz da vara criminal de Valadares\",\"presidente da OAB de Governador Valadares\",\"Pres\u00eddio de Governador Valadares\",\"rebeli\u00e3o em Governador Valadares\",\"rebeli\u00e3o no pres\u00eddio de Governador Valadares\",\"Tiago Cabral\"],\"articleSection\":[\"Leste de Minas\"],\"inLanguage\":\"pt-BR\",\"potentialAction\":[{\"@type\":\"CommentAction\",\"name\":\"Comment\",\"target\":[\"https:\\\/\\\/aconteceunovale.com.br\\\/portal\\\/?p=60603#respond\"]}]},{\"@type\":\"WebPage\",\"@id\":\"https:\\\/\\\/aconteceunovale.com.br\\\/portal\\\/?p=60603\",\"url\":\"https:\\\/\\\/aconteceunovale.com.br\\\/portal\\\/?p=60603\",\"name\":\"Detentos fazem rebeli\u00e3o no pres\u00eddio de Governador Valadares - Aconteceu no Vale\",\"isPartOf\":{\"@id\":\"https:\\\/\\\/aconteceunovale.com.br\\\/portal\\\/#website\"},\"primaryImageOfPage\":{\"@id\":\"https:\\\/\\\/aconteceunovale.com.br\\\/portal\\\/?p=60603#primaryimage\"},\"image\":{\"@id\":\"https:\\\/\\\/aconteceunovale.com.br\\\/portal\\\/?p=60603#primaryimage\"},\"thumbnailUrl\":\"https:\\\/\\\/aconteceunovale.com.br\\\/portal\\\/wp-content\\\/uploads\\\/2015\\\/06\\\/rebeliao_gv_6_6_3.jpg\",\"datePublished\":\"2015-06-06T20:11:07+00:00\",\"dateModified\":\"2015-06-06T21:42:12+00:00\",\"author\":{\"@id\":\"https:\\\/\\\/aconteceunovale.com.br\\\/portal\\\/#\\\/schema\\\/person\\\/633529146f2c94272bef50ac2953d589\"},\"breadcrumb\":{\"@id\":\"https:\\\/\\\/aconteceunovale.com.br\\\/portal\\\/?p=60603#breadcrumb\"},\"inLanguage\":\"pt-BR\",\"potentialAction\":[{\"@type\":\"ReadAction\",\"target\":[\"https:\\\/\\\/aconteceunovale.com.br\\\/portal\\\/?p=60603\"]}]},{\"@type\":\"ImageObject\",\"inLanguage\":\"pt-BR\",\"@id\":\"https:\\\/\\\/aconteceunovale.com.br\\\/portal\\\/?p=60603#primaryimage\",\"url\":\"https:\\\/\\\/aconteceunovale.com.br\\\/portal\\\/wp-content\\\/uploads\\\/2015\\\/06\\\/rebeliao_gv_6_6_3.jpg\",\"contentUrl\":\"https:\\\/\\\/aconteceunovale.com.br\\\/portal\\\/wp-content\\\/uploads\\\/2015\\\/06\\\/rebeliao_gv_6_6_3.jpg\",\"width\":678,\"height\":436},{\"@type\":\"BreadcrumbList\",\"@id\":\"https:\\\/\\\/aconteceunovale.com.br\\\/portal\\\/?p=60603#breadcrumb\",\"itemListElement\":[{\"@type\":\"ListItem\",\"position\":1,\"name\":\"In\u00edcio\",\"item\":\"https:\\\/\\\/aconteceunovale.com.br\\\/portal\\\/\"},{\"@type\":\"ListItem\",\"position\":2,\"name\":\"Detentos fazem rebeli\u00e3o no pres\u00eddio de Governador Valadares\"}]},{\"@type\":\"WebSite\",\"@id\":\"https:\\\/\\\/aconteceunovale.com.br\\\/portal\\\/#website\",\"url\":\"https:\\\/\\\/aconteceunovale.com.br\\\/portal\\\/\",\"name\":\"Aconteceu no Vale\",\"description\":\"Portal de Not\u00edcias\",\"potentialAction\":[{\"@type\":\"SearchAction\",\"target\":{\"@type\":\"EntryPoint\",\"urlTemplate\":\"https:\\\/\\\/aconteceunovale.com.br\\\/portal\\\/?s={search_term_string}\"},\"query-input\":{\"@type\":\"PropertyValueSpecification\",\"valueRequired\":true,\"valueName\":\"search_term_string\"}}],\"inLanguage\":\"pt-BR\"},{\"@type\":\"Person\",\"@id\":\"https:\\\/\\\/aconteceunovale.com.br\\\/portal\\\/#\\\/schema\\\/person\\\/633529146f2c94272bef50ac2953d589\",\"name\":\"Aconteceu no Vale\",\"description\":\"Equipe de reportagem do Aconteceu no Vale, portal de not\u00edcias do Vale do Jequitinhonha, em Minas Gerais. Cobrimos as 51 cidades do Vale desde 2013. Sugest\u00f5es de pauta e pedidos de corre\u00e7\u00e3o: contato@aconteceunovale.com.br\",\"sameAs\":[\"http:\\\/\\\/www.aconteceunovale.com.br\"],\"url\":\"https:\\\/\\\/aconteceunovale.com.br\\\/portal\\\/?author=1\"}]}<\/script>\n<!-- \/ Yoast SEO plugin. -->","yoast_head_json":{"title":"Detentos fazem rebeli\u00e3o no pres\u00eddio de Governador Valadares - Aconteceu no Vale","robots":{"index":"index","follow":"follow","max-snippet":"max-snippet:-1","max-image-preview":"max-image-preview:large","max-video-preview":"max-video-preview:-1"},"canonical":"https:\/\/aconteceunovale.com.br\/portal\/?p=60603","og_locale":"pt_BR","og_type":"article","og_title":"Detentos fazem rebeli\u00e3o no pres\u00eddio de Governador Valadares - Aconteceu no Vale","og_description":"A\u00e7\u00e3o dos presos iniciou no hor\u00e1rio de visitas e os familiares foram feitos ref\u00e9ns. Pres\u00eddio tem capacidade para 290 presos e atualmente est\u00e1 com 800. Detentos de quatro pavilh\u00f5es do pres\u00eddio de Governador Valadares, no Leste de Minas Gerais, participam de uma rebeli\u00e3o desde as primeiras horas deste s\u00e1bado (06\/06). Segundo a Secretaria de Estado [&hellip;]","og_url":"https:\/\/aconteceunovale.com.br\/portal\/?p=60603","og_site_name":"Aconteceu no Vale","article_publisher":"https:\/\/www.facebook.com\/aconteceunovale\/","article_published_time":"2015-06-06T20:11:07+00:00","article_modified_time":"2015-06-06T21:42:12+00:00","og_image":[{"width":678,"height":436,"url":"https:\/\/aconteceunovale.com.br\/portal\/wp-content\/uploads\/2015\/06\/rebeliao_gv_6_6_3.jpg","type":"image\/jpeg"}],"author":"Aconteceu no Vale","twitter_card":"summary_large_image","twitter_creator":"@noticiadosvales","twitter_site":"@noticiadosvales","twitter_misc":{"Escrito por":"Aconteceu no Vale","Est. tempo de leitura":"3 minutos"},"schema":{"@context":"https:\/\/schema.org","@graph":[{"@type":"Article","@id":"https:\/\/aconteceunovale.com.br\/portal\/?p=60603#article","isPartOf":{"@id":"https:\/\/aconteceunovale.com.br\/portal\/?p=60603"},"author":{"name":"Aconteceu no Vale","@id":"https:\/\/aconteceunovale.com.br\/portal\/#\/schema\/person\/633529146f2c94272bef50ac2953d589"},"headline":"Detentos fazem rebeli\u00e3o no pres\u00eddio de Governador Valadares","datePublished":"2015-06-06T20:11:07+00:00","dateModified":"2015-06-06T21:42:12+00:00","mainEntityOfPage":{"@id":"https:\/\/aconteceunovale.com.br\/portal\/?p=60603"},"wordCount":624,"commentCount":0,"image":{"@id":"https:\/\/aconteceunovale.com.br\/portal\/?p=60603#primaryimage"},"thumbnailUrl":"https:\/\/aconteceunovale.com.br\/portal\/wp-content\/uploads\/2015\/06\/rebeliao_gv_6_6_3.jpg","keywords":["Ageu Jos\u00e9 Pinto","Conselho de Direitos humanos de Valadares","Detentos fazem rebeli\u00e3o no pres\u00eddio de Governador Valadares","Elias Souto","Governador Valadares","juiz da vara criminal de Valadares","presidente da OAB de Governador Valadares","Pres\u00eddio de Governador Valadares","rebeli\u00e3o em Governador Valadares","rebeli\u00e3o no pres\u00eddio de Governador Valadares","Tiago Cabral"],"articleSection":["Leste de Minas"],"inLanguage":"pt-BR","potentialAction":[{"@type":"CommentAction","name":"Comment","target":["https:\/\/aconteceunovale.com.br\/portal\/?p=60603#respond"]}]},{"@type":"WebPage","@id":"https:\/\/aconteceunovale.com.br\/portal\/?p=60603","url":"https:\/\/aconteceunovale.com.br\/portal\/?p=60603","name":"Detentos fazem rebeli\u00e3o no pres\u00eddio de Governador Valadares - Aconteceu no Vale","isPartOf":{"@id":"https:\/\/aconteceunovale.com.br\/portal\/#website"},"primaryImageOfPage":{"@id":"https:\/\/aconteceunovale.com.br\/portal\/?p=60603#primaryimage"},"image":{"@id":"https:\/\/aconteceunovale.com.br\/portal\/?p=60603#primaryimage"},"thumbnailUrl":"https:\/\/aconteceunovale.com.br\/portal\/wp-content\/uploads\/2015\/06\/rebeliao_gv_6_6_3.jpg","datePublished":"2015-06-06T20:11:07+00:00","dateModified":"2015-06-06T21:42:12+00:00","author":{"@id":"https:\/\/aconteceunovale.com.br\/portal\/#\/schema\/person\/633529146f2c94272bef50ac2953d589"},"breadcrumb":{"@id":"https:\/\/aconteceunovale.com.br\/portal\/?p=60603#breadcrumb"},"inLanguage":"pt-BR","potentialAction":[{"@type":"ReadAction","target":["https:\/\/aconteceunovale.com.br\/portal\/?p=60603"]}]},{"@type":"ImageObject","inLanguage":"pt-BR","@id":"https:\/\/aconteceunovale.com.br\/portal\/?p=60603#primaryimage","url":"https:\/\/aconteceunovale.com.br\/portal\/wp-content\/uploads\/2015\/06\/rebeliao_gv_6_6_3.jpg","contentUrl":"https:\/\/aconteceunovale.com.br\/portal\/wp-content\/uploads\/2015\/06\/rebeliao_gv_6_6_3.jpg","width":678,"height":436},{"@type":"BreadcrumbList","@id":"https:\/\/aconteceunovale.com.br\/portal\/?p=60603#breadcrumb","itemListElement":[{"@type":"ListItem","position":1,"name":"In\u00edcio","item":"https:\/\/aconteceunovale.com.br\/portal\/"},{"@type":"ListItem","position":2,"name":"Detentos fazem rebeli\u00e3o no pres\u00eddio de Governador Valadares"}]},{"@type":"WebSite","@id":"https:\/\/aconteceunovale.com.br\/portal\/#website","url":"https:\/\/aconteceunovale.com.br\/portal\/","name":"Aconteceu no Vale","description":"Portal de Not\u00edcias","potentialAction":[{"@type":"SearchAction","target":{"@type":"EntryPoint","urlTemplate":"https:\/\/aconteceunovale.com.br\/portal\/?s={search_term_string}"},"query-input":{"@type":"PropertyValueSpecification","valueRequired":true,"valueName":"search_term_string"}}],"inLanguage":"pt-BR"},{"@type":"Person","@id":"https:\/\/aconteceunovale.com.br\/portal\/#\/schema\/person\/633529146f2c94272bef50ac2953d589","name":"Aconteceu no Vale","description":"Equipe de reportagem do Aconteceu no Vale, portal de not\u00edcias do Vale do Jequitinhonha, em Minas Gerais. Cobrimos as 51 cidades do Vale desde 2013. Sugest\u00f5es de pauta e pedidos de corre\u00e7\u00e3o: contato@aconteceunovale.com.br","sameAs":["http:\/\/www.aconteceunovale.com.br"],"url":"https:\/\/aconteceunovale.com.br\/portal\/?author=1"}]}},"_links":{"self":[{"href":"https:\/\/aconteceunovale.com.br\/portal\/index.php?rest_route=\/wp\/v2\/posts\/60603","targetHints":{"allow":["GET"]}}],"collection":[{"href":"https:\/\/aconteceunovale.com.br\/portal\/index.php?rest_route=\/wp\/v2\/posts"}],"about":[{"href":"https:\/\/aconteceunovale.com.br\/portal\/index.php?rest_route=\/wp\/v2\/types\/post"}],"author":[{"embeddable":true,"href":"https:\/\/aconteceunovale.com.br\/portal\/index.php?rest_route=\/wp\/v2\/users\/1"}],"replies":[{"embeddable":true,"href":"https:\/\/aconteceunovale.com.br\/portal\/index.php?rest_route=%2Fwp%2Fv2%2Fcomments&post=60603"}],"version-history":[{"count":0,"href":"https:\/\/aconteceunovale.com.br\/portal\/index.php?rest_route=\/wp\/v2\/posts\/60603\/revisions"}],"wp:featuredmedia":[{"embeddable":true,"href":"https:\/\/aconteceunovale.com.br\/portal\/index.php?rest_route=\/wp\/v2\/media\/60606"}],"wp:attachment":[{"href":"https:\/\/aconteceunovale.com.br\/portal\/index.php?rest_route=%2Fwp%2Fv2%2Fmedia&parent=60603"}],"wp:term":[{"taxonomy":"category","embeddable":true,"href":"https:\/\/aconteceunovale.com.br\/portal\/index.php?rest_route=%2Fwp%2Fv2%2Fcategories&post=60603"},{"taxonomy":"post_tag","embeddable":true,"href":"https:\/\/aconteceunovale.com.br\/portal\/index.php?rest_route=%2Fwp%2Fv2%2Ftags&post=60603"}],"curies":[{"name":"wp","href":"https:\/\/api.w.org\/{rel}","templated":true}]}}