{"id":60600,"date":"2015-06-06T11:40:10","date_gmt":"2015-06-06T14:40:10","guid":{"rendered":"http:\/\/aconteceunovale.com.br\/portal\/?p=60600"},"modified":"2026-09-02T11:47:32","modified_gmt":"2026-09-02T14:47:32","slug":"banda-cidade-aerea-se-apresenta-em-capelinha-apos-9-anos","status":"publish","type":"post","link":"https:\/\/aconteceunovale.com.br\/portal\/?p=60600","title":{"rendered":"Banda Cidade A\u00e9rea se apresenta em Capelinha ap\u00f3s 9 anos"},"content":{"rendered":"<p>Uma combina\u00e7\u00e3o do peso roqueiro, m\u00fasicas pr\u00f3prias de boa qualidade e a for\u00e7a do repert\u00f3rio do melhor do rock fez com que a banda Cidade A\u00e9rea, que surgira em 1997, marcasse gera\u00e7\u00e3o em boa parte de Minas Gerais.<\/p>\n<p>Na \u00e9poca, o grupo capelinhense era formado por Rondy (guitarra e voz), Guinho (bateria), Frank (baixo e voz) e Nenka (guitarra e voz). Eles gravaram o CD Cidade A\u00e9rea, no renomado est\u00fadio Triade e entre os sucessos estavam as m\u00fasicas Cidade A\u00e9rea e Jovem Sonhador, que embalaram r\u00e1dios e festas. <\/p>\n<p>A banda passou por uma reformula\u00e7\u00e3o, mas sem perder o estilo. Em 2008 foi lan\u00e7ado o CD Cidade A\u00e9rea ao vivo em BH. No \u00e1lbum, os m\u00fasicos reviveram todos os sucessos do grupo e sucessos de bandas renomadas do cen\u00e1rio do rock.<\/p>\n<p>No dia 13 de abril, a banda Cidade A\u00e9rea se apresentar\u00e1 no evento \u201cOs Brahmeiros\u201d, em Capelinha, ap\u00f3s 9 anos sem subir em palcos da cidade. \u201cEstamos com saudades do p\u00fablico, que fizeram parte da nossa hist\u00f3ria. Convidamos a todos para que seja uma noite de reencontro, com o bom e velho rock in roll.\u201d O evento tamb\u00e9m ter\u00e1 o show da dupla sertaneja Wilson Costa &#038; Ademir.<\/p>\n<p>\u201cOs Brahmeiros\u201d \u00e9 um evento open bar de cerveja Brahma, catuaba, \u00e1gua e refrigerante. Os ingressos s\u00e3o limitados, podendo ser adquiridos nos postos de vendas: Padaria P\u00e3o de Mel e Cellmax, ou com os vendedores credenciados: Eliane Sampaio (33) 9155-1312, Duda (33) 9104-1972 e Seven (33) 9115-6143. A realiza\u00e7\u00e3o \u00e9 da Associa\u00e7\u00e3o de Pais e Amigos dos Excepcionais (APAE) de Capelinha.<\/p>\n<p><img decoding=\"async\" src=\"http:\/\/aconteceunovale.com.br\/portal\/wp-content\/uploads\/2015\/06\/os_brameiros_cap.jpg\" alt=\"\" \/><\/p>\n","protected":false},"excerpt":{"rendered":"<p>Uma combina\u00e7\u00e3o do peso roqueiro, m\u00fasicas pr\u00f3prias de boa qualidade e a for\u00e7a do repert\u00f3rio do melhor do rock fez com que a banda Cidade A\u00e9rea, que surgira em 1997, marcasse gera\u00e7\u00e3o em boa parte de Minas Gerais. Na \u00e9poca, o grupo capelinhense era formado por Rondy (guitarra e voz), Guinho (bateria), Frank (baixo e [&hellip;]<\/p>\n","protected":false},"author":1,"featured_media":60599,"comment_status":"open","ping_status":"closed","sticky":false,"template":"","format":"standard","meta":{"amp_status":"","footnotes":""},"categories":[272535,125,120],"tags":[47384,47383,47387,47388,47385,47386],"class_list":["post-60600","post","type-post","status-publish","format-standard","has-post-thumbnail","hentry","category-capelinha","category-noticias","category-jequi","tag-banda-cidade-aerea","tag-banda-cidade-aerea-se-apresenta-em-capelinha-apos-9-anos","tag-festa-os-brahmeiros-em-capelinha","tag-ingressos-para-os-brahmeiros-em-capelinha","tag-os-brahmeiros","tag-os-brahmeiros-em-capelinha"],"yoast_head":"<!-- This site is optimized with the Yoast SEO plugin v28.3 - https:\/\/yoast.com\/product\/yoast-seo-wordpress\/ -->\n<title>Banda Cidade A\u00e9rea se apresenta em Capelinha ap\u00f3s 9 anos - Aconteceu no Vale<\/title>\n<meta name=\"robots\" content=\"index, follow, max-snippet:-1, max-image-preview:large, max-video-preview:-1\" \/>\n<link rel=\"canonical\" href=\"https:\/\/aconteceunovale.com.br\/portal\/?p=60600\" \/>\n<meta property=\"og:locale\" content=\"pt_BR\" \/>\n<meta property=\"og:type\" content=\"article\" \/>\n<meta property=\"og:title\" content=\"Banda Cidade A\u00e9rea se apresenta em Capelinha ap\u00f3s 9 anos - Aconteceu no Vale\" \/>\n<meta property=\"og:description\" content=\"Uma combina\u00e7\u00e3o do peso roqueiro, m\u00fasicas pr\u00f3prias de boa qualidade e a for\u00e7a do repert\u00f3rio do melhor do rock fez com que a banda Cidade A\u00e9rea, que surgira em 1997, marcasse gera\u00e7\u00e3o em boa parte de Minas Gerais. Na \u00e9poca, o grupo capelinhense era formado por Rondy (guitarra e voz), Guinho (bateria), Frank (baixo e [&hellip;]\" \/>\n<meta property=\"og:url\" content=\"https:\/\/aconteceunovale.com.br\/portal\/?p=60600\" \/>\n<meta property=\"og:site_name\" content=\"Aconteceu no Vale\" \/>\n<meta property=\"article:publisher\" content=\"https:\/\/www.facebook.com\/aconteceunovale\/\" \/>\n<meta property=\"article:published_time\" content=\"2015-06-06T14:40:10+00:00\" \/>\n<meta property=\"article:modified_time\" content=\"2026-09-02T14:47:32+00:00\" \/>\n<meta property=\"og:image\" content=\"https:\/\/aconteceunovale.com.br\/portal\/wp-content\/uploads\/2015\/06\/brameiros_banner_lateral.jpg\" \/>\n\t<meta property=\"og:image:width\" content=\"300\" \/>\n\t<meta property=\"og:image:height\" content=\"200\" \/>\n\t<meta property=\"og:image:type\" content=\"image\/jpeg\" \/>\n<meta name=\"author\" content=\"Aconteceu no Vale\" \/>\n<meta name=\"twitter:card\" content=\"summary_large_image\" \/>\n<meta name=\"twitter:creator\" content=\"@noticiadosvales\" \/>\n<meta name=\"twitter:site\" content=\"@noticiadosvales\" \/>\n<meta name=\"twitter:label1\" content=\"Escrito por\" \/>\n\t<meta name=\"twitter:data1\" content=\"Aconteceu no Vale\" \/>\n\t<meta name=\"twitter:label2\" content=\"Est. tempo de leitura\" \/>\n\t<meta name=\"twitter:data2\" content=\"1 minuto\" \/>\n<script type=\"application\/ld+json\" class=\"yoast-schema-graph\">{\"@context\":\"https:\\\/\\\/schema.org\",\"@graph\":[{\"@type\":\"Article\",\"@id\":\"https:\\\/\\\/aconteceunovale.com.br\\\/portal\\\/?p=60600#article\",\"isPartOf\":{\"@id\":\"https:\\\/\\\/aconteceunovale.com.br\\\/portal\\\/?p=60600\"},\"author\":{\"name\":\"Aconteceu no Vale\",\"@id\":\"https:\\\/\\\/aconteceunovale.com.br\\\/portal\\\/#\\\/schema\\\/person\\\/633529146f2c94272bef50ac2953d589\"},\"headline\":\"Banda Cidade A\u00e9rea se apresenta em Capelinha ap\u00f3s 9 anos\",\"datePublished\":\"2015-06-06T14:40:10+00:00\",\"dateModified\":\"2026-09-02T14:47:32+00:00\",\"mainEntityOfPage\":{\"@id\":\"https:\\\/\\\/aconteceunovale.com.br\\\/portal\\\/?p=60600\"},\"wordCount\":286,\"commentCount\":0,\"image\":{\"@id\":\"https:\\\/\\\/aconteceunovale.com.br\\\/portal\\\/?p=60600#primaryimage\"},\"thumbnailUrl\":\"https:\\\/\\\/aconteceunovale.com.br\\\/portal\\\/wp-content\\\/uploads\\\/2015\\\/06\\\/brameiros_banner_lateral.jpg\",\"keywords\":[\"Banda Cidade A\u00e9rea\",\"Banda Cidade A\u00e9rea se apresenta em Capelinha ap\u00f3s 9 anos\",\"Festa Os brahmeiros em Capelinha\",\"ingressos para Os brahmeiros em Capelinha\",\"Os brahmeiros\",\"Os brahmeiros em Capelinha\"],\"articleSection\":[\"Capelinha\",\"Eventos\",\"Vale do Jequitinhonha\"],\"inLanguage\":\"pt-BR\",\"potentialAction\":[{\"@type\":\"CommentAction\",\"name\":\"Comment\",\"target\":[\"https:\\\/\\\/aconteceunovale.com.br\\\/portal\\\/?p=60600#respond\"]}]},{\"@type\":\"WebPage\",\"@id\":\"https:\\\/\\\/aconteceunovale.com.br\\\/portal\\\/?p=60600\",\"url\":\"https:\\\/\\\/aconteceunovale.com.br\\\/portal\\\/?p=60600\",\"name\":\"Banda Cidade A\u00e9rea se apresenta em Capelinha ap\u00f3s 9 anos - Aconteceu no Vale\",\"isPartOf\":{\"@id\":\"https:\\\/\\\/aconteceunovale.com.br\\\/portal\\\/#website\"},\"primaryImageOfPage\":{\"@id\":\"https:\\\/\\\/aconteceunovale.com.br\\\/portal\\\/?p=60600#primaryimage\"},\"image\":{\"@id\":\"https:\\\/\\\/aconteceunovale.com.br\\\/portal\\\/?p=60600#primaryimage\"},\"thumbnailUrl\":\"https:\\\/\\\/aconteceunovale.com.br\\\/portal\\\/wp-content\\\/uploads\\\/2015\\\/06\\\/brameiros_banner_lateral.jpg\",\"datePublished\":\"2015-06-06T14:40:10+00:00\",\"dateModified\":\"2026-09-02T14:47:32+00:00\",\"author\":{\"@id\":\"https:\\\/\\\/aconteceunovale.com.br\\\/portal\\\/#\\\/schema\\\/person\\\/633529146f2c94272bef50ac2953d589\"},\"breadcrumb\":{\"@id\":\"https:\\\/\\\/aconteceunovale.com.br\\\/portal\\\/?p=60600#breadcrumb\"},\"inLanguage\":\"pt-BR\",\"potentialAction\":[{\"@type\":\"ReadAction\",\"target\":[\"https:\\\/\\\/aconteceunovale.com.br\\\/portal\\\/?p=60600\"]}]},{\"@type\":\"ImageObject\",\"inLanguage\":\"pt-BR\",\"@id\":\"https:\\\/\\\/aconteceunovale.com.br\\\/portal\\\/?p=60600#primaryimage\",\"url\":\"https:\\\/\\\/aconteceunovale.com.br\\\/portal\\\/wp-content\\\/uploads\\\/2015\\\/06\\\/brameiros_banner_lateral.jpg\",\"contentUrl\":\"https:\\\/\\\/aconteceunovale.com.br\\\/portal\\\/wp-content\\\/uploads\\\/2015\\\/06\\\/brameiros_banner_lateral.jpg\",\"width\":300,\"height\":200},{\"@type\":\"BreadcrumbList\",\"@id\":\"https:\\\/\\\/aconteceunovale.com.br\\\/portal\\\/?p=60600#breadcrumb\",\"itemListElement\":[{\"@type\":\"ListItem\",\"position\":1,\"name\":\"In\u00edcio\",\"item\":\"https:\\\/\\\/aconteceunovale.com.br\\\/portal\\\/\"},{\"@type\":\"ListItem\",\"position\":2,\"name\":\"Banda Cidade A\u00e9rea se apresenta em Capelinha ap\u00f3s 9 anos\"}]},{\"@type\":\"WebSite\",\"@id\":\"https:\\\/\\\/aconteceunovale.com.br\\\/portal\\\/#website\",\"url\":\"https:\\\/\\\/aconteceunovale.com.br\\\/portal\\\/\",\"name\":\"Aconteceu no Vale\",\"description\":\"Portal de Not\u00edcias\",\"potentialAction\":[{\"@type\":\"SearchAction\",\"target\":{\"@type\":\"EntryPoint\",\"urlTemplate\":\"https:\\\/\\\/aconteceunovale.com.br\\\/portal\\\/?s={search_term_string}\"},\"query-input\":{\"@type\":\"PropertyValueSpecification\",\"valueRequired\":true,\"valueName\":\"search_term_string\"}}],\"inLanguage\":\"pt-BR\"},{\"@type\":\"Person\",\"@id\":\"https:\\\/\\\/aconteceunovale.com.br\\\/portal\\\/#\\\/schema\\\/person\\\/633529146f2c94272bef50ac2953d589\",\"name\":\"Aconteceu no Vale\",\"description\":\"Equipe de reportagem do Aconteceu no Vale, portal de not\u00edcias do Vale do Jequitinhonha, em Minas Gerais. Cobrimos as 51 cidades do Vale desde 2013. Sugest\u00f5es de pauta e pedidos de corre\u00e7\u00e3o: contato@aconteceunovale.com.br\",\"sameAs\":[\"http:\\\/\\\/www.aconteceunovale.com.br\"],\"url\":\"https:\\\/\\\/aconteceunovale.com.br\\\/portal\\\/?author=1\"}]}<\/script>\n<!-- \/ Yoast SEO plugin. -->","yoast_head_json":{"title":"Banda Cidade A\u00e9rea se apresenta em Capelinha ap\u00f3s 9 anos - Aconteceu no Vale","robots":{"index":"index","follow":"follow","max-snippet":"max-snippet:-1","max-image-preview":"max-image-preview:large","max-video-preview":"max-video-preview:-1"},"canonical":"https:\/\/aconteceunovale.com.br\/portal\/?p=60600","og_locale":"pt_BR","og_type":"article","og_title":"Banda Cidade A\u00e9rea se apresenta em Capelinha ap\u00f3s 9 anos - Aconteceu no Vale","og_description":"Uma combina\u00e7\u00e3o do peso roqueiro, m\u00fasicas pr\u00f3prias de boa qualidade e a for\u00e7a do repert\u00f3rio do melhor do rock fez com que a banda Cidade A\u00e9rea, que surgira em 1997, marcasse gera\u00e7\u00e3o em boa parte de Minas Gerais. Na \u00e9poca, o grupo capelinhense era formado por Rondy (guitarra e voz), Guinho (bateria), Frank (baixo e [&hellip;]","og_url":"https:\/\/aconteceunovale.com.br\/portal\/?p=60600","og_site_name":"Aconteceu no Vale","article_publisher":"https:\/\/www.facebook.com\/aconteceunovale\/","article_published_time":"2015-06-06T14:40:10+00:00","article_modified_time":"2026-09-02T14:47:32+00:00","og_image":[{"width":300,"height":200,"url":"https:\/\/aconteceunovale.com.br\/portal\/wp-content\/uploads\/2015\/06\/brameiros_banner_lateral.jpg","type":"image\/jpeg"}],"author":"Aconteceu no Vale","twitter_card":"summary_large_image","twitter_creator":"@noticiadosvales","twitter_site":"@noticiadosvales","twitter_misc":{"Escrito por":"Aconteceu no Vale","Est. tempo de leitura":"1 minuto"},"schema":{"@context":"https:\/\/schema.org","@graph":[{"@type":"Article","@id":"https:\/\/aconteceunovale.com.br\/portal\/?p=60600#article","isPartOf":{"@id":"https:\/\/aconteceunovale.com.br\/portal\/?p=60600"},"author":{"name":"Aconteceu no Vale","@id":"https:\/\/aconteceunovale.com.br\/portal\/#\/schema\/person\/633529146f2c94272bef50ac2953d589"},"headline":"Banda Cidade A\u00e9rea se apresenta em Capelinha ap\u00f3s 9 anos","datePublished":"2015-06-06T14:40:10+00:00","dateModified":"2026-09-02T14:47:32+00:00","mainEntityOfPage":{"@id":"https:\/\/aconteceunovale.com.br\/portal\/?p=60600"},"wordCount":286,"commentCount":0,"image":{"@id":"https:\/\/aconteceunovale.com.br\/portal\/?p=60600#primaryimage"},"thumbnailUrl":"https:\/\/aconteceunovale.com.br\/portal\/wp-content\/uploads\/2015\/06\/brameiros_banner_lateral.jpg","keywords":["Banda Cidade A\u00e9rea","Banda Cidade A\u00e9rea se apresenta em Capelinha ap\u00f3s 9 anos","Festa Os brahmeiros em Capelinha","ingressos para Os brahmeiros em Capelinha","Os brahmeiros","Os brahmeiros em Capelinha"],"articleSection":["Capelinha","Eventos","Vale do Jequitinhonha"],"inLanguage":"pt-BR","potentialAction":[{"@type":"CommentAction","name":"Comment","target":["https:\/\/aconteceunovale.com.br\/portal\/?p=60600#respond"]}]},{"@type":"WebPage","@id":"https:\/\/aconteceunovale.com.br\/portal\/?p=60600","url":"https:\/\/aconteceunovale.com.br\/portal\/?p=60600","name":"Banda Cidade A\u00e9rea se apresenta em Capelinha ap\u00f3s 9 anos - Aconteceu no Vale","isPartOf":{"@id":"https:\/\/aconteceunovale.com.br\/portal\/#website"},"primaryImageOfPage":{"@id":"https:\/\/aconteceunovale.com.br\/portal\/?p=60600#primaryimage"},"image":{"@id":"https:\/\/aconteceunovale.com.br\/portal\/?p=60600#primaryimage"},"thumbnailUrl":"https:\/\/aconteceunovale.com.br\/portal\/wp-content\/uploads\/2015\/06\/brameiros_banner_lateral.jpg","datePublished":"2015-06-06T14:40:10+00:00","dateModified":"2026-09-02T14:47:32+00:00","author":{"@id":"https:\/\/aconteceunovale.com.br\/portal\/#\/schema\/person\/633529146f2c94272bef50ac2953d589"},"breadcrumb":{"@id":"https:\/\/aconteceunovale.com.br\/portal\/?p=60600#breadcrumb"},"inLanguage":"pt-BR","potentialAction":[{"@type":"ReadAction","target":["https:\/\/aconteceunovale.com.br\/portal\/?p=60600"]}]},{"@type":"ImageObject","inLanguage":"pt-BR","@id":"https:\/\/aconteceunovale.com.br\/portal\/?p=60600#primaryimage","url":"https:\/\/aconteceunovale.com.br\/portal\/wp-content\/uploads\/2015\/06\/brameiros_banner_lateral.jpg","contentUrl":"https:\/\/aconteceunovale.com.br\/portal\/wp-content\/uploads\/2015\/06\/brameiros_banner_lateral.jpg","width":300,"height":200},{"@type":"BreadcrumbList","@id":"https:\/\/aconteceunovale.com.br\/portal\/?p=60600#breadcrumb","itemListElement":[{"@type":"ListItem","position":1,"name":"In\u00edcio","item":"https:\/\/aconteceunovale.com.br\/portal\/"},{"@type":"ListItem","position":2,"name":"Banda Cidade A\u00e9rea se apresenta em Capelinha ap\u00f3s 9 anos"}]},{"@type":"WebSite","@id":"https:\/\/aconteceunovale.com.br\/portal\/#website","url":"https:\/\/aconteceunovale.com.br\/portal\/","name":"Aconteceu no Vale","description":"Portal de Not\u00edcias","potentialAction":[{"@type":"SearchAction","target":{"@type":"EntryPoint","urlTemplate":"https:\/\/aconteceunovale.com.br\/portal\/?s={search_term_string}"},"query-input":{"@type":"PropertyValueSpecification","valueRequired":true,"valueName":"search_term_string"}}],"inLanguage":"pt-BR"},{"@type":"Person","@id":"https:\/\/aconteceunovale.com.br\/portal\/#\/schema\/person\/633529146f2c94272bef50ac2953d589","name":"Aconteceu no Vale","description":"Equipe de reportagem do Aconteceu no Vale, portal de not\u00edcias do Vale do Jequitinhonha, em Minas Gerais. Cobrimos as 51 cidades do Vale desde 2013. Sugest\u00f5es de pauta e pedidos de corre\u00e7\u00e3o: contato@aconteceunovale.com.br","sameAs":["http:\/\/www.aconteceunovale.com.br"],"url":"https:\/\/aconteceunovale.com.br\/portal\/?author=1"}]}},"_links":{"self":[{"href":"https:\/\/aconteceunovale.com.br\/portal\/index.php?rest_route=\/wp\/v2\/posts\/60600","targetHints":{"allow":["GET"]}}],"collection":[{"href":"https:\/\/aconteceunovale.com.br\/portal\/index.php?rest_route=\/wp\/v2\/posts"}],"about":[{"href":"https:\/\/aconteceunovale.com.br\/portal\/index.php?rest_route=\/wp\/v2\/types\/post"}],"author":[{"embeddable":true,"href":"https:\/\/aconteceunovale.com.br\/portal\/index.php?rest_route=\/wp\/v2\/users\/1"}],"replies":[{"embeddable":true,"href":"https:\/\/aconteceunovale.com.br\/portal\/index.php?rest_route=%2Fwp%2Fv2%2Fcomments&post=60600"}],"version-history":[{"count":1,"href":"https:\/\/aconteceunovale.com.br\/portal\/index.php?rest_route=\/wp\/v2\/posts\/60600\/revisions"}],"predecessor-version":[{"id":198603,"href":"https:\/\/aconteceunovale.com.br\/portal\/index.php?rest_route=\/wp\/v2\/posts\/60600\/revisions\/198603"}],"wp:featuredmedia":[{"embeddable":true,"href":"https:\/\/aconteceunovale.com.br\/portal\/index.php?rest_route=\/wp\/v2\/media\/60599"}],"wp:attachment":[{"href":"https:\/\/aconteceunovale.com.br\/portal\/index.php?rest_route=%2Fwp%2Fv2%2Fmedia&parent=60600"}],"wp:term":[{"taxonomy":"category","embeddable":true,"href":"https:\/\/aconteceunovale.com.br\/portal\/index.php?rest_route=%2Fwp%2Fv2%2Fcategories&post=60600"},{"taxonomy":"post_tag","embeddable":true,"href":"https:\/\/aconteceunovale.com.br\/portal\/index.php?rest_route=%2Fwp%2Fv2%2Ftags&post=60600"}],"curies":[{"name":"wp","href":"https:\/\/api.w.org\/{rel}","templated":true}]}}