{"id":60587,"date":"2015-06-06T11:17:51","date_gmt":"2015-06-06T14:17:51","guid":{"rendered":"http:\/\/aconteceunovale.com.br\/portal\/?p=60587"},"modified":"2015-06-06T11:17:51","modified_gmt":"2015-06-06T14:17:51","slug":"ladroes-invadem-antigo-mercado-municipal-e-colocam-fogo-em-mercearia-em-almenara","status":"publish","type":"post","link":"https:\/\/aconteceunovale.com.br\/portal\/?p=60587","title":{"rendered":"Ladr\u00f5es invadem antigo Mercado Municipal e colocam fogo em mercearia em Almenara"},"content":{"rendered":"<h4><strong><em>Fogo foi controlado pela Pol\u00edcia Militar, juntamente com moradores. Ningu\u00e9m ficou ferido.<\/em><\/strong><\/h4>\n<p>Uma mercearia foi destru\u00edda por um inc\u00eandio na madrugada deste s\u00e1bado, 6 de junho, no antigo mercado municipal de Almenara, no Vale do Jequitinhonha. De acordo com informa\u00e7\u00f5es, indiv\u00edduos entraram por um port\u00e3o ao lado de uma pastelaria e arrombaram estabelecimentos comerciais.<\/p>\n<p>Durante a a\u00e7\u00e3o criminosa, um dos com\u00e9rcios atacados foi incendiado. A Pol\u00edcia Militar, juntamente com populares, utilizaram baldes e controlaram as chamas. Um caminh\u00e3o pipa da prefeitura tamb\u00e9m foi utilizado.<\/p>\n<p><img decoding=\"async\" src=\"http:\/\/aconteceunovale.com.br\/portal\/wp-content\/uploads\/2015\/06\/incendio_merceria_almenara_2.jpg\" alt=\"\" \/><\/p>\n<p><img decoding=\"async\" src=\"http:\/\/aconteceunovale.com.br\/portal\/wp-content\/uploads\/2015\/06\/incendio_merceria_almenara_3.jpg\" alt=\"\" \/><\/p>\n<p><img decoding=\"async\" src=\"http:\/\/aconteceunovale.com.br\/portal\/wp-content\/uploads\/2015\/06\/incendio_merceria_almenara_4.jpg\" alt=\"\" \/><\/p>\n<p><img decoding=\"async\" src=\"http:\/\/aconteceunovale.com.br\/portal\/wp-content\/uploads\/2015\/06\/incendio_merceria_almenara_5.jpg\" alt=\"\" \/><\/p>\n<p><img decoding=\"async\" src=\"http:\/\/aconteceunovale.com.br\/portal\/wp-content\/uploads\/2015\/06\/incendio_merceria_almenara_6.jpg\" alt=\"\" \/><\/p>\n<p><img decoding=\"async\" src=\"http:\/\/aconteceunovale.com.br\/portal\/wp-content\/uploads\/2015\/06\/incendio_merceria_almenara_7.jpg\" alt=\"\" \/><\/p>\n<p><img decoding=\"async\" src=\"http:\/\/aconteceunovale.com.br\/portal\/wp-content\/uploads\/2015\/06\/incendio_merceria_almenara_8.jpg\" alt=\"\" \/><\/p>\n<p><img decoding=\"async\" src=\"http:\/\/aconteceunovale.com.br\/portal\/wp-content\/uploads\/2015\/06\/incendio_merceria_almenara_9.jpg\" alt=\"\" \/><\/p>\n<p><img decoding=\"async\" src=\"http:\/\/aconteceunovale.com.br\/portal\/wp-content\/uploads\/2015\/06\/incendio_merceria_almenara_10.jpg\" alt=\"\" \/><\/p>\n<p><em>(Fotos: Jornal do Tola \/ Facebook)<\/em><\/p>\n","protected":false},"excerpt":{"rendered":"<p>Fogo foi controlado pela Pol\u00edcia Militar, juntamente com moradores. Ningu\u00e9m ficou ferido. Uma mercearia foi destru\u00edda por um inc\u00eandio na madrugada deste s\u00e1bado, 6 de junho, no antigo mercado municipal de Almenara, no Vale do Jequitinhonha. De acordo com informa\u00e7\u00f5es, indiv\u00edduos entraram por um port\u00e3o ao lado de uma pastelaria e arrombaram estabelecimentos comerciais. Durante [&hellip;]<\/p>\n","protected":false},"author":1,"featured_media":60596,"comment_status":"open","ping_status":"closed","sticky":false,"template":"","format":"standard","meta":{"amp_status":"","footnotes":""},"categories":[120],"tags":[142,47382,47380,47381],"class_list":["post-60587","post","type-post","status-publish","format-standard","has-post-thumbnail","hentry","category-jequi","tag-almenara","tag-incendio-em-almenara","tag-ladroes-invadem-antigo-mercado-municipal-e-colocam-fogo-em-mercearia-em-almenara","tag-mercearia-destruida-por-incendio-em-almenara"],"_links":{"self":[{"href":"https:\/\/aconteceunovale.com.br\/portal\/index.php?rest_route=\/wp\/v2\/posts\/60587","targetHints":{"allow":["GET"]}}],"collection":[{"href":"https:\/\/aconteceunovale.com.br\/portal\/index.php?rest_route=\/wp\/v2\/posts"}],"about":[{"href":"https:\/\/aconteceunovale.com.br\/portal\/index.php?rest_route=\/wp\/v2\/types\/post"}],"author":[{"embeddable":true,"href":"https:\/\/aconteceunovale.com.br\/portal\/index.php?rest_route=\/wp\/v2\/users\/1"}],"replies":[{"embeddable":true,"href":"https:\/\/aconteceunovale.com.br\/portal\/index.php?rest_route=%2Fwp%2Fv2%2Fcomments&post=60587"}],"version-history":[{"count":0,"href":"https:\/\/aconteceunovale.com.br\/portal\/index.php?rest_route=\/wp\/v2\/posts\/60587\/revisions"}],"wp:featuredmedia":[{"embeddable":true,"href":"https:\/\/aconteceunovale.com.br\/portal\/index.php?rest_route=\/wp\/v2\/media\/60596"}],"wp:attachment":[{"href":"https:\/\/aconteceunovale.com.br\/portal\/index.php?rest_route=%2Fwp%2Fv2%2Fmedia&parent=60587"}],"wp:term":[{"taxonomy":"category","embeddable":true,"href":"https:\/\/aconteceunovale.com.br\/portal\/index.php?rest_route=%2Fwp%2Fv2%2Fcategories&post=60587"},{"taxonomy":"post_tag","embeddable":true,"href":"https:\/\/aconteceunovale.com.br\/portal\/index.php?rest_route=%2Fwp%2Fv2%2Ftags&post=60587"}],"curies":[{"name":"wp","href":"https:\/\/api.w.org\/{rel}","templated":true}]}}