{"id":60581,"date":"2015-06-06T10:21:11","date_gmt":"2015-06-06T13:21:11","guid":{"rendered":"http:\/\/aconteceunovale.com.br\/portal\/?p=60581"},"modified":"2015-06-06T10:21:11","modified_gmt":"2015-06-06T13:21:11","slug":"mulher-que-nasceu-no-vale-do-jequitinhonha-comemora-108-anos-de-vivencia","status":"publish","type":"post","link":"https:\/\/aconteceunovale.com.br\/portal\/?p=60581","title":{"rendered":"Mulher que nasceu no Vale do Jequitinhonha comemora 108 anos de viv\u00eancia"},"content":{"rendered":"<h4><strong><em>Mesmo aos 108 anos de idade, um pouco tr\u00eamula e com as vistas danificadas pelo tempo, Ana Martins ainda faz croch\u00ea e tric\u00f4.<\/em><\/strong><\/h4>\n<p>\u201cA \u00fanica coisa que pe\u00e7o a Deus \u00e9 sa\u00fade para eu continuar minha viv\u00eancia\u201d. Com uma leve dificuldade para falar, mas bastante l\u00facida, esse o sentimento de Ana Martins de Jesus, que j\u00e1 viveu mais de um s\u00e9culo. Aos 108 anos de vida, ela ainda quer continuar o que ela chama de \u201csua viv\u00eancia\u201d. Mas pondera, que quer isso, desde que tenha sa\u00fade. Ela \u00e9 uma das mulheres mais velhas da cidade.<\/p>\n<p><img decoding=\"async\" src=\"http:\/\/aconteceunovale.com.br\/portal\/wp-content\/uploads\/2015\/06\/idosa_ara.jpg\" alt=\"\" \/><em>Com muita alegria ela diz que ainda quer continuar sua viv\u00eancia &#8211; Foto: Moises Silva\/O Tempo<\/em><br \/>\n<\/br><\/p>\n<p>As v\u00e1rias rugas no rosto escondem as in\u00fameras hist\u00f3rias de vida de uma senhora que nasceu em Ara\u00e7ua\u00ed, no Vale do Jequitinhonha. De onde ela ainda guarda muitas lembran\u00e7as. \u201cL\u00e1 eu trabalhava na ro\u00e7a e tamb\u00e9m era dona de casa. A vida l\u00e1 era boa, mas tamb\u00e9m tinha muita pobreza\u201d, conta. Ela j\u00e1 nem se lembra em que ano veio pelo Belo Horizonte, mas se apaixonou pela cidade e foi nela que criou os sei filhos.<\/p>\n<p><em><strong>Veja o v\u00eddeo com idosa contando um pouco sobre sua vida: <\/strong><\/em><\/p>\n<p><iframe loading=\"lazy\" width=\"640\" height=\"360\" src=\"https:\/\/www.youtube.com\/embed\/SwDrFtDKiC4\" frameborder=\"0\" allowfullscreen><\/iframe><\/p>\n<p>A fam\u00edlia cresceu tanto que ela j\u00e1 nem faz ideia de quantos netos, bisnetos e tataranetos tem. \u201cJ\u00e1 tenho muitos tataranetos. Agora meus filhos morreram todos. Eu enterrei todos eles e \u00e9 minha neta quem cuida de mim\u201d, se orgulha. Ana foi morar na casa da neta com a condi\u00e7\u00e3o de que pudesse levar sua geladeira e passou a ter um canto reservado para ela.<\/p>\n<p>\u00c9 no seu quarto que ela se dedica a sua paix\u00e3o. Mesmo aos 108 anos de idade, um pouco tr\u00eamula e com as vistas danificadas pela tempo, ela ainda faz croch\u00ea e tric\u00f4. \u201cEu fa\u00e7o bicos em panos de prato e em toalhas. Al\u00e9m disso fa\u00e7o tamb\u00e9m forro de mesa. \u00c9 bom que eu n\u00e3o fico parada e ainda consigo tirar um \u2018trocadinho\u2019\u201d, brinca a idosa. Ela vende para uma loja alguns dos artesanatos que faz.<\/p>\n<p>Atualmente ela j\u00e1 n\u00e3o tem mais como se dedicar aos afazeres dom\u00e9stico. Muito religiosa, ela faz quest\u00e3o de ir \u00e0 missa aos domingos. Nas suas ora\u00e7\u00f5es, ela pede a Deus que ainda lhe d\u00ea mais alguns anos de vida para que possa tricotar mais hist\u00f3rias e servir de inspira\u00e7\u00e3o e orgulho para os filhos e netos dela.<\/p>\n<p><strong><em>(Fonte: Jornal O Tempo)<\/em><\/strong><\/p>\n","protected":false},"excerpt":{"rendered":"<p>Mesmo aos 108 anos de idade, um pouco tr\u00eamula e com as vistas danificadas pelo tempo, Ana Martins ainda faz croch\u00ea e tric\u00f4. \u201cA \u00fanica coisa que pe\u00e7o a Deus \u00e9 sa\u00fade para eu continuar minha viv\u00eancia\u201d. Com uma leve dificuldade para falar, mas bastante l\u00facida, esse o sentimento de Ana Martins de Jesus, que [&hellip;]<\/p>\n","protected":false},"author":1,"featured_media":60582,"comment_status":"open","ping_status":"closed","sticky":false,"template":"","format":"standard","meta":{"amp_status":"","footnotes":""},"categories":[123],"tags":[47370,186,1018,47371,47373,47372,47368,47369],"class_list":["post-60581","post","type-post","status-publish","format-standard","has-post-thumbnail","hentry","category-gerais","tag-ana-martins-de-jesus","tag-aracuai","tag-destaque","tag-idosa-de-108-anos","tag-idosa-de-108-anos-de-aracuai","tag-idosa-de-180-anos-em-minas-gerais","tag-mulher-que-nasceu-em-aracuai-comemora-108-anos-de-vivencia","tag-mulher-que-nasceu-no-vale-do-jequitinhonha-comemora-108-anos-de-vivencia"],"yoast_head":"<!-- This site is optimized with the Yoast SEO plugin v28.3 - https:\/\/yoast.com\/product\/yoast-seo-wordpress\/ -->\n<title>Mulher que nasceu no Vale do Jequitinhonha comemora 108 anos de viv\u00eancia - Aconteceu no Vale<\/title>\n<meta name=\"robots\" content=\"index, follow, max-snippet:-1, max-image-preview:large, max-video-preview:-1\" \/>\n<link rel=\"canonical\" href=\"https:\/\/aconteceunovale.com.br\/portal\/?p=60581\" \/>\n<meta property=\"og:locale\" content=\"pt_BR\" \/>\n<meta property=\"og:type\" content=\"article\" \/>\n<meta property=\"og:title\" content=\"Mulher que nasceu no Vale do Jequitinhonha comemora 108 anos de viv\u00eancia - Aconteceu no Vale\" \/>\n<meta property=\"og:description\" content=\"Mesmo aos 108 anos de idade, um pouco tr\u00eamula e com as vistas danificadas pelo tempo, Ana Martins ainda faz croch\u00ea e tric\u00f4. \u201cA \u00fanica coisa que pe\u00e7o a Deus \u00e9 sa\u00fade para eu continuar minha viv\u00eancia\u201d. Com uma leve dificuldade para falar, mas bastante l\u00facida, esse o sentimento de Ana Martins de Jesus, que [&hellip;]\" \/>\n<meta property=\"og:url\" content=\"https:\/\/aconteceunovale.com.br\/portal\/?p=60581\" \/>\n<meta property=\"og:site_name\" content=\"Aconteceu no Vale\" \/>\n<meta property=\"article:publisher\" content=\"https:\/\/www.facebook.com\/aconteceunovale\/\" \/>\n<meta property=\"article:published_time\" content=\"2015-06-06T13:21:11+00:00\" \/>\n<meta property=\"og:image\" content=\"https:\/\/aconteceunovale.com.br\/portal\/wp-content\/uploads\/2015\/06\/idosa_ara.jpg\" \/>\n\t<meta property=\"og:image:width\" content=\"620\" \/>\n\t<meta property=\"og:image:height\" content=\"413\" \/>\n\t<meta property=\"og:image:type\" content=\"image\/jpeg\" \/>\n<meta name=\"author\" content=\"Aconteceu no Vale\" \/>\n<meta name=\"twitter:card\" content=\"summary_large_image\" \/>\n<meta name=\"twitter:creator\" content=\"@noticiadosvales\" \/>\n<meta name=\"twitter:site\" content=\"@noticiadosvales\" \/>\n<meta name=\"twitter:label1\" content=\"Escrito por\" \/>\n\t<meta name=\"twitter:data1\" content=\"Aconteceu no Vale\" \/>\n\t<meta name=\"twitter:label2\" content=\"Est. tempo de leitura\" \/>\n\t<meta name=\"twitter:data2\" content=\"2 minutos\" \/>\n<script type=\"application\/ld+json\" class=\"yoast-schema-graph\">{\"@context\":\"https:\\\/\\\/schema.org\",\"@graph\":[{\"@type\":\"Article\",\"@id\":\"https:\\\/\\\/aconteceunovale.com.br\\\/portal\\\/?p=60581#article\",\"isPartOf\":{\"@id\":\"https:\\\/\\\/aconteceunovale.com.br\\\/portal\\\/?p=60581\"},\"author\":{\"name\":\"Aconteceu no Vale\",\"@id\":\"https:\\\/\\\/aconteceunovale.com.br\\\/portal\\\/#\\\/schema\\\/person\\\/633529146f2c94272bef50ac2953d589\"},\"headline\":\"Mulher que nasceu no Vale do Jequitinhonha comemora 108 anos de viv\u00eancia\",\"datePublished\":\"2015-06-06T13:21:11+00:00\",\"mainEntityOfPage\":{\"@id\":\"https:\\\/\\\/aconteceunovale.com.br\\\/portal\\\/?p=60581\"},\"wordCount\":437,\"commentCount\":1,\"image\":{\"@id\":\"https:\\\/\\\/aconteceunovale.com.br\\\/portal\\\/?p=60581#primaryimage\"},\"thumbnailUrl\":\"https:\\\/\\\/aconteceunovale.com.br\\\/portal\\\/wp-content\\\/uploads\\\/2015\\\/06\\\/idosa_ara.jpg\",\"keywords\":[\"Ana Martins de Jesus\",\"Ara\u00e7ua\u00ed\",\"destaque\",\"idosa de 108 anos\",\"idosa de 108 anos de ara\u00e7ua\u00ed\",\"idosa de 180 anos em minas gerais\",\"Mulher que nasceu em Ara\u00e7ua\u00ed comemora 108 anos de viv\u00eancia\",\"Mulher que nasceu no Vale do Jequitinhonha comemora 108 anos de viv\u00eancia\"],\"articleSection\":[\"Minas Gerais\"],\"inLanguage\":\"pt-BR\",\"potentialAction\":[{\"@type\":\"CommentAction\",\"name\":\"Comment\",\"target\":[\"https:\\\/\\\/aconteceunovale.com.br\\\/portal\\\/?p=60581#respond\"]}]},{\"@type\":\"WebPage\",\"@id\":\"https:\\\/\\\/aconteceunovale.com.br\\\/portal\\\/?p=60581\",\"url\":\"https:\\\/\\\/aconteceunovale.com.br\\\/portal\\\/?p=60581\",\"name\":\"Mulher que nasceu no Vale do Jequitinhonha comemora 108 anos de viv\u00eancia - Aconteceu no Vale\",\"isPartOf\":{\"@id\":\"https:\\\/\\\/aconteceunovale.com.br\\\/portal\\\/#website\"},\"primaryImageOfPage\":{\"@id\":\"https:\\\/\\\/aconteceunovale.com.br\\\/portal\\\/?p=60581#primaryimage\"},\"image\":{\"@id\":\"https:\\\/\\\/aconteceunovale.com.br\\\/portal\\\/?p=60581#primaryimage\"},\"thumbnailUrl\":\"https:\\\/\\\/aconteceunovale.com.br\\\/portal\\\/wp-content\\\/uploads\\\/2015\\\/06\\\/idosa_ara.jpg\",\"datePublished\":\"2015-06-06T13:21:11+00:00\",\"author\":{\"@id\":\"https:\\\/\\\/aconteceunovale.com.br\\\/portal\\\/#\\\/schema\\\/person\\\/633529146f2c94272bef50ac2953d589\"},\"breadcrumb\":{\"@id\":\"https:\\\/\\\/aconteceunovale.com.br\\\/portal\\\/?p=60581#breadcrumb\"},\"inLanguage\":\"pt-BR\",\"potentialAction\":[{\"@type\":\"ReadAction\",\"target\":[\"https:\\\/\\\/aconteceunovale.com.br\\\/portal\\\/?p=60581\"]}]},{\"@type\":\"ImageObject\",\"inLanguage\":\"pt-BR\",\"@id\":\"https:\\\/\\\/aconteceunovale.com.br\\\/portal\\\/?p=60581#primaryimage\",\"url\":\"https:\\\/\\\/aconteceunovale.com.br\\\/portal\\\/wp-content\\\/uploads\\\/2015\\\/06\\\/idosa_ara.jpg\",\"contentUrl\":\"https:\\\/\\\/aconteceunovale.com.br\\\/portal\\\/wp-content\\\/uploads\\\/2015\\\/06\\\/idosa_ara.jpg\",\"width\":620,\"height\":413},{\"@type\":\"BreadcrumbList\",\"@id\":\"https:\\\/\\\/aconteceunovale.com.br\\\/portal\\\/?p=60581#breadcrumb\",\"itemListElement\":[{\"@type\":\"ListItem\",\"position\":1,\"name\":\"In\u00edcio\",\"item\":\"https:\\\/\\\/aconteceunovale.com.br\\\/portal\\\/\"},{\"@type\":\"ListItem\",\"position\":2,\"name\":\"Mulher que nasceu no Vale do Jequitinhonha comemora 108 anos de viv\u00eancia\"}]},{\"@type\":\"WebSite\",\"@id\":\"https:\\\/\\\/aconteceunovale.com.br\\\/portal\\\/#website\",\"url\":\"https:\\\/\\\/aconteceunovale.com.br\\\/portal\\\/\",\"name\":\"Aconteceu no Vale\",\"description\":\"Portal de Not\u00edcias\",\"potentialAction\":[{\"@type\":\"SearchAction\",\"target\":{\"@type\":\"EntryPoint\",\"urlTemplate\":\"https:\\\/\\\/aconteceunovale.com.br\\\/portal\\\/?s={search_term_string}\"},\"query-input\":{\"@type\":\"PropertyValueSpecification\",\"valueRequired\":true,\"valueName\":\"search_term_string\"}}],\"inLanguage\":\"pt-BR\"},{\"@type\":\"Person\",\"@id\":\"https:\\\/\\\/aconteceunovale.com.br\\\/portal\\\/#\\\/schema\\\/person\\\/633529146f2c94272bef50ac2953d589\",\"name\":\"Aconteceu no Vale\",\"description\":\"Equipe de reportagem do Aconteceu no Vale, portal de not\u00edcias do Vale do Jequitinhonha, em Minas Gerais. Cobrimos as 51 cidades do Vale desde 2013. Sugest\u00f5es de pauta e pedidos de corre\u00e7\u00e3o: contato@aconteceunovale.com.br\",\"sameAs\":[\"http:\\\/\\\/www.aconteceunovale.com.br\"],\"url\":\"https:\\\/\\\/aconteceunovale.com.br\\\/portal\\\/?author=1\"}]}<\/script>\n<!-- \/ Yoast SEO plugin. -->","yoast_head_json":{"title":"Mulher que nasceu no Vale do Jequitinhonha comemora 108 anos de viv\u00eancia - Aconteceu no Vale","robots":{"index":"index","follow":"follow","max-snippet":"max-snippet:-1","max-image-preview":"max-image-preview:large","max-video-preview":"max-video-preview:-1"},"canonical":"https:\/\/aconteceunovale.com.br\/portal\/?p=60581","og_locale":"pt_BR","og_type":"article","og_title":"Mulher que nasceu no Vale do Jequitinhonha comemora 108 anos de viv\u00eancia - Aconteceu no Vale","og_description":"Mesmo aos 108 anos de idade, um pouco tr\u00eamula e com as vistas danificadas pelo tempo, Ana Martins ainda faz croch\u00ea e tric\u00f4. \u201cA \u00fanica coisa que pe\u00e7o a Deus \u00e9 sa\u00fade para eu continuar minha viv\u00eancia\u201d. Com uma leve dificuldade para falar, mas bastante l\u00facida, esse o sentimento de Ana Martins de Jesus, que [&hellip;]","og_url":"https:\/\/aconteceunovale.com.br\/portal\/?p=60581","og_site_name":"Aconteceu no Vale","article_publisher":"https:\/\/www.facebook.com\/aconteceunovale\/","article_published_time":"2015-06-06T13:21:11+00:00","og_image":[{"width":620,"height":413,"url":"https:\/\/aconteceunovale.com.br\/portal\/wp-content\/uploads\/2015\/06\/idosa_ara.jpg","type":"image\/jpeg"}],"author":"Aconteceu no Vale","twitter_card":"summary_large_image","twitter_creator":"@noticiadosvales","twitter_site":"@noticiadosvales","twitter_misc":{"Escrito por":"Aconteceu no Vale","Est. tempo de leitura":"2 minutos"},"schema":{"@context":"https:\/\/schema.org","@graph":[{"@type":"Article","@id":"https:\/\/aconteceunovale.com.br\/portal\/?p=60581#article","isPartOf":{"@id":"https:\/\/aconteceunovale.com.br\/portal\/?p=60581"},"author":{"name":"Aconteceu no Vale","@id":"https:\/\/aconteceunovale.com.br\/portal\/#\/schema\/person\/633529146f2c94272bef50ac2953d589"},"headline":"Mulher que nasceu no Vale do Jequitinhonha comemora 108 anos de viv\u00eancia","datePublished":"2015-06-06T13:21:11+00:00","mainEntityOfPage":{"@id":"https:\/\/aconteceunovale.com.br\/portal\/?p=60581"},"wordCount":437,"commentCount":1,"image":{"@id":"https:\/\/aconteceunovale.com.br\/portal\/?p=60581#primaryimage"},"thumbnailUrl":"https:\/\/aconteceunovale.com.br\/portal\/wp-content\/uploads\/2015\/06\/idosa_ara.jpg","keywords":["Ana Martins de Jesus","Ara\u00e7ua\u00ed","destaque","idosa de 108 anos","idosa de 108 anos de ara\u00e7ua\u00ed","idosa de 180 anos em minas gerais","Mulher que nasceu em Ara\u00e7ua\u00ed comemora 108 anos de viv\u00eancia","Mulher que nasceu no Vale do Jequitinhonha comemora 108 anos de viv\u00eancia"],"articleSection":["Minas Gerais"],"inLanguage":"pt-BR","potentialAction":[{"@type":"CommentAction","name":"Comment","target":["https:\/\/aconteceunovale.com.br\/portal\/?p=60581#respond"]}]},{"@type":"WebPage","@id":"https:\/\/aconteceunovale.com.br\/portal\/?p=60581","url":"https:\/\/aconteceunovale.com.br\/portal\/?p=60581","name":"Mulher que nasceu no Vale do Jequitinhonha comemora 108 anos de viv\u00eancia - Aconteceu no Vale","isPartOf":{"@id":"https:\/\/aconteceunovale.com.br\/portal\/#website"},"primaryImageOfPage":{"@id":"https:\/\/aconteceunovale.com.br\/portal\/?p=60581#primaryimage"},"image":{"@id":"https:\/\/aconteceunovale.com.br\/portal\/?p=60581#primaryimage"},"thumbnailUrl":"https:\/\/aconteceunovale.com.br\/portal\/wp-content\/uploads\/2015\/06\/idosa_ara.jpg","datePublished":"2015-06-06T13:21:11+00:00","author":{"@id":"https:\/\/aconteceunovale.com.br\/portal\/#\/schema\/person\/633529146f2c94272bef50ac2953d589"},"breadcrumb":{"@id":"https:\/\/aconteceunovale.com.br\/portal\/?p=60581#breadcrumb"},"inLanguage":"pt-BR","potentialAction":[{"@type":"ReadAction","target":["https:\/\/aconteceunovale.com.br\/portal\/?p=60581"]}]},{"@type":"ImageObject","inLanguage":"pt-BR","@id":"https:\/\/aconteceunovale.com.br\/portal\/?p=60581#primaryimage","url":"https:\/\/aconteceunovale.com.br\/portal\/wp-content\/uploads\/2015\/06\/idosa_ara.jpg","contentUrl":"https:\/\/aconteceunovale.com.br\/portal\/wp-content\/uploads\/2015\/06\/idosa_ara.jpg","width":620,"height":413},{"@type":"BreadcrumbList","@id":"https:\/\/aconteceunovale.com.br\/portal\/?p=60581#breadcrumb","itemListElement":[{"@type":"ListItem","position":1,"name":"In\u00edcio","item":"https:\/\/aconteceunovale.com.br\/portal\/"},{"@type":"ListItem","position":2,"name":"Mulher que nasceu no Vale do Jequitinhonha comemora 108 anos de viv\u00eancia"}]},{"@type":"WebSite","@id":"https:\/\/aconteceunovale.com.br\/portal\/#website","url":"https:\/\/aconteceunovale.com.br\/portal\/","name":"Aconteceu no Vale","description":"Portal de Not\u00edcias","potentialAction":[{"@type":"SearchAction","target":{"@type":"EntryPoint","urlTemplate":"https:\/\/aconteceunovale.com.br\/portal\/?s={search_term_string}"},"query-input":{"@type":"PropertyValueSpecification","valueRequired":true,"valueName":"search_term_string"}}],"inLanguage":"pt-BR"},{"@type":"Person","@id":"https:\/\/aconteceunovale.com.br\/portal\/#\/schema\/person\/633529146f2c94272bef50ac2953d589","name":"Aconteceu no Vale","description":"Equipe de reportagem do Aconteceu no Vale, portal de not\u00edcias do Vale do Jequitinhonha, em Minas Gerais. Cobrimos as 51 cidades do Vale desde 2013. Sugest\u00f5es de pauta e pedidos de corre\u00e7\u00e3o: contato@aconteceunovale.com.br","sameAs":["http:\/\/www.aconteceunovale.com.br"],"url":"https:\/\/aconteceunovale.com.br\/portal\/?author=1"}]}},"_links":{"self":[{"href":"https:\/\/aconteceunovale.com.br\/portal\/index.php?rest_route=\/wp\/v2\/posts\/60581","targetHints":{"allow":["GET"]}}],"collection":[{"href":"https:\/\/aconteceunovale.com.br\/portal\/index.php?rest_route=\/wp\/v2\/posts"}],"about":[{"href":"https:\/\/aconteceunovale.com.br\/portal\/index.php?rest_route=\/wp\/v2\/types\/post"}],"author":[{"embeddable":true,"href":"https:\/\/aconteceunovale.com.br\/portal\/index.php?rest_route=\/wp\/v2\/users\/1"}],"replies":[{"embeddable":true,"href":"https:\/\/aconteceunovale.com.br\/portal\/index.php?rest_route=%2Fwp%2Fv2%2Fcomments&post=60581"}],"version-history":[{"count":0,"href":"https:\/\/aconteceunovale.com.br\/portal\/index.php?rest_route=\/wp\/v2\/posts\/60581\/revisions"}],"wp:featuredmedia":[{"embeddable":true,"href":"https:\/\/aconteceunovale.com.br\/portal\/index.php?rest_route=\/wp\/v2\/media\/60582"}],"wp:attachment":[{"href":"https:\/\/aconteceunovale.com.br\/portal\/index.php?rest_route=%2Fwp%2Fv2%2Fmedia&parent=60581"}],"wp:term":[{"taxonomy":"category","embeddable":true,"href":"https:\/\/aconteceunovale.com.br\/portal\/index.php?rest_route=%2Fwp%2Fv2%2Fcategories&post=60581"},{"taxonomy":"post_tag","embeddable":true,"href":"https:\/\/aconteceunovale.com.br\/portal\/index.php?rest_route=%2Fwp%2Fv2%2Ftags&post=60581"}],"curies":[{"name":"wp","href":"https:\/\/api.w.org\/{rel}","templated":true}]}}