{"id":60578,"date":"2015-06-06T10:11:35","date_gmt":"2015-06-06T13:11:35","guid":{"rendered":"http:\/\/aconteceunovale.com.br\/portal\/?p=60578"},"modified":"2015-06-06T10:11:35","modified_gmt":"2015-06-06T13:11:35","slug":"piloto-morre-em-acidente-com-aviao-agricola-no-estado-de-minas-gerais","status":"publish","type":"post","link":"https:\/\/aconteceunovale.com.br\/portal\/?p=60578","title":{"rendered":"Piloto morre em acidente com avi\u00e3o agr\u00edcola no estado de Minas Gerais"},"content":{"rendered":"<h4><strong><em>A pol\u00edcia ainda n\u00e3o sabe o que provocou o acidente com o avi\u00e3o usado na pulveriza\u00e7\u00e3o de lavouras.<\/em><\/strong><\/h4>\n<p>Um avi\u00e3o monomotor usado na pulveriza\u00e7\u00e3o de lavouras caiu em uma fazenda na comunidade de Celso Bueno, no munic\u00edpio de Monte Carmelo, na Regi\u00e3o do Alto Parana\u00edba, no in\u00edcio da tarde desta sexta-feira. De acordo com a Pol\u00edcia Militar, o piloto Sandro Roberto Prass, de 21 anos, estava sozinho e morreu.<\/p>\n<p>A PM ainda n\u00e3o tem informa\u00e7\u00f5es sobre o provocou a queda da aeronave agr\u00edcola. O avi\u00e3o caiu a poucos metros da sede da Fazenda Past\u00e3o 2. Nenhum im\u00f3vel foi atingido. Funcion\u00e1rios do local disseram aos militares que o piloto n\u00e3o estava a servi\u00e7o da propriedade. <\/p>\n<p>O local do acidente foi isolado e, neste s\u00e1bado, segundo a PM, o Centro de Investiga\u00e7\u00e3o e Preven\u00e7\u00e3o de Acidentes Aeron\u00e1uticos (Cenipa) vai investigar as causas da queda do avi\u00e3o. A PM n\u00e3o informou o prefixo da aeronave e nem soube dizer se a  v\u00edtima estava habilitada para voar. <\/p>\n<p><img decoding=\"async\" src=\"http:\/\/aconteceunovale.com.br\/portal\/wp-content\/uploads\/2015\/06\/queda_aviao_monte_carmelo.jpg\" alt=\"\" \/><em>Avi\u00e3o caiu em uma fazenda no munic\u00edpio de Monte Carmelo &#8211; Foto: Patroc\u00ednio Online \/ Divulga\u00e7\u00e3o<\/em><br \/>\n<\/br><\/p>\n<p><em>(Fonte: Estado de Minas)<\/em><\/p>\n","protected":false},"excerpt":{"rendered":"<p>A pol\u00edcia ainda n\u00e3o sabe o que provocou o acidente com o avi\u00e3o usado na pulveriza\u00e7\u00e3o de lavouras. Um avi\u00e3o monomotor usado na pulveriza\u00e7\u00e3o de lavouras caiu em uma fazenda na comunidade de Celso Bueno, no munic\u00edpio de Monte Carmelo, na Regi\u00e3o do Alto Parana\u00edba, no in\u00edcio da tarde desta sexta-feira. De acordo com a [&hellip;]<\/p>\n","protected":false},"author":1,"featured_media":60579,"comment_status":"open","ping_status":"closed","sticky":false,"template":"","format":"standard","meta":{"amp_status":"","footnotes":""},"categories":[123],"tags":[47359,47362,47360,47367,47361,47366,1520,47358,47357,47363,47364,47365],"class_list":["post-60578","post","type-post","status-publish","format-standard","has-post-thumbnail","hentry","category-gerais","tag-acidente-com-aviao-agricola-em-monte-carmeloa","tag-acidente-com-aviao-em-celso-bueno","tag-acidente-com-aviao-em-monte-carmelo","tag-aviao-caiu-em-uma-fazenda-no-municipio-de-monte-carmelo","tag-celso-bueno","tag-fazenda-pastao-2","tag-monte-carmelo","tag-piloto-morre-em-acidente-com-aviao-agricola-em-monte-carmelo","tag-piloto-morre-em-acidente-com-aviao-agricola-no-estado-de-minas-gerais","tag-queda-de-aviao-em-celso-bueno","tag-queda-de-aviao-em-monte-carmelo","tag-sandro-roberto-prass"],"yoast_head":"<!-- This site is optimized with the Yoast SEO plugin v28.3 - https:\/\/yoast.com\/product\/yoast-seo-wordpress\/ -->\n<title>Piloto morre em acidente com avi\u00e3o agr\u00edcola no estado de Minas Gerais - Aconteceu no Vale<\/title>\n<meta name=\"robots\" content=\"index, follow, max-snippet:-1, max-image-preview:large, max-video-preview:-1\" \/>\n<link rel=\"canonical\" href=\"https:\/\/aconteceunovale.com.br\/portal\/?p=60578\" \/>\n<meta property=\"og:locale\" content=\"pt_BR\" \/>\n<meta property=\"og:type\" content=\"article\" \/>\n<meta property=\"og:title\" content=\"Piloto morre em acidente com avi\u00e3o agr\u00edcola no estado de Minas Gerais - Aconteceu no Vale\" \/>\n<meta property=\"og:description\" content=\"A pol\u00edcia ainda n\u00e3o sabe o que provocou o acidente com o avi\u00e3o usado na pulveriza\u00e7\u00e3o de lavouras. Um avi\u00e3o monomotor usado na pulveriza\u00e7\u00e3o de lavouras caiu em uma fazenda na comunidade de Celso Bueno, no munic\u00edpio de Monte Carmelo, na Regi\u00e3o do Alto Parana\u00edba, no in\u00edcio da tarde desta sexta-feira. De acordo com a [&hellip;]\" \/>\n<meta property=\"og:url\" content=\"https:\/\/aconteceunovale.com.br\/portal\/?p=60578\" \/>\n<meta property=\"og:site_name\" content=\"Aconteceu no Vale\" \/>\n<meta property=\"article:publisher\" content=\"https:\/\/www.facebook.com\/aconteceunovale\/\" \/>\n<meta property=\"article:published_time\" content=\"2015-06-06T13:11:35+00:00\" \/>\n<meta property=\"og:image\" content=\"https:\/\/aconteceunovale.com.br\/portal\/wp-content\/uploads\/2015\/06\/queda_aviao_monte_carmelo.jpg\" \/>\n\t<meta property=\"og:image:width\" content=\"678\" \/>\n\t<meta property=\"og:image:height\" content=\"406\" \/>\n\t<meta property=\"og:image:type\" content=\"image\/jpeg\" \/>\n<meta name=\"author\" content=\"Aconteceu no Vale\" \/>\n<meta name=\"twitter:card\" content=\"summary_large_image\" \/>\n<meta name=\"twitter:creator\" content=\"@noticiadosvales\" \/>\n<meta name=\"twitter:site\" content=\"@noticiadosvales\" \/>\n<meta name=\"twitter:label1\" content=\"Escrito por\" \/>\n\t<meta name=\"twitter:data1\" content=\"Aconteceu no Vale\" \/>\n\t<meta name=\"twitter:label2\" content=\"Est. tempo de leitura\" \/>\n\t<meta name=\"twitter:data2\" content=\"1 minuto\" \/>\n<script type=\"application\/ld+json\" class=\"yoast-schema-graph\">{\"@context\":\"https:\\\/\\\/schema.org\",\"@graph\":[{\"@type\":\"Article\",\"@id\":\"https:\\\/\\\/aconteceunovale.com.br\\\/portal\\\/?p=60578#article\",\"isPartOf\":{\"@id\":\"https:\\\/\\\/aconteceunovale.com.br\\\/portal\\\/?p=60578\"},\"author\":{\"name\":\"Aconteceu no Vale\",\"@id\":\"https:\\\/\\\/aconteceunovale.com.br\\\/portal\\\/#\\\/schema\\\/person\\\/633529146f2c94272bef50ac2953d589\"},\"headline\":\"Piloto morre em acidente com avi\u00e3o agr\u00edcola no estado de Minas Gerais\",\"datePublished\":\"2015-06-06T13:11:35+00:00\",\"mainEntityOfPage\":{\"@id\":\"https:\\\/\\\/aconteceunovale.com.br\\\/portal\\\/?p=60578\"},\"wordCount\":225,\"commentCount\":0,\"image\":{\"@id\":\"https:\\\/\\\/aconteceunovale.com.br\\\/portal\\\/?p=60578#primaryimage\"},\"thumbnailUrl\":\"https:\\\/\\\/aconteceunovale.com.br\\\/portal\\\/wp-content\\\/uploads\\\/2015\\\/06\\\/queda_aviao_monte_carmelo.jpg\",\"keywords\":[\"acidente com avi\u00e3o agr\u00edcola em monte carmeloa\",\"acidente com avi\u00e3o em Celso Bueno\",\"acidente com avi\u00e3o em monte carmelo\",\"Avi\u00e3o caiu em uma fazenda no munic\u00edpio de Monte Carmelo\",\"Celso Bueno\",\"Fazenda Past\u00e3o 2\",\"Monte Carmelo\",\"Piloto morre em acidente com avi\u00e3o agr\u00edcola em monte carmelo\",\"Piloto morre em acidente com avi\u00e3o agr\u00edcola no estado de Minas Gerais\",\"queda de avi\u00e3o em Celso Bueno\",\"queda de avi\u00e3o em monte carmelo\",\"Sandro Roberto Prass\"],\"articleSection\":[\"Minas Gerais\"],\"inLanguage\":\"pt-BR\",\"potentialAction\":[{\"@type\":\"CommentAction\",\"name\":\"Comment\",\"target\":[\"https:\\\/\\\/aconteceunovale.com.br\\\/portal\\\/?p=60578#respond\"]}]},{\"@type\":\"WebPage\",\"@id\":\"https:\\\/\\\/aconteceunovale.com.br\\\/portal\\\/?p=60578\",\"url\":\"https:\\\/\\\/aconteceunovale.com.br\\\/portal\\\/?p=60578\",\"name\":\"Piloto morre em acidente com avi\u00e3o agr\u00edcola no estado de Minas Gerais - Aconteceu no Vale\",\"isPartOf\":{\"@id\":\"https:\\\/\\\/aconteceunovale.com.br\\\/portal\\\/#website\"},\"primaryImageOfPage\":{\"@id\":\"https:\\\/\\\/aconteceunovale.com.br\\\/portal\\\/?p=60578#primaryimage\"},\"image\":{\"@id\":\"https:\\\/\\\/aconteceunovale.com.br\\\/portal\\\/?p=60578#primaryimage\"},\"thumbnailUrl\":\"https:\\\/\\\/aconteceunovale.com.br\\\/portal\\\/wp-content\\\/uploads\\\/2015\\\/06\\\/queda_aviao_monte_carmelo.jpg\",\"datePublished\":\"2015-06-06T13:11:35+00:00\",\"author\":{\"@id\":\"https:\\\/\\\/aconteceunovale.com.br\\\/portal\\\/#\\\/schema\\\/person\\\/633529146f2c94272bef50ac2953d589\"},\"breadcrumb\":{\"@id\":\"https:\\\/\\\/aconteceunovale.com.br\\\/portal\\\/?p=60578#breadcrumb\"},\"inLanguage\":\"pt-BR\",\"potentialAction\":[{\"@type\":\"ReadAction\",\"target\":[\"https:\\\/\\\/aconteceunovale.com.br\\\/portal\\\/?p=60578\"]}]},{\"@type\":\"ImageObject\",\"inLanguage\":\"pt-BR\",\"@id\":\"https:\\\/\\\/aconteceunovale.com.br\\\/portal\\\/?p=60578#primaryimage\",\"url\":\"https:\\\/\\\/aconteceunovale.com.br\\\/portal\\\/wp-content\\\/uploads\\\/2015\\\/06\\\/queda_aviao_monte_carmelo.jpg\",\"contentUrl\":\"https:\\\/\\\/aconteceunovale.com.br\\\/portal\\\/wp-content\\\/uploads\\\/2015\\\/06\\\/queda_aviao_monte_carmelo.jpg\",\"width\":678,\"height\":406},{\"@type\":\"BreadcrumbList\",\"@id\":\"https:\\\/\\\/aconteceunovale.com.br\\\/portal\\\/?p=60578#breadcrumb\",\"itemListElement\":[{\"@type\":\"ListItem\",\"position\":1,\"name\":\"In\u00edcio\",\"item\":\"https:\\\/\\\/aconteceunovale.com.br\\\/portal\\\/\"},{\"@type\":\"ListItem\",\"position\":2,\"name\":\"Piloto morre em acidente com avi\u00e3o agr\u00edcola no estado de Minas Gerais\"}]},{\"@type\":\"WebSite\",\"@id\":\"https:\\\/\\\/aconteceunovale.com.br\\\/portal\\\/#website\",\"url\":\"https:\\\/\\\/aconteceunovale.com.br\\\/portal\\\/\",\"name\":\"Aconteceu no Vale\",\"description\":\"Portal de Not\u00edcias\",\"potentialAction\":[{\"@type\":\"SearchAction\",\"target\":{\"@type\":\"EntryPoint\",\"urlTemplate\":\"https:\\\/\\\/aconteceunovale.com.br\\\/portal\\\/?s={search_term_string}\"},\"query-input\":{\"@type\":\"PropertyValueSpecification\",\"valueRequired\":true,\"valueName\":\"search_term_string\"}}],\"inLanguage\":\"pt-BR\"},{\"@type\":\"Person\",\"@id\":\"https:\\\/\\\/aconteceunovale.com.br\\\/portal\\\/#\\\/schema\\\/person\\\/633529146f2c94272bef50ac2953d589\",\"name\":\"Aconteceu no Vale\",\"description\":\"Equipe de reportagem do Aconteceu no Vale, portal de not\u00edcias do Vale do Jequitinhonha, em Minas Gerais. Cobrimos as 51 cidades do Vale desde 2013. Sugest\u00f5es de pauta e pedidos de corre\u00e7\u00e3o: contato@aconteceunovale.com.br\",\"sameAs\":[\"http:\\\/\\\/www.aconteceunovale.com.br\"],\"url\":\"https:\\\/\\\/aconteceunovale.com.br\\\/portal\\\/?author=1\"}]}<\/script>\n<!-- \/ Yoast SEO plugin. -->","yoast_head_json":{"title":"Piloto morre em acidente com avi\u00e3o agr\u00edcola no estado de Minas Gerais - Aconteceu no Vale","robots":{"index":"index","follow":"follow","max-snippet":"max-snippet:-1","max-image-preview":"max-image-preview:large","max-video-preview":"max-video-preview:-1"},"canonical":"https:\/\/aconteceunovale.com.br\/portal\/?p=60578","og_locale":"pt_BR","og_type":"article","og_title":"Piloto morre em acidente com avi\u00e3o agr\u00edcola no estado de Minas Gerais - Aconteceu no Vale","og_description":"A pol\u00edcia ainda n\u00e3o sabe o que provocou o acidente com o avi\u00e3o usado na pulveriza\u00e7\u00e3o de lavouras. Um avi\u00e3o monomotor usado na pulveriza\u00e7\u00e3o de lavouras caiu em uma fazenda na comunidade de Celso Bueno, no munic\u00edpio de Monte Carmelo, na Regi\u00e3o do Alto Parana\u00edba, no in\u00edcio da tarde desta sexta-feira. De acordo com a [&hellip;]","og_url":"https:\/\/aconteceunovale.com.br\/portal\/?p=60578","og_site_name":"Aconteceu no Vale","article_publisher":"https:\/\/www.facebook.com\/aconteceunovale\/","article_published_time":"2015-06-06T13:11:35+00:00","og_image":[{"width":678,"height":406,"url":"https:\/\/aconteceunovale.com.br\/portal\/wp-content\/uploads\/2015\/06\/queda_aviao_monte_carmelo.jpg","type":"image\/jpeg"}],"author":"Aconteceu no Vale","twitter_card":"summary_large_image","twitter_creator":"@noticiadosvales","twitter_site":"@noticiadosvales","twitter_misc":{"Escrito por":"Aconteceu no Vale","Est. tempo de leitura":"1 minuto"},"schema":{"@context":"https:\/\/schema.org","@graph":[{"@type":"Article","@id":"https:\/\/aconteceunovale.com.br\/portal\/?p=60578#article","isPartOf":{"@id":"https:\/\/aconteceunovale.com.br\/portal\/?p=60578"},"author":{"name":"Aconteceu no Vale","@id":"https:\/\/aconteceunovale.com.br\/portal\/#\/schema\/person\/633529146f2c94272bef50ac2953d589"},"headline":"Piloto morre em acidente com avi\u00e3o agr\u00edcola no estado de Minas Gerais","datePublished":"2015-06-06T13:11:35+00:00","mainEntityOfPage":{"@id":"https:\/\/aconteceunovale.com.br\/portal\/?p=60578"},"wordCount":225,"commentCount":0,"image":{"@id":"https:\/\/aconteceunovale.com.br\/portal\/?p=60578#primaryimage"},"thumbnailUrl":"https:\/\/aconteceunovale.com.br\/portal\/wp-content\/uploads\/2015\/06\/queda_aviao_monte_carmelo.jpg","keywords":["acidente com avi\u00e3o agr\u00edcola em monte carmeloa","acidente com avi\u00e3o em Celso Bueno","acidente com avi\u00e3o em monte carmelo","Avi\u00e3o caiu em uma fazenda no munic\u00edpio de Monte Carmelo","Celso Bueno","Fazenda Past\u00e3o 2","Monte Carmelo","Piloto morre em acidente com avi\u00e3o agr\u00edcola em monte carmelo","Piloto morre em acidente com avi\u00e3o agr\u00edcola no estado de Minas Gerais","queda de avi\u00e3o em Celso Bueno","queda de avi\u00e3o em monte carmelo","Sandro Roberto Prass"],"articleSection":["Minas Gerais"],"inLanguage":"pt-BR","potentialAction":[{"@type":"CommentAction","name":"Comment","target":["https:\/\/aconteceunovale.com.br\/portal\/?p=60578#respond"]}]},{"@type":"WebPage","@id":"https:\/\/aconteceunovale.com.br\/portal\/?p=60578","url":"https:\/\/aconteceunovale.com.br\/portal\/?p=60578","name":"Piloto morre em acidente com avi\u00e3o agr\u00edcola no estado de Minas Gerais - Aconteceu no Vale","isPartOf":{"@id":"https:\/\/aconteceunovale.com.br\/portal\/#website"},"primaryImageOfPage":{"@id":"https:\/\/aconteceunovale.com.br\/portal\/?p=60578#primaryimage"},"image":{"@id":"https:\/\/aconteceunovale.com.br\/portal\/?p=60578#primaryimage"},"thumbnailUrl":"https:\/\/aconteceunovale.com.br\/portal\/wp-content\/uploads\/2015\/06\/queda_aviao_monte_carmelo.jpg","datePublished":"2015-06-06T13:11:35+00:00","author":{"@id":"https:\/\/aconteceunovale.com.br\/portal\/#\/schema\/person\/633529146f2c94272bef50ac2953d589"},"breadcrumb":{"@id":"https:\/\/aconteceunovale.com.br\/portal\/?p=60578#breadcrumb"},"inLanguage":"pt-BR","potentialAction":[{"@type":"ReadAction","target":["https:\/\/aconteceunovale.com.br\/portal\/?p=60578"]}]},{"@type":"ImageObject","inLanguage":"pt-BR","@id":"https:\/\/aconteceunovale.com.br\/portal\/?p=60578#primaryimage","url":"https:\/\/aconteceunovale.com.br\/portal\/wp-content\/uploads\/2015\/06\/queda_aviao_monte_carmelo.jpg","contentUrl":"https:\/\/aconteceunovale.com.br\/portal\/wp-content\/uploads\/2015\/06\/queda_aviao_monte_carmelo.jpg","width":678,"height":406},{"@type":"BreadcrumbList","@id":"https:\/\/aconteceunovale.com.br\/portal\/?p=60578#breadcrumb","itemListElement":[{"@type":"ListItem","position":1,"name":"In\u00edcio","item":"https:\/\/aconteceunovale.com.br\/portal\/"},{"@type":"ListItem","position":2,"name":"Piloto morre em acidente com avi\u00e3o agr\u00edcola no estado de Minas Gerais"}]},{"@type":"WebSite","@id":"https:\/\/aconteceunovale.com.br\/portal\/#website","url":"https:\/\/aconteceunovale.com.br\/portal\/","name":"Aconteceu no Vale","description":"Portal de Not\u00edcias","potentialAction":[{"@type":"SearchAction","target":{"@type":"EntryPoint","urlTemplate":"https:\/\/aconteceunovale.com.br\/portal\/?s={search_term_string}"},"query-input":{"@type":"PropertyValueSpecification","valueRequired":true,"valueName":"search_term_string"}}],"inLanguage":"pt-BR"},{"@type":"Person","@id":"https:\/\/aconteceunovale.com.br\/portal\/#\/schema\/person\/633529146f2c94272bef50ac2953d589","name":"Aconteceu no Vale","description":"Equipe de reportagem do Aconteceu no Vale, portal de not\u00edcias do Vale do Jequitinhonha, em Minas Gerais. Cobrimos as 51 cidades do Vale desde 2013. Sugest\u00f5es de pauta e pedidos de corre\u00e7\u00e3o: contato@aconteceunovale.com.br","sameAs":["http:\/\/www.aconteceunovale.com.br"],"url":"https:\/\/aconteceunovale.com.br\/portal\/?author=1"}]}},"_links":{"self":[{"href":"https:\/\/aconteceunovale.com.br\/portal\/index.php?rest_route=\/wp\/v2\/posts\/60578","targetHints":{"allow":["GET"]}}],"collection":[{"href":"https:\/\/aconteceunovale.com.br\/portal\/index.php?rest_route=\/wp\/v2\/posts"}],"about":[{"href":"https:\/\/aconteceunovale.com.br\/portal\/index.php?rest_route=\/wp\/v2\/types\/post"}],"author":[{"embeddable":true,"href":"https:\/\/aconteceunovale.com.br\/portal\/index.php?rest_route=\/wp\/v2\/users\/1"}],"replies":[{"embeddable":true,"href":"https:\/\/aconteceunovale.com.br\/portal\/index.php?rest_route=%2Fwp%2Fv2%2Fcomments&post=60578"}],"version-history":[{"count":0,"href":"https:\/\/aconteceunovale.com.br\/portal\/index.php?rest_route=\/wp\/v2\/posts\/60578\/revisions"}],"wp:featuredmedia":[{"embeddable":true,"href":"https:\/\/aconteceunovale.com.br\/portal\/index.php?rest_route=\/wp\/v2\/media\/60579"}],"wp:attachment":[{"href":"https:\/\/aconteceunovale.com.br\/portal\/index.php?rest_route=%2Fwp%2Fv2%2Fmedia&parent=60578"}],"wp:term":[{"taxonomy":"category","embeddable":true,"href":"https:\/\/aconteceunovale.com.br\/portal\/index.php?rest_route=%2Fwp%2Fv2%2Fcategories&post=60578"},{"taxonomy":"post_tag","embeddable":true,"href":"https:\/\/aconteceunovale.com.br\/portal\/index.php?rest_route=%2Fwp%2Fv2%2Ftags&post=60578"}],"curies":[{"name":"wp","href":"https:\/\/api.w.org\/{rel}","templated":true}]}}