{"id":60573,"date":"2015-06-06T09:27:44","date_gmt":"2015-06-06T12:27:44","guid":{"rendered":"http:\/\/aconteceunovale.com.br\/portal\/?p=60573"},"modified":"2026-09-02T13:12:43","modified_gmt":"2026-09-02T16:12:43","slug":"homem-de-51-anos-morre-em-acidente-envolvendo-moto-e-bicicleta-em-itaobim","status":"publish","type":"post","link":"https:\/\/aconteceunovale.com.br\/portal\/?p=60573","title":{"rendered":"Homem de 51 anos morre em acidente envolvendo moto e bicicleta em Itaobim"},"content":{"rendered":"<h4><strong><em>Acidente aconteceu no trecho urbano BR-116. Motociclista ficou ferido e foi socorrido pelo SAMU.<\/em> <\/strong><\/h4>\n<p>Um homem de 51 anos morreu em um acidente envolvendo uma moto e uma bicicleta na noite dessa sexta-feira, 5 de maio, no per\u00edmetro urbano de Itaobim, no Vale do Jequitinhonha.<\/p>\n<p><img decoding=\"async\" src=\"http:\/\/aconteceunovale.com.br\/portal\/wp-content\/uploads\/2015\/06\/acidente_itaobim.jpg\" alt=\"\" \/><em>Ciclista morreu no local &#8211; Foto: Enviada por Micharles Almeida Cruz<\/em><br \/>\n<\/br><\/p>\n<p>De acordo com informa\u00e7\u00f5es da Pol\u00edcia Rodovi\u00e1ria Federal, por volta das 21 horas, Dom\u00eanio Vieira dos Santos, que pilotava a motocicleta, colidiu contra o condutor da bicicleta, Agnaldo Jos\u00e9 dos Santos.<\/p>\n<p>Com o impacto do acidente, Agnaldo n\u00e3o resistiu aos graves ferimentos e morreu no local. O motociclista foi socorrido por uma equipe do Servi\u00e7o de Atendimento M\u00f3vel de Urg\u00eancia (SAMU) e encaminhado para o Hospital Vale do Jequitinhonha. (Por Wadson Arruda)<\/p>\n","protected":false},"excerpt":{"rendered":"<p>Acidente aconteceu no trecho urbano BR-116. Motociclista ficou ferido e foi socorrido pelo SAMU. Um homem de 51 anos morreu em um acidente envolvendo uma moto e uma bicicleta na noite dessa sexta-feira, 5 de maio, no per\u00edmetro urbano de Itaobim, no Vale do Jequitinhonha. Ciclista morreu no local &#8211; Foto: Enviada por Micharles Almeida [&hellip;]<\/p>\n","protected":false},"author":1,"featured_media":60574,"comment_status":"open","ping_status":"closed","sticky":false,"template":"","format":"standard","meta":{"amp_status":"","footnotes":""},"categories":[272550,120],"tags":[47353,47351,47350,47352,391,47354],"class_list":["post-60573","post","type-post","status-publish","format-standard","has-post-thumbnail","hentry","category-itaobim","category-jequi","tag-acidente-em-itaobim","tag-agnaldo-jose-dos-santos","tag-domenio-vieira-dos-santos","tag-homem-de-51-anos-morre-em-acidente-envolvendo-moto-e-bicicleta-em-itaobim","tag-itaobim","tag-morte-no-transito-em-itaobim"],"yoast_head":"<!-- This site is optimized with the Yoast SEO plugin v28.3 - https:\/\/yoast.com\/product\/yoast-seo-wordpress\/ -->\n<title>Homem de 51 anos morre em acidente envolvendo moto e bicicleta em Itaobim - Aconteceu no Vale<\/title>\n<meta name=\"robots\" content=\"index, follow, max-snippet:-1, max-image-preview:large, max-video-preview:-1\" \/>\n<link rel=\"canonical\" href=\"https:\/\/aconteceunovale.com.br\/portal\/?p=60573\" \/>\n<meta property=\"og:locale\" content=\"pt_BR\" \/>\n<meta property=\"og:type\" content=\"article\" \/>\n<meta property=\"og:title\" content=\"Homem de 51 anos morre em acidente envolvendo moto e bicicleta em Itaobim - Aconteceu no Vale\" \/>\n<meta property=\"og:description\" content=\"Acidente aconteceu no trecho urbano BR-116. Motociclista ficou ferido e foi socorrido pelo SAMU. Um homem de 51 anos morreu em um acidente envolvendo uma moto e uma bicicleta na noite dessa sexta-feira, 5 de maio, no per\u00edmetro urbano de Itaobim, no Vale do Jequitinhonha. Ciclista morreu no local &#8211; Foto: Enviada por Micharles Almeida [&hellip;]\" \/>\n<meta property=\"og:url\" content=\"https:\/\/aconteceunovale.com.br\/portal\/?p=60573\" \/>\n<meta property=\"og:site_name\" content=\"Aconteceu no Vale\" \/>\n<meta property=\"article:publisher\" content=\"https:\/\/www.facebook.com\/aconteceunovale\/\" \/>\n<meta property=\"article:published_time\" content=\"2015-06-06T12:27:44+00:00\" \/>\n<meta property=\"article:modified_time\" content=\"2026-09-02T16:12:43+00:00\" \/>\n<meta property=\"og:image\" content=\"https:\/\/aconteceunovale.com.br\/portal\/wp-content\/uploads\/2015\/06\/acidente_itaobim.jpg\" \/>\n\t<meta property=\"og:image:width\" content=\"603\" \/>\n\t<meta property=\"og:image:height\" content=\"450\" \/>\n\t<meta property=\"og:image:type\" content=\"image\/jpeg\" \/>\n<meta name=\"author\" content=\"Aconteceu no Vale\" \/>\n<meta name=\"twitter:card\" content=\"summary_large_image\" \/>\n<meta name=\"twitter:creator\" content=\"@noticiadosvales\" \/>\n<meta name=\"twitter:site\" content=\"@noticiadosvales\" \/>\n<meta name=\"twitter:label1\" content=\"Escrito por\" \/>\n\t<meta name=\"twitter:data1\" content=\"Aconteceu no Vale\" \/>\n\t<meta name=\"twitter:label2\" content=\"Est. tempo de leitura\" \/>\n\t<meta name=\"twitter:data2\" content=\"1 minuto\" \/>\n<script type=\"application\/ld+json\" class=\"yoast-schema-graph\">{\"@context\":\"https:\\\/\\\/schema.org\",\"@graph\":[{\"@type\":\"Article\",\"@id\":\"https:\\\/\\\/aconteceunovale.com.br\\\/portal\\\/?p=60573#article\",\"isPartOf\":{\"@id\":\"https:\\\/\\\/aconteceunovale.com.br\\\/portal\\\/?p=60573\"},\"author\":{\"name\":\"Aconteceu no Vale\",\"@id\":\"https:\\\/\\\/aconteceunovale.com.br\\\/portal\\\/#\\\/schema\\\/person\\\/633529146f2c94272bef50ac2953d589\"},\"headline\":\"Homem de 51 anos morre em acidente envolvendo moto e bicicleta em Itaobim\",\"datePublished\":\"2015-06-06T12:27:44+00:00\",\"dateModified\":\"2026-09-02T16:12:43+00:00\",\"mainEntityOfPage\":{\"@id\":\"https:\\\/\\\/aconteceunovale.com.br\\\/portal\\\/?p=60573\"},\"wordCount\":146,\"commentCount\":0,\"image\":{\"@id\":\"https:\\\/\\\/aconteceunovale.com.br\\\/portal\\\/?p=60573#primaryimage\"},\"thumbnailUrl\":\"https:\\\/\\\/aconteceunovale.com.br\\\/portal\\\/wp-content\\\/uploads\\\/2015\\\/06\\\/acidente_itaobim.jpg\",\"keywords\":[\"acidente em Itaobim\",\"Agnaldo Jos\u00e9 dos Santos\",\"Dom\u00eanio Vieira dos Santos\",\"Homem de 51 anos morre em acidente envolvendo moto e bicicleta em Itaobim\",\"Itaobim\",\"morte no tr\u00e2nsito em Itaobim\"],\"articleSection\":[\"Itaobim\",\"Vale do Jequitinhonha\"],\"inLanguage\":\"pt-BR\",\"potentialAction\":[{\"@type\":\"CommentAction\",\"name\":\"Comment\",\"target\":[\"https:\\\/\\\/aconteceunovale.com.br\\\/portal\\\/?p=60573#respond\"]}]},{\"@type\":\"WebPage\",\"@id\":\"https:\\\/\\\/aconteceunovale.com.br\\\/portal\\\/?p=60573\",\"url\":\"https:\\\/\\\/aconteceunovale.com.br\\\/portal\\\/?p=60573\",\"name\":\"Homem de 51 anos morre em acidente envolvendo moto e bicicleta em Itaobim - Aconteceu no Vale\",\"isPartOf\":{\"@id\":\"https:\\\/\\\/aconteceunovale.com.br\\\/portal\\\/#website\"},\"primaryImageOfPage\":{\"@id\":\"https:\\\/\\\/aconteceunovale.com.br\\\/portal\\\/?p=60573#primaryimage\"},\"image\":{\"@id\":\"https:\\\/\\\/aconteceunovale.com.br\\\/portal\\\/?p=60573#primaryimage\"},\"thumbnailUrl\":\"https:\\\/\\\/aconteceunovale.com.br\\\/portal\\\/wp-content\\\/uploads\\\/2015\\\/06\\\/acidente_itaobim.jpg\",\"datePublished\":\"2015-06-06T12:27:44+00:00\",\"dateModified\":\"2026-09-02T16:12:43+00:00\",\"author\":{\"@id\":\"https:\\\/\\\/aconteceunovale.com.br\\\/portal\\\/#\\\/schema\\\/person\\\/633529146f2c94272bef50ac2953d589\"},\"breadcrumb\":{\"@id\":\"https:\\\/\\\/aconteceunovale.com.br\\\/portal\\\/?p=60573#breadcrumb\"},\"inLanguage\":\"pt-BR\",\"potentialAction\":[{\"@type\":\"ReadAction\",\"target\":[\"https:\\\/\\\/aconteceunovale.com.br\\\/portal\\\/?p=60573\"]}]},{\"@type\":\"ImageObject\",\"inLanguage\":\"pt-BR\",\"@id\":\"https:\\\/\\\/aconteceunovale.com.br\\\/portal\\\/?p=60573#primaryimage\",\"url\":\"https:\\\/\\\/aconteceunovale.com.br\\\/portal\\\/wp-content\\\/uploads\\\/2015\\\/06\\\/acidente_itaobim.jpg\",\"contentUrl\":\"https:\\\/\\\/aconteceunovale.com.br\\\/portal\\\/wp-content\\\/uploads\\\/2015\\\/06\\\/acidente_itaobim.jpg\",\"width\":603,\"height\":450},{\"@type\":\"BreadcrumbList\",\"@id\":\"https:\\\/\\\/aconteceunovale.com.br\\\/portal\\\/?p=60573#breadcrumb\",\"itemListElement\":[{\"@type\":\"ListItem\",\"position\":1,\"name\":\"In\u00edcio\",\"item\":\"https:\\\/\\\/aconteceunovale.com.br\\\/portal\\\/\"},{\"@type\":\"ListItem\",\"position\":2,\"name\":\"Homem de 51 anos morre em acidente envolvendo moto e bicicleta em Itaobim\"}]},{\"@type\":\"WebSite\",\"@id\":\"https:\\\/\\\/aconteceunovale.com.br\\\/portal\\\/#website\",\"url\":\"https:\\\/\\\/aconteceunovale.com.br\\\/portal\\\/\",\"name\":\"Aconteceu no Vale\",\"description\":\"Portal de Not\u00edcias\",\"potentialAction\":[{\"@type\":\"SearchAction\",\"target\":{\"@type\":\"EntryPoint\",\"urlTemplate\":\"https:\\\/\\\/aconteceunovale.com.br\\\/portal\\\/?s={search_term_string}\"},\"query-input\":{\"@type\":\"PropertyValueSpecification\",\"valueRequired\":true,\"valueName\":\"search_term_string\"}}],\"inLanguage\":\"pt-BR\"},{\"@type\":\"Person\",\"@id\":\"https:\\\/\\\/aconteceunovale.com.br\\\/portal\\\/#\\\/schema\\\/person\\\/633529146f2c94272bef50ac2953d589\",\"name\":\"Aconteceu no Vale\",\"description\":\"Equipe de reportagem do Aconteceu no Vale, portal de not\u00edcias do Vale do Jequitinhonha, em Minas Gerais. Cobrimos as 51 cidades do Vale desde 2013. Sugest\u00f5es de pauta e pedidos de corre\u00e7\u00e3o: contato@aconteceunovale.com.br\",\"sameAs\":[\"http:\\\/\\\/www.aconteceunovale.com.br\"],\"url\":\"https:\\\/\\\/aconteceunovale.com.br\\\/portal\\\/?author=1\"}]}<\/script>\n<!-- \/ Yoast SEO plugin. -->","yoast_head_json":{"title":"Homem de 51 anos morre em acidente envolvendo moto e bicicleta em Itaobim - Aconteceu no Vale","robots":{"index":"index","follow":"follow","max-snippet":"max-snippet:-1","max-image-preview":"max-image-preview:large","max-video-preview":"max-video-preview:-1"},"canonical":"https:\/\/aconteceunovale.com.br\/portal\/?p=60573","og_locale":"pt_BR","og_type":"article","og_title":"Homem de 51 anos morre em acidente envolvendo moto e bicicleta em Itaobim - Aconteceu no Vale","og_description":"Acidente aconteceu no trecho urbano BR-116. Motociclista ficou ferido e foi socorrido pelo SAMU. Um homem de 51 anos morreu em um acidente envolvendo uma moto e uma bicicleta na noite dessa sexta-feira, 5 de maio, no per\u00edmetro urbano de Itaobim, no Vale do Jequitinhonha. Ciclista morreu no local &#8211; Foto: Enviada por Micharles Almeida [&hellip;]","og_url":"https:\/\/aconteceunovale.com.br\/portal\/?p=60573","og_site_name":"Aconteceu no Vale","article_publisher":"https:\/\/www.facebook.com\/aconteceunovale\/","article_published_time":"2015-06-06T12:27:44+00:00","article_modified_time":"2026-09-02T16:12:43+00:00","og_image":[{"width":603,"height":450,"url":"https:\/\/aconteceunovale.com.br\/portal\/wp-content\/uploads\/2015\/06\/acidente_itaobim.jpg","type":"image\/jpeg"}],"author":"Aconteceu no Vale","twitter_card":"summary_large_image","twitter_creator":"@noticiadosvales","twitter_site":"@noticiadosvales","twitter_misc":{"Escrito por":"Aconteceu no Vale","Est. tempo de leitura":"1 minuto"},"schema":{"@context":"https:\/\/schema.org","@graph":[{"@type":"Article","@id":"https:\/\/aconteceunovale.com.br\/portal\/?p=60573#article","isPartOf":{"@id":"https:\/\/aconteceunovale.com.br\/portal\/?p=60573"},"author":{"name":"Aconteceu no Vale","@id":"https:\/\/aconteceunovale.com.br\/portal\/#\/schema\/person\/633529146f2c94272bef50ac2953d589"},"headline":"Homem de 51 anos morre em acidente envolvendo moto e bicicleta em Itaobim","datePublished":"2015-06-06T12:27:44+00:00","dateModified":"2026-09-02T16:12:43+00:00","mainEntityOfPage":{"@id":"https:\/\/aconteceunovale.com.br\/portal\/?p=60573"},"wordCount":146,"commentCount":0,"image":{"@id":"https:\/\/aconteceunovale.com.br\/portal\/?p=60573#primaryimage"},"thumbnailUrl":"https:\/\/aconteceunovale.com.br\/portal\/wp-content\/uploads\/2015\/06\/acidente_itaobim.jpg","keywords":["acidente em Itaobim","Agnaldo Jos\u00e9 dos Santos","Dom\u00eanio Vieira dos Santos","Homem de 51 anos morre em acidente envolvendo moto e bicicleta em Itaobim","Itaobim","morte no tr\u00e2nsito em Itaobim"],"articleSection":["Itaobim","Vale do Jequitinhonha"],"inLanguage":"pt-BR","potentialAction":[{"@type":"CommentAction","name":"Comment","target":["https:\/\/aconteceunovale.com.br\/portal\/?p=60573#respond"]}]},{"@type":"WebPage","@id":"https:\/\/aconteceunovale.com.br\/portal\/?p=60573","url":"https:\/\/aconteceunovale.com.br\/portal\/?p=60573","name":"Homem de 51 anos morre em acidente envolvendo moto e bicicleta em Itaobim - Aconteceu no Vale","isPartOf":{"@id":"https:\/\/aconteceunovale.com.br\/portal\/#website"},"primaryImageOfPage":{"@id":"https:\/\/aconteceunovale.com.br\/portal\/?p=60573#primaryimage"},"image":{"@id":"https:\/\/aconteceunovale.com.br\/portal\/?p=60573#primaryimage"},"thumbnailUrl":"https:\/\/aconteceunovale.com.br\/portal\/wp-content\/uploads\/2015\/06\/acidente_itaobim.jpg","datePublished":"2015-06-06T12:27:44+00:00","dateModified":"2026-09-02T16:12:43+00:00","author":{"@id":"https:\/\/aconteceunovale.com.br\/portal\/#\/schema\/person\/633529146f2c94272bef50ac2953d589"},"breadcrumb":{"@id":"https:\/\/aconteceunovale.com.br\/portal\/?p=60573#breadcrumb"},"inLanguage":"pt-BR","potentialAction":[{"@type":"ReadAction","target":["https:\/\/aconteceunovale.com.br\/portal\/?p=60573"]}]},{"@type":"ImageObject","inLanguage":"pt-BR","@id":"https:\/\/aconteceunovale.com.br\/portal\/?p=60573#primaryimage","url":"https:\/\/aconteceunovale.com.br\/portal\/wp-content\/uploads\/2015\/06\/acidente_itaobim.jpg","contentUrl":"https:\/\/aconteceunovale.com.br\/portal\/wp-content\/uploads\/2015\/06\/acidente_itaobim.jpg","width":603,"height":450},{"@type":"BreadcrumbList","@id":"https:\/\/aconteceunovale.com.br\/portal\/?p=60573#breadcrumb","itemListElement":[{"@type":"ListItem","position":1,"name":"In\u00edcio","item":"https:\/\/aconteceunovale.com.br\/portal\/"},{"@type":"ListItem","position":2,"name":"Homem de 51 anos morre em acidente envolvendo moto e bicicleta em Itaobim"}]},{"@type":"WebSite","@id":"https:\/\/aconteceunovale.com.br\/portal\/#website","url":"https:\/\/aconteceunovale.com.br\/portal\/","name":"Aconteceu no Vale","description":"Portal de Not\u00edcias","potentialAction":[{"@type":"SearchAction","target":{"@type":"EntryPoint","urlTemplate":"https:\/\/aconteceunovale.com.br\/portal\/?s={search_term_string}"},"query-input":{"@type":"PropertyValueSpecification","valueRequired":true,"valueName":"search_term_string"}}],"inLanguage":"pt-BR"},{"@type":"Person","@id":"https:\/\/aconteceunovale.com.br\/portal\/#\/schema\/person\/633529146f2c94272bef50ac2953d589","name":"Aconteceu no Vale","description":"Equipe de reportagem do Aconteceu no Vale, portal de not\u00edcias do Vale do Jequitinhonha, em Minas Gerais. Cobrimos as 51 cidades do Vale desde 2013. Sugest\u00f5es de pauta e pedidos de corre\u00e7\u00e3o: contato@aconteceunovale.com.br","sameAs":["http:\/\/www.aconteceunovale.com.br"],"url":"https:\/\/aconteceunovale.com.br\/portal\/?author=1"}]}},"_links":{"self":[{"href":"https:\/\/aconteceunovale.com.br\/portal\/index.php?rest_route=\/wp\/v2\/posts\/60573","targetHints":{"allow":["GET"]}}],"collection":[{"href":"https:\/\/aconteceunovale.com.br\/portal\/index.php?rest_route=\/wp\/v2\/posts"}],"about":[{"href":"https:\/\/aconteceunovale.com.br\/portal\/index.php?rest_route=\/wp\/v2\/types\/post"}],"author":[{"embeddable":true,"href":"https:\/\/aconteceunovale.com.br\/portal\/index.php?rest_route=\/wp\/v2\/users\/1"}],"replies":[{"embeddable":true,"href":"https:\/\/aconteceunovale.com.br\/portal\/index.php?rest_route=%2Fwp%2Fv2%2Fcomments&post=60573"}],"version-history":[{"count":1,"href":"https:\/\/aconteceunovale.com.br\/portal\/index.php?rest_route=\/wp\/v2\/posts\/60573\/revisions"}],"predecessor-version":[{"id":201029,"href":"https:\/\/aconteceunovale.com.br\/portal\/index.php?rest_route=\/wp\/v2\/posts\/60573\/revisions\/201029"}],"wp:featuredmedia":[{"embeddable":true,"href":"https:\/\/aconteceunovale.com.br\/portal\/index.php?rest_route=\/wp\/v2\/media\/60574"}],"wp:attachment":[{"href":"https:\/\/aconteceunovale.com.br\/portal\/index.php?rest_route=%2Fwp%2Fv2%2Fmedia&parent=60573"}],"wp:term":[{"taxonomy":"category","embeddable":true,"href":"https:\/\/aconteceunovale.com.br\/portal\/index.php?rest_route=%2Fwp%2Fv2%2Fcategories&post=60573"},{"taxonomy":"post_tag","embeddable":true,"href":"https:\/\/aconteceunovale.com.br\/portal\/index.php?rest_route=%2Fwp%2Fv2%2Ftags&post=60573"}],"curies":[{"name":"wp","href":"https:\/\/api.w.org\/{rel}","templated":true}]}}