{"id":60513,"date":"2015-06-05T08:29:58","date_gmt":"2015-06-05T11:29:58","guid":{"rendered":"http:\/\/aconteceunovale.com.br\/portal\/?p=60513"},"modified":"2015-06-05T08:29:58","modified_gmt":"2015-06-05T11:29:58","slug":"jovem-que-levava-23-quilos-de-drogas-para-porto-seguro-e-preso-em-nanuque","status":"publish","type":"post","link":"https:\/\/aconteceunovale.com.br\/portal\/?p=60513","title":{"rendered":"Jovem que levava 23 quilos de drogas para Porto Seguro \u00e9 preso em Nanuque"},"content":{"rendered":"<h4><strong><em>Pol\u00edcia apreendeu maconha, coca\u00edna e pasta base de crack. Suspeito seguia S\u00e3o Paulo para Porto Seguro (BA).<\/em><\/strong><\/h4>\n<p>Um jovem de 22 anos foi preso nesta quinta-feira (4) em Nanuque, no Vale do Mucuri, transportando drogas em um \u00f4nibus interestadual. Segundo informa\u00e7\u00f5es da Pol\u00edcia Militar Rodovi\u00e1ria (PMRv), o suspeito levava 20 kg de maconha, tr\u00eas quilos de pasta base de crack e coca\u00edna.<\/p>\n<p>Ainda de acordo com a PMRv, o suspeito estava em um \u00f4nibus que seguia de S\u00e3o Paulo para Porto Seguro (BA). A apreens\u00e3o ocorreu durante uma opera\u00e7\u00e3o de combate \u00e0 criminalidade violenta na regi\u00e3o do Vale do Mucuri.<\/p>\n<p>O preso foi levado para delegacia de Nanuque, ouvido e levado para o pres\u00eddio da cidade.<\/p>\n<p><img decoding=\"async\" src=\"http:\/\/aconteceunovale.com.br\/portal\/wp-content\/uploads\/2015\/06\/droga_apreendida_nanuque.jpg\" alt=\"\" \/><em>Droga foi apreendida pela Pol\u00edcia Militar Rodovi\u00e1ria durante opera\u00e7\u00e3o (Foto: Divulga\u00e7\u00e3o \/ PMRv)<\/em><br \/>\n<\/br><\/p>\n<p><em>(Fonte: G1 \/ Inter TV dos Vales)<\/em><\/p>\n","protected":false},"excerpt":{"rendered":"<p>Pol\u00edcia apreendeu maconha, coca\u00edna e pasta base de crack. Suspeito seguia S\u00e3o Paulo para Porto Seguro (BA). Um jovem de 22 anos foi preso nesta quinta-feira (4) em Nanuque, no Vale do Mucuri, transportando drogas em um \u00f4nibus interestadual. Segundo informa\u00e7\u00f5es da Pol\u00edcia Militar Rodovi\u00e1ria (PMRv), o suspeito levava 20 kg de maconha, tr\u00eas quilos [&hellip;]<\/p>\n","protected":false},"author":1,"featured_media":60514,"comment_status":"open","ping_status":"closed","sticky":false,"template":"","format":"standard","meta":{"amp_status":"","footnotes":""},"categories":[122],"tags":[47219,47221,252,423,47220],"class_list":["post-60513","post","type-post","status-publish","format-standard","has-post-thumbnail","hentry","category-mucuri","tag-apreensao-de-drogas-em-nanuque","tag-jovem-que-levava-23-quilos-de-drogas-para-porto-seguro-e-preso-em-nanuque","tag-nanuque","tag-porto-seguro","tag-preso-com-drogas-em-nanuque"],"_links":{"self":[{"href":"https:\/\/aconteceunovale.com.br\/portal\/index.php?rest_route=\/wp\/v2\/posts\/60513","targetHints":{"allow":["GET"]}}],"collection":[{"href":"https:\/\/aconteceunovale.com.br\/portal\/index.php?rest_route=\/wp\/v2\/posts"}],"about":[{"href":"https:\/\/aconteceunovale.com.br\/portal\/index.php?rest_route=\/wp\/v2\/types\/post"}],"author":[{"embeddable":true,"href":"https:\/\/aconteceunovale.com.br\/portal\/index.php?rest_route=\/wp\/v2\/users\/1"}],"replies":[{"embeddable":true,"href":"https:\/\/aconteceunovale.com.br\/portal\/index.php?rest_route=%2Fwp%2Fv2%2Fcomments&post=60513"}],"version-history":[{"count":0,"href":"https:\/\/aconteceunovale.com.br\/portal\/index.php?rest_route=\/wp\/v2\/posts\/60513\/revisions"}],"wp:featuredmedia":[{"embeddable":true,"href":"https:\/\/aconteceunovale.com.br\/portal\/index.php?rest_route=\/wp\/v2\/media\/60514"}],"wp:attachment":[{"href":"https:\/\/aconteceunovale.com.br\/portal\/index.php?rest_route=%2Fwp%2Fv2%2Fmedia&parent=60513"}],"wp:term":[{"taxonomy":"category","embeddable":true,"href":"https:\/\/aconteceunovale.com.br\/portal\/index.php?rest_route=%2Fwp%2Fv2%2Fcategories&post=60513"},{"taxonomy":"post_tag","embeddable":true,"href":"https:\/\/aconteceunovale.com.br\/portal\/index.php?rest_route=%2Fwp%2Fv2%2Ftags&post=60513"}],"curies":[{"name":"wp","href":"https:\/\/api.w.org\/{rel}","templated":true}]}}