{"id":60511,"date":"2015-06-05T08:21:41","date_gmt":"2015-06-05T11:21:41","guid":{"rendered":"http:\/\/aconteceunovale.com.br\/portal\/?p=60511"},"modified":"2015-06-05T08:21:41","modified_gmt":"2015-06-05T11:21:41","slug":"minas-gerais-vai-sediar-a-maior-feira-do-agronegocio-cafe-no-brasil","status":"publish","type":"post","link":"https:\/\/aconteceunovale.com.br\/portal\/?p=60511","title":{"rendered":"Minas Gerais vai sediar a maior feira do agroneg\u00f3cio caf\u00e9 no Brasil"},"content":{"rendered":"<h4><strong><em>Estado \u00e9 o maior produtor de caf\u00e9 do pa\u00eds e respons\u00e1vel por 17% da produ\u00e7\u00e3o mundial. Evento ser\u00e1 realizado em Tr\u00eas Pontas, no Sul de Minas<\/em><\/strong><\/h4>\n<p>Entre os dias 1 e 3 de julho, a cafeicultura nacional, l\u00edder na produ\u00e7\u00e3o mundial de caf\u00e9, ir\u00e1 conhecer as principais novidades e tecnologias para o setor, durante a 18\u00aa edi\u00e7\u00e3o da Expocaf\u00e9 realizada no Campo Experimental da\u00a0<a href=\"http:\/\/www.epamig.br\/\" target=\"_blank\">Empresa de Pesquisa Agropecu\u00e1ria de Minas Gerais (Epamig)<\/a>, em Tr\u00eas Pontas, no Sul de Minas Gerais.<\/p>\n<p>Co-realizadora do evento, a Epamig integra a programa\u00e7\u00e3o com a organiza\u00e7\u00e3o das din\u00e2micas de campo, minicursos e informa\u00e7\u00f5es tecnol\u00f3gicas. Durante as Din\u00e2micas de Campo, setorizadas em pesquisa e extens\u00e3o, colheita e manejo, os participantes poder\u00e3o conhecer na pr\u00e1tica o funcionamento de equipamentos instalados nas lavouras de caf\u00e9 da Campo Experimental. Nas esta\u00e7\u00f5es de campo, 12 empresas apresentar\u00e3o o desempenho de derri\u00e7adeiras, colhedoras de caf\u00e9, sopradores, esqueletadeiras. Al\u00e9m disso, tamb\u00e9m ser\u00e3o apresentados por pesquisadores da Epamig temas como controle de doen\u00e7as e pragas do cafeeiro, variedades de caf\u00e9 recomendadas para a agricultura mineira, nutri\u00e7\u00e3o de cafeeiro e uso de herbicidas e tecnologias de aplica\u00e7\u00e3o.<\/p>\n<p>No Ci\u00eancia M\u00f3vel, \u00f4nibus itinerante transformado em um pequeno laborat\u00f3rio para demonstra\u00e7\u00e3o de pesquisas, o pesquisador Vicente Carvalho ir\u00e1 repassar informa\u00e7\u00f5es para controle de doen\u00e7as recorrentes na cafeicultura: ferrugem, mancha-de-Phoma \u00a0e cercosporiose. De acordo com o pesquisador, que h\u00e1 30 anos estuda doen\u00e7as do cafeeiro, no caso da incid\u00eancia de ferrugem, o produtor deve-se fazer tr\u00eas perguntas antes de adquirir um produto para controle: &#8220;a carga da minha lavoura este ano \u00e9 alta, ou seja, o p\u00e9 est\u00e1 carregado de caf\u00e9? O sistema de cultivo \u00e9 adensado? E qual a incid\u00eancia de ferrugem?&#8221;.<\/p>\n<p>Vicente ir\u00e1 explicar, ainda, como fazer o monitoramento do talh\u00e3o e apresentar alternativas de preven\u00e7\u00e3o e controle. &#8220;O cafeicultor j\u00e1 tem, por exemplo, acesso \u00e0 cultivares de caf\u00e9 resistentes \u00e0 ferrugem, indicadas para cultivo consorciado com arb\u00f3reas&#8221;.<\/p>\n<p>De acordo com o presidente da Epamig, Rui Verneque, a Expocaf\u00e9 \u00e9 uma vitrine da pesquisa em cafeicultura. &#8220;Al\u00e9m de conhecerem lan\u00e7amento em m\u00e1quinas e equipamentos, os cafeicultores podem visitar as lavouras do Campo Experimental e ter acesso \u00e0 \u00a0tecnologias desenvolvidas pela pesquisa agropecu\u00e1ria mineira ao longo de 40 anos&#8221;, ressalta.<\/p>\n<p><strong>Minicursos<\/strong><\/p>\n<p>Novas cultivares para produ\u00e7\u00e3o de caf\u00e9s especiais e degusta\u00e7\u00f5es comentadas de vinho e azeite ser\u00e3o temas dos minicursos realizados no estande da Epamig durante a 18\u00aa Expocaf\u00e9. O pesquisador da Epamig, Marcelo Malta, ir\u00e1 apresentar as principais caracter\u00edsticas agron\u00f4micas de algumas cultivares de caf\u00e9 lan\u00e7adas pela Epamig, como Catigu\u00e1s MG1 e MG2, Araponga e Para\u00edso 2. Os participantes poder\u00e3o, ainda, degustar caf\u00e9s especiais.<\/p>\n<p>As inscri\u00e7\u00f5es para as din\u00e2micas de campo e minicursos s\u00e3o gratuitas e podem ser feitas no estande da Epamig durante o evento.<\/p>\n<p><strong><span style=\"text-decoration: underline;\">Servi\u00e7o<\/span>:<\/strong><\/p>\n<p><strong>Expocaf\u00e9 2015<\/p>\n<p>Data:<\/strong>\u00a01 a 3 de julho<\/p>\n<p><strong>Local:<\/strong>\u00a0Campo Experimental da Epamig \u00a0&#8211; rodovia MG 167, em Tr\u00eas Pontas\/MG<\/p>\n<p><strong>Hor\u00e1rio:<\/strong>\u00a08h \u00e0s 18h, \u00a0com entrada gratuita.<\/p>\n<p><strong>6\u00ba Simp\u00f3sio de Mecaniza\u00e7\u00e3o da Lavoura Cafeeira<\/p>\n<p>Local<\/strong>: Tenda de eventos da Campo Experimental da Epamig<\/p>\n<p><strong>Data:<\/strong>\u00a030 de junho de 2015<\/p>\n<p><strong>Hor\u00e1rio:<\/strong>\u00a08h \u00e0s 18h , com inscri\u00e7\u00f5es pr\u00e9vias.<\/p>\n","protected":false},"excerpt":{"rendered":"<p>Estado \u00e9 o maior produtor de caf\u00e9 do pa\u00eds e respons\u00e1vel por 17% da produ\u00e7\u00e3o mundial. Evento ser\u00e1 realizado em Tr\u00eas Pontas, no Sul de Minas Entre os dias 1 e 3 de julho, a cafeicultura nacional, l\u00edder na produ\u00e7\u00e3o mundial de caf\u00e9, ir\u00e1 conhecer as principais novidades e tecnologias para o setor, durante a [&hellip;]<\/p>\n","protected":false},"author":1,"featured_media":12422,"comment_status":"open","ping_status":"closed","sticky":false,"template":"","format":"standard","meta":{"amp_status":"","footnotes":""},"categories":[125,123],"tags":[47211,47210,47212,47215,44521,25884,47218,47213,47214,47208,47209,47206,47207,47217,47205,37283,47216,37284,1508],"class_list":["post-60511","post","type-post","status-publish","format-standard","has-post-thumbnail","hentry","category-noticias","category-gerais","tag-18a-edicao-da-expocafe","tag-18a-edicao-da-expocafe-realizada-no-campo-experimental-da-epamig","tag-18a-expocafe","tag-6o-simposio-de-mecanizacao-da-lavoura-cafeeira","tag-cafe","tag-epamig","tag-estado-que-mais-produz-cafe-no-brasil","tag-expocafe","tag-expocafe-2015","tag-feira-do-agronegocio-cafe-em-minas-gerais","tag-feira-do-cafe-em-minas-gerais","tag-maior-feira-do-agronegocio-cafe-no-brasil","tag-maior-feira-do-cafe-no-brasil","tag-maior-produtor-de-cafe-do-brasil","tag-minas-gerais-vai-sediar-a-maior-feira-do-agronegocio-cafe-no-brasil","tag-presidente-da-epamig","tag-producao-de-cafes-especiais-sera-um-dos-temas-dos-minicursos-realizados-no-estande-da-epamig","tag-rui-verneque","tag-tres-pontas"],"yoast_head":"<!-- This site is optimized with the Yoast SEO plugin v28.3 - https:\/\/yoast.com\/product\/yoast-seo-wordpress\/ -->\n<title>Minas Gerais vai sediar a maior feira do agroneg\u00f3cio caf\u00e9 no Brasil - Aconteceu no Vale<\/title>\n<meta name=\"robots\" content=\"index, follow, max-snippet:-1, max-image-preview:large, max-video-preview:-1\" \/>\n<link rel=\"canonical\" href=\"https:\/\/aconteceunovale.com.br\/portal\/?p=60511\" \/>\n<meta property=\"og:locale\" content=\"pt_BR\" \/>\n<meta property=\"og:type\" content=\"article\" \/>\n<meta property=\"og:title\" content=\"Minas Gerais vai sediar a maior feira do agroneg\u00f3cio caf\u00e9 no Brasil - Aconteceu no Vale\" \/>\n<meta property=\"og:description\" content=\"Estado \u00e9 o maior produtor de caf\u00e9 do pa\u00eds e respons\u00e1vel por 17% da produ\u00e7\u00e3o mundial. Evento ser\u00e1 realizado em Tr\u00eas Pontas, no Sul de Minas Entre os dias 1 e 3 de julho, a cafeicultura nacional, l\u00edder na produ\u00e7\u00e3o mundial de caf\u00e9, ir\u00e1 conhecer as principais novidades e tecnologias para o setor, durante a [&hellip;]\" \/>\n<meta property=\"og:url\" content=\"https:\/\/aconteceunovale.com.br\/portal\/?p=60511\" \/>\n<meta property=\"og:site_name\" content=\"Aconteceu no Vale\" \/>\n<meta property=\"article:publisher\" content=\"https:\/\/www.facebook.com\/aconteceunovale\/\" \/>\n<meta property=\"article:published_time\" content=\"2015-06-05T11:21:41+00:00\" \/>\n<meta property=\"og:image\" content=\"https:\/\/aconteceunovale.com.br\/portal\/wp-content\/uploads\/2013\/10\/cafe_chapada.jpg\" \/>\n\t<meta property=\"og:image:width\" content=\"678\" \/>\n\t<meta property=\"og:image:height\" content=\"423\" \/>\n\t<meta property=\"og:image:type\" content=\"image\/jpeg\" \/>\n<meta name=\"author\" content=\"Aconteceu no Vale\" \/>\n<meta name=\"twitter:card\" content=\"summary_large_image\" \/>\n<meta name=\"twitter:creator\" content=\"@noticiadosvales\" \/>\n<meta name=\"twitter:site\" content=\"@noticiadosvales\" \/>\n<meta name=\"twitter:label1\" content=\"Escrito por\" \/>\n\t<meta name=\"twitter:data1\" content=\"Aconteceu no Vale\" \/>\n\t<meta name=\"twitter:label2\" content=\"Est. tempo de leitura\" \/>\n\t<meta name=\"twitter:data2\" content=\"3 minutos\" \/>\n<script type=\"application\/ld+json\" class=\"yoast-schema-graph\">{\"@context\":\"https:\\\/\\\/schema.org\",\"@graph\":[{\"@type\":\"Article\",\"@id\":\"https:\\\/\\\/aconteceunovale.com.br\\\/portal\\\/?p=60511#article\",\"isPartOf\":{\"@id\":\"https:\\\/\\\/aconteceunovale.com.br\\\/portal\\\/?p=60511\"},\"author\":{\"name\":\"Aconteceu no Vale\",\"@id\":\"https:\\\/\\\/aconteceunovale.com.br\\\/portal\\\/#\\\/schema\\\/person\\\/633529146f2c94272bef50ac2953d589\"},\"headline\":\"Minas Gerais vai sediar a maior feira do agroneg\u00f3cio caf\u00e9 no Brasil\",\"datePublished\":\"2015-06-05T11:21:41+00:00\",\"mainEntityOfPage\":{\"@id\":\"https:\\\/\\\/aconteceunovale.com.br\\\/portal\\\/?p=60511\"},\"wordCount\":564,\"commentCount\":0,\"image\":{\"@id\":\"https:\\\/\\\/aconteceunovale.com.br\\\/portal\\\/?p=60511#primaryimage\"},\"thumbnailUrl\":\"https:\\\/\\\/aconteceunovale.com.br\\\/portal\\\/wp-content\\\/uploads\\\/2013\\\/10\\\/cafe_chapada.jpg\",\"keywords\":[\"18\u00aa edi\u00e7\u00e3o da Expocaf\u00e9\",\"18\u00aa edi\u00e7\u00e3o da Expocaf\u00e9 realizada no Campo Experimental da Epamig\",\"18\u00aa Expocaf\u00e9\",\"6\u00ba Simp\u00f3sio de Mecaniza\u00e7\u00e3o da Lavoura Cafeeira\",\"caf\u00e9\",\"Epamig\",\"estado que mais produz caf\u00e9 no brasil\",\"Expocaf\u00e9\",\"Expocaf\u00e9 2015\",\"feira do agroneg\u00f3cio caf\u00e9 em Minas Gerais\",\"feira do caf\u00e9 em Minas Gerais\",\"maior feira do agroneg\u00f3cio caf\u00e9 no Brasil\",\"maior feira do caf\u00e9 no Brasil\",\"maior produtor de caf\u00e9 do brasil\",\"Minas Gerais vai sediar a maior feira do agroneg\u00f3cio caf\u00e9 no Brasil\",\"presidente da Epamig\",\"Produ\u00e7\u00e3o de caf\u00e9s especiais ser\u00e1 um dos temas dos minicursos realizados no estande da Epamig\",\"Rui Verneque\",\"Tr\u00eas Pontas\"],\"articleSection\":[\"Eventos\",\"Minas Gerais\"],\"inLanguage\":\"pt-BR\",\"potentialAction\":[{\"@type\":\"CommentAction\",\"name\":\"Comment\",\"target\":[\"https:\\\/\\\/aconteceunovale.com.br\\\/portal\\\/?p=60511#respond\"]}]},{\"@type\":\"WebPage\",\"@id\":\"https:\\\/\\\/aconteceunovale.com.br\\\/portal\\\/?p=60511\",\"url\":\"https:\\\/\\\/aconteceunovale.com.br\\\/portal\\\/?p=60511\",\"name\":\"Minas Gerais vai sediar a maior feira do agroneg\u00f3cio caf\u00e9 no Brasil - Aconteceu no Vale\",\"isPartOf\":{\"@id\":\"https:\\\/\\\/aconteceunovale.com.br\\\/portal\\\/#website\"},\"primaryImageOfPage\":{\"@id\":\"https:\\\/\\\/aconteceunovale.com.br\\\/portal\\\/?p=60511#primaryimage\"},\"image\":{\"@id\":\"https:\\\/\\\/aconteceunovale.com.br\\\/portal\\\/?p=60511#primaryimage\"},\"thumbnailUrl\":\"https:\\\/\\\/aconteceunovale.com.br\\\/portal\\\/wp-content\\\/uploads\\\/2013\\\/10\\\/cafe_chapada.jpg\",\"datePublished\":\"2015-06-05T11:21:41+00:00\",\"author\":{\"@id\":\"https:\\\/\\\/aconteceunovale.com.br\\\/portal\\\/#\\\/schema\\\/person\\\/633529146f2c94272bef50ac2953d589\"},\"breadcrumb\":{\"@id\":\"https:\\\/\\\/aconteceunovale.com.br\\\/portal\\\/?p=60511#breadcrumb\"},\"inLanguage\":\"pt-BR\",\"potentialAction\":[{\"@type\":\"ReadAction\",\"target\":[\"https:\\\/\\\/aconteceunovale.com.br\\\/portal\\\/?p=60511\"]}]},{\"@type\":\"ImageObject\",\"inLanguage\":\"pt-BR\",\"@id\":\"https:\\\/\\\/aconteceunovale.com.br\\\/portal\\\/?p=60511#primaryimage\",\"url\":\"https:\\\/\\\/aconteceunovale.com.br\\\/portal\\\/wp-content\\\/uploads\\\/2013\\\/10\\\/cafe_chapada.jpg\",\"contentUrl\":\"https:\\\/\\\/aconteceunovale.com.br\\\/portal\\\/wp-content\\\/uploads\\\/2013\\\/10\\\/cafe_chapada.jpg\",\"width\":678,\"height\":423},{\"@type\":\"BreadcrumbList\",\"@id\":\"https:\\\/\\\/aconteceunovale.com.br\\\/portal\\\/?p=60511#breadcrumb\",\"itemListElement\":[{\"@type\":\"ListItem\",\"position\":1,\"name\":\"In\u00edcio\",\"item\":\"https:\\\/\\\/aconteceunovale.com.br\\\/portal\\\/\"},{\"@type\":\"ListItem\",\"position\":2,\"name\":\"Minas Gerais vai sediar a maior feira do agroneg\u00f3cio caf\u00e9 no Brasil\"}]},{\"@type\":\"WebSite\",\"@id\":\"https:\\\/\\\/aconteceunovale.com.br\\\/portal\\\/#website\",\"url\":\"https:\\\/\\\/aconteceunovale.com.br\\\/portal\\\/\",\"name\":\"Aconteceu no Vale\",\"description\":\"Portal de Not\u00edcias\",\"potentialAction\":[{\"@type\":\"SearchAction\",\"target\":{\"@type\":\"EntryPoint\",\"urlTemplate\":\"https:\\\/\\\/aconteceunovale.com.br\\\/portal\\\/?s={search_term_string}\"},\"query-input\":{\"@type\":\"PropertyValueSpecification\",\"valueRequired\":true,\"valueName\":\"search_term_string\"}}],\"inLanguage\":\"pt-BR\"},{\"@type\":\"Person\",\"@id\":\"https:\\\/\\\/aconteceunovale.com.br\\\/portal\\\/#\\\/schema\\\/person\\\/633529146f2c94272bef50ac2953d589\",\"name\":\"Aconteceu no Vale\",\"description\":\"Equipe de reportagem do Aconteceu no Vale, portal de not\u00edcias do Vale do Jequitinhonha, em Minas Gerais. Cobrimos as 51 cidades do Vale desde 2013. Sugest\u00f5es de pauta e pedidos de corre\u00e7\u00e3o: contato@aconteceunovale.com.br\",\"sameAs\":[\"http:\\\/\\\/www.aconteceunovale.com.br\"],\"url\":\"https:\\\/\\\/aconteceunovale.com.br\\\/portal\\\/?author=1\"}]}<\/script>\n<!-- \/ Yoast SEO plugin. -->","yoast_head_json":{"title":"Minas Gerais vai sediar a maior feira do agroneg\u00f3cio caf\u00e9 no Brasil - Aconteceu no Vale","robots":{"index":"index","follow":"follow","max-snippet":"max-snippet:-1","max-image-preview":"max-image-preview:large","max-video-preview":"max-video-preview:-1"},"canonical":"https:\/\/aconteceunovale.com.br\/portal\/?p=60511","og_locale":"pt_BR","og_type":"article","og_title":"Minas Gerais vai sediar a maior feira do agroneg\u00f3cio caf\u00e9 no Brasil - Aconteceu no Vale","og_description":"Estado \u00e9 o maior produtor de caf\u00e9 do pa\u00eds e respons\u00e1vel por 17% da produ\u00e7\u00e3o mundial. Evento ser\u00e1 realizado em Tr\u00eas Pontas, no Sul de Minas Entre os dias 1 e 3 de julho, a cafeicultura nacional, l\u00edder na produ\u00e7\u00e3o mundial de caf\u00e9, ir\u00e1 conhecer as principais novidades e tecnologias para o setor, durante a [&hellip;]","og_url":"https:\/\/aconteceunovale.com.br\/portal\/?p=60511","og_site_name":"Aconteceu no Vale","article_publisher":"https:\/\/www.facebook.com\/aconteceunovale\/","article_published_time":"2015-06-05T11:21:41+00:00","og_image":[{"width":678,"height":423,"url":"https:\/\/aconteceunovale.com.br\/portal\/wp-content\/uploads\/2013\/10\/cafe_chapada.jpg","type":"image\/jpeg"}],"author":"Aconteceu no Vale","twitter_card":"summary_large_image","twitter_creator":"@noticiadosvales","twitter_site":"@noticiadosvales","twitter_misc":{"Escrito por":"Aconteceu no Vale","Est. tempo de leitura":"3 minutos"},"schema":{"@context":"https:\/\/schema.org","@graph":[{"@type":"Article","@id":"https:\/\/aconteceunovale.com.br\/portal\/?p=60511#article","isPartOf":{"@id":"https:\/\/aconteceunovale.com.br\/portal\/?p=60511"},"author":{"name":"Aconteceu no Vale","@id":"https:\/\/aconteceunovale.com.br\/portal\/#\/schema\/person\/633529146f2c94272bef50ac2953d589"},"headline":"Minas Gerais vai sediar a maior feira do agroneg\u00f3cio caf\u00e9 no Brasil","datePublished":"2015-06-05T11:21:41+00:00","mainEntityOfPage":{"@id":"https:\/\/aconteceunovale.com.br\/portal\/?p=60511"},"wordCount":564,"commentCount":0,"image":{"@id":"https:\/\/aconteceunovale.com.br\/portal\/?p=60511#primaryimage"},"thumbnailUrl":"https:\/\/aconteceunovale.com.br\/portal\/wp-content\/uploads\/2013\/10\/cafe_chapada.jpg","keywords":["18\u00aa edi\u00e7\u00e3o da Expocaf\u00e9","18\u00aa edi\u00e7\u00e3o da Expocaf\u00e9 realizada no Campo Experimental da Epamig","18\u00aa Expocaf\u00e9","6\u00ba Simp\u00f3sio de Mecaniza\u00e7\u00e3o da Lavoura Cafeeira","caf\u00e9","Epamig","estado que mais produz caf\u00e9 no brasil","Expocaf\u00e9","Expocaf\u00e9 2015","feira do agroneg\u00f3cio caf\u00e9 em Minas Gerais","feira do caf\u00e9 em Minas Gerais","maior feira do agroneg\u00f3cio caf\u00e9 no Brasil","maior feira do caf\u00e9 no Brasil","maior produtor de caf\u00e9 do brasil","Minas Gerais vai sediar a maior feira do agroneg\u00f3cio caf\u00e9 no Brasil","presidente da Epamig","Produ\u00e7\u00e3o de caf\u00e9s especiais ser\u00e1 um dos temas dos minicursos realizados no estande da Epamig","Rui Verneque","Tr\u00eas Pontas"],"articleSection":["Eventos","Minas Gerais"],"inLanguage":"pt-BR","potentialAction":[{"@type":"CommentAction","name":"Comment","target":["https:\/\/aconteceunovale.com.br\/portal\/?p=60511#respond"]}]},{"@type":"WebPage","@id":"https:\/\/aconteceunovale.com.br\/portal\/?p=60511","url":"https:\/\/aconteceunovale.com.br\/portal\/?p=60511","name":"Minas Gerais vai sediar a maior feira do agroneg\u00f3cio caf\u00e9 no Brasil - Aconteceu no Vale","isPartOf":{"@id":"https:\/\/aconteceunovale.com.br\/portal\/#website"},"primaryImageOfPage":{"@id":"https:\/\/aconteceunovale.com.br\/portal\/?p=60511#primaryimage"},"image":{"@id":"https:\/\/aconteceunovale.com.br\/portal\/?p=60511#primaryimage"},"thumbnailUrl":"https:\/\/aconteceunovale.com.br\/portal\/wp-content\/uploads\/2013\/10\/cafe_chapada.jpg","datePublished":"2015-06-05T11:21:41+00:00","author":{"@id":"https:\/\/aconteceunovale.com.br\/portal\/#\/schema\/person\/633529146f2c94272bef50ac2953d589"},"breadcrumb":{"@id":"https:\/\/aconteceunovale.com.br\/portal\/?p=60511#breadcrumb"},"inLanguage":"pt-BR","potentialAction":[{"@type":"ReadAction","target":["https:\/\/aconteceunovale.com.br\/portal\/?p=60511"]}]},{"@type":"ImageObject","inLanguage":"pt-BR","@id":"https:\/\/aconteceunovale.com.br\/portal\/?p=60511#primaryimage","url":"https:\/\/aconteceunovale.com.br\/portal\/wp-content\/uploads\/2013\/10\/cafe_chapada.jpg","contentUrl":"https:\/\/aconteceunovale.com.br\/portal\/wp-content\/uploads\/2013\/10\/cafe_chapada.jpg","width":678,"height":423},{"@type":"BreadcrumbList","@id":"https:\/\/aconteceunovale.com.br\/portal\/?p=60511#breadcrumb","itemListElement":[{"@type":"ListItem","position":1,"name":"In\u00edcio","item":"https:\/\/aconteceunovale.com.br\/portal\/"},{"@type":"ListItem","position":2,"name":"Minas Gerais vai sediar a maior feira do agroneg\u00f3cio caf\u00e9 no Brasil"}]},{"@type":"WebSite","@id":"https:\/\/aconteceunovale.com.br\/portal\/#website","url":"https:\/\/aconteceunovale.com.br\/portal\/","name":"Aconteceu no Vale","description":"Portal de Not\u00edcias","potentialAction":[{"@type":"SearchAction","target":{"@type":"EntryPoint","urlTemplate":"https:\/\/aconteceunovale.com.br\/portal\/?s={search_term_string}"},"query-input":{"@type":"PropertyValueSpecification","valueRequired":true,"valueName":"search_term_string"}}],"inLanguage":"pt-BR"},{"@type":"Person","@id":"https:\/\/aconteceunovale.com.br\/portal\/#\/schema\/person\/633529146f2c94272bef50ac2953d589","name":"Aconteceu no Vale","description":"Equipe de reportagem do Aconteceu no Vale, portal de not\u00edcias do Vale do Jequitinhonha, em Minas Gerais. Cobrimos as 51 cidades do Vale desde 2013. Sugest\u00f5es de pauta e pedidos de corre\u00e7\u00e3o: contato@aconteceunovale.com.br","sameAs":["http:\/\/www.aconteceunovale.com.br"],"url":"https:\/\/aconteceunovale.com.br\/portal\/?author=1"}]}},"_links":{"self":[{"href":"https:\/\/aconteceunovale.com.br\/portal\/index.php?rest_route=\/wp\/v2\/posts\/60511","targetHints":{"allow":["GET"]}}],"collection":[{"href":"https:\/\/aconteceunovale.com.br\/portal\/index.php?rest_route=\/wp\/v2\/posts"}],"about":[{"href":"https:\/\/aconteceunovale.com.br\/portal\/index.php?rest_route=\/wp\/v2\/types\/post"}],"author":[{"embeddable":true,"href":"https:\/\/aconteceunovale.com.br\/portal\/index.php?rest_route=\/wp\/v2\/users\/1"}],"replies":[{"embeddable":true,"href":"https:\/\/aconteceunovale.com.br\/portal\/index.php?rest_route=%2Fwp%2Fv2%2Fcomments&post=60511"}],"version-history":[{"count":0,"href":"https:\/\/aconteceunovale.com.br\/portal\/index.php?rest_route=\/wp\/v2\/posts\/60511\/revisions"}],"wp:featuredmedia":[{"embeddable":true,"href":"https:\/\/aconteceunovale.com.br\/portal\/index.php?rest_route=\/wp\/v2\/media\/12422"}],"wp:attachment":[{"href":"https:\/\/aconteceunovale.com.br\/portal\/index.php?rest_route=%2Fwp%2Fv2%2Fmedia&parent=60511"}],"wp:term":[{"taxonomy":"category","embeddable":true,"href":"https:\/\/aconteceunovale.com.br\/portal\/index.php?rest_route=%2Fwp%2Fv2%2Fcategories&post=60511"},{"taxonomy":"post_tag","embeddable":true,"href":"https:\/\/aconteceunovale.com.br\/portal\/index.php?rest_route=%2Fwp%2Fv2%2Ftags&post=60511"}],"curies":[{"name":"wp","href":"https:\/\/api.w.org\/{rel}","templated":true}]}}