{"id":60506,"date":"2015-06-04T23:42:18","date_gmt":"2015-06-05T02:42:18","guid":{"rendered":"http:\/\/aconteceunovale.com.br\/portal\/?p=60506"},"modified":"2015-06-04T23:51:21","modified_gmt":"2015-06-05T02:51:21","slug":"assessor-da-camara-municipal-de-lajinha-morre-em-acidente-na-br-381","status":"publish","type":"post","link":"https:\/\/aconteceunovale.com.br\/portal\/?p=60506","title":{"rendered":"Assessor da C\u00e2mara Municipal de Lajinha morre em acidente na BR-381"},"content":{"rendered":"<p>A Pol\u00edcia Rodovi\u00e1ria Federal (PRF) registrou um acidente grave no final da manh\u00e3 dessa quarta-feira 3, envolvendo um carro de passeio e uma carreta, pr\u00f3ximo do KM 351 da BR-381, em Jo\u00e3o Monlevade.<\/p>\n<p>De acordo com a PRF, o ve\u00edculo Nissan\/Versa, placa OPD-1768, de Lajinha, era conduzido pelo vereador Saulo Sanches de Souza (DEM). Com ele viajavam o assessor Jur\u00eddico da C\u00e2mara Municipal de Lajinha, Sidney Camargo e Renato Rodrigues de Souza (DEM), que tamb\u00e9m \u00e9 vereador na cidade.<\/p>\n<p><img decoding=\"async\" src=\"http:\/\/aconteceunovale.com.br\/portal\/wp-content\/uploads\/2015\/06\/assessor_lajinha_1.jpg\" alt=\"\" \/><em>Acidente aconteceu na BR-381, em Jo\u00e3o Monlevade &#8211; Foto: Bell Silva \/ O Popular<\/em><br \/>\n<\/br><\/p>\n<p>O ve\u00edculo seguia para Belo Horizonte, quando o condutor perdeu o controle da dire\u00e7\u00e3o, o ve\u00edculo rodou na pista e atingiu a carreta Scania, placa EJZ-8439, de Atibaia\/SP, conduzida por Rubens de Oliveira Campelo, que saiu ileso do acidente.<\/p>\n<p>Equipes do Servi\u00e7o Volunt\u00e1rio de Resgate (Sevor) foram ao local e levaram as v\u00edtimas para o Hospital Margarida, em Jo\u00e3o Monlevade. Saulo Sanches teve ferimentos leves e Renato Rodrigues les\u00f5es graves no t\u00f3rax. O assessor Sidney Camargo n\u00e3o resistiu aos ferimentos e morreu ap\u00f3s dar entrada na unidade de sa\u00fade. <\/p>\n<p>Eles participariam de uma reuni\u00e3o em Belo Horizonte. Segundo a PRF, chovia moderadamente no momento do acidente, e isso pode ter contribu\u00eddo com a trag\u00e9dia. <\/p>\n<p><img decoding=\"async\" src=\"http:\/\/aconteceunovale.com.br\/portal\/wp-content\/uploads\/2015\/06\/assessor_lajinha_2.jpg\" alt=\"\" \/><em>Acidente aconteceu na BR-381, em Jo\u00e3o Monlevade &#8211; Foto: Bell Silva \/ O Popular<\/em><br \/>\n<\/br><\/p>\n<p><em>(Fonte: Bell Silva \/ O Popular)<\/em><\/p>\n","protected":false},"excerpt":{"rendered":"<p>A Pol\u00edcia Rodovi\u00e1ria Federal (PRF) registrou um acidente grave no final da manh\u00e3 dessa quarta-feira 3, envolvendo um carro de passeio e uma carreta, pr\u00f3ximo do KM 351 da BR-381, em Jo\u00e3o Monlevade. De acordo com a PRF, o ve\u00edculo Nissan\/Versa, placa OPD-1768, de Lajinha, era conduzido pelo vereador Saulo Sanches de Souza (DEM). Com [&hellip;]<\/p>\n","protected":false},"author":1,"featured_media":60507,"comment_status":"open","ping_status":"closed","sticky":false,"template":"","format":"standard","meta":{"amp_status":"","footnotes":""},"categories":[123],"tags":[47196,47195,47194,47199,3429,47197,1102,8472,47204,47201,47202,47203,47198,47200],"class_list":["post-60506","post","type-post","status-publish","format-standard","has-post-thumbnail","hentry","category-gerais","tag-assessor-da-camara-municipal-de-lajinha","tag-assessor-da-camara-municipal-de-lajinha-morre","tag-assessor-da-camara-municipal-de-lajinha-morre-em-acidente-na-br-381","tag-assessor-juridico-da-camara-municipal-de-lajinha","tag-atibaia","tag-camara-municipal-de-lajinha","tag-joao-monlevade","tag-lajinha","tag-renato-rodrigues","tag-renato-rodrigues-de-souza","tag-rubens-de-oliveira-campelo","tag-saulo-sanches","tag-saulo-sanches-de-souza","tag-sidney-camargo"],"yoast_head":"<!-- This site is optimized with the Yoast SEO plugin v28.3 - https:\/\/yoast.com\/product\/yoast-seo-wordpress\/ -->\n<title>Assessor da C\u00e2mara Municipal de Lajinha morre em acidente na BR-381 - Aconteceu no Vale<\/title>\n<meta name=\"robots\" content=\"index, follow, max-snippet:-1, max-image-preview:large, max-video-preview:-1\" \/>\n<link rel=\"canonical\" href=\"https:\/\/aconteceunovale.com.br\/portal\/?p=60506\" \/>\n<meta property=\"og:locale\" content=\"pt_BR\" \/>\n<meta property=\"og:type\" content=\"article\" \/>\n<meta property=\"og:title\" content=\"Assessor da C\u00e2mara Municipal de Lajinha morre em acidente na BR-381 - Aconteceu no Vale\" \/>\n<meta property=\"og:description\" content=\"A Pol\u00edcia Rodovi\u00e1ria Federal (PRF) registrou um acidente grave no final da manh\u00e3 dessa quarta-feira 3, envolvendo um carro de passeio e uma carreta, pr\u00f3ximo do KM 351 da BR-381, em Jo\u00e3o Monlevade. De acordo com a PRF, o ve\u00edculo Nissan\/Versa, placa OPD-1768, de Lajinha, era conduzido pelo vereador Saulo Sanches de Souza (DEM). Com [&hellip;]\" \/>\n<meta property=\"og:url\" content=\"https:\/\/aconteceunovale.com.br\/portal\/?p=60506\" \/>\n<meta property=\"og:site_name\" content=\"Aconteceu no Vale\" \/>\n<meta property=\"article:publisher\" content=\"https:\/\/www.facebook.com\/aconteceunovale\/\" \/>\n<meta property=\"article:published_time\" content=\"2015-06-05T02:42:18+00:00\" \/>\n<meta property=\"article:modified_time\" content=\"2015-06-05T02:51:21+00:00\" \/>\n<meta property=\"og:image\" content=\"https:\/\/aconteceunovale.com.br\/portal\/wp-content\/uploads\/2015\/06\/assessor_lajinha_1.jpg\" \/>\n\t<meta property=\"og:image:width\" content=\"600\" \/>\n\t<meta property=\"og:image:height\" content=\"337\" \/>\n\t<meta property=\"og:image:type\" content=\"image\/jpeg\" \/>\n<meta name=\"author\" content=\"Aconteceu no Vale\" \/>\n<meta name=\"twitter:card\" content=\"summary_large_image\" \/>\n<meta name=\"twitter:creator\" content=\"@noticiadosvales\" \/>\n<meta name=\"twitter:site\" content=\"@noticiadosvales\" \/>\n<meta name=\"twitter:label1\" content=\"Escrito por\" \/>\n\t<meta name=\"twitter:data1\" content=\"Aconteceu no Vale\" \/>\n\t<meta name=\"twitter:label2\" content=\"Est. tempo de leitura\" \/>\n\t<meta name=\"twitter:data2\" content=\"1 minuto\" \/>\n<script type=\"application\/ld+json\" class=\"yoast-schema-graph\">{\"@context\":\"https:\\\/\\\/schema.org\",\"@graph\":[{\"@type\":\"Article\",\"@id\":\"https:\\\/\\\/aconteceunovale.com.br\\\/portal\\\/?p=60506#article\",\"isPartOf\":{\"@id\":\"https:\\\/\\\/aconteceunovale.com.br\\\/portal\\\/?p=60506\"},\"author\":{\"name\":\"Aconteceu no Vale\",\"@id\":\"https:\\\/\\\/aconteceunovale.com.br\\\/portal\\\/#\\\/schema\\\/person\\\/633529146f2c94272bef50ac2953d589\"},\"headline\":\"Assessor da C\u00e2mara Municipal de Lajinha morre em acidente na BR-381\",\"datePublished\":\"2015-06-05T02:42:18+00:00\",\"dateModified\":\"2015-06-05T02:51:21+00:00\",\"mainEntityOfPage\":{\"@id\":\"https:\\\/\\\/aconteceunovale.com.br\\\/portal\\\/?p=60506\"},\"wordCount\":260,\"commentCount\":0,\"image\":{\"@id\":\"https:\\\/\\\/aconteceunovale.com.br\\\/portal\\\/?p=60506#primaryimage\"},\"thumbnailUrl\":\"https:\\\/\\\/aconteceunovale.com.br\\\/portal\\\/wp-content\\\/uploads\\\/2015\\\/06\\\/assessor_lajinha_1.jpg\",\"keywords\":[\"Assessor da C\u00e2mara Municipal de Lajinha\",\"Assessor da C\u00e2mara Municipal de Lajinha morre\",\"Assessor da C\u00e2mara Municipal de Lajinha morre em acidente na BR-381\",\"assessor Jur\u00eddico da C\u00e2mara Municipal de Lajinha\",\"Atibaia\",\"C\u00e2mara Municipal de Lajinha\",\"Jo\u00e3o Monlevade\",\"Lajinha\",\"Renato Rodrigues\",\"Renato Rodrigues de Souza\",\"Rubens de Oliveira Campelo\",\"Saulo Sanches\",\"Saulo Sanches de Souza\",\"Sidney Camargo\"],\"articleSection\":[\"Minas Gerais\"],\"inLanguage\":\"pt-BR\",\"potentialAction\":[{\"@type\":\"CommentAction\",\"name\":\"Comment\",\"target\":[\"https:\\\/\\\/aconteceunovale.com.br\\\/portal\\\/?p=60506#respond\"]}]},{\"@type\":\"WebPage\",\"@id\":\"https:\\\/\\\/aconteceunovale.com.br\\\/portal\\\/?p=60506\",\"url\":\"https:\\\/\\\/aconteceunovale.com.br\\\/portal\\\/?p=60506\",\"name\":\"Assessor da C\u00e2mara Municipal de Lajinha morre em acidente na BR-381 - Aconteceu no Vale\",\"isPartOf\":{\"@id\":\"https:\\\/\\\/aconteceunovale.com.br\\\/portal\\\/#website\"},\"primaryImageOfPage\":{\"@id\":\"https:\\\/\\\/aconteceunovale.com.br\\\/portal\\\/?p=60506#primaryimage\"},\"image\":{\"@id\":\"https:\\\/\\\/aconteceunovale.com.br\\\/portal\\\/?p=60506#primaryimage\"},\"thumbnailUrl\":\"https:\\\/\\\/aconteceunovale.com.br\\\/portal\\\/wp-content\\\/uploads\\\/2015\\\/06\\\/assessor_lajinha_1.jpg\",\"datePublished\":\"2015-06-05T02:42:18+00:00\",\"dateModified\":\"2015-06-05T02:51:21+00:00\",\"author\":{\"@id\":\"https:\\\/\\\/aconteceunovale.com.br\\\/portal\\\/#\\\/schema\\\/person\\\/633529146f2c94272bef50ac2953d589\"},\"breadcrumb\":{\"@id\":\"https:\\\/\\\/aconteceunovale.com.br\\\/portal\\\/?p=60506#breadcrumb\"},\"inLanguage\":\"pt-BR\",\"potentialAction\":[{\"@type\":\"ReadAction\",\"target\":[\"https:\\\/\\\/aconteceunovale.com.br\\\/portal\\\/?p=60506\"]}]},{\"@type\":\"ImageObject\",\"inLanguage\":\"pt-BR\",\"@id\":\"https:\\\/\\\/aconteceunovale.com.br\\\/portal\\\/?p=60506#primaryimage\",\"url\":\"https:\\\/\\\/aconteceunovale.com.br\\\/portal\\\/wp-content\\\/uploads\\\/2015\\\/06\\\/assessor_lajinha_1.jpg\",\"contentUrl\":\"https:\\\/\\\/aconteceunovale.com.br\\\/portal\\\/wp-content\\\/uploads\\\/2015\\\/06\\\/assessor_lajinha_1.jpg\",\"width\":600,\"height\":337},{\"@type\":\"BreadcrumbList\",\"@id\":\"https:\\\/\\\/aconteceunovale.com.br\\\/portal\\\/?p=60506#breadcrumb\",\"itemListElement\":[{\"@type\":\"ListItem\",\"position\":1,\"name\":\"In\u00edcio\",\"item\":\"https:\\\/\\\/aconteceunovale.com.br\\\/portal\\\/\"},{\"@type\":\"ListItem\",\"position\":2,\"name\":\"Assessor da C\u00e2mara Municipal de Lajinha morre em acidente na BR-381\"}]},{\"@type\":\"WebSite\",\"@id\":\"https:\\\/\\\/aconteceunovale.com.br\\\/portal\\\/#website\",\"url\":\"https:\\\/\\\/aconteceunovale.com.br\\\/portal\\\/\",\"name\":\"Aconteceu no Vale\",\"description\":\"Portal de Not\u00edcias\",\"potentialAction\":[{\"@type\":\"SearchAction\",\"target\":{\"@type\":\"EntryPoint\",\"urlTemplate\":\"https:\\\/\\\/aconteceunovale.com.br\\\/portal\\\/?s={search_term_string}\"},\"query-input\":{\"@type\":\"PropertyValueSpecification\",\"valueRequired\":true,\"valueName\":\"search_term_string\"}}],\"inLanguage\":\"pt-BR\"},{\"@type\":\"Person\",\"@id\":\"https:\\\/\\\/aconteceunovale.com.br\\\/portal\\\/#\\\/schema\\\/person\\\/633529146f2c94272bef50ac2953d589\",\"name\":\"Aconteceu no Vale\",\"description\":\"Equipe de reportagem do Aconteceu no Vale, portal de not\u00edcias do Vale do Jequitinhonha, em Minas Gerais. Cobrimos as 51 cidades do Vale desde 2013. Sugest\u00f5es de pauta e pedidos de corre\u00e7\u00e3o: contato@aconteceunovale.com.br\",\"sameAs\":[\"http:\\\/\\\/www.aconteceunovale.com.br\"],\"url\":\"https:\\\/\\\/aconteceunovale.com.br\\\/portal\\\/?author=1\"}]}<\/script>\n<!-- \/ Yoast SEO plugin. -->","yoast_head_json":{"title":"Assessor da C\u00e2mara Municipal de Lajinha morre em acidente na BR-381 - Aconteceu no Vale","robots":{"index":"index","follow":"follow","max-snippet":"max-snippet:-1","max-image-preview":"max-image-preview:large","max-video-preview":"max-video-preview:-1"},"canonical":"https:\/\/aconteceunovale.com.br\/portal\/?p=60506","og_locale":"pt_BR","og_type":"article","og_title":"Assessor da C\u00e2mara Municipal de Lajinha morre em acidente na BR-381 - Aconteceu no Vale","og_description":"A Pol\u00edcia Rodovi\u00e1ria Federal (PRF) registrou um acidente grave no final da manh\u00e3 dessa quarta-feira 3, envolvendo um carro de passeio e uma carreta, pr\u00f3ximo do KM 351 da BR-381, em Jo\u00e3o Monlevade. De acordo com a PRF, o ve\u00edculo Nissan\/Versa, placa OPD-1768, de Lajinha, era conduzido pelo vereador Saulo Sanches de Souza (DEM). Com [&hellip;]","og_url":"https:\/\/aconteceunovale.com.br\/portal\/?p=60506","og_site_name":"Aconteceu no Vale","article_publisher":"https:\/\/www.facebook.com\/aconteceunovale\/","article_published_time":"2015-06-05T02:42:18+00:00","article_modified_time":"2015-06-05T02:51:21+00:00","og_image":[{"width":600,"height":337,"url":"https:\/\/aconteceunovale.com.br\/portal\/wp-content\/uploads\/2015\/06\/assessor_lajinha_1.jpg","type":"image\/jpeg"}],"author":"Aconteceu no Vale","twitter_card":"summary_large_image","twitter_creator":"@noticiadosvales","twitter_site":"@noticiadosvales","twitter_misc":{"Escrito por":"Aconteceu no Vale","Est. tempo de leitura":"1 minuto"},"schema":{"@context":"https:\/\/schema.org","@graph":[{"@type":"Article","@id":"https:\/\/aconteceunovale.com.br\/portal\/?p=60506#article","isPartOf":{"@id":"https:\/\/aconteceunovale.com.br\/portal\/?p=60506"},"author":{"name":"Aconteceu no Vale","@id":"https:\/\/aconteceunovale.com.br\/portal\/#\/schema\/person\/633529146f2c94272bef50ac2953d589"},"headline":"Assessor da C\u00e2mara Municipal de Lajinha morre em acidente na BR-381","datePublished":"2015-06-05T02:42:18+00:00","dateModified":"2015-06-05T02:51:21+00:00","mainEntityOfPage":{"@id":"https:\/\/aconteceunovale.com.br\/portal\/?p=60506"},"wordCount":260,"commentCount":0,"image":{"@id":"https:\/\/aconteceunovale.com.br\/portal\/?p=60506#primaryimage"},"thumbnailUrl":"https:\/\/aconteceunovale.com.br\/portal\/wp-content\/uploads\/2015\/06\/assessor_lajinha_1.jpg","keywords":["Assessor da C\u00e2mara Municipal de Lajinha","Assessor da C\u00e2mara Municipal de Lajinha morre","Assessor da C\u00e2mara Municipal de Lajinha morre em acidente na BR-381","assessor Jur\u00eddico da C\u00e2mara Municipal de Lajinha","Atibaia","C\u00e2mara Municipal de Lajinha","Jo\u00e3o Monlevade","Lajinha","Renato Rodrigues","Renato Rodrigues de Souza","Rubens de Oliveira Campelo","Saulo Sanches","Saulo Sanches de Souza","Sidney Camargo"],"articleSection":["Minas Gerais"],"inLanguage":"pt-BR","potentialAction":[{"@type":"CommentAction","name":"Comment","target":["https:\/\/aconteceunovale.com.br\/portal\/?p=60506#respond"]}]},{"@type":"WebPage","@id":"https:\/\/aconteceunovale.com.br\/portal\/?p=60506","url":"https:\/\/aconteceunovale.com.br\/portal\/?p=60506","name":"Assessor da C\u00e2mara Municipal de Lajinha morre em acidente na BR-381 - Aconteceu no Vale","isPartOf":{"@id":"https:\/\/aconteceunovale.com.br\/portal\/#website"},"primaryImageOfPage":{"@id":"https:\/\/aconteceunovale.com.br\/portal\/?p=60506#primaryimage"},"image":{"@id":"https:\/\/aconteceunovale.com.br\/portal\/?p=60506#primaryimage"},"thumbnailUrl":"https:\/\/aconteceunovale.com.br\/portal\/wp-content\/uploads\/2015\/06\/assessor_lajinha_1.jpg","datePublished":"2015-06-05T02:42:18+00:00","dateModified":"2015-06-05T02:51:21+00:00","author":{"@id":"https:\/\/aconteceunovale.com.br\/portal\/#\/schema\/person\/633529146f2c94272bef50ac2953d589"},"breadcrumb":{"@id":"https:\/\/aconteceunovale.com.br\/portal\/?p=60506#breadcrumb"},"inLanguage":"pt-BR","potentialAction":[{"@type":"ReadAction","target":["https:\/\/aconteceunovale.com.br\/portal\/?p=60506"]}]},{"@type":"ImageObject","inLanguage":"pt-BR","@id":"https:\/\/aconteceunovale.com.br\/portal\/?p=60506#primaryimage","url":"https:\/\/aconteceunovale.com.br\/portal\/wp-content\/uploads\/2015\/06\/assessor_lajinha_1.jpg","contentUrl":"https:\/\/aconteceunovale.com.br\/portal\/wp-content\/uploads\/2015\/06\/assessor_lajinha_1.jpg","width":600,"height":337},{"@type":"BreadcrumbList","@id":"https:\/\/aconteceunovale.com.br\/portal\/?p=60506#breadcrumb","itemListElement":[{"@type":"ListItem","position":1,"name":"In\u00edcio","item":"https:\/\/aconteceunovale.com.br\/portal\/"},{"@type":"ListItem","position":2,"name":"Assessor da C\u00e2mara Municipal de Lajinha morre em acidente na BR-381"}]},{"@type":"WebSite","@id":"https:\/\/aconteceunovale.com.br\/portal\/#website","url":"https:\/\/aconteceunovale.com.br\/portal\/","name":"Aconteceu no Vale","description":"Portal de Not\u00edcias","potentialAction":[{"@type":"SearchAction","target":{"@type":"EntryPoint","urlTemplate":"https:\/\/aconteceunovale.com.br\/portal\/?s={search_term_string}"},"query-input":{"@type":"PropertyValueSpecification","valueRequired":true,"valueName":"search_term_string"}}],"inLanguage":"pt-BR"},{"@type":"Person","@id":"https:\/\/aconteceunovale.com.br\/portal\/#\/schema\/person\/633529146f2c94272bef50ac2953d589","name":"Aconteceu no Vale","description":"Equipe de reportagem do Aconteceu no Vale, portal de not\u00edcias do Vale do Jequitinhonha, em Minas Gerais. Cobrimos as 51 cidades do Vale desde 2013. Sugest\u00f5es de pauta e pedidos de corre\u00e7\u00e3o: contato@aconteceunovale.com.br","sameAs":["http:\/\/www.aconteceunovale.com.br"],"url":"https:\/\/aconteceunovale.com.br\/portal\/?author=1"}]}},"_links":{"self":[{"href":"https:\/\/aconteceunovale.com.br\/portal\/index.php?rest_route=\/wp\/v2\/posts\/60506","targetHints":{"allow":["GET"]}}],"collection":[{"href":"https:\/\/aconteceunovale.com.br\/portal\/index.php?rest_route=\/wp\/v2\/posts"}],"about":[{"href":"https:\/\/aconteceunovale.com.br\/portal\/index.php?rest_route=\/wp\/v2\/types\/post"}],"author":[{"embeddable":true,"href":"https:\/\/aconteceunovale.com.br\/portal\/index.php?rest_route=\/wp\/v2\/users\/1"}],"replies":[{"embeddable":true,"href":"https:\/\/aconteceunovale.com.br\/portal\/index.php?rest_route=%2Fwp%2Fv2%2Fcomments&post=60506"}],"version-history":[{"count":0,"href":"https:\/\/aconteceunovale.com.br\/portal\/index.php?rest_route=\/wp\/v2\/posts\/60506\/revisions"}],"wp:featuredmedia":[{"embeddable":true,"href":"https:\/\/aconteceunovale.com.br\/portal\/index.php?rest_route=\/wp\/v2\/media\/60507"}],"wp:attachment":[{"href":"https:\/\/aconteceunovale.com.br\/portal\/index.php?rest_route=%2Fwp%2Fv2%2Fmedia&parent=60506"}],"wp:term":[{"taxonomy":"category","embeddable":true,"href":"https:\/\/aconteceunovale.com.br\/portal\/index.php?rest_route=%2Fwp%2Fv2%2Fcategories&post=60506"},{"taxonomy":"post_tag","embeddable":true,"href":"https:\/\/aconteceunovale.com.br\/portal\/index.php?rest_route=%2Fwp%2Fv2%2Ftags&post=60506"}],"curies":[{"name":"wp","href":"https:\/\/api.w.org\/{rel}","templated":true}]}}