{"id":60488,"date":"2015-06-04T19:05:26","date_gmt":"2015-06-04T22:05:26","guid":{"rendered":"http:\/\/aconteceunovale.com.br\/portal\/?p=60488"},"modified":"2015-06-04T19:05:26","modified_gmt":"2015-06-04T22:05:26","slug":"proprietarios-de-fabrica-de-calcados-sao-assassinados-em-nova-serrana","status":"publish","type":"post","link":"https:\/\/aconteceunovale.com.br\/portal\/?p=60488","title":{"rendered":"Propriet\u00e1rios de f\u00e1brica de cal\u00e7ados s\u00e3o assassinados em Nova Serrana"},"content":{"rendered":"<h4><strong><em>V\u00edtimas foram mortas a tiros e os corpos encontrados dentro do carro na zona rural<\/em><\/strong><\/h4>\n<p>As pol\u00edcias militar e civil de Nova Serrana, no Centro-Oeste de Minas, trabalham em conjunto para desvendar o assassinato de um casal. Itamar Lopes dos Santos, de 40 anos, e sua mulher Vanilda da Silva Dias Santos, de 43, foram achados mortos dentro de uma Hillux, em uma estrada vicinal na zona rural do munic\u00edpio. Levantamento da per\u00edcia aponta que o casal tinha 13 perfura\u00e7\u00f5es. A suspeita \u00e9 de que marido e mulher tenham sido v\u00edtimas de latroc\u00ednio (roubo seguido de morte). No entanto, outras hip\u00f3teses ser\u00e3o investigadas.<\/p>\n<p>De acordo com a Pol\u00edcia Militar, os corpos do casal, que era propriet\u00e1rio de uma pequena f\u00e1brica de cal\u00e7ados, foram localizados na manh\u00e3 desta quinta-feira, por um fazendeiro na comunidade de Areias. O homem estava com cinco orif\u00edcios e a mulher oito, no entanto, isso pode n\u00e3o representar o n\u00famero real de disparos, j\u00e1 que alguns deles podem ter transfixado os corpos. A maioria dos ferimentos foi na regi\u00e3o da nuca. Eles ainda levaram dois tiros na m\u00e3o, cada, o que indica, segundo a PM, que o casal tentou se defender. Nenhuma c\u00e1psula foi encontrada e a suspeita \u00e9 de que um rev\u00f3lver tenha sido utilizada no crime.<\/p>\n<p>As v\u00edtimas eram consideradas desaparecidas desde \u00e0s 22h desta quarta-feira. Quando a fam\u00edlia n\u00e3o conseguiu not\u00edcias do casal, comunicou o fato \u00e0 PM. A \u00faltima informa\u00e7\u00e3o que os parentes tinham \u00e9 de que eles sa\u00edram de casa por volta das 15h, no Bairro Planalto, em dire\u00e7\u00e3o ao s\u00edtio da fam\u00edlia, na comunidade de Engenho, cidade vizinha a Perdig\u00e3o.<\/p>\n<p>A pol\u00edcia compareceu ao local do crime. O que chamou a aten\u00e7\u00e3o dos policiais foi o fato de a comunidade de Areias ficar na dire\u00e7\u00e3o oposta \u00e0 propriedade da fam\u00edlia, para onde o casal ia todos os dias cuidar de animais. A per\u00edcia fez levantamentos do crime e a suspeita de latroc\u00ednio surgiu devido ao fato de os celulares e as carteiras das v\u00edtimas terem sido levados. H\u00e1 ainda a informa\u00e7\u00e3o de que os empres\u00e1rios estariam com cerca de R$ 4 mil em dinheiro.<\/p>\n<p>Durante as primeiras horas ap\u00f3s a descoberta dos corpos, testemunhas chegaram a dizer que o crime poderia ser passional. No entanto, a per\u00edcia desconsiderou a possibilidade de um dos dois ter atirado no parceiro e depois ter se suicidado. Depoimento da fam\u00edlia, que disse que o casal tinha um bom relacionamento, refor\u00e7a a conclus\u00e3o da pol\u00edcia.<\/p>\n<p><img decoding=\"async\" src=\"http:\/\/aconteceunovale.com.br\/portal\/wp-content\/uploads\/2015\/06\/mortos_carro_ns.jpg\" alt=\"\" \/><em>Corpos foram encontrados dentro de carro na zona rural &#8211; Foto: PMMG<\/em><br \/>\n<\/br><\/p>\n<p><em>(Fonte: Estado de Minas)<\/em><\/p>\n","protected":false},"excerpt":{"rendered":"<p>V\u00edtimas foram mortas a tiros e os corpos encontrados dentro do carro na zona rural As pol\u00edcias militar e civil de Nova Serrana, no Centro-Oeste de Minas, trabalham em conjunto para desvendar o assassinato de um casal. Itamar Lopes dos Santos, de 40 anos, e sua mulher Vanilda da Silva Dias Santos, de 43, foram [&hellip;]<\/p>\n","protected":false},"author":1,"featured_media":60490,"comment_status":"open","ping_status":"closed","sticky":false,"template":"","format":"standard","meta":{"amp_status":"","footnotes":""},"categories":[123],"tags":[47171,47170,47172,47169,1515,47167,47173,47168],"class_list":["post-60488","post","type-post","status-publish","format-standard","has-post-thumbnail","hentry","category-gerais","tag-assassinatos-em-nova-serrana","tag-homicidio-em-nova-serrana","tag-itamar-lopes-dos-santos","tag-mortos-em-nova-serrana","tag-nova-serrana","tag-proprietarios-de-fabrica-de-calcados-sao-assassinados-em-nova-serrana","tag-vanilda-da-silva-dias-santos","tag-violencia-em-nova-serrana"],"yoast_head":"<!-- This site is optimized with the Yoast SEO plugin v28.3 - https:\/\/yoast.com\/product\/yoast-seo-wordpress\/ -->\n<title>Propriet\u00e1rios de f\u00e1brica de cal\u00e7ados s\u00e3o assassinados em Nova Serrana - Aconteceu no Vale<\/title>\n<meta name=\"robots\" content=\"index, follow, max-snippet:-1, max-image-preview:large, max-video-preview:-1\" \/>\n<link rel=\"canonical\" href=\"https:\/\/aconteceunovale.com.br\/portal\/?p=60488\" \/>\n<meta property=\"og:locale\" content=\"pt_BR\" \/>\n<meta property=\"og:type\" content=\"article\" \/>\n<meta property=\"og:title\" content=\"Propriet\u00e1rios de f\u00e1brica de cal\u00e7ados s\u00e3o assassinados em Nova Serrana - Aconteceu no Vale\" \/>\n<meta property=\"og:description\" content=\"V\u00edtimas foram mortas a tiros e os corpos encontrados dentro do carro na zona rural As pol\u00edcias militar e civil de Nova Serrana, no Centro-Oeste de Minas, trabalham em conjunto para desvendar o assassinato de um casal. Itamar Lopes dos Santos, de 40 anos, e sua mulher Vanilda da Silva Dias Santos, de 43, foram [&hellip;]\" \/>\n<meta property=\"og:url\" content=\"https:\/\/aconteceunovale.com.br\/portal\/?p=60488\" \/>\n<meta property=\"og:site_name\" content=\"Aconteceu no Vale\" \/>\n<meta property=\"article:publisher\" content=\"https:\/\/www.facebook.com\/aconteceunovale\/\" \/>\n<meta property=\"article:published_time\" content=\"2015-06-04T22:05:26+00:00\" \/>\n<meta property=\"og:image\" content=\"https:\/\/aconteceunovale.com.br\/portal\/wp-content\/uploads\/2015\/06\/mortos_carro_ns.jpg\" \/>\n\t<meta property=\"og:image:width\" content=\"611\" \/>\n\t<meta property=\"og:image:height\" content=\"450\" \/>\n\t<meta property=\"og:image:type\" content=\"image\/jpeg\" \/>\n<meta name=\"author\" content=\"Aconteceu no Vale\" \/>\n<meta name=\"twitter:card\" content=\"summary_large_image\" \/>\n<meta name=\"twitter:creator\" content=\"@noticiadosvales\" \/>\n<meta name=\"twitter:site\" content=\"@noticiadosvales\" \/>\n<meta name=\"twitter:label1\" content=\"Escrito por\" \/>\n\t<meta name=\"twitter:data1\" content=\"Aconteceu no Vale\" \/>\n\t<meta name=\"twitter:label2\" content=\"Est. tempo de leitura\" \/>\n\t<meta name=\"twitter:data2\" content=\"2 minutos\" \/>\n<script type=\"application\/ld+json\" class=\"yoast-schema-graph\">{\"@context\":\"https:\\\/\\\/schema.org\",\"@graph\":[{\"@type\":\"Article\",\"@id\":\"https:\\\/\\\/aconteceunovale.com.br\\\/portal\\\/?p=60488#article\",\"isPartOf\":{\"@id\":\"https:\\\/\\\/aconteceunovale.com.br\\\/portal\\\/?p=60488\"},\"author\":{\"name\":\"Aconteceu no Vale\",\"@id\":\"https:\\\/\\\/aconteceunovale.com.br\\\/portal\\\/#\\\/schema\\\/person\\\/633529146f2c94272bef50ac2953d589\"},\"headline\":\"Propriet\u00e1rios de f\u00e1brica de cal\u00e7ados s\u00e3o assassinados em Nova Serrana\",\"datePublished\":\"2015-06-04T22:05:26+00:00\",\"mainEntityOfPage\":{\"@id\":\"https:\\\/\\\/aconteceunovale.com.br\\\/portal\\\/?p=60488\"},\"wordCount\":475,\"commentCount\":0,\"image\":{\"@id\":\"https:\\\/\\\/aconteceunovale.com.br\\\/portal\\\/?p=60488#primaryimage\"},\"thumbnailUrl\":\"https:\\\/\\\/aconteceunovale.com.br\\\/portal\\\/wp-content\\\/uploads\\\/2015\\\/06\\\/mortos_carro_ns.jpg\",\"keywords\":[\"assassinatos em nova serrana\",\"homic\u00eddio em nova serrana\",\"Itamar Lopes dos Santos\",\"mortos em nova serrana\",\"Nova Serrana\",\"Propriet\u00e1rios de f\u00e1brica de cal\u00e7ados s\u00e3o assassinados em Nova Serrana\",\"Vanilda da Silva Dias Santos\",\"viol\u00eancia em nova serrana\"],\"articleSection\":[\"Minas Gerais\"],\"inLanguage\":\"pt-BR\",\"potentialAction\":[{\"@type\":\"CommentAction\",\"name\":\"Comment\",\"target\":[\"https:\\\/\\\/aconteceunovale.com.br\\\/portal\\\/?p=60488#respond\"]}]},{\"@type\":\"WebPage\",\"@id\":\"https:\\\/\\\/aconteceunovale.com.br\\\/portal\\\/?p=60488\",\"url\":\"https:\\\/\\\/aconteceunovale.com.br\\\/portal\\\/?p=60488\",\"name\":\"Propriet\u00e1rios de f\u00e1brica de cal\u00e7ados s\u00e3o assassinados em Nova Serrana - Aconteceu no Vale\",\"isPartOf\":{\"@id\":\"https:\\\/\\\/aconteceunovale.com.br\\\/portal\\\/#website\"},\"primaryImageOfPage\":{\"@id\":\"https:\\\/\\\/aconteceunovale.com.br\\\/portal\\\/?p=60488#primaryimage\"},\"image\":{\"@id\":\"https:\\\/\\\/aconteceunovale.com.br\\\/portal\\\/?p=60488#primaryimage\"},\"thumbnailUrl\":\"https:\\\/\\\/aconteceunovale.com.br\\\/portal\\\/wp-content\\\/uploads\\\/2015\\\/06\\\/mortos_carro_ns.jpg\",\"datePublished\":\"2015-06-04T22:05:26+00:00\",\"author\":{\"@id\":\"https:\\\/\\\/aconteceunovale.com.br\\\/portal\\\/#\\\/schema\\\/person\\\/633529146f2c94272bef50ac2953d589\"},\"breadcrumb\":{\"@id\":\"https:\\\/\\\/aconteceunovale.com.br\\\/portal\\\/?p=60488#breadcrumb\"},\"inLanguage\":\"pt-BR\",\"potentialAction\":[{\"@type\":\"ReadAction\",\"target\":[\"https:\\\/\\\/aconteceunovale.com.br\\\/portal\\\/?p=60488\"]}]},{\"@type\":\"ImageObject\",\"inLanguage\":\"pt-BR\",\"@id\":\"https:\\\/\\\/aconteceunovale.com.br\\\/portal\\\/?p=60488#primaryimage\",\"url\":\"https:\\\/\\\/aconteceunovale.com.br\\\/portal\\\/wp-content\\\/uploads\\\/2015\\\/06\\\/mortos_carro_ns.jpg\",\"contentUrl\":\"https:\\\/\\\/aconteceunovale.com.br\\\/portal\\\/wp-content\\\/uploads\\\/2015\\\/06\\\/mortos_carro_ns.jpg\",\"width\":611,\"height\":450},{\"@type\":\"BreadcrumbList\",\"@id\":\"https:\\\/\\\/aconteceunovale.com.br\\\/portal\\\/?p=60488#breadcrumb\",\"itemListElement\":[{\"@type\":\"ListItem\",\"position\":1,\"name\":\"In\u00edcio\",\"item\":\"https:\\\/\\\/aconteceunovale.com.br\\\/portal\\\/\"},{\"@type\":\"ListItem\",\"position\":2,\"name\":\"Propriet\u00e1rios de f\u00e1brica de cal\u00e7ados s\u00e3o assassinados em Nova Serrana\"}]},{\"@type\":\"WebSite\",\"@id\":\"https:\\\/\\\/aconteceunovale.com.br\\\/portal\\\/#website\",\"url\":\"https:\\\/\\\/aconteceunovale.com.br\\\/portal\\\/\",\"name\":\"Aconteceu no Vale\",\"description\":\"Portal de Not\u00edcias\",\"potentialAction\":[{\"@type\":\"SearchAction\",\"target\":{\"@type\":\"EntryPoint\",\"urlTemplate\":\"https:\\\/\\\/aconteceunovale.com.br\\\/portal\\\/?s={search_term_string}\"},\"query-input\":{\"@type\":\"PropertyValueSpecification\",\"valueRequired\":true,\"valueName\":\"search_term_string\"}}],\"inLanguage\":\"pt-BR\"},{\"@type\":\"Person\",\"@id\":\"https:\\\/\\\/aconteceunovale.com.br\\\/portal\\\/#\\\/schema\\\/person\\\/633529146f2c94272bef50ac2953d589\",\"name\":\"Aconteceu no Vale\",\"description\":\"Equipe de reportagem do Aconteceu no Vale, portal de not\u00edcias do Vale do Jequitinhonha, em Minas Gerais. Cobrimos as 51 cidades do Vale desde 2013. Sugest\u00f5es de pauta e pedidos de corre\u00e7\u00e3o: contato@aconteceunovale.com.br\",\"sameAs\":[\"http:\\\/\\\/www.aconteceunovale.com.br\"],\"url\":\"https:\\\/\\\/aconteceunovale.com.br\\\/portal\\\/?author=1\"}]}<\/script>\n<!-- \/ Yoast SEO plugin. -->","yoast_head_json":{"title":"Propriet\u00e1rios de f\u00e1brica de cal\u00e7ados s\u00e3o assassinados em Nova Serrana - Aconteceu no Vale","robots":{"index":"index","follow":"follow","max-snippet":"max-snippet:-1","max-image-preview":"max-image-preview:large","max-video-preview":"max-video-preview:-1"},"canonical":"https:\/\/aconteceunovale.com.br\/portal\/?p=60488","og_locale":"pt_BR","og_type":"article","og_title":"Propriet\u00e1rios de f\u00e1brica de cal\u00e7ados s\u00e3o assassinados em Nova Serrana - Aconteceu no Vale","og_description":"V\u00edtimas foram mortas a tiros e os corpos encontrados dentro do carro na zona rural As pol\u00edcias militar e civil de Nova Serrana, no Centro-Oeste de Minas, trabalham em conjunto para desvendar o assassinato de um casal. Itamar Lopes dos Santos, de 40 anos, e sua mulher Vanilda da Silva Dias Santos, de 43, foram [&hellip;]","og_url":"https:\/\/aconteceunovale.com.br\/portal\/?p=60488","og_site_name":"Aconteceu no Vale","article_publisher":"https:\/\/www.facebook.com\/aconteceunovale\/","article_published_time":"2015-06-04T22:05:26+00:00","og_image":[{"width":611,"height":450,"url":"https:\/\/aconteceunovale.com.br\/portal\/wp-content\/uploads\/2015\/06\/mortos_carro_ns.jpg","type":"image\/jpeg"}],"author":"Aconteceu no Vale","twitter_card":"summary_large_image","twitter_creator":"@noticiadosvales","twitter_site":"@noticiadosvales","twitter_misc":{"Escrito por":"Aconteceu no Vale","Est. tempo de leitura":"2 minutos"},"schema":{"@context":"https:\/\/schema.org","@graph":[{"@type":"Article","@id":"https:\/\/aconteceunovale.com.br\/portal\/?p=60488#article","isPartOf":{"@id":"https:\/\/aconteceunovale.com.br\/portal\/?p=60488"},"author":{"name":"Aconteceu no Vale","@id":"https:\/\/aconteceunovale.com.br\/portal\/#\/schema\/person\/633529146f2c94272bef50ac2953d589"},"headline":"Propriet\u00e1rios de f\u00e1brica de cal\u00e7ados s\u00e3o assassinados em Nova Serrana","datePublished":"2015-06-04T22:05:26+00:00","mainEntityOfPage":{"@id":"https:\/\/aconteceunovale.com.br\/portal\/?p=60488"},"wordCount":475,"commentCount":0,"image":{"@id":"https:\/\/aconteceunovale.com.br\/portal\/?p=60488#primaryimage"},"thumbnailUrl":"https:\/\/aconteceunovale.com.br\/portal\/wp-content\/uploads\/2015\/06\/mortos_carro_ns.jpg","keywords":["assassinatos em nova serrana","homic\u00eddio em nova serrana","Itamar Lopes dos Santos","mortos em nova serrana","Nova Serrana","Propriet\u00e1rios de f\u00e1brica de cal\u00e7ados s\u00e3o assassinados em Nova Serrana","Vanilda da Silva Dias Santos","viol\u00eancia em nova serrana"],"articleSection":["Minas Gerais"],"inLanguage":"pt-BR","potentialAction":[{"@type":"CommentAction","name":"Comment","target":["https:\/\/aconteceunovale.com.br\/portal\/?p=60488#respond"]}]},{"@type":"WebPage","@id":"https:\/\/aconteceunovale.com.br\/portal\/?p=60488","url":"https:\/\/aconteceunovale.com.br\/portal\/?p=60488","name":"Propriet\u00e1rios de f\u00e1brica de cal\u00e7ados s\u00e3o assassinados em Nova Serrana - Aconteceu no Vale","isPartOf":{"@id":"https:\/\/aconteceunovale.com.br\/portal\/#website"},"primaryImageOfPage":{"@id":"https:\/\/aconteceunovale.com.br\/portal\/?p=60488#primaryimage"},"image":{"@id":"https:\/\/aconteceunovale.com.br\/portal\/?p=60488#primaryimage"},"thumbnailUrl":"https:\/\/aconteceunovale.com.br\/portal\/wp-content\/uploads\/2015\/06\/mortos_carro_ns.jpg","datePublished":"2015-06-04T22:05:26+00:00","author":{"@id":"https:\/\/aconteceunovale.com.br\/portal\/#\/schema\/person\/633529146f2c94272bef50ac2953d589"},"breadcrumb":{"@id":"https:\/\/aconteceunovale.com.br\/portal\/?p=60488#breadcrumb"},"inLanguage":"pt-BR","potentialAction":[{"@type":"ReadAction","target":["https:\/\/aconteceunovale.com.br\/portal\/?p=60488"]}]},{"@type":"ImageObject","inLanguage":"pt-BR","@id":"https:\/\/aconteceunovale.com.br\/portal\/?p=60488#primaryimage","url":"https:\/\/aconteceunovale.com.br\/portal\/wp-content\/uploads\/2015\/06\/mortos_carro_ns.jpg","contentUrl":"https:\/\/aconteceunovale.com.br\/portal\/wp-content\/uploads\/2015\/06\/mortos_carro_ns.jpg","width":611,"height":450},{"@type":"BreadcrumbList","@id":"https:\/\/aconteceunovale.com.br\/portal\/?p=60488#breadcrumb","itemListElement":[{"@type":"ListItem","position":1,"name":"In\u00edcio","item":"https:\/\/aconteceunovale.com.br\/portal\/"},{"@type":"ListItem","position":2,"name":"Propriet\u00e1rios de f\u00e1brica de cal\u00e7ados s\u00e3o assassinados em Nova Serrana"}]},{"@type":"WebSite","@id":"https:\/\/aconteceunovale.com.br\/portal\/#website","url":"https:\/\/aconteceunovale.com.br\/portal\/","name":"Aconteceu no Vale","description":"Portal de Not\u00edcias","potentialAction":[{"@type":"SearchAction","target":{"@type":"EntryPoint","urlTemplate":"https:\/\/aconteceunovale.com.br\/portal\/?s={search_term_string}"},"query-input":{"@type":"PropertyValueSpecification","valueRequired":true,"valueName":"search_term_string"}}],"inLanguage":"pt-BR"},{"@type":"Person","@id":"https:\/\/aconteceunovale.com.br\/portal\/#\/schema\/person\/633529146f2c94272bef50ac2953d589","name":"Aconteceu no Vale","description":"Equipe de reportagem do Aconteceu no Vale, portal de not\u00edcias do Vale do Jequitinhonha, em Minas Gerais. Cobrimos as 51 cidades do Vale desde 2013. Sugest\u00f5es de pauta e pedidos de corre\u00e7\u00e3o: contato@aconteceunovale.com.br","sameAs":["http:\/\/www.aconteceunovale.com.br"],"url":"https:\/\/aconteceunovale.com.br\/portal\/?author=1"}]}},"_links":{"self":[{"href":"https:\/\/aconteceunovale.com.br\/portal\/index.php?rest_route=\/wp\/v2\/posts\/60488","targetHints":{"allow":["GET"]}}],"collection":[{"href":"https:\/\/aconteceunovale.com.br\/portal\/index.php?rest_route=\/wp\/v2\/posts"}],"about":[{"href":"https:\/\/aconteceunovale.com.br\/portal\/index.php?rest_route=\/wp\/v2\/types\/post"}],"author":[{"embeddable":true,"href":"https:\/\/aconteceunovale.com.br\/portal\/index.php?rest_route=\/wp\/v2\/users\/1"}],"replies":[{"embeddable":true,"href":"https:\/\/aconteceunovale.com.br\/portal\/index.php?rest_route=%2Fwp%2Fv2%2Fcomments&post=60488"}],"version-history":[{"count":0,"href":"https:\/\/aconteceunovale.com.br\/portal\/index.php?rest_route=\/wp\/v2\/posts\/60488\/revisions"}],"wp:featuredmedia":[{"embeddable":true,"href":"https:\/\/aconteceunovale.com.br\/portal\/index.php?rest_route=\/wp\/v2\/media\/60490"}],"wp:attachment":[{"href":"https:\/\/aconteceunovale.com.br\/portal\/index.php?rest_route=%2Fwp%2Fv2%2Fmedia&parent=60488"}],"wp:term":[{"taxonomy":"category","embeddable":true,"href":"https:\/\/aconteceunovale.com.br\/portal\/index.php?rest_route=%2Fwp%2Fv2%2Fcategories&post=60488"},{"taxonomy":"post_tag","embeddable":true,"href":"https:\/\/aconteceunovale.com.br\/portal\/index.php?rest_route=%2Fwp%2Fv2%2Ftags&post=60488"}],"curies":[{"name":"wp","href":"https:\/\/api.w.org\/{rel}","templated":true}]}}