{"id":60485,"date":"2015-06-04T18:43:31","date_gmt":"2015-06-04T21:43:31","guid":{"rendered":"http:\/\/aconteceunovale.com.br\/portal\/?p=60485"},"modified":"2015-06-04T18:43:31","modified_gmt":"2015-06-04T21:43:31","slug":"banda-de-thiaguinho-e-pericles-e-assaltada-em-hotel-mineiro","status":"publish","type":"post","link":"https:\/\/aconteceunovale.com.br\/portal\/?p=60485","title":{"rendered":"Banda de Thiaguinho e P\u00e9ricles \u00e9 assaltada em hotel mineiro"},"content":{"rendered":"<h4><strong><em>Cantor P\u00e9ricles publicou nota em seu perfil em rede social para demonstrar sua indigna\u00e7\u00e3o com o ocorrido na noite desta quarta-feira (3).<\/em><\/strong><\/h4>\n<p>Os m\u00fasicos da banda dos artistas P\u00e9ricles e Thiaguinho foram v\u00edtimas de assalto na noite desta quarta-feira (3) em um hotel na avenida Governador Rondon Pacheco, em Uberl\u00e2ndia, no Tri\u00e2ngulo Mineiro. Cerca de R$ 8 mil foram levados dos quartos dos integrantes da banda e de outros h\u00f3spedes.<\/p>\n<p>Indignado, o cantor P\u00e9ricles publicou uma nota em seu perfil no Facebook. &#8220;Isso nunca aconteceu com nenhum de n\u00f3s em mais de 30 anos de estrada, e mesmo que o Hotel prontamente tenha ressarcido todos os lesados, fica a indigna\u00e7\u00e3o com o fato nunca antes ocorrido&#8221;, afirma o m\u00fasico.<\/p>\n<p>A suspeita \u00e9 de que o criminoso tenha invadido o local com uma c\u00f3pia da chave. O hotel n\u00e3o quis se pronunciar sobre o caso. No local n\u00e3o haviam c\u00e2meras de seguran\u00e7a. <\/p>\n<p><strong>Desabafo de P\u00e9ricles<\/strong><\/p>\n<div id=\"fb-root\"><\/div>\n<p><script>(function(d, s, id) {  var js, fjs = d.getElementsByTagName(s)[0];  if (d.getElementById(id)) return;  js = d.createElement(s); js.id = id;  js.src = \"\/\/connect.facebook.net\/pt_BR\/sdk.js#xfbml=1&version=v2.3\";  fjs.parentNode.insertBefore(js, fjs);}(document, 'script', 'facebook-jssdk'));<\/script><\/p>\n<div class=\"fb-post\" data-href=\"https:\/\/www.facebook.com\/FariaPericles\/posts\/863371580412048\" data-width=\"500\">\n<div class=\"fb-xfbml-parse-ignore\">\n<blockquote cite=\"https:\/\/www.facebook.com\/FariaPericles\/posts\/863371580412048\">\n<p>Estou indignado com o ocorrido hoje &#xe0; noite em Uberl&#xe2;ndia\/MG,mais precisamente no hotel San Diego,onde v&#xe1;rios quartos&#8230;<\/p>\n<p>Posted by <a href=\"https:\/\/www.facebook.com\/FariaPericles\">P\u00e9ricles<\/a> on <a href=\"https:\/\/www.facebook.com\/FariaPericles\/posts\/863371580412048\">Quinta, 4 de junho de 2015<\/a><\/p><\/blockquote>\n<\/div>\n<\/div>\n<p><\/br><\/p>\n<p><em>(Fonte: O Tempo)<\/em><\/p>\n","protected":false},"excerpt":{"rendered":"<p>Cantor P\u00e9ricles publicou nota em seu perfil em rede social para demonstrar sua indigna\u00e7\u00e3o com o ocorrido na noite desta quarta-feira (3). Os m\u00fasicos da banda dos artistas P\u00e9ricles e Thiaguinho foram v\u00edtimas de assalto na noite desta quarta-feira (3) em um hotel na avenida Governador Rondon Pacheco, em Uberl\u00e2ndia, no Tri\u00e2ngulo Mineiro. Cerca de [&hellip;]<\/p>\n","protected":false},"author":1,"featured_media":60486,"comment_status":"open","ping_status":"closed","sticky":false,"template":"","format":"standard","meta":{"amp_status":"","footnotes":""},"categories":[123],"tags":[47159,47160,47161,47162,47164,47163,47165,47158,47166],"class_list":["post-60485","post","type-post","status-publish","format-standard","has-post-thumbnail","hentry","category-gerais","tag-assalto-banda-cantor-pericles","tag-assalto-banda-cantor-thiaguinho","tag-assalto-cantor-pericles","tag-assalto-cantor-thiaguinho","tag-banda-de-thiaguinho-e-pericles-e-assaltada-em-hotel-de-uberlandia","tag-banda-de-thiaguinho-e-pericles-e-assaltada-em-hotel-mineiro","tag-banda-de-thiaguinho-e-pericles-e-assaltada-no-hotel-san-diego","tag-desabafo-de-pericles","tag-hotel-san-diego"],"yoast_head":"<!-- This site is optimized with the Yoast SEO plugin v28.3 - https:\/\/yoast.com\/product\/yoast-seo-wordpress\/ -->\n<title>Banda de Thiaguinho e P\u00e9ricles \u00e9 assaltada em hotel mineiro - Aconteceu no Vale<\/title>\n<meta name=\"robots\" content=\"index, follow, max-snippet:-1, max-image-preview:large, max-video-preview:-1\" \/>\n<link rel=\"canonical\" href=\"https:\/\/aconteceunovale.com.br\/portal\/?p=60485\" \/>\n<meta property=\"og:locale\" content=\"pt_BR\" \/>\n<meta property=\"og:type\" content=\"article\" \/>\n<meta property=\"og:title\" content=\"Banda de Thiaguinho e P\u00e9ricles \u00e9 assaltada em hotel mineiro - Aconteceu no Vale\" \/>\n<meta property=\"og:description\" content=\"Cantor P\u00e9ricles publicou nota em seu perfil em rede social para demonstrar sua indigna\u00e7\u00e3o com o ocorrido na noite desta quarta-feira (3). Os m\u00fasicos da banda dos artistas P\u00e9ricles e Thiaguinho foram v\u00edtimas de assalto na noite desta quarta-feira (3) em um hotel na avenida Governador Rondon Pacheco, em Uberl\u00e2ndia, no Tri\u00e2ngulo Mineiro. Cerca de [&hellip;]\" \/>\n<meta property=\"og:url\" content=\"https:\/\/aconteceunovale.com.br\/portal\/?p=60485\" \/>\n<meta property=\"og:site_name\" content=\"Aconteceu no Vale\" \/>\n<meta property=\"article:publisher\" content=\"https:\/\/www.facebook.com\/aconteceunovale\/\" \/>\n<meta property=\"article:published_time\" content=\"2015-06-04T21:43:31+00:00\" \/>\n<meta property=\"og:image\" content=\"https:\/\/aconteceunovale.com.br\/portal\/wp-content\/uploads\/2015\/06\/pericles_e_thiaguinho.jpg\" \/>\n\t<meta property=\"og:image:width\" content=\"678\" \/>\n\t<meta property=\"og:image:height\" content=\"351\" \/>\n\t<meta property=\"og:image:type\" content=\"image\/jpeg\" \/>\n<meta name=\"author\" content=\"Aconteceu no Vale\" \/>\n<meta name=\"twitter:card\" content=\"summary_large_image\" \/>\n<meta name=\"twitter:creator\" content=\"@noticiadosvales\" \/>\n<meta name=\"twitter:site\" content=\"@noticiadosvales\" \/>\n<meta name=\"twitter:label1\" content=\"Escrito por\" \/>\n\t<meta name=\"twitter:data1\" content=\"Aconteceu no Vale\" \/>\n\t<meta name=\"twitter:label2\" content=\"Est. tempo de leitura\" \/>\n\t<meta name=\"twitter:data2\" content=\"1 minuto\" \/>\n<script type=\"application\/ld+json\" class=\"yoast-schema-graph\">{\"@context\":\"https:\\\/\\\/schema.org\",\"@graph\":[{\"@type\":\"Article\",\"@id\":\"https:\\\/\\\/aconteceunovale.com.br\\\/portal\\\/?p=60485#article\",\"isPartOf\":{\"@id\":\"https:\\\/\\\/aconteceunovale.com.br\\\/portal\\\/?p=60485\"},\"author\":{\"name\":\"Aconteceu no Vale\",\"@id\":\"https:\\\/\\\/aconteceunovale.com.br\\\/portal\\\/#\\\/schema\\\/person\\\/633529146f2c94272bef50ac2953d589\"},\"headline\":\"Banda de Thiaguinho e P\u00e9ricles \u00e9 assaltada em hotel mineiro\",\"datePublished\":\"2015-06-04T21:43:31+00:00\",\"mainEntityOfPage\":{\"@id\":\"https:\\\/\\\/aconteceunovale.com.br\\\/portal\\\/?p=60485\"},\"wordCount\":213,\"commentCount\":0,\"image\":{\"@id\":\"https:\\\/\\\/aconteceunovale.com.br\\\/portal\\\/?p=60485#primaryimage\"},\"thumbnailUrl\":\"https:\\\/\\\/aconteceunovale.com.br\\\/portal\\\/wp-content\\\/uploads\\\/2015\\\/06\\\/pericles_e_thiaguinho.jpg\",\"keywords\":[\"assalto banda cantor P\u00e9ricles\",\"assalto banda cantor thiaguinho\",\"assalto cantor p\u00e9ricles\",\"assalto cantor thiaguinho\",\"Banda de Thiaguinho e P\u00e9ricles \u00e9 assaltada em hotel de Uberl\u00e2ndia\",\"Banda de Thiaguinho e P\u00e9ricles \u00e9 assaltada em hotel mineiro\",\"Banda de Thiaguinho e P\u00e9ricles \u00e9 assaltada no Hotel San Diego\",\"Desabafo de P\u00e9ricles\",\"Hotel San Diego\"],\"articleSection\":[\"Minas Gerais\"],\"inLanguage\":\"pt-BR\",\"potentialAction\":[{\"@type\":\"CommentAction\",\"name\":\"Comment\",\"target\":[\"https:\\\/\\\/aconteceunovale.com.br\\\/portal\\\/?p=60485#respond\"]}]},{\"@type\":\"WebPage\",\"@id\":\"https:\\\/\\\/aconteceunovale.com.br\\\/portal\\\/?p=60485\",\"url\":\"https:\\\/\\\/aconteceunovale.com.br\\\/portal\\\/?p=60485\",\"name\":\"Banda de Thiaguinho e P\u00e9ricles \u00e9 assaltada em hotel mineiro - Aconteceu no Vale\",\"isPartOf\":{\"@id\":\"https:\\\/\\\/aconteceunovale.com.br\\\/portal\\\/#website\"},\"primaryImageOfPage\":{\"@id\":\"https:\\\/\\\/aconteceunovale.com.br\\\/portal\\\/?p=60485#primaryimage\"},\"image\":{\"@id\":\"https:\\\/\\\/aconteceunovale.com.br\\\/portal\\\/?p=60485#primaryimage\"},\"thumbnailUrl\":\"https:\\\/\\\/aconteceunovale.com.br\\\/portal\\\/wp-content\\\/uploads\\\/2015\\\/06\\\/pericles_e_thiaguinho.jpg\",\"datePublished\":\"2015-06-04T21:43:31+00:00\",\"author\":{\"@id\":\"https:\\\/\\\/aconteceunovale.com.br\\\/portal\\\/#\\\/schema\\\/person\\\/633529146f2c94272bef50ac2953d589\"},\"breadcrumb\":{\"@id\":\"https:\\\/\\\/aconteceunovale.com.br\\\/portal\\\/?p=60485#breadcrumb\"},\"inLanguage\":\"pt-BR\",\"potentialAction\":[{\"@type\":\"ReadAction\",\"target\":[\"https:\\\/\\\/aconteceunovale.com.br\\\/portal\\\/?p=60485\"]}]},{\"@type\":\"ImageObject\",\"inLanguage\":\"pt-BR\",\"@id\":\"https:\\\/\\\/aconteceunovale.com.br\\\/portal\\\/?p=60485#primaryimage\",\"url\":\"https:\\\/\\\/aconteceunovale.com.br\\\/portal\\\/wp-content\\\/uploads\\\/2015\\\/06\\\/pericles_e_thiaguinho.jpg\",\"contentUrl\":\"https:\\\/\\\/aconteceunovale.com.br\\\/portal\\\/wp-content\\\/uploads\\\/2015\\\/06\\\/pericles_e_thiaguinho.jpg\",\"width\":678,\"height\":351},{\"@type\":\"BreadcrumbList\",\"@id\":\"https:\\\/\\\/aconteceunovale.com.br\\\/portal\\\/?p=60485#breadcrumb\",\"itemListElement\":[{\"@type\":\"ListItem\",\"position\":1,\"name\":\"In\u00edcio\",\"item\":\"https:\\\/\\\/aconteceunovale.com.br\\\/portal\\\/\"},{\"@type\":\"ListItem\",\"position\":2,\"name\":\"Banda de Thiaguinho e P\u00e9ricles \u00e9 assaltada em hotel mineiro\"}]},{\"@type\":\"WebSite\",\"@id\":\"https:\\\/\\\/aconteceunovale.com.br\\\/portal\\\/#website\",\"url\":\"https:\\\/\\\/aconteceunovale.com.br\\\/portal\\\/\",\"name\":\"Aconteceu no Vale\",\"description\":\"Portal de Not\u00edcias\",\"potentialAction\":[{\"@type\":\"SearchAction\",\"target\":{\"@type\":\"EntryPoint\",\"urlTemplate\":\"https:\\\/\\\/aconteceunovale.com.br\\\/portal\\\/?s={search_term_string}\"},\"query-input\":{\"@type\":\"PropertyValueSpecification\",\"valueRequired\":true,\"valueName\":\"search_term_string\"}}],\"inLanguage\":\"pt-BR\"},{\"@type\":\"Person\",\"@id\":\"https:\\\/\\\/aconteceunovale.com.br\\\/portal\\\/#\\\/schema\\\/person\\\/633529146f2c94272bef50ac2953d589\",\"name\":\"Aconteceu no Vale\",\"description\":\"Equipe de reportagem do Aconteceu no Vale, portal de not\u00edcias do Vale do Jequitinhonha, em Minas Gerais. Cobrimos as 51 cidades do Vale desde 2013. Sugest\u00f5es de pauta e pedidos de corre\u00e7\u00e3o: contato@aconteceunovale.com.br\",\"sameAs\":[\"http:\\\/\\\/www.aconteceunovale.com.br\"],\"url\":\"https:\\\/\\\/aconteceunovale.com.br\\\/portal\\\/?author=1\"}]}<\/script>\n<!-- \/ Yoast SEO plugin. -->","yoast_head_json":{"title":"Banda de Thiaguinho e P\u00e9ricles \u00e9 assaltada em hotel mineiro - Aconteceu no Vale","robots":{"index":"index","follow":"follow","max-snippet":"max-snippet:-1","max-image-preview":"max-image-preview:large","max-video-preview":"max-video-preview:-1"},"canonical":"https:\/\/aconteceunovale.com.br\/portal\/?p=60485","og_locale":"pt_BR","og_type":"article","og_title":"Banda de Thiaguinho e P\u00e9ricles \u00e9 assaltada em hotel mineiro - Aconteceu no Vale","og_description":"Cantor P\u00e9ricles publicou nota em seu perfil em rede social para demonstrar sua indigna\u00e7\u00e3o com o ocorrido na noite desta quarta-feira (3). Os m\u00fasicos da banda dos artistas P\u00e9ricles e Thiaguinho foram v\u00edtimas de assalto na noite desta quarta-feira (3) em um hotel na avenida Governador Rondon Pacheco, em Uberl\u00e2ndia, no Tri\u00e2ngulo Mineiro. Cerca de [&hellip;]","og_url":"https:\/\/aconteceunovale.com.br\/portal\/?p=60485","og_site_name":"Aconteceu no Vale","article_publisher":"https:\/\/www.facebook.com\/aconteceunovale\/","article_published_time":"2015-06-04T21:43:31+00:00","og_image":[{"width":678,"height":351,"url":"https:\/\/aconteceunovale.com.br\/portal\/wp-content\/uploads\/2015\/06\/pericles_e_thiaguinho.jpg","type":"image\/jpeg"}],"author":"Aconteceu no Vale","twitter_card":"summary_large_image","twitter_creator":"@noticiadosvales","twitter_site":"@noticiadosvales","twitter_misc":{"Escrito por":"Aconteceu no Vale","Est. tempo de leitura":"1 minuto"},"schema":{"@context":"https:\/\/schema.org","@graph":[{"@type":"Article","@id":"https:\/\/aconteceunovale.com.br\/portal\/?p=60485#article","isPartOf":{"@id":"https:\/\/aconteceunovale.com.br\/portal\/?p=60485"},"author":{"name":"Aconteceu no Vale","@id":"https:\/\/aconteceunovale.com.br\/portal\/#\/schema\/person\/633529146f2c94272bef50ac2953d589"},"headline":"Banda de Thiaguinho e P\u00e9ricles \u00e9 assaltada em hotel mineiro","datePublished":"2015-06-04T21:43:31+00:00","mainEntityOfPage":{"@id":"https:\/\/aconteceunovale.com.br\/portal\/?p=60485"},"wordCount":213,"commentCount":0,"image":{"@id":"https:\/\/aconteceunovale.com.br\/portal\/?p=60485#primaryimage"},"thumbnailUrl":"https:\/\/aconteceunovale.com.br\/portal\/wp-content\/uploads\/2015\/06\/pericles_e_thiaguinho.jpg","keywords":["assalto banda cantor P\u00e9ricles","assalto banda cantor thiaguinho","assalto cantor p\u00e9ricles","assalto cantor thiaguinho","Banda de Thiaguinho e P\u00e9ricles \u00e9 assaltada em hotel de Uberl\u00e2ndia","Banda de Thiaguinho e P\u00e9ricles \u00e9 assaltada em hotel mineiro","Banda de Thiaguinho e P\u00e9ricles \u00e9 assaltada no Hotel San Diego","Desabafo de P\u00e9ricles","Hotel San Diego"],"articleSection":["Minas Gerais"],"inLanguage":"pt-BR","potentialAction":[{"@type":"CommentAction","name":"Comment","target":["https:\/\/aconteceunovale.com.br\/portal\/?p=60485#respond"]}]},{"@type":"WebPage","@id":"https:\/\/aconteceunovale.com.br\/portal\/?p=60485","url":"https:\/\/aconteceunovale.com.br\/portal\/?p=60485","name":"Banda de Thiaguinho e P\u00e9ricles \u00e9 assaltada em hotel mineiro - Aconteceu no Vale","isPartOf":{"@id":"https:\/\/aconteceunovale.com.br\/portal\/#website"},"primaryImageOfPage":{"@id":"https:\/\/aconteceunovale.com.br\/portal\/?p=60485#primaryimage"},"image":{"@id":"https:\/\/aconteceunovale.com.br\/portal\/?p=60485#primaryimage"},"thumbnailUrl":"https:\/\/aconteceunovale.com.br\/portal\/wp-content\/uploads\/2015\/06\/pericles_e_thiaguinho.jpg","datePublished":"2015-06-04T21:43:31+00:00","author":{"@id":"https:\/\/aconteceunovale.com.br\/portal\/#\/schema\/person\/633529146f2c94272bef50ac2953d589"},"breadcrumb":{"@id":"https:\/\/aconteceunovale.com.br\/portal\/?p=60485#breadcrumb"},"inLanguage":"pt-BR","potentialAction":[{"@type":"ReadAction","target":["https:\/\/aconteceunovale.com.br\/portal\/?p=60485"]}]},{"@type":"ImageObject","inLanguage":"pt-BR","@id":"https:\/\/aconteceunovale.com.br\/portal\/?p=60485#primaryimage","url":"https:\/\/aconteceunovale.com.br\/portal\/wp-content\/uploads\/2015\/06\/pericles_e_thiaguinho.jpg","contentUrl":"https:\/\/aconteceunovale.com.br\/portal\/wp-content\/uploads\/2015\/06\/pericles_e_thiaguinho.jpg","width":678,"height":351},{"@type":"BreadcrumbList","@id":"https:\/\/aconteceunovale.com.br\/portal\/?p=60485#breadcrumb","itemListElement":[{"@type":"ListItem","position":1,"name":"In\u00edcio","item":"https:\/\/aconteceunovale.com.br\/portal\/"},{"@type":"ListItem","position":2,"name":"Banda de Thiaguinho e P\u00e9ricles \u00e9 assaltada em hotel mineiro"}]},{"@type":"WebSite","@id":"https:\/\/aconteceunovale.com.br\/portal\/#website","url":"https:\/\/aconteceunovale.com.br\/portal\/","name":"Aconteceu no Vale","description":"Portal de Not\u00edcias","potentialAction":[{"@type":"SearchAction","target":{"@type":"EntryPoint","urlTemplate":"https:\/\/aconteceunovale.com.br\/portal\/?s={search_term_string}"},"query-input":{"@type":"PropertyValueSpecification","valueRequired":true,"valueName":"search_term_string"}}],"inLanguage":"pt-BR"},{"@type":"Person","@id":"https:\/\/aconteceunovale.com.br\/portal\/#\/schema\/person\/633529146f2c94272bef50ac2953d589","name":"Aconteceu no Vale","description":"Equipe de reportagem do Aconteceu no Vale, portal de not\u00edcias do Vale do Jequitinhonha, em Minas Gerais. Cobrimos as 51 cidades do Vale desde 2013. Sugest\u00f5es de pauta e pedidos de corre\u00e7\u00e3o: contato@aconteceunovale.com.br","sameAs":["http:\/\/www.aconteceunovale.com.br"],"url":"https:\/\/aconteceunovale.com.br\/portal\/?author=1"}]}},"_links":{"self":[{"href":"https:\/\/aconteceunovale.com.br\/portal\/index.php?rest_route=\/wp\/v2\/posts\/60485","targetHints":{"allow":["GET"]}}],"collection":[{"href":"https:\/\/aconteceunovale.com.br\/portal\/index.php?rest_route=\/wp\/v2\/posts"}],"about":[{"href":"https:\/\/aconteceunovale.com.br\/portal\/index.php?rest_route=\/wp\/v2\/types\/post"}],"author":[{"embeddable":true,"href":"https:\/\/aconteceunovale.com.br\/portal\/index.php?rest_route=\/wp\/v2\/users\/1"}],"replies":[{"embeddable":true,"href":"https:\/\/aconteceunovale.com.br\/portal\/index.php?rest_route=%2Fwp%2Fv2%2Fcomments&post=60485"}],"version-history":[{"count":0,"href":"https:\/\/aconteceunovale.com.br\/portal\/index.php?rest_route=\/wp\/v2\/posts\/60485\/revisions"}],"wp:featuredmedia":[{"embeddable":true,"href":"https:\/\/aconteceunovale.com.br\/portal\/index.php?rest_route=\/wp\/v2\/media\/60486"}],"wp:attachment":[{"href":"https:\/\/aconteceunovale.com.br\/portal\/index.php?rest_route=%2Fwp%2Fv2%2Fmedia&parent=60485"}],"wp:term":[{"taxonomy":"category","embeddable":true,"href":"https:\/\/aconteceunovale.com.br\/portal\/index.php?rest_route=%2Fwp%2Fv2%2Fcategories&post=60485"},{"taxonomy":"post_tag","embeddable":true,"href":"https:\/\/aconteceunovale.com.br\/portal\/index.php?rest_route=%2Fwp%2Fv2%2Ftags&post=60485"}],"curies":[{"name":"wp","href":"https:\/\/api.w.org\/{rel}","templated":true}]}}