{"id":60479,"date":"2015-06-04T18:22:34","date_gmt":"2015-06-04T21:22:34","guid":{"rendered":"http:\/\/aconteceunovale.com.br\/portal\/?p=60479"},"modified":"2015-06-04T18:32:32","modified_gmt":"2015-06-04T21:32:32","slug":"secretario-garante-retomada-da-obra-do-hospital-regional-de-governador-valadares-no-proximo-mes","status":"publish","type":"post","link":"https:\/\/aconteceunovale.com.br\/portal\/?p=60479","title":{"rendered":"Secret\u00e1rio promete retomada da obra do Hospital Regional de Governador Valadares no pr\u00f3ximo m\u00eas"},"content":{"rendered":"<p>As obras de constru\u00e7\u00e3o do Hospital Regional de Governador Valadares, no Leste do Estado, ser\u00e3o retomadas no pr\u00f3ximo m\u00eas. Foi o que prometeu o secret\u00e1rio de estado de Sa\u00fade, Fausto Pereira dos Santos. A previs\u00e3o \u00e9 a de que a unidade entre em funcionamento no segundo semestre do ano que vem. O hospital ser\u00e1 refer\u00eancia para 1,5 milh\u00e3o de pessoas.<\/p>\n<p>A constru\u00e7\u00e3o foi iniciada em mar\u00e7o de 2013, mas foi paralisada em janeiro para revis\u00e3o do projeto. \u201cAs obras foram interrompidas no aguardo da aprova\u00e7\u00e3o da Lei Or\u00e7ament\u00e1ria Estadual, que definiria o or\u00e7amento da Sa\u00fade\u201d, informou Santos.<\/p>\n<p><strong>Divis\u00e3o<\/strong><\/p>\n<p>Embora o custeio da obra seja integralmente do tesouro estadual, os custos de funcionamento do novo hospital ser\u00e3o tripartite e envolver\u00e3o investimentos dos governos municipal, estadual e federal.<\/p>\n<p>Atualmente, 75% das obras est\u00e3o conclu\u00eddas. A proposta \u00e9 a de que o hospital atenda a popula\u00e7\u00e3o de 86 munic\u00edpios das macrorregionais de Valadares e Coronel Fabriciano.<\/p>\n<p>Essa \u00e9 a demanda atendida pelo Hospital Municipal, que est\u00e1 superlotado e sempre \u00e9 alvo de reclama\u00e7\u00f5es. A m\u00e9dia \u00e9 de 700 a 800 pacientes acolhidos por dia, mas h\u00e1 registros de at\u00e9 mil, informou a prefeita de Governador Valadares, Elisa Costa.<\/p>\n<p>Por causa da superlota\u00e7\u00e3o, muitas interna\u00e7\u00f5es v\u00eam sendo feitas nos corredores, problema que levou o Minist\u00e9rio P\u00fablico a pedir provid\u00eancias.<\/p>\n<p>Ao todo, o novo hospital ter\u00e1 226 leitos, sendo 176 de enfermaria, 40 de UTI, dez para socorro semi-intensivo e um heliponto. Assim como o Hospital Municipal, o atendimento no Metropolitano ser\u00e1 100% pelo SUS. A estrutura prev\u00ea a possibilidade de futuras expans\u00f5es.<\/p>\n<p><img decoding=\"async\" src=\"http:\/\/aconteceunovale.com.br\/portal\/wp-content\/uploads\/2015\/06\/hospital_regional_gv.jpg\" alt=\"\" \/><em>Estrutura ser\u00e1 refer\u00eancia para 1,5 milh\u00e3o de pessoas no Leste &#8211; Foto: Leonardo Morais\/Hoje em Dia<\/em><br \/>\n<\/br><\/p>\n<p><strong><em>(Fonte: Hoje em Dia)<\/em><\/strong><\/p>\n","protected":false},"excerpt":{"rendered":"<p>As obras de constru\u00e7\u00e3o do Hospital Regional de Governador Valadares, no Leste do Estado, ser\u00e3o retomadas no pr\u00f3ximo m\u00eas. Foi o que prometeu o secret\u00e1rio de estado de Sa\u00fade, Fausto Pereira dos Santos. A previs\u00e3o \u00e9 a de que a unidade entre em funcionamento no segundo semestre do ano que vem. O hospital ser\u00e1 refer\u00eancia [&hellip;]<\/p>\n","protected":false},"author":1,"featured_media":60480,"comment_status":"open","ping_status":"closed","sticky":false,"template":"","format":"standard","meta":{"amp_status":"","footnotes":""},"categories":[121],"tags":[47154,1018,28368,247,47153,47155,47156,47152,47151,47157],"class_list":["post-60479","post","type-post","status-publish","format-standard","has-post-thumbnail","hentry","category-leste","tag-construcao-do-hospital-regional-de-governador-valadares","tag-destaque","tag-fausto-pereira-dos-santos","tag-governador-valadares","tag-obra-do-hospital-regional-de-governador-valadares","tag-obras-de-construcao-do-hospital-regional-de-governador-valadares","tag-secretario-de-estado-de-saude","tag-secretario-garante-retomada-da-obra-do-hospital-regional-de-governador-valadares","tag-secretario-garante-retomada-da-obra-do-hospital-regional-de-governador-valadares-no-proximo-mes","tag-secretario-promete-retomada-da-obra-do-hospital-regional-de-governador-valadares-no-proximo-mes"],"yoast_head":"<!-- This site is optimized with the Yoast SEO plugin v28.3 - https:\/\/yoast.com\/product\/yoast-seo-wordpress\/ -->\n<title>Secret\u00e1rio promete retomada da obra do Hospital Regional de Governador Valadares no pr\u00f3ximo m\u00eas - Aconteceu no Vale<\/title>\n<meta name=\"robots\" content=\"index, follow, max-snippet:-1, max-image-preview:large, max-video-preview:-1\" \/>\n<link rel=\"canonical\" href=\"https:\/\/aconteceunovale.com.br\/portal\/?p=60479\" \/>\n<meta property=\"og:locale\" content=\"pt_BR\" \/>\n<meta property=\"og:type\" content=\"article\" \/>\n<meta property=\"og:title\" content=\"Secret\u00e1rio promete retomada da obra do Hospital Regional de Governador Valadares no pr\u00f3ximo m\u00eas - Aconteceu no Vale\" \/>\n<meta property=\"og:description\" content=\"As obras de constru\u00e7\u00e3o do Hospital Regional de Governador Valadares, no Leste do Estado, ser\u00e3o retomadas no pr\u00f3ximo m\u00eas. Foi o que prometeu o secret\u00e1rio de estado de Sa\u00fade, Fausto Pereira dos Santos. A previs\u00e3o \u00e9 a de que a unidade entre em funcionamento no segundo semestre do ano que vem. O hospital ser\u00e1 refer\u00eancia [&hellip;]\" \/>\n<meta property=\"og:url\" content=\"https:\/\/aconteceunovale.com.br\/portal\/?p=60479\" \/>\n<meta property=\"og:site_name\" content=\"Aconteceu no Vale\" \/>\n<meta property=\"article:publisher\" content=\"https:\/\/www.facebook.com\/aconteceunovale\/\" \/>\n<meta property=\"article:published_time\" content=\"2015-06-04T21:22:34+00:00\" \/>\n<meta property=\"article:modified_time\" content=\"2015-06-04T21:32:32+00:00\" \/>\n<meta property=\"og:image\" content=\"https:\/\/aconteceunovale.com.br\/portal\/wp-content\/uploads\/2015\/06\/hospital_regional_gv.jpg\" \/>\n\t<meta property=\"og:image:width\" content=\"678\" \/>\n\t<meta property=\"og:image:height\" content=\"333\" \/>\n\t<meta property=\"og:image:type\" content=\"image\/jpeg\" \/>\n<meta name=\"author\" content=\"Aconteceu no Vale\" \/>\n<meta name=\"twitter:card\" content=\"summary_large_image\" \/>\n<meta name=\"twitter:creator\" content=\"@noticiadosvales\" \/>\n<meta name=\"twitter:site\" content=\"@noticiadosvales\" \/>\n<meta name=\"twitter:label1\" content=\"Escrito por\" \/>\n\t<meta name=\"twitter:data1\" content=\"Aconteceu no Vale\" \/>\n\t<meta name=\"twitter:label2\" content=\"Est. tempo de leitura\" \/>\n\t<meta name=\"twitter:data2\" content=\"1 minuto\" \/>\n<script type=\"application\/ld+json\" class=\"yoast-schema-graph\">{\"@context\":\"https:\\\/\\\/schema.org\",\"@graph\":[{\"@type\":\"Article\",\"@id\":\"https:\\\/\\\/aconteceunovale.com.br\\\/portal\\\/?p=60479#article\",\"isPartOf\":{\"@id\":\"https:\\\/\\\/aconteceunovale.com.br\\\/portal\\\/?p=60479\"},\"author\":{\"name\":\"Aconteceu no Vale\",\"@id\":\"https:\\\/\\\/aconteceunovale.com.br\\\/portal\\\/#\\\/schema\\\/person\\\/633529146f2c94272bef50ac2953d589\"},\"headline\":\"Secret\u00e1rio promete retomada da obra do Hospital Regional de Governador Valadares no pr\u00f3ximo m\u00eas\",\"datePublished\":\"2015-06-04T21:22:34+00:00\",\"dateModified\":\"2015-06-04T21:32:32+00:00\",\"mainEntityOfPage\":{\"@id\":\"https:\\\/\\\/aconteceunovale.com.br\\\/portal\\\/?p=60479\"},\"wordCount\":315,\"commentCount\":0,\"image\":{\"@id\":\"https:\\\/\\\/aconteceunovale.com.br\\\/portal\\\/?p=60479#primaryimage\"},\"thumbnailUrl\":\"https:\\\/\\\/aconteceunovale.com.br\\\/portal\\\/wp-content\\\/uploads\\\/2015\\\/06\\\/hospital_regional_gv.jpg\",\"keywords\":[\"Constru\u00e7\u00e3o do Hospital Regional de Governador Valadares\",\"destaque\",\"Fausto Pereira dos Santos\",\"Governador Valadares\",\"obra do Hospital Regional de Governador Valadares\",\"obras de constru\u00e7\u00e3o do Hospital Regional de Governador Valadares\",\"secret\u00e1rio de estado de Sa\u00fade\",\"Secretario garante retomada da obra do Hospital Regional de Governador Valadares\",\"Secretario garante retomada da obra do Hospital Regional de Governador Valadares no pr\u00f3ximo m\u00eas\",\"Secret\u00e1rio promete retomada da obra do Hospital Regional de Governador Valadares no pr\u00f3ximo m\u00eas\"],\"articleSection\":[\"Leste de Minas\"],\"inLanguage\":\"pt-BR\",\"potentialAction\":[{\"@type\":\"CommentAction\",\"name\":\"Comment\",\"target\":[\"https:\\\/\\\/aconteceunovale.com.br\\\/portal\\\/?p=60479#respond\"]}]},{\"@type\":\"WebPage\",\"@id\":\"https:\\\/\\\/aconteceunovale.com.br\\\/portal\\\/?p=60479\",\"url\":\"https:\\\/\\\/aconteceunovale.com.br\\\/portal\\\/?p=60479\",\"name\":\"Secret\u00e1rio promete retomada da obra do Hospital Regional de Governador Valadares no pr\u00f3ximo m\u00eas - Aconteceu no Vale\",\"isPartOf\":{\"@id\":\"https:\\\/\\\/aconteceunovale.com.br\\\/portal\\\/#website\"},\"primaryImageOfPage\":{\"@id\":\"https:\\\/\\\/aconteceunovale.com.br\\\/portal\\\/?p=60479#primaryimage\"},\"image\":{\"@id\":\"https:\\\/\\\/aconteceunovale.com.br\\\/portal\\\/?p=60479#primaryimage\"},\"thumbnailUrl\":\"https:\\\/\\\/aconteceunovale.com.br\\\/portal\\\/wp-content\\\/uploads\\\/2015\\\/06\\\/hospital_regional_gv.jpg\",\"datePublished\":\"2015-06-04T21:22:34+00:00\",\"dateModified\":\"2015-06-04T21:32:32+00:00\",\"author\":{\"@id\":\"https:\\\/\\\/aconteceunovale.com.br\\\/portal\\\/#\\\/schema\\\/person\\\/633529146f2c94272bef50ac2953d589\"},\"breadcrumb\":{\"@id\":\"https:\\\/\\\/aconteceunovale.com.br\\\/portal\\\/?p=60479#breadcrumb\"},\"inLanguage\":\"pt-BR\",\"potentialAction\":[{\"@type\":\"ReadAction\",\"target\":[\"https:\\\/\\\/aconteceunovale.com.br\\\/portal\\\/?p=60479\"]}]},{\"@type\":\"ImageObject\",\"inLanguage\":\"pt-BR\",\"@id\":\"https:\\\/\\\/aconteceunovale.com.br\\\/portal\\\/?p=60479#primaryimage\",\"url\":\"https:\\\/\\\/aconteceunovale.com.br\\\/portal\\\/wp-content\\\/uploads\\\/2015\\\/06\\\/hospital_regional_gv.jpg\",\"contentUrl\":\"https:\\\/\\\/aconteceunovale.com.br\\\/portal\\\/wp-content\\\/uploads\\\/2015\\\/06\\\/hospital_regional_gv.jpg\",\"width\":678,\"height\":333},{\"@type\":\"BreadcrumbList\",\"@id\":\"https:\\\/\\\/aconteceunovale.com.br\\\/portal\\\/?p=60479#breadcrumb\",\"itemListElement\":[{\"@type\":\"ListItem\",\"position\":1,\"name\":\"In\u00edcio\",\"item\":\"https:\\\/\\\/aconteceunovale.com.br\\\/portal\\\/\"},{\"@type\":\"ListItem\",\"position\":2,\"name\":\"Secret\u00e1rio promete retomada da obra do Hospital Regional de Governador Valadares no pr\u00f3ximo m\u00eas\"}]},{\"@type\":\"WebSite\",\"@id\":\"https:\\\/\\\/aconteceunovale.com.br\\\/portal\\\/#website\",\"url\":\"https:\\\/\\\/aconteceunovale.com.br\\\/portal\\\/\",\"name\":\"Aconteceu no Vale\",\"description\":\"Portal de Not\u00edcias\",\"potentialAction\":[{\"@type\":\"SearchAction\",\"target\":{\"@type\":\"EntryPoint\",\"urlTemplate\":\"https:\\\/\\\/aconteceunovale.com.br\\\/portal\\\/?s={search_term_string}\"},\"query-input\":{\"@type\":\"PropertyValueSpecification\",\"valueRequired\":true,\"valueName\":\"search_term_string\"}}],\"inLanguage\":\"pt-BR\"},{\"@type\":\"Person\",\"@id\":\"https:\\\/\\\/aconteceunovale.com.br\\\/portal\\\/#\\\/schema\\\/person\\\/633529146f2c94272bef50ac2953d589\",\"name\":\"Aconteceu no Vale\",\"description\":\"Equipe de reportagem do Aconteceu no Vale, portal de not\u00edcias do Vale do Jequitinhonha, em Minas Gerais. Cobrimos as 51 cidades do Vale desde 2013. Sugest\u00f5es de pauta e pedidos de corre\u00e7\u00e3o: contato@aconteceunovale.com.br\",\"sameAs\":[\"http:\\\/\\\/www.aconteceunovale.com.br\"],\"url\":\"https:\\\/\\\/aconteceunovale.com.br\\\/portal\\\/?author=1\"}]}<\/script>\n<!-- \/ Yoast SEO plugin. -->","yoast_head_json":{"title":"Secret\u00e1rio promete retomada da obra do Hospital Regional de Governador Valadares no pr\u00f3ximo m\u00eas - Aconteceu no Vale","robots":{"index":"index","follow":"follow","max-snippet":"max-snippet:-1","max-image-preview":"max-image-preview:large","max-video-preview":"max-video-preview:-1"},"canonical":"https:\/\/aconteceunovale.com.br\/portal\/?p=60479","og_locale":"pt_BR","og_type":"article","og_title":"Secret\u00e1rio promete retomada da obra do Hospital Regional de Governador Valadares no pr\u00f3ximo m\u00eas - Aconteceu no Vale","og_description":"As obras de constru\u00e7\u00e3o do Hospital Regional de Governador Valadares, no Leste do Estado, ser\u00e3o retomadas no pr\u00f3ximo m\u00eas. Foi o que prometeu o secret\u00e1rio de estado de Sa\u00fade, Fausto Pereira dos Santos. A previs\u00e3o \u00e9 a de que a unidade entre em funcionamento no segundo semestre do ano que vem. O hospital ser\u00e1 refer\u00eancia [&hellip;]","og_url":"https:\/\/aconteceunovale.com.br\/portal\/?p=60479","og_site_name":"Aconteceu no Vale","article_publisher":"https:\/\/www.facebook.com\/aconteceunovale\/","article_published_time":"2015-06-04T21:22:34+00:00","article_modified_time":"2015-06-04T21:32:32+00:00","og_image":[{"width":678,"height":333,"url":"https:\/\/aconteceunovale.com.br\/portal\/wp-content\/uploads\/2015\/06\/hospital_regional_gv.jpg","type":"image\/jpeg"}],"author":"Aconteceu no Vale","twitter_card":"summary_large_image","twitter_creator":"@noticiadosvales","twitter_site":"@noticiadosvales","twitter_misc":{"Escrito por":"Aconteceu no Vale","Est. tempo de leitura":"1 minuto"},"schema":{"@context":"https:\/\/schema.org","@graph":[{"@type":"Article","@id":"https:\/\/aconteceunovale.com.br\/portal\/?p=60479#article","isPartOf":{"@id":"https:\/\/aconteceunovale.com.br\/portal\/?p=60479"},"author":{"name":"Aconteceu no Vale","@id":"https:\/\/aconteceunovale.com.br\/portal\/#\/schema\/person\/633529146f2c94272bef50ac2953d589"},"headline":"Secret\u00e1rio promete retomada da obra do Hospital Regional de Governador Valadares no pr\u00f3ximo m\u00eas","datePublished":"2015-06-04T21:22:34+00:00","dateModified":"2015-06-04T21:32:32+00:00","mainEntityOfPage":{"@id":"https:\/\/aconteceunovale.com.br\/portal\/?p=60479"},"wordCount":315,"commentCount":0,"image":{"@id":"https:\/\/aconteceunovale.com.br\/portal\/?p=60479#primaryimage"},"thumbnailUrl":"https:\/\/aconteceunovale.com.br\/portal\/wp-content\/uploads\/2015\/06\/hospital_regional_gv.jpg","keywords":["Constru\u00e7\u00e3o do Hospital Regional de Governador Valadares","destaque","Fausto Pereira dos Santos","Governador Valadares","obra do Hospital Regional de Governador Valadares","obras de constru\u00e7\u00e3o do Hospital Regional de Governador Valadares","secret\u00e1rio de estado de Sa\u00fade","Secretario garante retomada da obra do Hospital Regional de Governador Valadares","Secretario garante retomada da obra do Hospital Regional de Governador Valadares no pr\u00f3ximo m\u00eas","Secret\u00e1rio promete retomada da obra do Hospital Regional de Governador Valadares no pr\u00f3ximo m\u00eas"],"articleSection":["Leste de Minas"],"inLanguage":"pt-BR","potentialAction":[{"@type":"CommentAction","name":"Comment","target":["https:\/\/aconteceunovale.com.br\/portal\/?p=60479#respond"]}]},{"@type":"WebPage","@id":"https:\/\/aconteceunovale.com.br\/portal\/?p=60479","url":"https:\/\/aconteceunovale.com.br\/portal\/?p=60479","name":"Secret\u00e1rio promete retomada da obra do Hospital Regional de Governador Valadares no pr\u00f3ximo m\u00eas - Aconteceu no Vale","isPartOf":{"@id":"https:\/\/aconteceunovale.com.br\/portal\/#website"},"primaryImageOfPage":{"@id":"https:\/\/aconteceunovale.com.br\/portal\/?p=60479#primaryimage"},"image":{"@id":"https:\/\/aconteceunovale.com.br\/portal\/?p=60479#primaryimage"},"thumbnailUrl":"https:\/\/aconteceunovale.com.br\/portal\/wp-content\/uploads\/2015\/06\/hospital_regional_gv.jpg","datePublished":"2015-06-04T21:22:34+00:00","dateModified":"2015-06-04T21:32:32+00:00","author":{"@id":"https:\/\/aconteceunovale.com.br\/portal\/#\/schema\/person\/633529146f2c94272bef50ac2953d589"},"breadcrumb":{"@id":"https:\/\/aconteceunovale.com.br\/portal\/?p=60479#breadcrumb"},"inLanguage":"pt-BR","potentialAction":[{"@type":"ReadAction","target":["https:\/\/aconteceunovale.com.br\/portal\/?p=60479"]}]},{"@type":"ImageObject","inLanguage":"pt-BR","@id":"https:\/\/aconteceunovale.com.br\/portal\/?p=60479#primaryimage","url":"https:\/\/aconteceunovale.com.br\/portal\/wp-content\/uploads\/2015\/06\/hospital_regional_gv.jpg","contentUrl":"https:\/\/aconteceunovale.com.br\/portal\/wp-content\/uploads\/2015\/06\/hospital_regional_gv.jpg","width":678,"height":333},{"@type":"BreadcrumbList","@id":"https:\/\/aconteceunovale.com.br\/portal\/?p=60479#breadcrumb","itemListElement":[{"@type":"ListItem","position":1,"name":"In\u00edcio","item":"https:\/\/aconteceunovale.com.br\/portal\/"},{"@type":"ListItem","position":2,"name":"Secret\u00e1rio promete retomada da obra do Hospital Regional de Governador Valadares no pr\u00f3ximo m\u00eas"}]},{"@type":"WebSite","@id":"https:\/\/aconteceunovale.com.br\/portal\/#website","url":"https:\/\/aconteceunovale.com.br\/portal\/","name":"Aconteceu no Vale","description":"Portal de Not\u00edcias","potentialAction":[{"@type":"SearchAction","target":{"@type":"EntryPoint","urlTemplate":"https:\/\/aconteceunovale.com.br\/portal\/?s={search_term_string}"},"query-input":{"@type":"PropertyValueSpecification","valueRequired":true,"valueName":"search_term_string"}}],"inLanguage":"pt-BR"},{"@type":"Person","@id":"https:\/\/aconteceunovale.com.br\/portal\/#\/schema\/person\/633529146f2c94272bef50ac2953d589","name":"Aconteceu no Vale","description":"Equipe de reportagem do Aconteceu no Vale, portal de not\u00edcias do Vale do Jequitinhonha, em Minas Gerais. Cobrimos as 51 cidades do Vale desde 2013. Sugest\u00f5es de pauta e pedidos de corre\u00e7\u00e3o: contato@aconteceunovale.com.br","sameAs":["http:\/\/www.aconteceunovale.com.br"],"url":"https:\/\/aconteceunovale.com.br\/portal\/?author=1"}]}},"_links":{"self":[{"href":"https:\/\/aconteceunovale.com.br\/portal\/index.php?rest_route=\/wp\/v2\/posts\/60479","targetHints":{"allow":["GET"]}}],"collection":[{"href":"https:\/\/aconteceunovale.com.br\/portal\/index.php?rest_route=\/wp\/v2\/posts"}],"about":[{"href":"https:\/\/aconteceunovale.com.br\/portal\/index.php?rest_route=\/wp\/v2\/types\/post"}],"author":[{"embeddable":true,"href":"https:\/\/aconteceunovale.com.br\/portal\/index.php?rest_route=\/wp\/v2\/users\/1"}],"replies":[{"embeddable":true,"href":"https:\/\/aconteceunovale.com.br\/portal\/index.php?rest_route=%2Fwp%2Fv2%2Fcomments&post=60479"}],"version-history":[{"count":0,"href":"https:\/\/aconteceunovale.com.br\/portal\/index.php?rest_route=\/wp\/v2\/posts\/60479\/revisions"}],"wp:featuredmedia":[{"embeddable":true,"href":"https:\/\/aconteceunovale.com.br\/portal\/index.php?rest_route=\/wp\/v2\/media\/60480"}],"wp:attachment":[{"href":"https:\/\/aconteceunovale.com.br\/portal\/index.php?rest_route=%2Fwp%2Fv2%2Fmedia&parent=60479"}],"wp:term":[{"taxonomy":"category","embeddable":true,"href":"https:\/\/aconteceunovale.com.br\/portal\/index.php?rest_route=%2Fwp%2Fv2%2Fcategories&post=60479"},{"taxonomy":"post_tag","embeddable":true,"href":"https:\/\/aconteceunovale.com.br\/portal\/index.php?rest_route=%2Fwp%2Fv2%2Ftags&post=60479"}],"curies":[{"name":"wp","href":"https:\/\/api.w.org\/{rel}","templated":true}]}}