{"id":60469,"date":"2015-06-04T17:12:50","date_gmt":"2015-06-04T20:12:50","guid":{"rendered":"http:\/\/aconteceunovale.com.br\/portal\/?p=60469"},"modified":"2026-09-02T13:35:27","modified_gmt":"2026-09-02T16:35:27","slug":"jovem-de-24-anos-e-morto-a-tiros-em-padre-paraiso","status":"publish","type":"post","link":"https:\/\/aconteceunovale.com.br\/portal\/?p=60469","title":{"rendered":"Jovem de 24 anos \u00e9 morto a tiros em Padre Para\u00edso"},"content":{"rendered":"<h4><strong><em>Cidade registrou tr\u00eas homic\u00eddios em menos de 20 dias.<\/em><\/strong><\/h4>\n<p>Um rapaz de 24 anos, identificado como Tiago Silva Pereira, foi morto a tiros na noite de ter\u00e7a-feira (2) em Padre Para\u00edso, no Vale do Jequitinhonha. Um homem de 30 anos que estava com ele, conhecido por Coxinha, foi baleado.<\/p>\n<p>O crime ocorreu na rua Santa Catarina, no bairro Bom Jesus. Segundo a Pol\u00edcia Civil os dois homens possuem passagens pela pr\u00e1tica de v\u00e1rios furtos na cidade, o que pode ser um dos motivos do crime.<\/p>\n<p>De acordo com a ocorr\u00eancia, por volta das 20 horas, Coxinha chegou correndo e pedindo socorro em um bar localizado na rua onde o crime ocorreu.<\/p>\n<p>Ele contou que havia sido baleado por um homem que estava na garupa de uma moto Honda Bros NXR, de cor branca. Em seguida a dupla fugiu pela BR-116 (Rio-Bahia) rumo \u00e0 cidade vizinha de Catuji.<\/p>\n<p>O SAMU e a Pol\u00edcia Militar foram acionados. No atendimento da ocorr\u00eancia os militares foram informados que havia um corpo ca\u00eddo na rua. Chegando ao local, os policiais encontraram Tiago Silva Pereira j\u00e1 sem vida. Pr\u00f3ximo ao corpo dele,  havia uma pistola de ar comprimido que foi apreendida.<\/p>\n<p>Den\u00fancia an\u00f4nima recebida pela Pol\u00edcia Militar informou que  horas antes do crime, os dois homens tentaram roubar uma moto Honda Bros NXR, branca.<\/p>\n<p>Um Perito da Pol\u00edcia Civil compareceu ao local e segundo informa\u00e7\u00f5es, Tiago Silva Pereira foi atingido por dois tiros no peito. J\u00e1 Coxinha foi alvejado por um tiro na regi\u00e3o lombar. O tiro atingiu o pulm\u00e3o. Ele recebeu os primeiros socorros no hospital de Padre Para\u00edso e transferido em seguida para outro hospital em Te\u00f3filo Otoni, a 100 km da cidade.<\/p>\n<p>A Pol\u00edcia Civil continua investigando o caso. At\u00e9 o momento ningu\u00e9m foi preso.<\/p>\n<p><strong>Cidade violenta<\/strong><\/p>\n<p>Este \u00e9 o terceiro crime violento ocorrido na cidade nos \u00faltimos 20 dias. O primeiro com repercuss\u00e3o nacional e internacional, teve como v\u00edtima o jornalista Evany Jos\u00e9 Metzker, 64 anos, encontrado decapitado na zona rural do munic\u00edpio no dia 18 de maio.<\/p>\n<p>At\u00e9 o momento, a pol\u00edcia civil trabalha com duas linhas de investiga\u00e7\u00e3o: queima de arquivo, devido aos levantamentos que ele vinha fazendo de uma organiza\u00e7\u00e3o criminosa; ou passional, praticado por vingan\u00e7a, diante de um suposto envolvimento \u00edntimo da v\u00edtima com uma pessoa da cidade. O caso est\u00e1 sob segredo de justi\u00e7a e nenhum suspeito foi preso at\u00e9 agora.<\/p>\n<p>Uma semana depois, na manh\u00e3 de 25 de maio, um idoso de 63 anos foi baleado durante um assalto, \u00e0s margens da BR-116, que corta a cidade.<\/p>\n<p>De acordo com a Pol\u00edcia Militar, a v\u00edtima estava em frente a um posto de combust\u00edveis quando foi abordado por dois homens. Eles levaram o carro do idoso e em seguida atiraram.<\/p>\n<p>Uma a\u00e7\u00e3o entre policiais civis e militares prendeu um suspeito do crime. O outro assaltante ainda \u00e9 considerado foragido. (Gazeta de Ara\u00e7ua\u00ed)<\/p>\n","protected":false},"excerpt":{"rendered":"<p>Cidade registrou tr\u00eas homic\u00eddios em menos de 20 dias. Um rapaz de 24 anos, identificado como Tiago Silva Pereira, foi morto a tiros na noite de ter\u00e7a-feira (2) em Padre Para\u00edso, no Vale do Jequitinhonha. Um homem de 30 anos que estava com ele, conhecido por Coxinha, foi baleado. O crime ocorreu na rua Santa [&hellip;]<\/p>\n","protected":false},"author":1,"featured_media":60134,"comment_status":"open","ping_status":"closed","sticky":false,"template":"","format":"standard","meta":{"amp_status":"","footnotes":""},"categories":[272564,120],"tags":[47126,45331,47127,47124,47125,572,47129,47128,46278],"class_list":["post-60469","post","type-post","status-publish","format-standard","has-post-thumbnail","hentry","category-padre-paraiso","category-jequi","tag-assassinatos-em-padre-paraiso","tag-evany-jose-metzker","tag-homicidios-em-padre-paraiso","tag-jovem-de-24-anos-e-morto-a-tiros-em-padre-paraiso","tag-mortes-em-padre-paraiso","tag-padre-paraiso","tag-roberto-gomes-da-silva","tag-tiago-silva-pereira","tag-violencia-em-padre-paraiso"],"yoast_head":"<!-- This site is optimized with the Yoast SEO plugin v28.3 - https:\/\/yoast.com\/product\/yoast-seo-wordpress\/ -->\n<title>Jovem de 24 anos \u00e9 morto a tiros em Padre Para\u00edso - Aconteceu no Vale<\/title>\n<meta name=\"robots\" content=\"index, follow, max-snippet:-1, max-image-preview:large, max-video-preview:-1\" \/>\n<link rel=\"canonical\" href=\"https:\/\/aconteceunovale.com.br\/portal\/?p=60469\" \/>\n<meta property=\"og:locale\" content=\"pt_BR\" \/>\n<meta property=\"og:type\" content=\"article\" \/>\n<meta property=\"og:title\" content=\"Jovem de 24 anos \u00e9 morto a tiros em Padre Para\u00edso - Aconteceu no Vale\" \/>\n<meta property=\"og:description\" content=\"Cidade registrou tr\u00eas homic\u00eddios em menos de 20 dias. Um rapaz de 24 anos, identificado como Tiago Silva Pereira, foi morto a tiros na noite de ter\u00e7a-feira (2) em Padre Para\u00edso, no Vale do Jequitinhonha. Um homem de 30 anos que estava com ele, conhecido por Coxinha, foi baleado. O crime ocorreu na rua Santa [&hellip;]\" \/>\n<meta property=\"og:url\" content=\"https:\/\/aconteceunovale.com.br\/portal\/?p=60469\" \/>\n<meta property=\"og:site_name\" content=\"Aconteceu no Vale\" \/>\n<meta property=\"article:publisher\" content=\"https:\/\/www.facebook.com\/aconteceunovale\/\" \/>\n<meta property=\"article:published_time\" content=\"2015-06-04T20:12:50+00:00\" \/>\n<meta property=\"article:modified_time\" content=\"2026-09-02T16:35:27+00:00\" \/>\n<meta property=\"og:image\" content=\"https:\/\/aconteceunovale.com.br\/portal\/wp-content\/uploads\/2015\/05\/padre_paraiso.jpg\" \/>\n\t<meta property=\"og:image:width\" content=\"600\" \/>\n\t<meta property=\"og:image:height\" content=\"450\" \/>\n\t<meta property=\"og:image:type\" content=\"image\/jpeg\" \/>\n<meta name=\"author\" content=\"Aconteceu no Vale\" \/>\n<meta name=\"twitter:card\" content=\"summary_large_image\" \/>\n<meta name=\"twitter:creator\" content=\"@noticiadosvales\" \/>\n<meta name=\"twitter:site\" content=\"@noticiadosvales\" \/>\n<meta name=\"twitter:label1\" content=\"Escrito por\" \/>\n\t<meta name=\"twitter:data1\" content=\"Aconteceu no Vale\" \/>\n\t<meta name=\"twitter:label2\" content=\"Est. tempo de leitura\" \/>\n\t<meta name=\"twitter:data2\" content=\"2 minutos\" \/>\n<script type=\"application\/ld+json\" class=\"yoast-schema-graph\">{\"@context\":\"https:\\\/\\\/schema.org\",\"@graph\":[{\"@type\":\"Article\",\"@id\":\"https:\\\/\\\/aconteceunovale.com.br\\\/portal\\\/?p=60469#article\",\"isPartOf\":{\"@id\":\"https:\\\/\\\/aconteceunovale.com.br\\\/portal\\\/?p=60469\"},\"author\":{\"name\":\"Aconteceu no Vale\",\"@id\":\"https:\\\/\\\/aconteceunovale.com.br\\\/portal\\\/#\\\/schema\\\/person\\\/633529146f2c94272bef50ac2953d589\"},\"headline\":\"Jovem de 24 anos \u00e9 morto a tiros em Padre Para\u00edso\",\"datePublished\":\"2015-06-04T20:12:50+00:00\",\"dateModified\":\"2026-09-02T16:35:27+00:00\",\"mainEntityOfPage\":{\"@id\":\"https:\\\/\\\/aconteceunovale.com.br\\\/portal\\\/?p=60469\"},\"wordCount\":508,\"commentCount\":0,\"image\":{\"@id\":\"https:\\\/\\\/aconteceunovale.com.br\\\/portal\\\/?p=60469#primaryimage\"},\"thumbnailUrl\":\"https:\\\/\\\/aconteceunovale.com.br\\\/portal\\\/wp-content\\\/uploads\\\/2015\\\/05\\\/padre_paraiso.jpg\",\"keywords\":[\"assassinatos em Padre Para\u00edso\",\"Evany Jos\u00e9 Metzker\",\"homic\u00eddios em Padre Para\u00edso\",\"Jovem de 24 anos \u00e9 morto a tiros em Padre Para\u00edso\",\"mortes em Padre Para\u00edso\",\"Padre Para\u00edso\",\"Roberto Gomes da Silva\",\"Tiago Silva Pereira\",\"viol\u00eancia em padre para\u00edso\"],\"articleSection\":[\"Padre Para\u00edso\",\"Vale do Jequitinhonha\"],\"inLanguage\":\"pt-BR\",\"potentialAction\":[{\"@type\":\"CommentAction\",\"name\":\"Comment\",\"target\":[\"https:\\\/\\\/aconteceunovale.com.br\\\/portal\\\/?p=60469#respond\"]}]},{\"@type\":\"WebPage\",\"@id\":\"https:\\\/\\\/aconteceunovale.com.br\\\/portal\\\/?p=60469\",\"url\":\"https:\\\/\\\/aconteceunovale.com.br\\\/portal\\\/?p=60469\",\"name\":\"Jovem de 24 anos \u00e9 morto a tiros em Padre Para\u00edso - Aconteceu no Vale\",\"isPartOf\":{\"@id\":\"https:\\\/\\\/aconteceunovale.com.br\\\/portal\\\/#website\"},\"primaryImageOfPage\":{\"@id\":\"https:\\\/\\\/aconteceunovale.com.br\\\/portal\\\/?p=60469#primaryimage\"},\"image\":{\"@id\":\"https:\\\/\\\/aconteceunovale.com.br\\\/portal\\\/?p=60469#primaryimage\"},\"thumbnailUrl\":\"https:\\\/\\\/aconteceunovale.com.br\\\/portal\\\/wp-content\\\/uploads\\\/2015\\\/05\\\/padre_paraiso.jpg\",\"datePublished\":\"2015-06-04T20:12:50+00:00\",\"dateModified\":\"2026-09-02T16:35:27+00:00\",\"author\":{\"@id\":\"https:\\\/\\\/aconteceunovale.com.br\\\/portal\\\/#\\\/schema\\\/person\\\/633529146f2c94272bef50ac2953d589\"},\"breadcrumb\":{\"@id\":\"https:\\\/\\\/aconteceunovale.com.br\\\/portal\\\/?p=60469#breadcrumb\"},\"inLanguage\":\"pt-BR\",\"potentialAction\":[{\"@type\":\"ReadAction\",\"target\":[\"https:\\\/\\\/aconteceunovale.com.br\\\/portal\\\/?p=60469\"]}]},{\"@type\":\"ImageObject\",\"inLanguage\":\"pt-BR\",\"@id\":\"https:\\\/\\\/aconteceunovale.com.br\\\/portal\\\/?p=60469#primaryimage\",\"url\":\"https:\\\/\\\/aconteceunovale.com.br\\\/portal\\\/wp-content\\\/uploads\\\/2015\\\/05\\\/padre_paraiso.jpg\",\"contentUrl\":\"https:\\\/\\\/aconteceunovale.com.br\\\/portal\\\/wp-content\\\/uploads\\\/2015\\\/05\\\/padre_paraiso.jpg\",\"width\":600,\"height\":450},{\"@type\":\"BreadcrumbList\",\"@id\":\"https:\\\/\\\/aconteceunovale.com.br\\\/portal\\\/?p=60469#breadcrumb\",\"itemListElement\":[{\"@type\":\"ListItem\",\"position\":1,\"name\":\"In\u00edcio\",\"item\":\"https:\\\/\\\/aconteceunovale.com.br\\\/portal\\\/\"},{\"@type\":\"ListItem\",\"position\":2,\"name\":\"Jovem de 24 anos \u00e9 morto a tiros em Padre Para\u00edso\"}]},{\"@type\":\"WebSite\",\"@id\":\"https:\\\/\\\/aconteceunovale.com.br\\\/portal\\\/#website\",\"url\":\"https:\\\/\\\/aconteceunovale.com.br\\\/portal\\\/\",\"name\":\"Aconteceu no Vale\",\"description\":\"Portal de Not\u00edcias\",\"potentialAction\":[{\"@type\":\"SearchAction\",\"target\":{\"@type\":\"EntryPoint\",\"urlTemplate\":\"https:\\\/\\\/aconteceunovale.com.br\\\/portal\\\/?s={search_term_string}\"},\"query-input\":{\"@type\":\"PropertyValueSpecification\",\"valueRequired\":true,\"valueName\":\"search_term_string\"}}],\"inLanguage\":\"pt-BR\"},{\"@type\":\"Person\",\"@id\":\"https:\\\/\\\/aconteceunovale.com.br\\\/portal\\\/#\\\/schema\\\/person\\\/633529146f2c94272bef50ac2953d589\",\"name\":\"Aconteceu no Vale\",\"description\":\"Equipe de reportagem do Aconteceu no Vale, portal de not\u00edcias do Vale do Jequitinhonha, em Minas Gerais. Cobrimos as 51 cidades do Vale desde 2013. Sugest\u00f5es de pauta e pedidos de corre\u00e7\u00e3o: contato@aconteceunovale.com.br\",\"sameAs\":[\"http:\\\/\\\/www.aconteceunovale.com.br\"],\"url\":\"https:\\\/\\\/aconteceunovale.com.br\\\/portal\\\/?author=1\"}]}<\/script>\n<!-- \/ Yoast SEO plugin. -->","yoast_head_json":{"title":"Jovem de 24 anos \u00e9 morto a tiros em Padre Para\u00edso - Aconteceu no Vale","robots":{"index":"index","follow":"follow","max-snippet":"max-snippet:-1","max-image-preview":"max-image-preview:large","max-video-preview":"max-video-preview:-1"},"canonical":"https:\/\/aconteceunovale.com.br\/portal\/?p=60469","og_locale":"pt_BR","og_type":"article","og_title":"Jovem de 24 anos \u00e9 morto a tiros em Padre Para\u00edso - Aconteceu no Vale","og_description":"Cidade registrou tr\u00eas homic\u00eddios em menos de 20 dias. Um rapaz de 24 anos, identificado como Tiago Silva Pereira, foi morto a tiros na noite de ter\u00e7a-feira (2) em Padre Para\u00edso, no Vale do Jequitinhonha. Um homem de 30 anos que estava com ele, conhecido por Coxinha, foi baleado. O crime ocorreu na rua Santa [&hellip;]","og_url":"https:\/\/aconteceunovale.com.br\/portal\/?p=60469","og_site_name":"Aconteceu no Vale","article_publisher":"https:\/\/www.facebook.com\/aconteceunovale\/","article_published_time":"2015-06-04T20:12:50+00:00","article_modified_time":"2026-09-02T16:35:27+00:00","og_image":[{"width":600,"height":450,"url":"https:\/\/aconteceunovale.com.br\/portal\/wp-content\/uploads\/2015\/05\/padre_paraiso.jpg","type":"image\/jpeg"}],"author":"Aconteceu no Vale","twitter_card":"summary_large_image","twitter_creator":"@noticiadosvales","twitter_site":"@noticiadosvales","twitter_misc":{"Escrito por":"Aconteceu no Vale","Est. tempo de leitura":"2 minutos"},"schema":{"@context":"https:\/\/schema.org","@graph":[{"@type":"Article","@id":"https:\/\/aconteceunovale.com.br\/portal\/?p=60469#article","isPartOf":{"@id":"https:\/\/aconteceunovale.com.br\/portal\/?p=60469"},"author":{"name":"Aconteceu no Vale","@id":"https:\/\/aconteceunovale.com.br\/portal\/#\/schema\/person\/633529146f2c94272bef50ac2953d589"},"headline":"Jovem de 24 anos \u00e9 morto a tiros em Padre Para\u00edso","datePublished":"2015-06-04T20:12:50+00:00","dateModified":"2026-09-02T16:35:27+00:00","mainEntityOfPage":{"@id":"https:\/\/aconteceunovale.com.br\/portal\/?p=60469"},"wordCount":508,"commentCount":0,"image":{"@id":"https:\/\/aconteceunovale.com.br\/portal\/?p=60469#primaryimage"},"thumbnailUrl":"https:\/\/aconteceunovale.com.br\/portal\/wp-content\/uploads\/2015\/05\/padre_paraiso.jpg","keywords":["assassinatos em Padre Para\u00edso","Evany Jos\u00e9 Metzker","homic\u00eddios em Padre Para\u00edso","Jovem de 24 anos \u00e9 morto a tiros em Padre Para\u00edso","mortes em Padre Para\u00edso","Padre Para\u00edso","Roberto Gomes da Silva","Tiago Silva Pereira","viol\u00eancia em padre para\u00edso"],"articleSection":["Padre Para\u00edso","Vale do Jequitinhonha"],"inLanguage":"pt-BR","potentialAction":[{"@type":"CommentAction","name":"Comment","target":["https:\/\/aconteceunovale.com.br\/portal\/?p=60469#respond"]}]},{"@type":"WebPage","@id":"https:\/\/aconteceunovale.com.br\/portal\/?p=60469","url":"https:\/\/aconteceunovale.com.br\/portal\/?p=60469","name":"Jovem de 24 anos \u00e9 morto a tiros em Padre Para\u00edso - Aconteceu no Vale","isPartOf":{"@id":"https:\/\/aconteceunovale.com.br\/portal\/#website"},"primaryImageOfPage":{"@id":"https:\/\/aconteceunovale.com.br\/portal\/?p=60469#primaryimage"},"image":{"@id":"https:\/\/aconteceunovale.com.br\/portal\/?p=60469#primaryimage"},"thumbnailUrl":"https:\/\/aconteceunovale.com.br\/portal\/wp-content\/uploads\/2015\/05\/padre_paraiso.jpg","datePublished":"2015-06-04T20:12:50+00:00","dateModified":"2026-09-02T16:35:27+00:00","author":{"@id":"https:\/\/aconteceunovale.com.br\/portal\/#\/schema\/person\/633529146f2c94272bef50ac2953d589"},"breadcrumb":{"@id":"https:\/\/aconteceunovale.com.br\/portal\/?p=60469#breadcrumb"},"inLanguage":"pt-BR","potentialAction":[{"@type":"ReadAction","target":["https:\/\/aconteceunovale.com.br\/portal\/?p=60469"]}]},{"@type":"ImageObject","inLanguage":"pt-BR","@id":"https:\/\/aconteceunovale.com.br\/portal\/?p=60469#primaryimage","url":"https:\/\/aconteceunovale.com.br\/portal\/wp-content\/uploads\/2015\/05\/padre_paraiso.jpg","contentUrl":"https:\/\/aconteceunovale.com.br\/portal\/wp-content\/uploads\/2015\/05\/padre_paraiso.jpg","width":600,"height":450},{"@type":"BreadcrumbList","@id":"https:\/\/aconteceunovale.com.br\/portal\/?p=60469#breadcrumb","itemListElement":[{"@type":"ListItem","position":1,"name":"In\u00edcio","item":"https:\/\/aconteceunovale.com.br\/portal\/"},{"@type":"ListItem","position":2,"name":"Jovem de 24 anos \u00e9 morto a tiros em Padre Para\u00edso"}]},{"@type":"WebSite","@id":"https:\/\/aconteceunovale.com.br\/portal\/#website","url":"https:\/\/aconteceunovale.com.br\/portal\/","name":"Aconteceu no Vale","description":"Portal de Not\u00edcias","potentialAction":[{"@type":"SearchAction","target":{"@type":"EntryPoint","urlTemplate":"https:\/\/aconteceunovale.com.br\/portal\/?s={search_term_string}"},"query-input":{"@type":"PropertyValueSpecification","valueRequired":true,"valueName":"search_term_string"}}],"inLanguage":"pt-BR"},{"@type":"Person","@id":"https:\/\/aconteceunovale.com.br\/portal\/#\/schema\/person\/633529146f2c94272bef50ac2953d589","name":"Aconteceu no Vale","description":"Equipe de reportagem do Aconteceu no Vale, portal de not\u00edcias do Vale do Jequitinhonha, em Minas Gerais. Cobrimos as 51 cidades do Vale desde 2013. Sugest\u00f5es de pauta e pedidos de corre\u00e7\u00e3o: contato@aconteceunovale.com.br","sameAs":["http:\/\/www.aconteceunovale.com.br"],"url":"https:\/\/aconteceunovale.com.br\/portal\/?author=1"}]}},"_links":{"self":[{"href":"https:\/\/aconteceunovale.com.br\/portal\/index.php?rest_route=\/wp\/v2\/posts\/60469","targetHints":{"allow":["GET"]}}],"collection":[{"href":"https:\/\/aconteceunovale.com.br\/portal\/index.php?rest_route=\/wp\/v2\/posts"}],"about":[{"href":"https:\/\/aconteceunovale.com.br\/portal\/index.php?rest_route=\/wp\/v2\/types\/post"}],"author":[{"embeddable":true,"href":"https:\/\/aconteceunovale.com.br\/portal\/index.php?rest_route=\/wp\/v2\/users\/1"}],"replies":[{"embeddable":true,"href":"https:\/\/aconteceunovale.com.br\/portal\/index.php?rest_route=%2Fwp%2Fv2%2Fcomments&post=60469"}],"version-history":[{"count":1,"href":"https:\/\/aconteceunovale.com.br\/portal\/index.php?rest_route=\/wp\/v2\/posts\/60469\/revisions"}],"predecessor-version":[{"id":201568,"href":"https:\/\/aconteceunovale.com.br\/portal\/index.php?rest_route=\/wp\/v2\/posts\/60469\/revisions\/201568"}],"wp:featuredmedia":[{"embeddable":true,"href":"https:\/\/aconteceunovale.com.br\/portal\/index.php?rest_route=\/wp\/v2\/media\/60134"}],"wp:attachment":[{"href":"https:\/\/aconteceunovale.com.br\/portal\/index.php?rest_route=%2Fwp%2Fv2%2Fmedia&parent=60469"}],"wp:term":[{"taxonomy":"category","embeddable":true,"href":"https:\/\/aconteceunovale.com.br\/portal\/index.php?rest_route=%2Fwp%2Fv2%2Fcategories&post=60469"},{"taxonomy":"post_tag","embeddable":true,"href":"https:\/\/aconteceunovale.com.br\/portal\/index.php?rest_route=%2Fwp%2Fv2%2Ftags&post=60469"}],"curies":[{"name":"wp","href":"https:\/\/api.w.org\/{rel}","templated":true}]}}