{"id":60466,"date":"2015-06-04T17:00:41","date_gmt":"2015-06-04T20:00:41","guid":{"rendered":"http:\/\/aconteceunovale.com.br\/portal\/?p=60466"},"modified":"2026-09-02T12:20:18","modified_gmt":"2026-09-02T15:20:18","slug":"violencia-e-tema-de-audiencia-publica-em-aracuai","status":"publish","type":"post","link":"https:\/\/aconteceunovale.com.br\/portal\/?p=60466","title":{"rendered":"Viol\u00eancia \u00e9 tema de audi\u00eancia p\u00fablica em Ara\u00e7ua\u00ed"},"content":{"rendered":"<h4><strong><em>A audi\u00eancia ser\u00e1 realizada na manh\u00e3 de 15 de junho, no pr\u00e9dio da C\u00e2mara Municipal.<\/em><\/strong><\/h4>\n<p>A viol\u00eancia na cidade de Ara\u00e7ua\u00ed e regi\u00e3o, no Vale do Jequitinhonha, ser\u00e1 tema de audi\u00eancia p\u00fablica no dia 15 de junho, \u00e0s 9h30, no plen\u00e1rio da C\u00e2mara Municipal.<\/p>\n<p>O debate foi uma solicita\u00e7\u00e3o dos deputados estaduais, Jo\u00e3o Alberto (PMDB) e Dr. Jean Freire (PT), que tiveram requerimento aprovado na Comiss\u00e3o de Seguran\u00e7a P\u00fablica. O encontro tem como principal objetivo cobrar medidas eficazes para combater a viol\u00eancia urbana.<\/p>\n<p><img decoding=\"async\" src=\"http:\/\/aconteceunovale.com.br\/portal\/wp-content\/uploads\/2015\/06\/audiencia_publica_violencia_ara.jpg\" alt=\"\" \/><em>Onda de viol\u00eancia na cidade provocou caminhada de protesto da popula\u00e7\u00e3o &#8211; Foto: Gazeta de Ara\u00e7ua\u00ed<\/em><br \/>\n<\/br><\/p>\n<p>Toda popula\u00e7\u00e3o est\u00e1 convidada a participar. &#8220;Iremos at\u00e9 o munic\u00edpio ouvir dos moradores, comerciantes e autoridades a real situa\u00e7\u00e3o. Queremos a\u00e7\u00f5es efetivas e imediatas que visam contribuir para o enfrentamento da viol\u00eancia. Vamos nos unir em prol de uma sociedade mais segura&#8221;, disse o deputado Jo\u00e3o Alberto.<\/p>\n<p>Foram convidados Ju\u00edzes, promotores, Pol\u00edcias Civil e Militar, Prefeito, Vereadores, Associa\u00e7\u00e3o Comercial e Industrial de Ara\u00e7ua\u00ed, Consep e associa\u00e7\u00e3o de moradores.<\/p>\n<p>O parlamentar refor\u00e7a que a popula\u00e7\u00e3o aguarda ansiosa por medidas que tragam de volta a seguran\u00e7a. &#8220;Precisamos analisar a\u00e7\u00f5es imediatas, pois a popula\u00e7\u00e3o vem sofrendo com a criminalidade. Temos que, juntos, combate a viol\u00eancia&#8221;, avalia o pmdebista. (ALMG)<\/p>\n","protected":false},"excerpt":{"rendered":"<p>A audi\u00eancia ser\u00e1 realizada na manh\u00e3 de 15 de junho, no pr\u00e9dio da C\u00e2mara Municipal. A viol\u00eancia na cidade de Ara\u00e7ua\u00ed e regi\u00e3o, no Vale do Jequitinhonha, ser\u00e1 tema de audi\u00eancia p\u00fablica no dia 15 de junho, \u00e0s 9h30, no plen\u00e1rio da C\u00e2mara Municipal. O debate foi uma solicita\u00e7\u00e3o dos deputados estaduais, Jo\u00e3o Alberto (PMDB) [&hellip;]<\/p>\n","protected":false},"author":1,"featured_media":60467,"comment_status":"open","ping_status":"closed","sticky":false,"template":"","format":"standard","meta":{"amp_status":"","footnotes":""},"categories":[272530,120],"tags":[186,47122,47121,47123,43159],"class_list":["post-60466","post","type-post","status-publish","format-standard","has-post-thumbnail","hentry","category-aracuai","category-jequi","tag-aracuai","tag-audiencia-publica-em-aracuai","tag-audiencia-publica-sobre-violencia-em-aracuai","tag-violencia-e-tema-de-audiencia-publica-em-aracuai","tag-violencia-em-aracuai"],"yoast_head":"<!-- This site is optimized with the Yoast SEO plugin v28.3 - https:\/\/yoast.com\/product\/yoast-seo-wordpress\/ -->\n<title>Viol\u00eancia \u00e9 tema de audi\u00eancia p\u00fablica em Ara\u00e7ua\u00ed - Aconteceu no Vale<\/title>\n<meta name=\"robots\" content=\"index, follow, max-snippet:-1, max-image-preview:large, max-video-preview:-1\" \/>\n<link rel=\"canonical\" href=\"https:\/\/aconteceunovale.com.br\/portal\/?p=60466\" \/>\n<meta property=\"og:locale\" content=\"pt_BR\" \/>\n<meta property=\"og:type\" content=\"article\" \/>\n<meta property=\"og:title\" content=\"Viol\u00eancia \u00e9 tema de audi\u00eancia p\u00fablica em Ara\u00e7ua\u00ed - Aconteceu no Vale\" \/>\n<meta property=\"og:description\" content=\"A audi\u00eancia ser\u00e1 realizada na manh\u00e3 de 15 de junho, no pr\u00e9dio da C\u00e2mara Municipal. A viol\u00eancia na cidade de Ara\u00e7ua\u00ed e regi\u00e3o, no Vale do Jequitinhonha, ser\u00e1 tema de audi\u00eancia p\u00fablica no dia 15 de junho, \u00e0s 9h30, no plen\u00e1rio da C\u00e2mara Municipal. O debate foi uma solicita\u00e7\u00e3o dos deputados estaduais, Jo\u00e3o Alberto (PMDB) [&hellip;]\" \/>\n<meta property=\"og:url\" content=\"https:\/\/aconteceunovale.com.br\/portal\/?p=60466\" \/>\n<meta property=\"og:site_name\" content=\"Aconteceu no Vale\" \/>\n<meta property=\"article:publisher\" content=\"https:\/\/www.facebook.com\/aconteceunovale\/\" \/>\n<meta property=\"article:published_time\" content=\"2015-06-04T20:00:41+00:00\" \/>\n<meta property=\"article:modified_time\" content=\"2026-09-02T15:20:18+00:00\" \/>\n<meta property=\"og:image\" content=\"https:\/\/aconteceunovale.com.br\/portal\/wp-content\/uploads\/2015\/06\/audiencia_publica_violencia_ara.jpg\" \/>\n\t<meta property=\"og:image:width\" content=\"640\" \/>\n\t<meta property=\"og:image:height\" content=\"399\" \/>\n\t<meta property=\"og:image:type\" content=\"image\/jpeg\" \/>\n<meta name=\"author\" content=\"Aconteceu no Vale\" \/>\n<meta name=\"twitter:card\" content=\"summary_large_image\" \/>\n<meta name=\"twitter:creator\" content=\"@noticiadosvales\" \/>\n<meta name=\"twitter:site\" content=\"@noticiadosvales\" \/>\n<meta name=\"twitter:label1\" content=\"Escrito por\" \/>\n\t<meta name=\"twitter:data1\" content=\"Aconteceu no Vale\" \/>\n\t<meta name=\"twitter:label2\" content=\"Est. tempo de leitura\" \/>\n\t<meta name=\"twitter:data2\" content=\"1 minuto\" \/>\n<script type=\"application\/ld+json\" class=\"yoast-schema-graph\">{\"@context\":\"https:\\\/\\\/schema.org\",\"@graph\":[{\"@type\":\"Article\",\"@id\":\"https:\\\/\\\/aconteceunovale.com.br\\\/portal\\\/?p=60466#article\",\"isPartOf\":{\"@id\":\"https:\\\/\\\/aconteceunovale.com.br\\\/portal\\\/?p=60466\"},\"author\":{\"name\":\"Aconteceu no Vale\",\"@id\":\"https:\\\/\\\/aconteceunovale.com.br\\\/portal\\\/#\\\/schema\\\/person\\\/633529146f2c94272bef50ac2953d589\"},\"headline\":\"Viol\u00eancia \u00e9 tema de audi\u00eancia p\u00fablica em Ara\u00e7ua\u00ed\",\"datePublished\":\"2015-06-04T20:00:41+00:00\",\"dateModified\":\"2026-09-02T15:20:18+00:00\",\"mainEntityOfPage\":{\"@id\":\"https:\\\/\\\/aconteceunovale.com.br\\\/portal\\\/?p=60466\"},\"wordCount\":250,\"commentCount\":0,\"image\":{\"@id\":\"https:\\\/\\\/aconteceunovale.com.br\\\/portal\\\/?p=60466#primaryimage\"},\"thumbnailUrl\":\"https:\\\/\\\/aconteceunovale.com.br\\\/portal\\\/wp-content\\\/uploads\\\/2015\\\/06\\\/audiencia_publica_violencia_ara.jpg\",\"keywords\":[\"Ara\u00e7ua\u00ed\",\"audi\u00eancia p\u00fablica em ara\u00e7ua\u00ed\",\"audi\u00eancia p\u00fablica sobre viol\u00eancia em ara\u00e7ua\u00ed\",\"Viol\u00eancia \u00e9 tema de audi\u00eancia p\u00fablica em Ara\u00e7ua\u00ed\",\"Viol\u00eancia em Ara\u00e7ua\u00ed\"],\"articleSection\":[\"Ara\u00e7ua\u00ed\",\"Vale do Jequitinhonha\"],\"inLanguage\":\"pt-BR\",\"potentialAction\":[{\"@type\":\"CommentAction\",\"name\":\"Comment\",\"target\":[\"https:\\\/\\\/aconteceunovale.com.br\\\/portal\\\/?p=60466#respond\"]}]},{\"@type\":\"WebPage\",\"@id\":\"https:\\\/\\\/aconteceunovale.com.br\\\/portal\\\/?p=60466\",\"url\":\"https:\\\/\\\/aconteceunovale.com.br\\\/portal\\\/?p=60466\",\"name\":\"Viol\u00eancia \u00e9 tema de audi\u00eancia p\u00fablica em Ara\u00e7ua\u00ed - Aconteceu no Vale\",\"isPartOf\":{\"@id\":\"https:\\\/\\\/aconteceunovale.com.br\\\/portal\\\/#website\"},\"primaryImageOfPage\":{\"@id\":\"https:\\\/\\\/aconteceunovale.com.br\\\/portal\\\/?p=60466#primaryimage\"},\"image\":{\"@id\":\"https:\\\/\\\/aconteceunovale.com.br\\\/portal\\\/?p=60466#primaryimage\"},\"thumbnailUrl\":\"https:\\\/\\\/aconteceunovale.com.br\\\/portal\\\/wp-content\\\/uploads\\\/2015\\\/06\\\/audiencia_publica_violencia_ara.jpg\",\"datePublished\":\"2015-06-04T20:00:41+00:00\",\"dateModified\":\"2026-09-02T15:20:18+00:00\",\"author\":{\"@id\":\"https:\\\/\\\/aconteceunovale.com.br\\\/portal\\\/#\\\/schema\\\/person\\\/633529146f2c94272bef50ac2953d589\"},\"breadcrumb\":{\"@id\":\"https:\\\/\\\/aconteceunovale.com.br\\\/portal\\\/?p=60466#breadcrumb\"},\"inLanguage\":\"pt-BR\",\"potentialAction\":[{\"@type\":\"ReadAction\",\"target\":[\"https:\\\/\\\/aconteceunovale.com.br\\\/portal\\\/?p=60466\"]}]},{\"@type\":\"ImageObject\",\"inLanguage\":\"pt-BR\",\"@id\":\"https:\\\/\\\/aconteceunovale.com.br\\\/portal\\\/?p=60466#primaryimage\",\"url\":\"https:\\\/\\\/aconteceunovale.com.br\\\/portal\\\/wp-content\\\/uploads\\\/2015\\\/06\\\/audiencia_publica_violencia_ara.jpg\",\"contentUrl\":\"https:\\\/\\\/aconteceunovale.com.br\\\/portal\\\/wp-content\\\/uploads\\\/2015\\\/06\\\/audiencia_publica_violencia_ara.jpg\",\"width\":640,\"height\":399},{\"@type\":\"BreadcrumbList\",\"@id\":\"https:\\\/\\\/aconteceunovale.com.br\\\/portal\\\/?p=60466#breadcrumb\",\"itemListElement\":[{\"@type\":\"ListItem\",\"position\":1,\"name\":\"In\u00edcio\",\"item\":\"https:\\\/\\\/aconteceunovale.com.br\\\/portal\\\/\"},{\"@type\":\"ListItem\",\"position\":2,\"name\":\"Viol\u00eancia \u00e9 tema de audi\u00eancia p\u00fablica em Ara\u00e7ua\u00ed\"}]},{\"@type\":\"WebSite\",\"@id\":\"https:\\\/\\\/aconteceunovale.com.br\\\/portal\\\/#website\",\"url\":\"https:\\\/\\\/aconteceunovale.com.br\\\/portal\\\/\",\"name\":\"Aconteceu no Vale\",\"description\":\"Portal de Not\u00edcias\",\"potentialAction\":[{\"@type\":\"SearchAction\",\"target\":{\"@type\":\"EntryPoint\",\"urlTemplate\":\"https:\\\/\\\/aconteceunovale.com.br\\\/portal\\\/?s={search_term_string}\"},\"query-input\":{\"@type\":\"PropertyValueSpecification\",\"valueRequired\":true,\"valueName\":\"search_term_string\"}}],\"inLanguage\":\"pt-BR\"},{\"@type\":\"Person\",\"@id\":\"https:\\\/\\\/aconteceunovale.com.br\\\/portal\\\/#\\\/schema\\\/person\\\/633529146f2c94272bef50ac2953d589\",\"name\":\"Aconteceu no Vale\",\"description\":\"Equipe de reportagem do Aconteceu no Vale, portal de not\u00edcias do Vale do Jequitinhonha, em Minas Gerais. Cobrimos as 51 cidades do Vale desde 2013. Sugest\u00f5es de pauta e pedidos de corre\u00e7\u00e3o: contato@aconteceunovale.com.br\",\"sameAs\":[\"http:\\\/\\\/www.aconteceunovale.com.br\"],\"url\":\"https:\\\/\\\/aconteceunovale.com.br\\\/portal\\\/?author=1\"}]}<\/script>\n<!-- \/ Yoast SEO plugin. -->","yoast_head_json":{"title":"Viol\u00eancia \u00e9 tema de audi\u00eancia p\u00fablica em Ara\u00e7ua\u00ed - Aconteceu no Vale","robots":{"index":"index","follow":"follow","max-snippet":"max-snippet:-1","max-image-preview":"max-image-preview:large","max-video-preview":"max-video-preview:-1"},"canonical":"https:\/\/aconteceunovale.com.br\/portal\/?p=60466","og_locale":"pt_BR","og_type":"article","og_title":"Viol\u00eancia \u00e9 tema de audi\u00eancia p\u00fablica em Ara\u00e7ua\u00ed - Aconteceu no Vale","og_description":"A audi\u00eancia ser\u00e1 realizada na manh\u00e3 de 15 de junho, no pr\u00e9dio da C\u00e2mara Municipal. A viol\u00eancia na cidade de Ara\u00e7ua\u00ed e regi\u00e3o, no Vale do Jequitinhonha, ser\u00e1 tema de audi\u00eancia p\u00fablica no dia 15 de junho, \u00e0s 9h30, no plen\u00e1rio da C\u00e2mara Municipal. O debate foi uma solicita\u00e7\u00e3o dos deputados estaduais, Jo\u00e3o Alberto (PMDB) [&hellip;]","og_url":"https:\/\/aconteceunovale.com.br\/portal\/?p=60466","og_site_name":"Aconteceu no Vale","article_publisher":"https:\/\/www.facebook.com\/aconteceunovale\/","article_published_time":"2015-06-04T20:00:41+00:00","article_modified_time":"2026-09-02T15:20:18+00:00","og_image":[{"width":640,"height":399,"url":"https:\/\/aconteceunovale.com.br\/portal\/wp-content\/uploads\/2015\/06\/audiencia_publica_violencia_ara.jpg","type":"image\/jpeg"}],"author":"Aconteceu no Vale","twitter_card":"summary_large_image","twitter_creator":"@noticiadosvales","twitter_site":"@noticiadosvales","twitter_misc":{"Escrito por":"Aconteceu no Vale","Est. tempo de leitura":"1 minuto"},"schema":{"@context":"https:\/\/schema.org","@graph":[{"@type":"Article","@id":"https:\/\/aconteceunovale.com.br\/portal\/?p=60466#article","isPartOf":{"@id":"https:\/\/aconteceunovale.com.br\/portal\/?p=60466"},"author":{"name":"Aconteceu no Vale","@id":"https:\/\/aconteceunovale.com.br\/portal\/#\/schema\/person\/633529146f2c94272bef50ac2953d589"},"headline":"Viol\u00eancia \u00e9 tema de audi\u00eancia p\u00fablica em Ara\u00e7ua\u00ed","datePublished":"2015-06-04T20:00:41+00:00","dateModified":"2026-09-02T15:20:18+00:00","mainEntityOfPage":{"@id":"https:\/\/aconteceunovale.com.br\/portal\/?p=60466"},"wordCount":250,"commentCount":0,"image":{"@id":"https:\/\/aconteceunovale.com.br\/portal\/?p=60466#primaryimage"},"thumbnailUrl":"https:\/\/aconteceunovale.com.br\/portal\/wp-content\/uploads\/2015\/06\/audiencia_publica_violencia_ara.jpg","keywords":["Ara\u00e7ua\u00ed","audi\u00eancia p\u00fablica em ara\u00e7ua\u00ed","audi\u00eancia p\u00fablica sobre viol\u00eancia em ara\u00e7ua\u00ed","Viol\u00eancia \u00e9 tema de audi\u00eancia p\u00fablica em Ara\u00e7ua\u00ed","Viol\u00eancia em Ara\u00e7ua\u00ed"],"articleSection":["Ara\u00e7ua\u00ed","Vale do Jequitinhonha"],"inLanguage":"pt-BR","potentialAction":[{"@type":"CommentAction","name":"Comment","target":["https:\/\/aconteceunovale.com.br\/portal\/?p=60466#respond"]}]},{"@type":"WebPage","@id":"https:\/\/aconteceunovale.com.br\/portal\/?p=60466","url":"https:\/\/aconteceunovale.com.br\/portal\/?p=60466","name":"Viol\u00eancia \u00e9 tema de audi\u00eancia p\u00fablica em Ara\u00e7ua\u00ed - Aconteceu no Vale","isPartOf":{"@id":"https:\/\/aconteceunovale.com.br\/portal\/#website"},"primaryImageOfPage":{"@id":"https:\/\/aconteceunovale.com.br\/portal\/?p=60466#primaryimage"},"image":{"@id":"https:\/\/aconteceunovale.com.br\/portal\/?p=60466#primaryimage"},"thumbnailUrl":"https:\/\/aconteceunovale.com.br\/portal\/wp-content\/uploads\/2015\/06\/audiencia_publica_violencia_ara.jpg","datePublished":"2015-06-04T20:00:41+00:00","dateModified":"2026-09-02T15:20:18+00:00","author":{"@id":"https:\/\/aconteceunovale.com.br\/portal\/#\/schema\/person\/633529146f2c94272bef50ac2953d589"},"breadcrumb":{"@id":"https:\/\/aconteceunovale.com.br\/portal\/?p=60466#breadcrumb"},"inLanguage":"pt-BR","potentialAction":[{"@type":"ReadAction","target":["https:\/\/aconteceunovale.com.br\/portal\/?p=60466"]}]},{"@type":"ImageObject","inLanguage":"pt-BR","@id":"https:\/\/aconteceunovale.com.br\/portal\/?p=60466#primaryimage","url":"https:\/\/aconteceunovale.com.br\/portal\/wp-content\/uploads\/2015\/06\/audiencia_publica_violencia_ara.jpg","contentUrl":"https:\/\/aconteceunovale.com.br\/portal\/wp-content\/uploads\/2015\/06\/audiencia_publica_violencia_ara.jpg","width":640,"height":399},{"@type":"BreadcrumbList","@id":"https:\/\/aconteceunovale.com.br\/portal\/?p=60466#breadcrumb","itemListElement":[{"@type":"ListItem","position":1,"name":"In\u00edcio","item":"https:\/\/aconteceunovale.com.br\/portal\/"},{"@type":"ListItem","position":2,"name":"Viol\u00eancia \u00e9 tema de audi\u00eancia p\u00fablica em Ara\u00e7ua\u00ed"}]},{"@type":"WebSite","@id":"https:\/\/aconteceunovale.com.br\/portal\/#website","url":"https:\/\/aconteceunovale.com.br\/portal\/","name":"Aconteceu no Vale","description":"Portal de Not\u00edcias","potentialAction":[{"@type":"SearchAction","target":{"@type":"EntryPoint","urlTemplate":"https:\/\/aconteceunovale.com.br\/portal\/?s={search_term_string}"},"query-input":{"@type":"PropertyValueSpecification","valueRequired":true,"valueName":"search_term_string"}}],"inLanguage":"pt-BR"},{"@type":"Person","@id":"https:\/\/aconteceunovale.com.br\/portal\/#\/schema\/person\/633529146f2c94272bef50ac2953d589","name":"Aconteceu no Vale","description":"Equipe de reportagem do Aconteceu no Vale, portal de not\u00edcias do Vale do Jequitinhonha, em Minas Gerais. Cobrimos as 51 cidades do Vale desde 2013. Sugest\u00f5es de pauta e pedidos de corre\u00e7\u00e3o: contato@aconteceunovale.com.br","sameAs":["http:\/\/www.aconteceunovale.com.br"],"url":"https:\/\/aconteceunovale.com.br\/portal\/?author=1"}]}},"_links":{"self":[{"href":"https:\/\/aconteceunovale.com.br\/portal\/index.php?rest_route=\/wp\/v2\/posts\/60466","targetHints":{"allow":["GET"]}}],"collection":[{"href":"https:\/\/aconteceunovale.com.br\/portal\/index.php?rest_route=\/wp\/v2\/posts"}],"about":[{"href":"https:\/\/aconteceunovale.com.br\/portal\/index.php?rest_route=\/wp\/v2\/types\/post"}],"author":[{"embeddable":true,"href":"https:\/\/aconteceunovale.com.br\/portal\/index.php?rest_route=\/wp\/v2\/users\/1"}],"replies":[{"embeddable":true,"href":"https:\/\/aconteceunovale.com.br\/portal\/index.php?rest_route=%2Fwp%2Fv2%2Fcomments&post=60466"}],"version-history":[{"count":1,"href":"https:\/\/aconteceunovale.com.br\/portal\/index.php?rest_route=\/wp\/v2\/posts\/60466\/revisions"}],"predecessor-version":[{"id":199680,"href":"https:\/\/aconteceunovale.com.br\/portal\/index.php?rest_route=\/wp\/v2\/posts\/60466\/revisions\/199680"}],"wp:featuredmedia":[{"embeddable":true,"href":"https:\/\/aconteceunovale.com.br\/portal\/index.php?rest_route=\/wp\/v2\/media\/60467"}],"wp:attachment":[{"href":"https:\/\/aconteceunovale.com.br\/portal\/index.php?rest_route=%2Fwp%2Fv2%2Fmedia&parent=60466"}],"wp:term":[{"taxonomy":"category","embeddable":true,"href":"https:\/\/aconteceunovale.com.br\/portal\/index.php?rest_route=%2Fwp%2Fv2%2Fcategories&post=60466"},{"taxonomy":"post_tag","embeddable":true,"href":"https:\/\/aconteceunovale.com.br\/portal\/index.php?rest_route=%2Fwp%2Fv2%2Ftags&post=60466"}],"curies":[{"name":"wp","href":"https:\/\/api.w.org\/{rel}","templated":true}]}}