{"id":60409,"date":"2015-06-03T13:46:10","date_gmt":"2015-06-03T16:46:10","guid":{"rendered":"http:\/\/aconteceunovale.com.br\/portal\/?p=60409"},"modified":"2015-06-03T13:46:10","modified_gmt":"2015-06-03T16:46:10","slug":"conheca-o-ermitao-de-santa-cruz-de-salinas","status":"publish","type":"post","link":"https:\/\/aconteceunovale.com.br\/portal\/?p=60409","title":{"rendered":"Conhe\u00e7a o ermit\u00e3o de Santa Cruz de Salinas"},"content":{"rendered":"<h4><strong><em>Sem contato com a cidade h\u00e1 15 anos, idoso que vive no mato desde 1982 \u00e9 atendido por projeto MP Itinerante.<\/em><\/strong><\/h4>\n<p>O corpo \u00e9 franzino, mas as m\u00e3os s\u00e3o espessas e revelam as d\u00e9cadas de trabalho pesado no cultivo da terra. Os olhos s\u00e3o vivos, sagazes e doces e escondem uma hist\u00f3ria que desperta curiosidade, empatia, perplexidade, piedade e outros tantos sentimentos de dif\u00edcil denomina\u00e7\u00e3o. Os movimentos s\u00e3o r\u00e1pidos e s\u00fabitos, e impedem a aproxima\u00e7\u00e3o de qualquer pessoa que represente amea\u00e7a. <\/p>\n<p>A casa, por sua vez, \u00e9 um cub\u00edculo de condi\u00e7\u00f5es absolutamente prec\u00e1rias, feita de barro e areia pelo pr\u00f3prio morador. Dentro dela, h\u00e1 apenas um canto para dormir, onde misturam-se trapos usados como coberta e roupa, uma trempe para o preparo de alguns alimentos e um espa\u00e7o para as ferramentas, usadas diariamente.<\/p>\n<p>Cassimiro Alves de Souza tem 71 anos e sua hist\u00f3ria \u00e9 uma esp\u00e9cie de lenda para os moradores de Santa Cruz de Salinas, munic\u00edpio localizado no Norte de Minas. Todos j\u00e1 ouviram falar de sua exist\u00eancia, mas poucos o conhecem. <\/p>\n<p><img decoding=\"async\" src=\"http:\/\/aconteceunovale.com.br\/portal\/wp-content\/uploads\/2015\/06\/ermitao_scs_1.jpg\" alt=\"\" \/><em>Cassimiro Alves de Souza, 71 anos, vive no mato desde 1982 &#8211; Foto: Thais Dutra\/MPMG<\/em><br \/>\n<\/br><\/p>\n<p>O septuagen\u00e1rio nasceu em 1944 \u00e0s margens do rio Itinga, no Norte de Minas Gerais. H\u00e1 32 anos, vive sozinho no mesmo local, nas condi\u00e7\u00f5es descritas. N\u00e3o guarda qualquer documento consigo. Sabe ler e \u00e9 bom de c\u00e1lculos, mas h\u00e1 anos n\u00e3o tem contato com dinheiro. Logo que se instalou ali, em uma grande \u00e1rea de terra na localidade de Brejinho \u2013 situada a cerca de 7 km de Santa Cruz de Salinas \u2013 ele costumava ir \u00e0 cidade para fazer trocas e garantir sua sobreviv\u00eancia. Deslocava-se a p\u00e9 at\u00e9 l\u00e1, pela estrada de terra aberta por ele mesmo. Levava lenha nas costas e trocava por alimentos. <\/p>\n<p>Ap\u00f3s alguns anos, por\u00e9m, as permutas cessaram. \u201cNo in\u00edcio, a gente at\u00e9 ia l\u00e1, n\u00e9? Mas agora tudo tem que comprar na cidade. E como a gente n\u00e3o tem dinheiro, n\u00e3o tem pra que ir l\u00e1 mais\u201d, explicou o idoso, que, por vezes, expressa-se utilizando a express\u00e3o \u201ca gente\u201d, ao inv\u00e9s da primeira pessoa do singular. Perguntado se n\u00e3o costuma vender as frutas que planta, o idoso \u00e9 r\u00e1pido na resposta: \u201cFruta n\u00e3o se vende, se d\u00e1\u201d.<\/p>\n<p>De fato, a oferta de frutas \u00e0s pessoas \u00e9 uma forma de Cassimiro estabelecer la\u00e7os de confian\u00e7a e amistosidade. Minutos ap\u00f3s ter sido apresentado pelos amigos Arlando e Eduardo, de Santa Cruz de Salinas, \u00e0 equipe do projeto MP Itinerante &#8211; desenvolvido pela Coordenadoria de Inclus\u00e3o e Mobiliza\u00e7\u00f5es Sociais (Cimos) do Minist\u00e9rio P\u00fablico de Minas Gerais (MPMG) -, o idoso tirou de casa um saco de mexericas e ofereceu aos visitantes. Como a oferta foi aceita, a conversa passou a fluir com tranquilidade.<\/p>\n<p><strong>Isolamento<\/strong><\/p>\n<p>J\u00e1 faz 15 anos que as idas de Cassimiro \u00e0 cidade foram suspensas. Desde ent\u00e3o, ele sobrevive das frutas que planta e de doa\u00e7\u00f5es de amigos. \u201cEu gosto de carne, porque ela me d\u00e1 sust\u00e2ncia. Fruta s\u00f3, n\u00e3o me d\u00e1 sust\u00e2ncia n\u00e3o\u201d, diz. Segundo os amigos, as carnes preferidas de Cassimiro s\u00e3o toucinho, carne de sol e mortadela. Apesar da prefer\u00eancia pelas carnes, h\u00e1 muitos anos, ele n\u00e3o cria animais. \u201cJ\u00e1 tive um \u2018gadinho\u2019, mas ele morreu. A\u00ed acabou\u201d.<\/p>\n<p>O idoso tamb\u00e9m recebe regularmente doa\u00e7\u00f5es de alimentos do munic\u00edpio de Santa Cruz de Salinas. H\u00e1 cerca de tr\u00eas anos, servidores da \u00e1rea da sa\u00fade foram visit\u00e1-lo para tirar bichos de seus p\u00e9s e m\u00e3os. <\/p>\n<p>Al\u00e9m dessas raras situa\u00e7\u00f5es de contato com pessoas, Cassimiro s\u00f3 costuma ver gente quando, eventualmente, algum de seus amigos aparece por l\u00e1 para levar algo ou quando promove a tradicional festa de S\u00e3o Jo\u00e3o. \u201cTodo ano ele faz. Acende uma fogueira e a gente leva biscoito e refrigerante. Algumas pessoas levam viol\u00e3o. Fica bem animado. Ele adora\u201d, conta Arlando. <\/p>\n<p>Arlando e o irm\u00e3o Eduardo revelam tamb\u00e9m que antes de o idoso ir morar em Brejinho, chegou a casar-se e teve uma filha, que mora em Ilic\u00ednea. Contudo, n\u00e3o teve mais qualquer contato com elas e se recusa a comentar sobre esse aspecto de sua vida. \u201cN\u00e3o pode tocar no nome da menina que ele se irrita\u201d, alertam. \u201cTamb\u00e9m n\u00e3o pode perguntar dos documentos dele que ele acha que \u00e9 gente do governo querendo saber e se esconde\u201d, contam.<\/p>\n<p><strong>Trabalho<\/strong><\/p>\n<p>Conforme os irm\u00e3os, no passado, Cassimiro chegou a trabalhar em uma firma na cidade de S\u00e3o Paulo. No entanto, a experi\u00eancia parece ter sido traum\u00e1tica, a ponto de o idoso rejeitar roupas com qualquer logomarca e alimentos acondicionados em sacolas pl\u00e1sticas que exibam s\u00edmbolos. \u201cEle diz que essa firma roubou dele. Tudo que a gente leva para ele tem que ser em sacola sem logomarca de empresa. Se tiver s\u00edmbolos, ele n\u00e3o aceita de jeito nenhum\u201d, afirmam.<\/p>\n<p>Segundo Arlando e Eduardo, Cassimiro tamb\u00e9m tem avers\u00e3o a policiais, pois, no passado, foi retirado \u00e0 for\u00e7a das terras de seu pai. \u201cA terra foi vendida, mas ele n\u00e3o queria sair de l\u00e1\u201d, relatam.<\/p>\n<p>Desde que se mudou para o mato, a vida de Cassimiro \u00e9 trabalhar a terra. Ele planta, seca e colhe caf\u00e9, cultiva ab\u00f3bora, maracuj\u00e1, mexerica, melancia, entre outros alimentos. Choupanas foram montadas por ele em pontos estrat\u00e9gicos da propriedade para descansar e guardar ferramentas. Do lado de fora de sua casa, \u00e9 poss\u00edvel ver cerca de 50 enxadas completamente gastas. \u201cEsse homem trabalha demais\u201d, asseguram os amigos.<\/p>\n<p>A terra \u00e9 absolutamente sustent\u00e1vel, com barreiras de prote\u00e7\u00e3o das nascentes d\u2019\u00e1gua e curvas de n\u00edvel. A \u00e1rea encontra-se t\u00e3o preservada que atrai a fauna. Rastros de mam\u00edferos, como veados, podem ser flagrados em algumas partes da propriedade. Entre as \u00e1rvores, s\u00e3o vistas madeiras t\u00edpicas do cerrado brasileiro bastante conservadas, como a sucupira branca. <\/p>\n<p>Ap\u00f3s a equipe do MP Itinerante identificar as necessidades de Cassimiro e tentar retirar dele, entre uma mexerica e outra, o m\u00e1ximo de informa\u00e7\u00f5es necess\u00e1rias para as medidas de prote\u00e7\u00e3o, despediram-se. \u201c-Fique com Deus, senhor Cassimiro\u201d. E, com um olhar firme, o anfitri\u00e3o replicou: \u201c- Que todo bem os acompanhe\u201d. <\/p>\n<p><strong>Benef\u00edcio <\/strong><\/p>\n<p>De acordo com o coordenador da Cimos, promotor de Justi\u00e7a Paulo C\u00e9sar Vicente de Lima, e com o procurador de Justi\u00e7a Bertoldo Mateus de Oliveira Filho, da Coordenadoria de Defesa do Direito de Fam\u00edlia do MPMG &#8211; que realizaram a visita -, o Minist\u00e9rio P\u00fablico j\u00e1 trabalha para oferecer uma vida mais digna para Cassimiro. \u201cVamos resgatar a certid\u00e3o de registro civil dele e, atrav\u00e9s do Programa de Inclus\u00e3o e Educa\u00e7\u00e3o Previdenci\u00e1ria (Piep) da Faculdade de Direito Milton Campos, parceira do MP Itinerante, vamos conseguir o Benef\u00edcio de Presta\u00e7\u00e3o Continuada da Assist\u00eancia Social (BPC). Assim, ele passar\u00e1 a receber um benef\u00edcio mensal no valor de um sal\u00e1rio m\u00ednimo e depender\u00e1 menos de doa\u00e7\u00f5es\u201d, informam.<\/p>\n<p>Ainda segundo os membros do MPMG, quando sair o benef\u00edcio, a Promotoria de Justi\u00e7a de Salinas fiscalizar\u00e1 a entrega do valor. \u201cDessa forma, criaremos uma rede de prote\u00e7\u00e3o a Cassimiro\u201d, completam com satisfa\u00e7\u00e3o. <\/p>\n<p><img decoding=\"async\" src=\"http:\/\/aconteceunovale.com.br\/portal\/wp-content\/uploads\/2015\/06\/ermitao_scs_2.jpg\" alt=\"\" \/><em>Cassimiro Alves de Souza, 71 anos, vive no mato desde 1982 &#8211; Foto: Thais Dutra\/MPMG<\/em><br \/>\n<\/br><\/p>\n<p><img decoding=\"async\" src=\"http:\/\/aconteceunovale.com.br\/portal\/wp-content\/uploads\/2015\/06\/ermitao_scs_3.jpg\" alt=\"\" \/><em>Cassimiro Alves de Souza, 71 anos, vive no mato desde 1982 &#8211; Foto: Thais Dutra\/MPMG<\/em><br \/>\n<\/br><\/p>\n<p><img decoding=\"async\" src=\"http:\/\/aconteceunovale.com.br\/portal\/wp-content\/uploads\/2015\/06\/ermitao_scs_4.jpg\" alt=\"\" \/><em>Cassimiro Alves de Souza, 71 anos, vive no mato desde 1982 &#8211; Foto: Thais Dutra\/MPMG<\/em><br \/>\n<\/br><\/p>\n<p><img decoding=\"async\" src=\"http:\/\/aconteceunovale.com.br\/portal\/wp-content\/uploads\/2015\/06\/ermitao_scs_5.jpg\" alt=\"\" \/><em>Cassimiro Alves de Souza, 71 anos, vive no mato desde 1982 &#8211; Foto: Thais Dutra\/MPMG<\/em><br \/>\n<\/br><\/p>\n<p><img decoding=\"async\" src=\"http:\/\/aconteceunovale.com.br\/portal\/wp-content\/uploads\/2015\/06\/ermitao_scs_6.jpg\" alt=\"\" \/><em>Cassimiro Alves de Souza, 71 anos, vive no mato desde 1982 &#8211; Foto: Thais Dutra\/MPMG<\/em><br \/>\n<\/br><\/p>\n<p><img decoding=\"async\" src=\"http:\/\/aconteceunovale.com.br\/portal\/wp-content\/uploads\/2015\/06\/ermitao_scs_7.jpg\" alt=\"\" \/><em>Cassimiro Alves de Souza, 71 anos, vive no mato desde 1982 &#8211; Foto: Thais Dutra\/MPMG<\/em><br \/>\n<\/br><\/p>\n<p><em>(Fonte: Minist\u00e9rio P\u00fablico de Minas Gerais)<\/em><\/p>\n","protected":false},"excerpt":{"rendered":"<p>Sem contato com a cidade h\u00e1 15 anos, idoso que vive no mato desde 1982 \u00e9 atendido por projeto MP Itinerante. O corpo \u00e9 franzino, mas as m\u00e3os s\u00e3o espessas e revelam as d\u00e9cadas de trabalho pesado no cultivo da terra. Os olhos s\u00e3o vivos, sagazes e doces e escondem uma hist\u00f3ria que desperta curiosidade, [&hellip;]<\/p>\n","protected":false},"author":1,"featured_media":60410,"comment_status":"open","ping_status":"closed","sticky":false,"template":"","format":"standard","meta":{"amp_status":"","footnotes":""},"categories":[1236],"tags":[47047,47049,1018,47048,15352,43298,47050,927],"class_list":["post-60409","post","type-post","status-publish","format-standard","has-post-thumbnail","hentry","category-norte_de_minas","tag-cassimiro-alves-de-souza","tag-conheca-o-ermitao-de-santa-cruz-de-salinas","tag-destaque","tag-ermitao-de-santa-cruz-de-salinas","tag-ministerio-publico-itinerante","tag-mp-itinerante","tag-o-ermitao-de-santa-cruz-de-salinas","tag-santa-cruz-de-salinas"],"_links":{"self":[{"href":"https:\/\/aconteceunovale.com.br\/portal\/index.php?rest_route=\/wp\/v2\/posts\/60409","targetHints":{"allow":["GET"]}}],"collection":[{"href":"https:\/\/aconteceunovale.com.br\/portal\/index.php?rest_route=\/wp\/v2\/posts"}],"about":[{"href":"https:\/\/aconteceunovale.com.br\/portal\/index.php?rest_route=\/wp\/v2\/types\/post"}],"author":[{"embeddable":true,"href":"https:\/\/aconteceunovale.com.br\/portal\/index.php?rest_route=\/wp\/v2\/users\/1"}],"replies":[{"embeddable":true,"href":"https:\/\/aconteceunovale.com.br\/portal\/index.php?rest_route=%2Fwp%2Fv2%2Fcomments&post=60409"}],"version-history":[{"count":0,"href":"https:\/\/aconteceunovale.com.br\/portal\/index.php?rest_route=\/wp\/v2\/posts\/60409\/revisions"}],"wp:featuredmedia":[{"embeddable":true,"href":"https:\/\/aconteceunovale.com.br\/portal\/index.php?rest_route=\/wp\/v2\/media\/60410"}],"wp:attachment":[{"href":"https:\/\/aconteceunovale.com.br\/portal\/index.php?rest_route=%2Fwp%2Fv2%2Fmedia&parent=60409"}],"wp:term":[{"taxonomy":"category","embeddable":true,"href":"https:\/\/aconteceunovale.com.br\/portal\/index.php?rest_route=%2Fwp%2Fv2%2Fcategories&post=60409"},{"taxonomy":"post_tag","embeddable":true,"href":"https:\/\/aconteceunovale.com.br\/portal\/index.php?rest_route=%2Fwp%2Fv2%2Ftags&post=60409"}],"curies":[{"name":"wp","href":"https:\/\/api.w.org\/{rel}","templated":true}]}}