{"id":60407,"date":"2015-06-03T11:15:12","date_gmt":"2015-06-03T14:15:12","guid":{"rendered":"http:\/\/aconteceunovale.com.br\/portal\/?p=60407"},"modified":"2015-06-03T11:15:12","modified_gmt":"2015-06-03T14:15:12","slug":"cemig-informa-atendimento-e-previsao-do-tempo-para-o-feriado-de-corpus-christi","status":"publish","type":"post","link":"https:\/\/aconteceunovale.com.br\/portal\/?p=60407","title":{"rendered":"Cemig informa atendimento e previs\u00e3o do tempo para o feriado de Corpus Christi"},"content":{"rendered":"<p>A Cemig informa que, em virtude do feriado de Corpus Christi, nas cidades em que houver feriado municipal, como Belo Horizonte, as ag\u00eancias e postos de atendimento da Empresa n\u00e3o funcionar\u00e3o no dia 4 de junho, quinta-feira.<\/p>\n<p>Nesse dia, solicita\u00e7\u00f5es de servi\u00e7os e reclama\u00e7\u00f5es poder\u00e3o ser feitas pelo Fale com a Cemig, no telefone 116. Esse servi\u00e7o funciona 24 horas e a liga\u00e7\u00e3o \u00e9 gratuita.<\/p>\n<p>A Ag\u00eancia Virtual, dispon\u00edvel na home do Portal Cemig, tamb\u00e9m oferece diversos servi\u00e7os com conforto e seguran\u00e7a. Pelo celular, tamb\u00e9m \u00e9 poss\u00edvel comunicar, com a Cemig pelo Cemig Torpedo, falta de energia, consultar \u00faltima fatura vencida n\u00e3o paga ou enviar leitura com mensagens de texto (SMS) para o n\u00famero 29810. O servi\u00e7o \u00e9 gratuito.<\/p>\n<p>As ag\u00eancias e postos de atendimento da Cemig voltam a funcionar na sexta-feira (5\/6), a partir das 8h30.<\/p>\n<h4><strong>Previs\u00e3o do Tempo<\/strong><\/h4>\n<p>Entre os dias 4 e 7 de junho, uma massa de ar seco atuar\u00e1 sobre todo o estado, contribuindo para o tempo firme e sem chuvas durante o feriado.<\/p>\n<p><strong>Capital e RMBH<\/strong><\/p>\n<p>Em Belo Horizonte e Regi\u00e3o Metropolitana, na quinta-feira (4\/6), a previs\u00e3o \u00e9 de c\u00e9u parcialmente nublado. De sexta (5\/6) a domingo (7\/6), a previs\u00e3o \u00e9 de c\u00e9u claro. As temperaturas podem variar entre 15 e 27\u00baC ao longo do feriado, mas a umidade pode atingir valores pr\u00f3ximos dos 30% no domingo.<\/p>\n<p><strong>Interior<\/strong><\/p>\n<p>Nos Vales do Mucuri e Jequitinhonha, h\u00e1 previs\u00e3o de chuvas isoladas na quinta-feira (4\/6), com temperaturas amenas at\u00e9 o dia seguinte. N\u00e3o h\u00e1 previs\u00e3o de chuvas para as demais regi\u00f5es.<\/p>\n<p>No fim de semana as m\u00e1ximas no Mucuri e Jequitinhonha devem passar dos 31\u00b0C, enquanto no Sul de Minas e Zona da Mata, as temperaturas estar\u00e3o baixas, com as m\u00ednimas podendo ficar abaixo dos 8\u00b0C nas \u00e1reas mais altas.<\/p>\n<p>J\u00e1 no Tri\u00e2ngulo, Oeste e regi\u00e3o Central de Minas o feriado come\u00e7a frio, mas as temperaturas estar\u00e3o em eleva\u00e7\u00e3o e, no fim de semana, podem passar dos 30\u00b0C no Tri\u00e2ngulo.<\/p>\n<p>No Noroeste e Norte, as m\u00e1ximas estar\u00e3o acima dos 30\u00b0C ao longo de todo o feriado, podendo, no fim de semana, passar de 33\u00b0C em algumas localidades, onde a umidade relativa do ar pode ficar abaixo de 30%.<\/p>\n<p>No Vale do Rio Doce, a previs\u00e3o \u00e9 de c\u00e9u parcialmente nublado ao longo de todo o feriado, com temperaturas amenas na quinta e sexta-sexta e em eleva\u00e7\u00e3o no fim de semana, passando dos 31\u00b0C no domingo.<\/p>\n<p><strong>Cidades Hist\u00f3ricas<\/strong><\/p>\n<p>Em Diamantina, h\u00e1 previs\u00e3o de chuvas para quinta-feira, com temperaturas variando entre 12 e 26\u00baC.<\/p>\n<p>Em Ouro Preto e Mariana, n\u00e3o h\u00e1 previs\u00e3o de chuvas e as temperaturas podem variar entre 13 e 27\u00baC.<\/p>\n<p>Em S\u00e3o Jo\u00e3o Del Rei e Tiradentes, as temperaturas estar\u00e3o baixas, variando entre 11 e 24\u00baC, sem previs\u00e3o de chuvas. <\/p>\n<p><strong>Litoral<\/strong><\/p>\n<p>Nos litorais do Rio de Janeiro, S\u00e3o Paulo e Esp\u00edrito Santo, n\u00e3o h\u00e1 previs\u00f5es de chuvas, mas as temperaturas estar\u00e3o baixas na quinta e sexta-feira nos litorais paulistas e cariocas. No litoral do Sudeste, as temperaturas ficam acima dos 30\u00baC no fim de semana.<\/p>\n<p>No sul da Bahia, h\u00e1 previs\u00e3o de chuvas r\u00e1pidas e isoladas na quinta e sexta-feira. No s\u00e1bado e domingo, n\u00e3o h\u00e1 previs\u00e3o de chuvas. As temperaturas m\u00e1ximas no sul da Bahia ficar\u00e3o acima dos 30\u00b0C ao longo de todo o feriado. (Assessoria de Imprensa da Cemig)<\/p>\n","protected":false},"excerpt":{"rendered":"<p>A Cemig informa que, em virtude do feriado de Corpus Christi, nas cidades em que houver feriado municipal, como Belo Horizonte, as ag\u00eancias e postos de atendimento da Empresa n\u00e3o funcionar\u00e3o no dia 4 de junho, quinta-feira. Nesse dia, solicita\u00e7\u00f5es de servi\u00e7os e reclama\u00e7\u00f5es poder\u00e3o ser feitas pelo Fale com a Cemig, no telefone 116. [&hellip;]<\/p>\n","protected":false},"author":1,"featured_media":58572,"comment_status":"open","ping_status":"closed","sticky":false,"template":"","format":"standard","meta":{"amp_status":"","footnotes":""},"categories":[123],"tags":[47045,347,47043,47046,47044],"class_list":["post-60407","post","type-post","status-publish","format-standard","has-post-thumbnail","hentry","category-gerais","tag-atendimento-cemig","tag-cemig","tag-cemig-informa-atendimento-e-previsao-do-tempo-para-o-feriado-de-corpus-christi","tag-contato-da-cemig","tag-previsao-do-tempo-para-o-feriado-de-corpus-christi"],"_links":{"self":[{"href":"https:\/\/aconteceunovale.com.br\/portal\/index.php?rest_route=\/wp\/v2\/posts\/60407","targetHints":{"allow":["GET"]}}],"collection":[{"href":"https:\/\/aconteceunovale.com.br\/portal\/index.php?rest_route=\/wp\/v2\/posts"}],"about":[{"href":"https:\/\/aconteceunovale.com.br\/portal\/index.php?rest_route=\/wp\/v2\/types\/post"}],"author":[{"embeddable":true,"href":"https:\/\/aconteceunovale.com.br\/portal\/index.php?rest_route=\/wp\/v2\/users\/1"}],"replies":[{"embeddable":true,"href":"https:\/\/aconteceunovale.com.br\/portal\/index.php?rest_route=%2Fwp%2Fv2%2Fcomments&post=60407"}],"version-history":[{"count":0,"href":"https:\/\/aconteceunovale.com.br\/portal\/index.php?rest_route=\/wp\/v2\/posts\/60407\/revisions"}],"wp:featuredmedia":[{"embeddable":true,"href":"https:\/\/aconteceunovale.com.br\/portal\/index.php?rest_route=\/wp\/v2\/media\/58572"}],"wp:attachment":[{"href":"https:\/\/aconteceunovale.com.br\/portal\/index.php?rest_route=%2Fwp%2Fv2%2Fmedia&parent=60407"}],"wp:term":[{"taxonomy":"category","embeddable":true,"href":"https:\/\/aconteceunovale.com.br\/portal\/index.php?rest_route=%2Fwp%2Fv2%2Fcategories&post=60407"},{"taxonomy":"post_tag","embeddable":true,"href":"https:\/\/aconteceunovale.com.br\/portal\/index.php?rest_route=%2Fwp%2Fv2%2Ftags&post=60407"}],"curies":[{"name":"wp","href":"https:\/\/api.w.org\/{rel}","templated":true}]}}