{"id":59400,"date":"2015-05-15T09:21:43","date_gmt":"2015-05-15T12:21:43","guid":{"rendered":"http:\/\/aconteceunovale.com.br\/portal\/?p=59400"},"modified":"2015-05-15T09:21:43","modified_gmt":"2015-05-15T12:21:43","slug":"plantao-do-samu-no-norte-de-minas-gerais-14-de-maio-de-2015","status":"publish","type":"post","link":"https:\/\/aconteceunovale.com.br\/portal\/?p=59400","title":{"rendered":"Plant\u00e3o do Samu no Norte de Minas Gerais &#8211; 14 de maio de 2015"},"content":{"rendered":"<h4><strong><em>Quinta-feira, 14 de maio de 2015<\/em><\/strong><\/h4>\n<p>As unidades do SAMU realizaram nesta quinta-feira, 14\/05, em Montes Claros, 37 atendimentos, sendo 26 casos cl\u00ednicos e 9 ocorr\u00eancias de acidente de tr\u00e2nsito, sem maior gravidade.<\/p>\n<p>Por volta das 19h, a unidade do Samu foi acionada para atendimento a duas v\u00edtimas de queda de moto, no bairro Alto S\u00e3o Jo\u00e3o. O condutor da moto e o passageiro, ambos de 19 anos, sofreram escoria\u00e7\u00f5es m\u00faltiplas, cortes e se queixavam de dor intensa.<\/p>\n<p>\u00c0s 17h20, uma crian\u00e7a de 7 nos ficou ferida ao cair de bicicleta no bairro Vilage do Lago. \u00c0s 12h, uma crian\u00e7a de 4 anos foi atropelada por moto no Recanto das \u00c1guas.<\/p>\n<p>\u00c0s 11h, um homem de 50 anos colidiu de moto contra um carro no bairro Jardim Palmeiras e se queixava de dor lombar e apresentava escoria\u00e7\u00f5es na perna direita.<\/p>\n<p>\u00c0s 10h40, um rapaz de 18 anos ficou ferido com uma mola de caminh\u00e3o, na Avenida Deputado Pl\u00ednio Ribeiro, bairro Monte Carmelo. Ele foi atingido no t\u00f3rax e estava com dificuldade de respirar e se queixando de dor \u00e0 apalpa\u00e7\u00e3o.<\/p>\n<p>\u00c0s 7h20, as unidades do Samu foram acionadas para atendimento a v\u00edtimas de um acidente envolvendo um carro e um \u00f4nibus escolar, no Bairro Alice Maia, em Montes Claros (MG). Oito pessoas ficaram feridas, uma delas gravemente. Os dois ve\u00edculos colidiram no cruzamento e atingiram um muro de uma casa pr\u00f3xima. A v\u00edtima em estado grave, de 18 anos, foi socorrida e encaminhada para um hospital. Os demais feridos foram avaliados e liberados no local. O \u00f4nibus, que transportava 25 estudantes.<\/p>\n<p>\u00c0s 6h50, um homem de 66 anos ap\u00f3s colidir de moto contra um carro no bairro Coronel Joaquim Costa. Ele apresentava corte contuso na cabe\u00e7a, estava agitado e se queixava de dor de cabe\u00e7a intensa.<\/p>\n<p>Em todas as ocorr\u00eancias os feridos receberam os primeiros atendimentos no local e foram encaminhados ao hospital para avalia\u00e7\u00e3o.<\/p>\n","protected":false},"excerpt":{"rendered":"<p>Quinta-feira, 14 de maio de 2015 As unidades do SAMU realizaram nesta quinta-feira, 14\/05, em Montes Claros, 37 atendimentos, sendo 26 casos cl\u00ednicos e 9 ocorr\u00eancias de acidente de tr\u00e2nsito, sem maior gravidade. Por volta das 19h, a unidade do Samu foi acionada para atendimento a duas v\u00edtimas de queda de moto, no bairro Alto [&hellip;]<\/p>\n","protected":false},"author":1,"featured_media":58741,"comment_status":"open","ping_status":"closed","sticky":false,"template":"","format":"standard","meta":{"amp_status":"","footnotes":""},"categories":[1236],"tags":[210,24659,24089,18898,18108,44905,21139,4040],"class_list":["post-59400","post","type-post","status-publish","format-standard","has-post-thumbnail","hentry","category-norte_de_minas","tag-montes-claros","tag-plantao-do-samu-de-montes-claros","tag-plantao-do-samu-do-norte-de-minas","tag-plantao-do-samu-macro-norte","tag-plantao-do-samu-no-norte-de-minas-gerais","tag-plantao-do-samu-no-norte-de-minas-gerais-14-de-maio-de-2015","tag-samu-do-norte-de-minas","tag-samu-macro-norte"],"_links":{"self":[{"href":"https:\/\/aconteceunovale.com.br\/portal\/index.php?rest_route=\/wp\/v2\/posts\/59400","targetHints":{"allow":["GET"]}}],"collection":[{"href":"https:\/\/aconteceunovale.com.br\/portal\/index.php?rest_route=\/wp\/v2\/posts"}],"about":[{"href":"https:\/\/aconteceunovale.com.br\/portal\/index.php?rest_route=\/wp\/v2\/types\/post"}],"author":[{"embeddable":true,"href":"https:\/\/aconteceunovale.com.br\/portal\/index.php?rest_route=\/wp\/v2\/users\/1"}],"replies":[{"embeddable":true,"href":"https:\/\/aconteceunovale.com.br\/portal\/index.php?rest_route=%2Fwp%2Fv2%2Fcomments&post=59400"}],"version-history":[{"count":0,"href":"https:\/\/aconteceunovale.com.br\/portal\/index.php?rest_route=\/wp\/v2\/posts\/59400\/revisions"}],"wp:featuredmedia":[{"embeddable":true,"href":"https:\/\/aconteceunovale.com.br\/portal\/index.php?rest_route=\/wp\/v2\/media\/58741"}],"wp:attachment":[{"href":"https:\/\/aconteceunovale.com.br\/portal\/index.php?rest_route=%2Fwp%2Fv2%2Fmedia&parent=59400"}],"wp:term":[{"taxonomy":"category","embeddable":true,"href":"https:\/\/aconteceunovale.com.br\/portal\/index.php?rest_route=%2Fwp%2Fv2%2Fcategories&post=59400"},{"taxonomy":"post_tag","embeddable":true,"href":"https:\/\/aconteceunovale.com.br\/portal\/index.php?rest_route=%2Fwp%2Fv2%2Ftags&post=59400"}],"curies":[{"name":"wp","href":"https:\/\/api.w.org\/{rel}","templated":true}]}}